{"id":431,"date":"2019-05-27T00:00:00","date_gmt":"2019-05-26T22:00:00","guid":{"rendered":"https:\/\/www.uia.archi\/knee-active-plus-nazor-na-magneticke-pasmo-na-kolenou\/"},"modified":"2023-07-24T18:51:58","modified_gmt":"2023-07-24T16:51:58","slug":"knee-active-pro-nazor-na-magneticke-pasmo-na-kolenou","status":"publish","type":"post","link":"https:\/\/www.uia.archi\/cs\/knee-active-pro-nazor-na-magneticke-pasmo-na-kolenou\/","title":{"rendered":"Knee Active Pro &#8211; n\u00e1zor na magnetick\u00e9 p\u00e1smo na kolenou"},"content":{"rendered":"<div id=\"ez-toc-container\" class=\"ez-toc-v2_0_82_2 counter-hierarchy ez-toc-counter ez-toc-grey ez-toc-container-direction\">\n<p class=\"ez-toc-title\" style=\"cursor:inherit\">Obsah:<\/p>\n<label for=\"ez-toc-cssicon-toggle-item-69f56ca80f38e\" class=\"ez-toc-cssicon-toggle-label\"><span class=\"\"><span class=\"eztoc-hide\" style=\"display:none;\">Toggle<\/span><span class=\"ez-toc-icon-toggle-span\"><svg style=\"fill: #999;color:#999\" xmlns=\"http:\/\/www.w3.org\/2000\/svg\" class=\"list-377408\" width=\"20px\" height=\"20px\" viewBox=\"0 0 24 24\" fill=\"none\"><path d=\"M6 6H4v2h2V6zm14 0H8v2h12V6zM4 11h2v2H4v-2zm16 0H8v2h12v-2zM4 16h2v2H4v-2zm16 0H8v2h12v-2z\" fill=\"currentColor\"><\/path><\/svg><svg style=\"fill: #999;color:#999\" class=\"arrow-unsorted-368013\" xmlns=\"http:\/\/www.w3.org\/2000\/svg\" width=\"10px\" height=\"10px\" viewBox=\"0 0 24 24\" version=\"1.2\" baseProfile=\"tiny\"><path d=\"M18.2 9.3l-6.2-6.3-6.2 6.3c-.2.2-.3.4-.3.7s.1.5.3.7c.2.2.4.3.7.3h11c.3 0 .5-.1.7-.3.2-.2.3-.5.3-.7s-.1-.5-.3-.7zM5.8 14.7l6.2 6.3 6.2-6.3c.2-.2.3-.5.3-.7s-.1-.5-.3-.7c-.2-.2-.4-.3-.7-.3h-11c-.3 0-.5.1-.7.3-.2.2-.3.5-.3.7s.1.5.3.7z\"\/><\/svg><\/span><\/span><\/label><input type=\"checkbox\"  id=\"ez-toc-cssicon-toggle-item-69f56ca80f38e\"  aria-label=\"Toggle\" \/><nav><ul class='ez-toc-list ez-toc-list-level-1 ' ><li class='ez-toc-page-1 ez-toc-heading-level-2'><a class=\"ez-toc-link ez-toc-heading-1\" href=\"https:\/\/www.uia.archi\/cs\/knee-active-pro-nazor-na-magneticke-pasmo-na-kolenou\/#Co_je_Knee_Active_Pro_a_jak_funguje\" >Co je Knee Active Pro a jak funguje?<\/a><\/li><li class='ez-toc-page-1 ez-toc-heading-level-2'><a class=\"ez-toc-link ez-toc-heading-2\" href=\"https:\/\/www.uia.archi\/cs\/knee-active-pro-nazor-na-magneticke-pasmo-na-kolenou\/#Komu_doporucujeme_pouzivat_magnetickou_ortezu_Knee_Active_Pro\" >Komu doporu\u010dujeme pou\u017e\u00edvat magnetickou ort\u00e9zu Knee Active Pro?<\/a><\/li><li class='ez-toc-page-1 ez-toc-heading-level-2'><a class=\"ez-toc-link ez-toc-heading-3\" href=\"https:\/\/www.uia.archi\/cs\/knee-active-pro-nazor-na-magneticke-pasmo-na-kolenou\/#Pouzivani_ortezy_Knee_Active_Pro_je_mozne_bez_jakychkoli_omezeni\" >Pou\u017e\u00edv\u00e1n\u00ed ort\u00e9zy Knee Active Pro je mo\u017en\u00e9 bez jak\u00fdchkoli omezen\u00ed!<\/a><\/li><li class='ez-toc-page-1 ez-toc-heading-level-2'><a class=\"ez-toc-link ez-toc-heading-4\" href=\"https:\/\/www.uia.archi\/cs\/knee-active-pro-nazor-na-magneticke-pasmo-na-kolenou\/#Jak_nosit_magnetickou_ortezu_Knee_Active_Pro\" >Jak nosit magnetickou ort\u00e9zu Knee Active Pro?<\/a><\/li><li class='ez-toc-page-1 ez-toc-heading-level-2'><a class=\"ez-toc-link ez-toc-heading-5\" href=\"https:\/\/www.uia.archi\/cs\/knee-active-pro-nazor-na-magneticke-pasmo-na-kolenou\/#Pouzivani_pripravku_Knee_Active_Pro_je_zcela_bezpecne\" >Pou\u017e\u00edv\u00e1n\u00ed p\u0159\u00edpravku Knee Active Pro je zcela bezpe\u010dn\u00e9<\/a><\/li><li class='ez-toc-page-1 ez-toc-heading-level-2'><a class=\"ez-toc-link ez-toc-heading-6\" href=\"https:\/\/www.uia.archi\/cs\/knee-active-pro-nazor-na-magneticke-pasmo-na-kolenou\/#Obnovte_svou_kondici_diky_ucinnemu_pusobeni_pripravku_Knee_Active_Pro\" >Obnovte svou kondici d\u00edky \u00fa\u010dinn\u00e9mu p\u016fsoben\u00ed p\u0159\u00edpravku Knee Active Pro!<\/a><\/li><li class='ez-toc-page-1 ez-toc-heading-level-2'><a class=\"ez-toc-link ez-toc-heading-7\" href=\"https:\/\/www.uia.archi\/cs\/knee-active-pro-nazor-na-magneticke-pasmo-na-kolenou\/#Knee_Active_Pro_%E2%80%93_FAQ_%E2%80%93_casto_kladene_otazky\" >Knee Active Pro &#8211; FAQ &#8211; \u010dasto kladen\u00e9 ot\u00e1zky<\/a><\/li><li class='ez-toc-page-1 ez-toc-heading-level-2'><a class=\"ez-toc-link ez-toc-heading-8\" href=\"https:\/\/www.uia.archi\/cs\/knee-active-pro-nazor-na-magneticke-pasmo-na-kolenou\/#Stoji_korekcni_orteza_Knee_Active_Pro_za_to_abyste_se_pro_ni_rozhodli_%E2%80%93_nase_recenze\" >Stoj\u00ed korek\u010dn\u00ed ort\u00e9za Knee Active Pro za to, abyste se pro ni rozhodli &#8211; na\u0161e recenze<\/a><\/li><\/ul><\/nav><\/div>\n<p>Postupuj\u00edc\u00ed bolest kolen m\u016f\u017ee zna\u010dn\u011b omezit ka\u017edodenn\u00ed \u017eivot a velmi ho zt\u00ed\u017eit. Probl\u00e9my s pohybem a nep\u0159\u00edjemn\u00e9 pocity v kolenn\u00edm kloubu zp\u016fsobuj\u00ed, \u017ee v\u011bt\u0161ina lid\u00ed chce toto onemocn\u011bn\u00ed co nejrychleji odstranit. Bohu\u017eel v\u011bt\u0161ina v\u00fdrobk\u016f, kter\u00e9 jsou na trhu k dispozici, nem\u00e1 po\u017eadovan\u00fd \u00fa\u010dinek. V\u00fdsledkem je, \u017ee probl\u00e9m z\u016fst\u00e1v\u00e1, a pokud se nel\u00e9\u010d\u00ed, d\u00e1le se zhor\u0161uje.<\/p>\n<p>Existuje n\u011bjak\u00fd \u00fa\u010dinn\u00fd zp\u016fsob boje proti po\u0161kozen\u00ed a poruch\u00e1m kloub\u016f?<\/p>\n<h2><img loading=\"lazy\" decoding=\"async\" class=\"aligncenter wp-image-9954\" src=\"https:\/\/www.uia.archi\/wp-content\/uploads\/2019\/05\/knee-active-pro-for-whom-300x300.jpg\" alt=\"\" width=\"500\" height=\"500\" srcset=\"https:\/\/www.uia.archi\/wp-content\/uploads\/2019\/05\/knee-active-pro-for-whom-300x300.jpg 300w, https:\/\/www.uia.archi\/wp-content\/uploads\/2019\/05\/knee-active-pro-for-whom-150x150.jpg 150w, https:\/\/www.uia.archi\/wp-content\/uploads\/2019\/05\/knee-active-pro-for-whom-768x768.jpg 768w, https:\/\/www.uia.archi\/wp-content\/uploads\/2019\/05\/knee-active-pro-for-whom-600x600.jpg 600w, https:\/\/www.uia.archi\/wp-content\/uploads\/2019\/05\/knee-active-pro-for-whom.jpg 1024w\" sizes=\"auto, (max-width: 500px) 100vw, 500px\" \/><\/h2>\n<h2><span class=\"ez-toc-section\" id=\"Co_je_Knee_Active_Pro_a_jak_funguje\"><\/span>Co je Knee Active Pro a jak funguje?<span class=\"ez-toc-section-end\"><\/span><\/h2>\n<p>Knee Active Pro je vysoce kvalitn\u00ed magnetick\u00e1 ort\u00e9za, kter\u00e1 \u00fa\u010dinn\u011b ulevuje od bolesti, kter\u00e1 vznik\u00e1 v d\u016fsledku artritidy. To v\u0161e d\u00edky generov\u00e1n\u00ed terapeutick\u00fdch magnetick\u00fdch vln v okol\u00ed kolene. Krom\u011b zm\u00edrn\u011bn\u00ed nep\u0159\u00edjemn\u00fdch pocit\u016f p\u0159i pohybu p\u016fsob\u00ed jako stabiliz\u00e1tor posti\u017een\u00e9 oblasti a p\u0159isp\u00edv\u00e1 k jej\u00ed regeneraci. V d\u016fsledku toho doch\u00e1z\u00ed k postupn\u00e9mu zv\u011bt\u0161ov\u00e1n\u00ed rozsahu pohybu v m\u00edst\u011b degenerace.<\/p>\n<p>Ort\u00e9za Knee Active Pro je vyrobena z m\u011bkk\u00e9ho, prody\u0161n\u00e9ho materi\u00e1lu. Nezp\u016fsobuje \u017e\u00e1dn\u00e9 nepohodl\u00ed, od\u011brky ani podr\u00e1\u017ed\u011bn\u00ed. Pou\u017eit\u00ed zcela p\u0159\u00edrodn\u00edho materi\u00e1lu zaru\u010duje dostate\u010dnou \u00farove\u0148 p\u0159\u00edjmu kysl\u00edku k\u016f\u017e\u00ed. Uvnit\u0159 band\u00e1\u017ee je deset magnet\u016f, kter\u00e9 pom\u00e1haj\u00ed udr\u017eovat spr\u00e1vnou teplotu posti\u017een\u00e9ho m\u00edsta. Vznikaj\u00edc\u00ed teplo tak \u010dist\u00ed krev a stimuluje bu\u0148ky k \u010dinnosti. Takto p\u0159ipraven\u00fd krevn\u00ed ob\u011bh pom\u00e1h\u00e1 bojovat proti z\u00e1n\u011btliv\u00fdm zm\u011bn\u00e1m a p\u0159isp\u00edv\u00e1 k pos\u00edlen\u00ed i sval\u016f v okol\u00ed bolav\u00e9ho m\u00edsta.<\/p>\n<p>Ort\u00e9zu Knee Active Pro, lze pou\u017e\u00edt tak\u00e9 jako stabiliz\u00e1tor, kter\u00fd \u00fa\u010dinn\u011b zpev\u0148uje nohu a zm\u00edr\u0148uje tlak na posti\u017eenou oblast. V d\u016fsledku toho je \u00fapln\u00e9 zotaven\u00ed v\u00fdrazn\u011b rychlej\u0161\u00ed!<\/p>\n<p><img loading=\"lazy\" decoding=\"async\" class=\"aligncenter size-full wp-image-10060\" src=\"https:\/\/www.uia.archi\/wp-content\/uploads\/2019\/05\/knee-active-pro-magnetic-band.jpg\" alt=\"\" width=\"529\" height=\"534\" srcset=\"https:\/\/www.uia.archi\/wp-content\/uploads\/2019\/05\/knee-active-pro-magnetic-band.jpg 529w, https:\/\/www.uia.archi\/wp-content\/uploads\/2019\/05\/knee-active-pro-magnetic-band-297x300.jpg 297w, https:\/\/www.uia.archi\/wp-content\/uploads\/2019\/05\/knee-active-pro-magnetic-band-150x150.jpg 150w\" sizes=\"auto, (max-width: 529px) 100vw, 529px\" \/><\/p>\n<p>&nbsp;<\/p>\n<h2><span class=\"ez-toc-section\" id=\"Komu_doporucujeme_pouzivat_magnetickou_ortezu_Knee_Active_Pro\"><\/span>Komu doporu\u010dujeme pou\u017e\u00edvat magnetickou ort\u00e9zu Knee Active Pro?<span class=\"ez-toc-section-end\"><\/span><\/h2>\n<p>Pou\u017e\u00edv\u00e1n\u00ed magnetick\u00e9 ort\u00e9zy Knee Active Pro, se doporu\u010duje lidem, kte\u0159\u00ed poci\u0165uj\u00ed \u010dast\u00e9 pot\u00ed\u017ee v oblasti kloubu. Ta je obvykle doprov\u00e1zena bolest\u00ed, kter\u00e1 v\u00e1m m\u016f\u017ee br\u00e1nit v efektivn\u00edm fungov\u00e1n\u00ed a vykon\u00e1v\u00e1n\u00ed v\u0161ech obvykl\u00fdch \u010dinnost\u00ed.<\/p>\n<p>Pou\u017e\u00edv\u00e1n\u00edm magnetick\u00e9 p\u00e1sky Knee Active Pro m\u016f\u017eete \u00fa\u010dinn\u011b podpo\u0159it st\u00e1vaj\u00edc\u00ed proces hojen\u00ed. Zejm\u00e9na v p\u0159\u00edpad\u011b zlomenin, aby se urychlilo hojen\u00ed a rehabilitace. Mohou ji pou\u017e\u00edvat tak\u00e9 lid\u00e9 s poran\u011bn\u00edm kolenn\u00edho kloubu a menisku.<\/p>\n<p>Krom\u011b stabiliza\u010dn\u00ed a bolest tlum\u00edc\u00ed funkce pos\u00edl\u00ed posti\u017eenou oblast a urychl\u00ed jej\u00ed hojen\u00ed.<\/p>\n<h2><span class=\"ez-toc-section\" id=\"Pouzivani_ortezy_Knee_Active_Pro_je_mozne_bez_jakychkoli_omezeni\"><\/span>Pou\u017e\u00edv\u00e1n\u00ed ort\u00e9zy Knee Active Pro je mo\u017en\u00e9 bez jak\u00fdchkoli omezen\u00ed!<span class=\"ez-toc-section-end\"><\/span><\/h2>\n<p>Magnetick\u00e1 p\u00e1ska Knee Active Pro byla vyvinuta s ohledem na individu\u00e1ln\u00ed pot\u0159eby lid\u00ed, kte\u0159\u00ed pot\u0159ebuj\u00ed pomoc p\u0159i \u0159e\u0161en\u00ed poruch kolenn\u00edho kloubu. Byla vyvinuta speci\u00e1ln\u00ed technologie, kter\u00e1 umo\u017e\u0148uje p\u0159izp\u016fsobit ort\u00e9zu velikosti kolene.<\/p>\n<p>No\u0161en\u00ed ort\u00e9zy Knee Active Pro, nezp\u016fsobuje probl\u00e9my v ka\u017edodenn\u00edm \u017eivot\u011b. Naopak usnad\u0148uje pohyb t\u00edm, \u017ee v\u00fdrazn\u011b zm\u00edr\u0148uje bolest a uvol\u0148uje tlak na posti\u017eenou oblast. Pln\u011b prody\u0161n\u00fd materi\u00e1l zaji\u0161\u0165uje dostate\u010dnou cirkulaci vzduchu. D\u00edky tomu nen\u00ed mo\u017en\u00e9, aby do\u0161lo k jak\u00e9mukoli pop\u00e1len\u00ed nebo od\u0159en\u00ed k\u016f\u017ee.<\/p>\n<p>P\u0159i spr\u00e1vn\u00e9m no\u0161en\u00ed se chr\u00e1ni\u010d kolen Knee Active Pro d\u00edky pevn\u00e9mu zap\u00edn\u00e1n\u00ed nepohybuje. M\u011bkkost a stabilita celkov\u00e9 konstrukce ort\u00e9zy umo\u017e\u0148uje denn\u00ed i no\u010dn\u00ed pou\u017eit\u00ed, poskytuje nep\u0159etr\u017eitou ochranu posti\u017een\u00e9 oblasti a urychluje \u00fa\u010dinky l\u00e9\u010dby.<\/p>\n<p>Ort\u00e9zu Knee Active Pro lze pou\u017e\u00edvat opakovan\u011b, co\u017e v\u00e1m p\u0159in\u00e1\u0161\u00ed velkou \u00fasporu. Pokud se u\u0161pin\u00ed, lze ji snadno vyprat. I po opakovan\u00e9m \u010di\u0161t\u011bn\u00ed si materi\u00e1l zachov\u00e1 svou sv\u011b\u017eest a cel\u00e1 struktura zodpov\u011bdn\u00e1 za \u00fa\u010dinn\u00e9 \u00fa\u010dinky l\u00e9\u010dby se nezm\u011bn\u00ed. Odoln\u00e1 ochrann\u00e1 vrstva, umo\u017e\u0148uje pou\u017eit\u00ed 24 hodin denn\u011b, bez nutnosti nosit speci\u00e1ln\u00ed od\u011bv. P\u0159i od\u0159en\u00ed nebo jin\u00fdch mechanick\u00fdch vlivech nedojde k jej\u00edmu po\u0161kozen\u00ed.<\/p>\n<p>Knee Active Pro, lze pou\u017e\u00edvat bez jak\u00fdchkoli omezen\u00ed. Krom\u011b robustn\u00ed a u\u017eivatelsky bezpe\u010dn\u00e9 konstrukce jej lze nosit na lev\u00e9m i prav\u00e9m koleni. Na rozd\u00edl od jin\u00fdch v\u00fdrobk\u016f sta\u010d\u00ed zakoupit pouze jednu ort\u00e9zu, kter\u00e1 je univerz\u00e1ln\u00ed a ur\u010den\u00e1 k dlouhodob\u00e9mu pou\u017e\u00edv\u00e1n\u00ed. I p\u0159es opakovan\u00e9 pou\u017e\u00edv\u00e1n\u00ed je jej\u00ed \u00fa\u010dinek st\u00e1le stejn\u011b efektivn\u00ed!<\/p>\n<h2><span class=\"ez-toc-section\" id=\"Jak_nosit_magnetickou_ortezu_Knee_Active_Pro\"><\/span>Jak nosit magnetickou ort\u00e9zu Knee Active Pro?<span class=\"ez-toc-section-end\"><\/span><\/h2>\n<p>Pro dosa\u017een\u00ed nejlep\u0161\u00edch v\u00fdsledk\u016f se doporu\u010duje pou\u017e\u00edvat ort\u00e9zu ve dne i v noci. P\u016fsob\u00ed pak bez omezen\u00ed a m\u00e1 st\u00e1l\u00fd \u00fa\u010dinek na posti\u017eenou a bolestivou oblast. Nejlep\u0161\u00ed je nosit ort\u00e9zu Knee Active Pro p\u0159\u00edmo na k\u016f\u017ei, aby magnetick\u00e9 vlny p\u016fsobily hloub\u011bji a intenzivn\u011bji. Pokud to nen\u00ed mo\u017en\u00e9, je p\u0159ijateln\u00e9 i no\u0161en\u00ed p\u0159es oble\u010den\u00ed. Elastick\u00e9 zap\u00edn\u00e1n\u00ed umo\u017e\u0148uje p\u0159izp\u016fsobit p\u00e1sek individu\u00e1ln\u00ed velikosti. Lze jej tak\u00e9 nosit na lev\u00e9m nebo prav\u00e9m koleni.<\/p>\n<p>Kolenn\u00ed p\u00e1sek Knee Active Pro se dod\u00e1v\u00e1 v tlumen\u00e9, tmav\u011b modr\u00e9 barv\u011b. D\u00edky tomu nep\u0159itahuje pozornost a nep\u0159ek\u00e1\u017e\u00ed v ka\u017edodenn\u00edm oble\u010den\u00ed. Lze jej nosit i k elegantn\u00edmu oble\u010den\u00ed do pr\u00e1ce nebo do \u0161koly.<\/p>\n<p>Nasazen\u00ed n\u00e1hlavn\u00ed soupravy je velmi snadn\u00e9. Sta\u010d\u00ed povolit p\u00e1sky na such\u00fd zip a pot\u00e9 ji um\u00edstit do kolenn\u00edho kloubu &#8211; ve viditeln\u00e9m otvoru by m\u011blo b\u00fdt cel\u00e9 koleno. Dal\u0161\u00edm krokem je spr\u00e1vn\u00e9 nasazen\u00ed.<\/p>\n<p>Ort\u00e9za nesm\u00ed na nohu p\u0159\u00edli\u0161 tla\u010dit a pohyb v n\u00ed by m\u011bl b\u00fdt voln\u00fd. M\u011bla by p\u0159ilnout ke k\u016f\u017ei, ani\u017e by omezovala pr\u016ftok krve. Na noze by m\u011bla b\u00fdt upevn\u011bna such\u00fdm zipem, kter\u00fd ji stabilizuje. P\u0159i tomto zp\u016fsobu no\u0161en\u00ed lze magnetickou ort\u00e9zu Knee Active Pro pou\u017e\u00edvat ve dne i v noci.<\/p>\n<p><a href=\"https:\/\/www.uia.archi\/go\/knee-active-pro-cs\/\"><img loading=\"lazy\" decoding=\"async\" class=\"aligncenter wp-image-10025 size-full\" src=\"https:\/\/www.uia.archi\/wp-content\/uploads\/2019\/05\/knee-active-pro-box.jpg\" alt=\"knee active pro box\" width=\"715\" height=\"357\" srcset=\"https:\/\/www.uia.archi\/wp-content\/uploads\/2019\/05\/knee-active-pro-box.jpg 715w, https:\/\/www.uia.archi\/wp-content\/uploads\/2019\/05\/knee-active-pro-box-300x150.jpg 300w\" sizes=\"auto, (max-width: 715px) 100vw, 715px\" \/><\/a><\/p>\n<h2><span class=\"ez-toc-section\" id=\"Pouzivani_pripravku_Knee_Active_Pro_je_zcela_bezpecne\"><\/span>Pou\u017e\u00edv\u00e1n\u00ed p\u0159\u00edpravku Knee Active Pro je zcela bezpe\u010dn\u00e9<span class=\"ez-toc-section-end\"><\/span><\/h2>\n<p>P\u0159\u00edpravek Knee Active Pro byl vyvinut s ohledem na v\u0161echny sou\u010dasn\u00e9 bezpe\u010dnostn\u00ed normy. Jeho pravideln\u00e9 no\u0161en\u00ed nezp\u016fsobuje \u017e\u00e1dn\u00e9 vedlej\u0161\u00ed \u00fa\u010dinky. Naopak obnovuje funkci v posti\u017een\u00e9m kolenn\u00edm kloubu.<\/p>\n<p>Magnetickou p\u00e1sku mohou pou\u017e\u00edvat \u017eeny i mu\u017ei v\u0161ech v\u011bkov\u00fdch kategori\u00ed, a to bez jak\u00fdchkoli omezen\u00ed. D\u00edky sv\u00e9mu inovativn\u00edmu slo\u017een\u00ed pro l\u00e9\u010dbu magnetick\u00fdmi vlnami ulevuje od bolesti a regeneruje posti\u017een\u00e9 m\u00edsto. To v\u0161e bez nutnosti u\u017e\u00edvat dopl\u0148ky stravy, l\u00e9ky nebo aplikovat dal\u0161\u00ed masti. L\u00e9\u010dba magnetick\u00fdm p\u00e1sem Knee Active Pro prob\u00edh\u00e1 bez zat\u00ed\u017een\u00ed dal\u0161\u00edch syst\u00e9m\u016f v lidsk\u00e9m t\u011ble.<\/p>\n<p>Jedn\u00e1 se o nejbezpe\u010dn\u011bj\u0161\u00ed formu l\u00e9\u010dby bolesti a doporu\u010duje se tak\u00e9 jako dopln\u011bk rehabilitace po mechanick\u00fdch po\u0161kozen\u00edch, jako jsou vyklouben\u00ed a zlomeniny. Materi\u00e1l ort\u00e9zy je nedr\u00e1\u017ediv\u00fd a nezvy\u0161uje citlivost. Lze ji tedy pou\u017e\u00edt i u obzvl\u00e1\u0161t\u011b citliv\u00fdch alergik\u016f. Souhrnn\u011b lze \u0159\u00edci, \u017ee pou\u017e\u00edv\u00e1n\u00ed ort\u00e9zy Knee Active Pro je pro t\u011blo a pohybov\u00fd apar\u00e1t zcela bezpe\u010dn\u00e9.<\/p>\n<h2><span class=\"ez-toc-section\" id=\"Obnovte_svou_kondici_diky_ucinnemu_pusobeni_pripravku_Knee_Active_Pro\"><\/span>Obnovte svou kondici d\u00edky \u00fa\u010dinn\u00e9mu p\u016fsoben\u00ed p\u0159\u00edpravku Knee Active Pro!<span class=\"ez-toc-section-end\"><\/span><\/h2>\n<p>\u00da\u010dinnost magnetick\u00e9ho p\u00e1su Knee Active Pro byla opakovan\u011b prok\u00e1z\u00e1na. Ti, kte\u0159\u00ed se rozhodli ji vyzkou\u0161et, zaznamenali obrovsk\u00e9 zlep\u0161en\u00ed stavu posti\u017een\u00e9ho kolene. Ji\u017e po dvou t\u00fddnech pravideln\u00e9ho no\u0161en\u00ed do\u0161lo ke znateln\u00e9mu zlep\u0161en\u00ed struktury oslaben\u00e9ho kloubu. Tato pozorov\u00e1n\u00ed byla potvrzena p\u0159i n\u00e1sledn\u00fdch vy\u0161et\u0159en\u00edch odborn\u00edky na rehabilitaci a l\u00e9\u010dbu artritidy.<\/p>\n<p>\u00da\u010dinnost magnetick\u00e9ho p\u00e1su Knee Active Pro p\u0159edstavuje pr\u016flom v boji proti bolestem kolen, zran\u011bn\u00edm, dlouhodob\u00fdm n\u00e1sledk\u016fm zlomenin a kloubn\u00edm onemocn\u011bn\u00edm. Velkou v\u00fdhodou je tak\u00e9 jednoduchost a v\u0161estrannost pou\u017eit\u00ed. Pou\u017eit\u00ed ort\u00e9zy je tak mo\u017en\u00e9 v ka\u017ed\u00e9m p\u0159\u00edpad\u011b, bez jak\u00fdchkoli omezen\u00ed.<\/p>\n<h2><span class=\"ez-toc-section\" id=\"Knee_Active_Pro_%E2%80%93_FAQ_%E2%80%93_casto_kladene_otazky\"><\/span>Knee Active Pro &#8211; FAQ &#8211; \u010dasto kladen\u00e9 ot\u00e1zky<span class=\"ez-toc-section-end\"><\/span><\/h2>\n<ol>\n<li><strong>Je ort\u00e9za Knee Active Pro bezpe\u010dn\u00e1 pro v\u0161echny u\u017eivatele?<br \/>\n<\/strong>Ano, ort\u00e9za byla navr\u017eena v souladu s platn\u00fdmi bezpe\u010dnostn\u00edmi normami a je zcela bezpe\u010dn\u00e1 pro pou\u017eit\u00ed mu\u017ei i \u017eenami v\u0161ech v\u011bkov\u00fdch kategori\u00ed. Knee Active Pro je bezpe\u010dn\u00e1 ort\u00e9za pro pou\u017eit\u00ed mu\u017ei i \u017eenami v\u0161ech v\u011bkov\u00fdch kategori\u00ed.<\/li>\n<li><strong>M\u016f\u017ee se ort\u00e9za Knee Active Pro nosit cel\u00fd den i noc?<br \/>\n<\/strong>Ano, ort\u00e9zu lze bezpe\u010dn\u011b nosit po cel\u00fd den i noc a poskytuje nep\u0159etr\u017eitou ochranu a podp\u016frnou l\u00e9\u010dbu.<\/li>\n<li><strong>M\u016f\u017eu ort\u00e9zu Knee Active Pro nosit p\u0159es oble\u010den\u00ed?<br \/>\n<\/strong>A\u010dkoli je ort\u00e9zu nejvhodn\u011bj\u0161\u00ed nosit p\u0159\u00edmo na k\u016f\u017ei, je p\u0159ijateln\u00e9 ji nosit i p\u0159es oble\u010den\u00ed.<\/li>\n<li><strong>M\u00e1 ort\u00e9za Knee Active Pro n\u011bjak\u00fd specifick\u00fd z\u00e1pach nebo m\u016f\u017ee dr\u00e1\u017edit poko\u017eku?<br \/>\n<\/strong>Ne, materi\u00e1l ort\u00e9zy je zcela p\u0159\u00edrodn\u00ed a nedr\u00e1\u017ed\u00ed ani nezp\u016fsobuje senzibilizaci poko\u017eky. Nem\u00e1 ani specifick\u00fd z\u00e1pach.<\/li>\n<li><strong>M\u016f\u017ee se ort\u00e9za Knee Active Pro pr\u00e1t?<br \/>\n<\/strong>Ano, v p\u0159\u00edpad\u011b u\u0161pin\u011bn\u00ed ji lze snadno vyprat. Materi\u00e1l si zachov\u00e1 svou sv\u011b\u017eest i po opakovan\u00e9m \u010di\u0161t\u011bn\u00ed.<\/li>\n<li><strong>M\u016f\u017ee se ort\u00e9za Knee Active Pro nosit na obou kolenou?<br \/>\n<\/strong>Ano, ort\u00e9za je univerz\u00e1ln\u00ed a lze ji nosit na lev\u00e9m i prav\u00e9m koleni.<\/li>\n<li><strong>Jak\u00e9 jsou hlavn\u00ed v\u00fdhody no\u0161en\u00ed ort\u00e9zy Knee Active Pro?<br \/>\n<\/strong>Ort\u00e9za \u00fa\u010dinn\u011b ulevuje od bolesti spojen\u00e9 s artritidou, stabilizuje koleno, p\u0159isp\u00edv\u00e1 k regeneraci po\u0161kozen\u00e9 oblasti, zvy\u0161uje rozsah pohybu a napom\u00e1h\u00e1 rehabilitaci po mechanick\u00fdch zran\u011bn\u00edch, jako jsou v\u00fdrony a zlomeniny.<\/li>\n<li><strong>Je Knee Active Pro \u00fa\u010dinn\u00fd p\u0159i l\u00e9\u010db\u011b bolesti kolene?<br \/>\n<\/strong>Ano, mnoho u\u017eivatel\u016f zaznamenalo po pravideln\u00e9m pou\u017e\u00edv\u00e1n\u00ed v\u00fdrazn\u00e9 zlep\u0161en\u00ed a \u00falevu od bolesti kolen.<\/li>\n<li><strong>M\u016f\u017ee b\u00fdt ort\u00e9za Knee Active Pro pou\u017e\u00edv\u00e1na jako dopln\u011bk sou\u010dasn\u00e9 l\u00e9\u010dby bolesti kloub\u016f?<br \/>\n<\/strong>Ano, ort\u00e9zu lze pou\u017e\u00edvat jako dopln\u011bk sou\u010dasn\u00e9 l\u00e9\u010dby bolesti kloub\u016f. V\u017edy je v\u0161ak vhodn\u00e9 poradit se se sv\u00fdm l\u00e9ka\u0159em.<\/li>\n<li><strong>Je ort\u00e9za Knee Active Pro pohodln\u00e1 p\u0159i ka\u017edodenn\u00edch aktivit\u00e1ch?<br \/>\n<\/strong>Ano, ort\u00e9za je vyrobena z m\u011bkk\u00e9ho, prody\u0161n\u00e9ho materi\u00e1lu, tak\u017ee je pohodln\u00e1 pro celodenn\u00ed no\u0161en\u00ed, ani\u017e by zp\u016fsobovala nepohodl\u00ed, od\u00edr\u00e1n\u00ed nebo podr\u00e1\u017ed\u011bn\u00ed.<\/li>\n<\/ol>\n<p><img loading=\"lazy\" decoding=\"async\" class=\"aligncenter wp-image-9988\" src=\"https:\/\/www.uia.archi\/wp-content\/uploads\/2019\/05\/effects-of-using-knee-active-pro-300x300.jpg\" alt=\"\" width=\"500\" height=\"500\" srcset=\"https:\/\/www.uia.archi\/wp-content\/uploads\/2019\/05\/effects-of-using-knee-active-pro-300x300.jpg 300w, https:\/\/www.uia.archi\/wp-content\/uploads\/2019\/05\/effects-of-using-knee-active-pro-150x150.jpg 150w, https:\/\/www.uia.archi\/wp-content\/uploads\/2019\/05\/effects-of-using-knee-active-pro-768x768.jpg 768w, https:\/\/www.uia.archi\/wp-content\/uploads\/2019\/05\/effects-of-using-knee-active-pro-600x600.jpg 600w, https:\/\/www.uia.archi\/wp-content\/uploads\/2019\/05\/effects-of-using-knee-active-pro.jpg 1024w\" sizes=\"auto, (max-width: 500px) 100vw, 500px\" \/><\/p>\n<h2><span class=\"ez-toc-section\" id=\"Stoji_korekcni_orteza_Knee_Active_Pro_za_to_abyste_se_pro_ni_rozhodli_%E2%80%93_nase_recenze\"><\/span>Stoj\u00ed korek\u010dn\u00ed ort\u00e9za Knee Active Pro za to, abyste se pro ni rozhodli &#8211; na\u0161e recenze<span class=\"ez-toc-section-end\"><\/span><\/h2>\n<p>Ort\u00e9za Knee Active Pro p\u016fsob\u00ed ji\u017e u zdroje probl\u00e9mu. M\u00e1 regenera\u010dn\u00ed \u00fa\u010dinek na klouby, posiluje je a sni\u017euje otoky a v\u00fdskyt bolesti. Krom\u011b toho stabilizuje svaly v okol\u00ed kolenn\u00edho kloubu. D\u00edky tomu je mnohem m\u00e9n\u011b n\u00e1chyln\u00fd k pozd\u011bj\u0161\u00edmu po\u0161kozen\u00ed.<\/p>\n<p>Aplikace p\u0159\u00edpravku Knee Active Pro je velmi jednoduch\u00e1 a p\u0159in\u00e1\u0161\u00ed rychl\u00e9 a \u00fa\u010dinn\u00e9 v\u00fdsledky.<\/p>\n<p>Pravideln\u00e9 no\u0161en\u00ed ort\u00e9zy jist\u011b urychl\u00ed n\u00e1ro\u010dnou rehabilitaci a ovlivn\u00ed rychlej\u0161\u00ed n\u00e1vrat k celkov\u00e9 kondici.<\/p>\n<p>S ort\u00e9zou Knee Active Pro se jednou prov\u017edy zbav\u00edte obt\u011b\u017euj\u00edc\u00ed bolesti a probl\u00e9m\u016f s oslaben\u00fdmi kolenn\u00edmi klouby.<\/p>\n<div class=\"belcherwt aligncenter\" style=\"border: #000 dashed 3px; padding: 10px 20px; margin: 10px 0; font-size: 18px;\">\n<p style=\"text-align: left;\"><strong><a href=\"https:\/\/www.uia.archi\/go\/knee-active-pro-cs\/\"><img loading=\"lazy\" decoding=\"async\" class=\"alignleft wp-image-9924 size-medium\" src=\"https:\/\/www.uia.archi\/wp-content\/uploads\/2019\/05\/knee-active-pro-300x269.jpg\" alt=\"knee active pro\" width=\"300\" height=\"269\" srcset=\"https:\/\/www.uia.archi\/wp-content\/uploads\/2019\/05\/knee-active-pro-300x269.jpg 300w, https:\/\/www.uia.archi\/wp-content\/uploads\/2019\/05\/knee-active-pro.jpg 715w\" sizes=\"auto, (max-width: 300px) 100vw, 300px\" \/><\/a>POZN\u00c1MKA:<\/strong> Po omezenou dobu m\u00e1 ofici\u00e1ln\u00ed distributor <a href=\"https:\/\/www.uia.archi\/go\/knee-active-pro-cs\/\" rel=\"nofollow\"><strong>KNEE ACTIVE PRO<\/strong><\/a> pro na\u0161e \u010dten\u00e1\u0159e speci\u00e1ln\u00ed nab\u00eddku. To je spojeno se 100% z\u00e1rukou vr\u00e1cen\u00ed pen\u011bz za nakoupenou l\u00e9\u010dbu, pokud nep\u0159inese o\u010dek\u00e1van\u00e9 v\u00fdsledky.<\/p>\n<p style=\"text-align: left;\"><strong><span style=\"color: #ff6600;\"><a style=\"color: #ff6600;\" href=\"https:\/\/www.uia.archi\/go\/knee-active-pro-cs\/\" rel=\"nofollow\">Pro objedn\u00e1n\u00ed magnetick\u00e9 p\u00e1sky KNEE ACTIVE PRO klikn\u011bte zde.<\/a><\/span><\/strong><\/p>\n<p style=\"text-align: left;\"><span style=\"color: #000000;\"><span style=\"background-color: #ffff00;\"><span style=\"color: #000000;\"><strong style=\"color: #000000;\"><a style=\"color: #000000;\" href=\"https:\/\/www.uia.archi\/go\/knee-active-pro-cs\/\" rel=\"nofollow\">vyu\u017eijte tento odkaz pro z\u00edsk\u00e1n\u00ed DOPRAVA ZDARMA<\/a><\/strong><\/span><\/span><\/span><\/p>\n<p style=\"text-align: left;\"><span style=\"color: #ff0000;\"><strong><span style=\"font-family: 'Arial Black';\">Speci\u00e1ln\u00ed nab\u00eddka kon\u010d\u00ed dnes!<\/span><\/strong><\/span><\/p>\n<\/div>\n","protected":false},"excerpt":{"rendered":"<p>Postupuj\u00edc\u00ed bolest kolen m\u016f\u017ee zna\u010dn\u011b omezit ka\u017edodenn\u00ed \u017eivot a velmi ho zt\u00ed\u017eit. Probl\u00e9my s pohybem a nep\u0159\u00edjemn\u00e9 pocity v kolenn\u00edm kloubu zp\u016fsobuj\u00ed, \u017ee v\u011bt\u0161ina lid\u00ed chce toto onemocn\u011bn\u00ed co nejrychleji odstranit. Bohu\u017eel v\u011bt\u0161ina v\u00fdrobk\u016f, kter\u00e9 jsou na trhu k dispozici, nem\u00e1 po\u017eadovan\u00fd \u00fa\u010dinek. V\u00fdsledkem je, \u017ee probl\u00e9m z\u016fst\u00e1v\u00e1, a pokud se nel\u00e9\u010d\u00ed, d\u00e1le se zhor\u0161uje. [&hellip;]<\/p>\n","protected":false},"author":1,"featured_media":0,"comment_status":"open","ping_status":"open","sticky":false,"template":"","format":"standard","meta":{"cybocfi_hide_featured_image":"","footnotes":""},"categories":[31],"tags":[],"class_list":["post-431","post","type-post","status-publish","format-standard","hentry","category-recenze-produktu"],"yoast_head":"<!-- This site is optimized with the Yoast SEO plugin v27.5 - https:\/\/yoast.com\/product\/yoast-seo-wordpress\/ -->\n<title>Knee Active Pro - n\u00e1zor na magnetick\u00e9 p\u00e1smo na kolenou<\/title>\n<meta name=\"robots\" content=\"index, follow, max-snippet:-1, max-image-preview:large, max-video-preview:-1\" \/>\n<link rel=\"canonical\" href=\"https:\/\/www.uia.archi\/cs\/knee-active-pro-nazor-na-magneticke-pasmo-na-kolenou\/\" \/>\n<meta property=\"og:locale\" content=\"cs_CZ\" \/>\n<meta property=\"og:type\" content=\"article\" \/>\n<meta property=\"og:title\" content=\"Knee Active Pro - n\u00e1zor na magnetick\u00e9 p\u00e1smo na kolenou\" \/>\n<meta property=\"og:description\" content=\"Postupuj\u00edc\u00ed bolest kolen m\u016f\u017ee zna\u010dn\u011b omezit ka\u017edodenn\u00ed \u017eivot a velmi ho zt\u00ed\u017eit. Probl\u00e9my s pohybem a nep\u0159\u00edjemn\u00e9 pocity v kolenn\u00edm kloubu zp\u016fsobuj\u00ed, \u017ee v\u011bt\u0161ina lid\u00ed chce toto onemocn\u011bn\u00ed co nejrychleji odstranit. Bohu\u017eel v\u011bt\u0161ina v\u00fdrobk\u016f, kter\u00e9 jsou na trhu k dispozici, nem\u00e1 po\u017eadovan\u00fd \u00fa\u010dinek. V\u00fdsledkem je, \u017ee probl\u00e9m z\u016fst\u00e1v\u00e1, a pokud se nel\u00e9\u010d\u00ed, d\u00e1le se zhor\u0161uje. [&hellip;]\" \/>\n<meta property=\"og:url\" content=\"https:\/\/www.uia.archi\/cs\/knee-active-pro-nazor-na-magneticke-pasmo-na-kolenou\/\" \/>\n<meta property=\"og:site_name\" content=\"Unik\u00e1tn\u00ed mezin\u00e1rodn\u00ed \u010dl\u00e1nky\" \/>\n<meta property=\"article:published_time\" content=\"2019-05-26T22:00:00+00:00\" \/>\n<meta property=\"article:modified_time\" content=\"2023-07-24T16:51:58+00:00\" \/>\n<meta property=\"og:image\" content=\"https:\/\/www.uia.archi\/wp-content\/uploads\/2019\/05\/knee-active-pro-for-whom-300x300.jpg\" \/>\n<meta name=\"author\" content=\"Writer\" \/>\n<meta name=\"twitter:card\" content=\"summary_large_image\" \/>\n<meta name=\"twitter:label1\" content=\"Napsal(a)\" \/>\n\t<meta name=\"twitter:data1\" content=\"Writer\" \/>\n\t<meta name=\"twitter:label2\" content=\"Odhadovan\u00e1 doba \u010dten\u00ed\" \/>\n\t<meta name=\"twitter:data2\" content=\"10 minut\" \/>\n<script type=\"application\/ld+json\" class=\"yoast-schema-graph\">{\"@context\":\"https:\\\/\\\/schema.org\",\"@graph\":[{\"@type\":\"Article\",\"@id\":\"https:\\\/\\\/www.uia.archi\\\/cs\\\/knee-active-pro-nazor-na-magneticke-pasmo-na-kolenou\\\/#article\",\"isPartOf\":{\"@id\":\"https:\\\/\\\/www.uia.archi\\\/cs\\\/knee-active-pro-nazor-na-magneticke-pasmo-na-kolenou\\\/\"},\"author\":{\"name\":\"Writer\",\"@id\":\"https:\\\/\\\/www.uia.archi\\\/cs\\\/#\\\/schema\\\/person\\\/3d67c6894ced0e7a84948b704169c9c2\"},\"headline\":\"Knee Active Pro &#8211; n\u00e1zor na magnetick\u00e9 p\u00e1smo na kolenou\",\"datePublished\":\"2019-05-26T22:00:00+00:00\",\"dateModified\":\"2023-07-24T16:51:58+00:00\",\"mainEntityOfPage\":{\"@id\":\"https:\\\/\\\/www.uia.archi\\\/cs\\\/knee-active-pro-nazor-na-magneticke-pasmo-na-kolenou\\\/\"},\"wordCount\":2039,\"commentCount\":0,\"image\":{\"@id\":\"https:\\\/\\\/www.uia.archi\\\/cs\\\/knee-active-pro-nazor-na-magneticke-pasmo-na-kolenou\\\/#primaryimage\"},\"thumbnailUrl\":\"https:\\\/\\\/www.uia.archi\\\/wp-content\\\/uploads\\\/2019\\\/05\\\/knee-active-pro-for-whom-300x300.jpg\",\"articleSection\":[\"Recenze produktu\"],\"inLanguage\":\"cs\",\"potentialAction\":[{\"@type\":\"CommentAction\",\"name\":\"Comment\",\"target\":[\"https:\\\/\\\/www.uia.archi\\\/cs\\\/knee-active-pro-nazor-na-magneticke-pasmo-na-kolenou\\\/#respond\"]}]},{\"@type\":\"WebPage\",\"@id\":\"https:\\\/\\\/www.uia.archi\\\/cs\\\/knee-active-pro-nazor-na-magneticke-pasmo-na-kolenou\\\/\",\"url\":\"https:\\\/\\\/www.uia.archi\\\/cs\\\/knee-active-pro-nazor-na-magneticke-pasmo-na-kolenou\\\/\",\"name\":\"Knee Active Pro - n\u00e1zor na magnetick\u00e9 p\u00e1smo na kolenou\",\"isPartOf\":{\"@id\":\"https:\\\/\\\/www.uia.archi\\\/cs\\\/#website\"},\"primaryImageOfPage\":{\"@id\":\"https:\\\/\\\/www.uia.archi\\\/cs\\\/knee-active-pro-nazor-na-magneticke-pasmo-na-kolenou\\\/#primaryimage\"},\"image\":{\"@id\":\"https:\\\/\\\/www.uia.archi\\\/cs\\\/knee-active-pro-nazor-na-magneticke-pasmo-na-kolenou\\\/#primaryimage\"},\"thumbnailUrl\":\"https:\\\/\\\/www.uia.archi\\\/wp-content\\\/uploads\\\/2019\\\/05\\\/knee-active-pro-for-whom-300x300.jpg\",\"datePublished\":\"2019-05-26T22:00:00+00:00\",\"dateModified\":\"2023-07-24T16:51:58+00:00\",\"author\":{\"@id\":\"https:\\\/\\\/www.uia.archi\\\/cs\\\/#\\\/schema\\\/person\\\/3d67c6894ced0e7a84948b704169c9c2\"},\"breadcrumb\":{\"@id\":\"https:\\\/\\\/www.uia.archi\\\/cs\\\/knee-active-pro-nazor-na-magneticke-pasmo-na-kolenou\\\/#breadcrumb\"},\"inLanguage\":\"cs\",\"potentialAction\":[{\"@type\":\"ReadAction\",\"target\":[\"https:\\\/\\\/www.uia.archi\\\/cs\\\/knee-active-pro-nazor-na-magneticke-pasmo-na-kolenou\\\/\"]}]},{\"@type\":\"ImageObject\",\"inLanguage\":\"cs\",\"@id\":\"https:\\\/\\\/www.uia.archi\\\/cs\\\/knee-active-pro-nazor-na-magneticke-pasmo-na-kolenou\\\/#primaryimage\",\"url\":\"https:\\\/\\\/www.uia.archi\\\/wp-content\\\/uploads\\\/2019\\\/05\\\/knee-active-pro-for-whom-300x300.jpg\",\"contentUrl\":\"https:\\\/\\\/www.uia.archi\\\/wp-content\\\/uploads\\\/2019\\\/05\\\/knee-active-pro-for-whom-300x300.jpg\"},{\"@type\":\"BreadcrumbList\",\"@id\":\"https:\\\/\\\/www.uia.archi\\\/cs\\\/knee-active-pro-nazor-na-magneticke-pasmo-na-kolenou\\\/#breadcrumb\",\"itemListElement\":[{\"@type\":\"ListItem\",\"position\":1,\"name\":\"Domov\",\"item\":\"https:\\\/\\\/www.uia.archi\\\/cs\\\/\"},{\"@type\":\"ListItem\",\"position\":2,\"name\":\"Recenze produktu\",\"item\":\"https:\\\/\\\/www.uia.archi\\\/cs\\\/category\\\/recenze-produktu\\\/\"},{\"@type\":\"ListItem\",\"position\":3,\"name\":\"Knee Active Pro &#8211; n\u00e1zor na magnetick\u00e9 p\u00e1smo na kolenou\"}]},{\"@type\":\"WebSite\",\"@id\":\"https:\\\/\\\/www.uia.archi\\\/cs\\\/#website\",\"url\":\"https:\\\/\\\/www.uia.archi\\\/cs\\\/\",\"name\":\"Unik\u00e1tn\u00ed mezin\u00e1rodn\u00ed \u010dl\u00e1nky\",\"description\":\"\u010cl\u00e1nky na r\u016fzn\u00e1 t\u00e9mata, cenn\u00fd zdroj znalost\u00ed pro v\u00e1s a va\u0161i rodinu\",\"potentialAction\":[{\"@type\":\"SearchAction\",\"target\":{\"@type\":\"EntryPoint\",\"urlTemplate\":\"https:\\\/\\\/www.uia.archi\\\/cs\\\/?s={search_term_string}\"},\"query-input\":{\"@type\":\"PropertyValueSpecification\",\"valueRequired\":true,\"valueName\":\"search_term_string\"}}],\"inLanguage\":\"cs\"},{\"@type\":\"Person\",\"@id\":\"https:\\\/\\\/www.uia.archi\\\/cs\\\/#\\\/schema\\\/person\\\/3d67c6894ced0e7a84948b704169c9c2\",\"name\":\"Writer\",\"image\":{\"@type\":\"ImageObject\",\"inLanguage\":\"cs\",\"@id\":\"https:\\\/\\\/www.uia.archi\\\/wp-content\\\/litespeed\\\/avatar\\\/1a002795387e512944da0898076d6c44.jpg?ver=1777482563\",\"url\":\"https:\\\/\\\/www.uia.archi\\\/wp-content\\\/litespeed\\\/avatar\\\/1a002795387e512944da0898076d6c44.jpg?ver=1777482563\",\"contentUrl\":\"https:\\\/\\\/www.uia.archi\\\/wp-content\\\/litespeed\\\/avatar\\\/1a002795387e512944da0898076d6c44.jpg?ver=1777482563\",\"caption\":\"Writer\"},\"sameAs\":[\"https:\\\/\\\/www.uia.archi\"],\"url\":\"https:\\\/\\\/www.uia.archi\\\/cs\\\/author\\\/writer\\\/\"}]}<\/script>\n<!-- \/ Yoast SEO plugin. -->","yoast_head_json":{"title":"Knee Active Pro - n\u00e1zor na magnetick\u00e9 p\u00e1smo na kolenou","robots":{"index":"index","follow":"follow","max-snippet":"max-snippet:-1","max-image-preview":"max-image-preview:large","max-video-preview":"max-video-preview:-1"},"canonical":"https:\/\/www.uia.archi\/cs\/knee-active-pro-nazor-na-magneticke-pasmo-na-kolenou\/","og_locale":"cs_CZ","og_type":"article","og_title":"Knee Active Pro - n\u00e1zor na magnetick\u00e9 p\u00e1smo na kolenou","og_description":"Postupuj\u00edc\u00ed bolest kolen m\u016f\u017ee zna\u010dn\u011b omezit ka\u017edodenn\u00ed \u017eivot a velmi ho zt\u00ed\u017eit. Probl\u00e9my s pohybem a nep\u0159\u00edjemn\u00e9 pocity v kolenn\u00edm kloubu zp\u016fsobuj\u00ed, \u017ee v\u011bt\u0161ina lid\u00ed chce toto onemocn\u011bn\u00ed co nejrychleji odstranit. Bohu\u017eel v\u011bt\u0161ina v\u00fdrobk\u016f, kter\u00e9 jsou na trhu k dispozici, nem\u00e1 po\u017eadovan\u00fd \u00fa\u010dinek. V\u00fdsledkem je, \u017ee probl\u00e9m z\u016fst\u00e1v\u00e1, a pokud se nel\u00e9\u010d\u00ed, d\u00e1le se zhor\u0161uje. [&hellip;]","og_url":"https:\/\/www.uia.archi\/cs\/knee-active-pro-nazor-na-magneticke-pasmo-na-kolenou\/","og_site_name":"Unik\u00e1tn\u00ed mezin\u00e1rodn\u00ed \u010dl\u00e1nky","article_published_time":"2019-05-26T22:00:00+00:00","article_modified_time":"2023-07-24T16:51:58+00:00","og_image":[{"url":"https:\/\/www.uia.archi\/wp-content\/uploads\/2019\/05\/knee-active-pro-for-whom-300x300.jpg","type":"","width":"","height":""}],"author":"Writer","twitter_card":"summary_large_image","twitter_misc":{"Napsal(a)":"Writer","Odhadovan\u00e1 doba \u010dten\u00ed":"10 minut"},"schema":{"@context":"https:\/\/schema.org","@graph":[{"@type":"Article","@id":"https:\/\/www.uia.archi\/cs\/knee-active-pro-nazor-na-magneticke-pasmo-na-kolenou\/#article","isPartOf":{"@id":"https:\/\/www.uia.archi\/cs\/knee-active-pro-nazor-na-magneticke-pasmo-na-kolenou\/"},"author":{"name":"Writer","@id":"https:\/\/www.uia.archi\/cs\/#\/schema\/person\/3d67c6894ced0e7a84948b704169c9c2"},"headline":"Knee Active Pro &#8211; n\u00e1zor na magnetick\u00e9 p\u00e1smo na kolenou","datePublished":"2019-05-26T22:00:00+00:00","dateModified":"2023-07-24T16:51:58+00:00","mainEntityOfPage":{"@id":"https:\/\/www.uia.archi\/cs\/knee-active-pro-nazor-na-magneticke-pasmo-na-kolenou\/"},"wordCount":2039,"commentCount":0,"image":{"@id":"https:\/\/www.uia.archi\/cs\/knee-active-pro-nazor-na-magneticke-pasmo-na-kolenou\/#primaryimage"},"thumbnailUrl":"https:\/\/www.uia.archi\/wp-content\/uploads\/2019\/05\/knee-active-pro-for-whom-300x300.jpg","articleSection":["Recenze produktu"],"inLanguage":"cs","potentialAction":[{"@type":"CommentAction","name":"Comment","target":["https:\/\/www.uia.archi\/cs\/knee-active-pro-nazor-na-magneticke-pasmo-na-kolenou\/#respond"]}]},{"@type":"WebPage","@id":"https:\/\/www.uia.archi\/cs\/knee-active-pro-nazor-na-magneticke-pasmo-na-kolenou\/","url":"https:\/\/www.uia.archi\/cs\/knee-active-pro-nazor-na-magneticke-pasmo-na-kolenou\/","name":"Knee Active Pro - n\u00e1zor na magnetick\u00e9 p\u00e1smo na kolenou","isPartOf":{"@id":"https:\/\/www.uia.archi\/cs\/#website"},"primaryImageOfPage":{"@id":"https:\/\/www.uia.archi\/cs\/knee-active-pro-nazor-na-magneticke-pasmo-na-kolenou\/#primaryimage"},"image":{"@id":"https:\/\/www.uia.archi\/cs\/knee-active-pro-nazor-na-magneticke-pasmo-na-kolenou\/#primaryimage"},"thumbnailUrl":"https:\/\/www.uia.archi\/wp-content\/uploads\/2019\/05\/knee-active-pro-for-whom-300x300.jpg","datePublished":"2019-05-26T22:00:00+00:00","dateModified":"2023-07-24T16:51:58+00:00","author":{"@id":"https:\/\/www.uia.archi\/cs\/#\/schema\/person\/3d67c6894ced0e7a84948b704169c9c2"},"breadcrumb":{"@id":"https:\/\/www.uia.archi\/cs\/knee-active-pro-nazor-na-magneticke-pasmo-na-kolenou\/#breadcrumb"},"inLanguage":"cs","potentialAction":[{"@type":"ReadAction","target":["https:\/\/www.uia.archi\/cs\/knee-active-pro-nazor-na-magneticke-pasmo-na-kolenou\/"]}]},{"@type":"ImageObject","inLanguage":"cs","@id":"https:\/\/www.uia.archi\/cs\/knee-active-pro-nazor-na-magneticke-pasmo-na-kolenou\/#primaryimage","url":"https:\/\/www.uia.archi\/wp-content\/uploads\/2019\/05\/knee-active-pro-for-whom-300x300.jpg","contentUrl":"https:\/\/www.uia.archi\/wp-content\/uploads\/2019\/05\/knee-active-pro-for-whom-300x300.jpg"},{"@type":"BreadcrumbList","@id":"https:\/\/www.uia.archi\/cs\/knee-active-pro-nazor-na-magneticke-pasmo-na-kolenou\/#breadcrumb","itemListElement":[{"@type":"ListItem","position":1,"name":"Domov","item":"https:\/\/www.uia.archi\/cs\/"},{"@type":"ListItem","position":2,"name":"Recenze produktu","item":"https:\/\/www.uia.archi\/cs\/category\/recenze-produktu\/"},{"@type":"ListItem","position":3,"name":"Knee Active Pro &#8211; n\u00e1zor na magnetick\u00e9 p\u00e1smo na kolenou"}]},{"@type":"WebSite","@id":"https:\/\/www.uia.archi\/cs\/#website","url":"https:\/\/www.uia.archi\/cs\/","name":"Unik\u00e1tn\u00ed mezin\u00e1rodn\u00ed \u010dl\u00e1nky","description":"\u010cl\u00e1nky na r\u016fzn\u00e1 t\u00e9mata, cenn\u00fd zdroj znalost\u00ed pro v\u00e1s a va\u0161i rodinu","potentialAction":[{"@type":"SearchAction","target":{"@type":"EntryPoint","urlTemplate":"https:\/\/www.uia.archi\/cs\/?s={search_term_string}"},"query-input":{"@type":"PropertyValueSpecification","valueRequired":true,"valueName":"search_term_string"}}],"inLanguage":"cs"},{"@type":"Person","@id":"https:\/\/www.uia.archi\/cs\/#\/schema\/person\/3d67c6894ced0e7a84948b704169c9c2","name":"Writer","image":{"@type":"ImageObject","inLanguage":"cs","@id":"https:\/\/www.uia.archi\/wp-content\/litespeed\/avatar\/1a002795387e512944da0898076d6c44.jpg?ver=1777482563","url":"https:\/\/www.uia.archi\/wp-content\/litespeed\/avatar\/1a002795387e512944da0898076d6c44.jpg?ver=1777482563","contentUrl":"https:\/\/www.uia.archi\/wp-content\/litespeed\/avatar\/1a002795387e512944da0898076d6c44.jpg?ver=1777482563","caption":"Writer"},"sameAs":["https:\/\/www.uia.archi"],"url":"https:\/\/www.uia.archi\/cs\/author\/writer\/"}]}},"blog_post_layout_featured_media_urls":{"thumbnail":"","full":""},"categories_names":{"31":{"name":"Recenze produktu","link":"https:\/\/www.uia.archi\/cs\/category\/recenze-produktu\/"}},"tags_names":[],"comments_number":"0","wpmagazine_modules_lite_featured_media_urls":{"thumbnail":"","cvmm-medium":"","cvmm-medium-plus":"","cvmm-portrait":"","cvmm-medium-square":"","cvmm-large":"","cvmm-small":"","full":""},"_links":{"self":[{"href":"https:\/\/www.uia.archi\/cs\/wp-json\/wp\/v2\/posts\/431","targetHints":{"allow":["GET"]}}],"collection":[{"href":"https:\/\/www.uia.archi\/cs\/wp-json\/wp\/v2\/posts"}],"about":[{"href":"https:\/\/www.uia.archi\/cs\/wp-json\/wp\/v2\/types\/post"}],"author":[{"embeddable":true,"href":"https:\/\/www.uia.archi\/cs\/wp-json\/wp\/v2\/users\/1"}],"replies":[{"embeddable":true,"href":"https:\/\/www.uia.archi\/cs\/wp-json\/wp\/v2\/comments?post=431"}],"version-history":[{"count":5,"href":"https:\/\/www.uia.archi\/cs\/wp-json\/wp\/v2\/posts\/431\/revisions"}],"predecessor-version":[{"id":10111,"href":"https:\/\/www.uia.archi\/cs\/wp-json\/wp\/v2\/posts\/431\/revisions\/10111"}],"wp:attachment":[{"href":"https:\/\/www.uia.archi\/cs\/wp-json\/wp\/v2\/media?parent=431"}],"wp:term":[{"taxonomy":"category","embeddable":true,"href":"https:\/\/www.uia.archi\/cs\/wp-json\/wp\/v2\/categories?post=431"},{"taxonomy":"post_tag","embeddable":true,"href":"https:\/\/www.uia.archi\/cs\/wp-json\/wp\/v2\/tags?post=431"}],"curies":[{"name":"wp","href":"https:\/\/api.w.org\/{rel}","templated":true}]}}