{"id":435,"date":"2019-05-27T00:00:00","date_gmt":"2019-05-26T22:00:00","guid":{"rendered":"https:\/\/www.uia.archi\/knee-active-plus-opinion-sobre-la-banda-magnetica-en-sus-rodillas\/"},"modified":"2023-07-24T20:35:37","modified_gmt":"2023-07-24T18:35:37","slug":"knee-active-pro-opinion-sobre-la-banda-magnetica-en-sus-rodillas","status":"publish","type":"post","link":"https:\/\/www.uia.archi\/es\/knee-active-pro-opinion-sobre-la-banda-magnetica-en-sus-rodillas\/","title":{"rendered":"Knee Active Pro &#8211; opini\u00f3n sobre la banda magn\u00e9tica en sus rodillas"},"content":{"rendered":"<div id=\"ez-toc-container\" class=\"ez-toc-v2_0_82_2 counter-hierarchy ez-toc-counter ez-toc-grey ez-toc-container-direction\">\n<p class=\"ez-toc-title\" style=\"cursor:inherit\">Tabla de contenido:<\/p>\n<label for=\"ez-toc-cssicon-toggle-item-69f596a0211f2\" class=\"ez-toc-cssicon-toggle-label\"><span class=\"\"><span class=\"eztoc-hide\" style=\"display:none;\">Toggle<\/span><span class=\"ez-toc-icon-toggle-span\"><svg style=\"fill: #999;color:#999\" xmlns=\"http:\/\/www.w3.org\/2000\/svg\" class=\"list-377408\" width=\"20px\" height=\"20px\" viewBox=\"0 0 24 24\" fill=\"none\"><path d=\"M6 6H4v2h2V6zm14 0H8v2h12V6zM4 11h2v2H4v-2zm16 0H8v2h12v-2zM4 16h2v2H4v-2zm16 0H8v2h12v-2z\" fill=\"currentColor\"><\/path><\/svg><svg style=\"fill: #999;color:#999\" class=\"arrow-unsorted-368013\" xmlns=\"http:\/\/www.w3.org\/2000\/svg\" width=\"10px\" height=\"10px\" viewBox=\"0 0 24 24\" version=\"1.2\" baseProfile=\"tiny\"><path d=\"M18.2 9.3l-6.2-6.3-6.2 6.3c-.2.2-.3.4-.3.7s.1.5.3.7c.2.2.4.3.7.3h11c.3 0 .5-.1.7-.3.2-.2.3-.5.3-.7s-.1-.5-.3-.7zM5.8 14.7l6.2 6.3 6.2-6.3c.2-.2.3-.5.3-.7s-.1-.5-.3-.7c-.2-.2-.4-.3-.7-.3h-11c-.3 0-.5.1-.7.3-.2.2-.3.5-.3.7s.1.5.3.7z\"\/><\/svg><\/span><\/span><\/label><input type=\"checkbox\"  id=\"ez-toc-cssicon-toggle-item-69f596a0211f2\"  aria-label=\"Alternar\" \/><nav><ul class='ez-toc-list ez-toc-list-level-1 ' ><li class='ez-toc-page-1 ez-toc-heading-level-2'><a class=\"ez-toc-link ez-toc-heading-1\" href=\"https:\/\/www.uia.archi\/es\/knee-active-pro-opinion-sobre-la-banda-magnetica-en-sus-rodillas\/#%C2%BFQue_es_el_Knee_Active_Pro_y_como_funciona\" >\u00bfQu\u00e9 es el Knee Active Pro y c\u00f3mo funciona?<\/a><\/li><li class='ez-toc-page-1 ez-toc-heading-level-2'><a class=\"ez-toc-link ez-toc-heading-2\" href=\"https:\/\/www.uia.archi\/es\/knee-active-pro-opinion-sobre-la-banda-magnetica-en-sus-rodillas\/#%C2%BFA_quien_se_recomienda_utilizar_la_rodillera_magnetica_Active_Pro\" >\u00bfA qui\u00e9n se recomienda utilizar la rodillera magn\u00e9tica Active Pro?<\/a><\/li><li class='ez-toc-page-1 ez-toc-heading-level-2'><a class=\"ez-toc-link ez-toc-heading-3\" href=\"https:\/\/www.uia.archi\/es\/knee-active-pro-opinion-sobre-la-banda-magnetica-en-sus-rodillas\/#El_uso_de_la_Rodillera_Active_Pro_es_posible_sin_ninguna_restriccion\" >El uso de la Rodillera Active Pro es posible sin ninguna restricci\u00f3n!<\/a><\/li><li class='ez-toc-page-1 ez-toc-heading-level-2'><a class=\"ez-toc-link ez-toc-heading-4\" href=\"https:\/\/www.uia.archi\/es\/knee-active-pro-opinion-sobre-la-banda-magnetica-en-sus-rodillas\/#%C2%BFComo_llevar_la_rodillera_magnetica_Knee_Active_Pro\" >\u00bfC\u00f3mo llevar la rodillera magn\u00e9tica Knee Active Pro?<\/a><\/li><li class='ez-toc-page-1 ez-toc-heading-level-2'><a class=\"ez-toc-link ez-toc-heading-5\" href=\"https:\/\/www.uia.archi\/es\/knee-active-pro-opinion-sobre-la-banda-magnetica-en-sus-rodillas\/#Usar_Knee_Active_Pro_es_completamente_seguro\" >Usar Knee Active Pro es completamente seguro<\/a><\/li><li class='ez-toc-page-1 ez-toc-heading-level-2'><a class=\"ez-toc-link ez-toc-heading-6\" href=\"https:\/\/www.uia.archi\/es\/knee-active-pro-opinion-sobre-la-banda-magnetica-en-sus-rodillas\/#Recupera_tu_forma_fisica_con_la_eficaz_accion_del_Activo_de_Rodilla_Pro\" >Recupera tu forma f\u00edsica con la eficaz acci\u00f3n del Activo de Rodilla Pro!<\/a><\/li><li class='ez-toc-page-1 ez-toc-heading-level-2'><a class=\"ez-toc-link ez-toc-heading-7\" href=\"https:\/\/www.uia.archi\/es\/knee-active-pro-opinion-sobre-la-banda-magnetica-en-sus-rodillas\/#Knee_Active_Pro_%E2%80%93_FAQ_%E2%80%93_preguntas_frecuentes\" >Knee Active Pro &#8211; FAQ &#8211; preguntas frecuentes<\/a><\/li><li class='ez-toc-page-1 ez-toc-heading-level-2'><a class=\"ez-toc-link ez-toc-heading-8\" href=\"https:\/\/www.uia.archi\/es\/knee-active-pro-opinion-sobre-la-banda-magnetica-en-sus-rodillas\/#%C2%BFVale_la_pena_optar_por_la_rodillera_correctora_Active_Pro_Nuestra_opinion\" >\u00bfVale la pena optar por la rodillera correctora Active Pro? Nuestra opini\u00f3n<\/a><\/li><\/ul><\/nav><\/div>\n<p>El dolor progresivo en las rodillas puede restringir gravemente la vida diaria y hacerla extremadamente dif\u00edcil. Los problemas de movimiento y las molestias en la articulaci\u00f3n de la rodilla hacen que la mayor\u00eda de las personas deseen eliminar la dolencia lo antes posible. Por desgracia, la mayor\u00eda de los productos disponibles en el mercado no tienen el efecto deseado. Como resultado, el problema persiste y, si no se trata, sigue empeorando.<\/p>\n<p>\u00bfExiste alguna forma eficaz de combatir los da\u00f1os y trastornos articulares?<\/p>\n<h2><img loading=\"lazy\" decoding=\"async\" class=\"aligncenter wp-image-9954\" src=\"https:\/\/www.uia.archi\/wp-content\/uploads\/2019\/05\/knee-active-pro-for-whom-300x300.jpg\" alt=\"\" width=\"500\" height=\"500\" srcset=\"https:\/\/www.uia.archi\/wp-content\/uploads\/2019\/05\/knee-active-pro-for-whom-300x300.jpg 300w, https:\/\/www.uia.archi\/wp-content\/uploads\/2019\/05\/knee-active-pro-for-whom-150x150.jpg 150w, https:\/\/www.uia.archi\/wp-content\/uploads\/2019\/05\/knee-active-pro-for-whom-768x768.jpg 768w, https:\/\/www.uia.archi\/wp-content\/uploads\/2019\/05\/knee-active-pro-for-whom-600x600.jpg 600w, https:\/\/www.uia.archi\/wp-content\/uploads\/2019\/05\/knee-active-pro-for-whom.jpg 1024w\" sizes=\"auto, (max-width: 500px) 100vw, 500px\" \/><\/h2>\n<h2><span class=\"ez-toc-section\" id=\"%C2%BFQue_es_el_Knee_Active_Pro_y_como_funciona\"><\/span>\u00bfQu\u00e9 es el Knee Active Pro y c\u00f3mo funciona?<span class=\"ez-toc-section-end\"><\/span><\/h2>\n<p>La Rodilla Active Pro es una ortesis magn\u00e9tica de alta calidad que alivia eficazmente el dolor que se produce como consecuencia de la artritis. Todo ello se debe a la generaci\u00f3n de ondas magn\u00e9ticas terap\u00e9uticas alrededor de la rodilla. Adem\u00e1s de aliviar las molestias durante el movimiento, act\u00faa como estabilizador de la zona afectada y contribuye a su regeneraci\u00f3n. Como resultado, se produce un aumento gradual de la amplitud de movimiento en la zona de degeneraci\u00f3n.<\/p>\n<p>La rodillera Active Pro est\u00e1 fabricada con un material suave y transpirable. No causa molestias, rozaduras ni irritaciones de ning\u00fan tipo. El uso de un material totalmente natural garantiza un nivel adecuado de absorci\u00f3n de ox\u00edgeno a trav\u00e9s de la piel. En el interior del vendaje hay diez imanes, que ayudan a mantener la temperatura adecuada de la zona afectada. De este modo, el calor resultante purifica la sangre y estimula la acci\u00f3n de las c\u00e9lulas. La circulaci\u00f3n sangu\u00ednea as\u00ed preparada, ayuda a combatir los cambios inflamatorios y contribuye a fortalecer y los m\u00fasculos que rodean la zona dolorida.<\/p>\n<p>La rodillera Active Pro, tambi\u00e9n puede utilizarse como estabilizador, lo que rigidiza eficazmente la pierna y alivia la presi\u00f3n sobre la zona afectada. Como resultado, \u00a1la recuperaci\u00f3n completa es significativamente m\u00e1s r\u00e1pida!<\/p>\n<p><img loading=\"lazy\" decoding=\"async\" class=\"aligncenter size-full wp-image-10060\" src=\"https:\/\/www.uia.archi\/wp-content\/uploads\/2019\/05\/knee-active-pro-magnetic-band.jpg\" alt=\"\" width=\"529\" height=\"534\" srcset=\"https:\/\/www.uia.archi\/wp-content\/uploads\/2019\/05\/knee-active-pro-magnetic-band.jpg 529w, https:\/\/www.uia.archi\/wp-content\/uploads\/2019\/05\/knee-active-pro-magnetic-band-297x300.jpg 297w, https:\/\/www.uia.archi\/wp-content\/uploads\/2019\/05\/knee-active-pro-magnetic-band-150x150.jpg 150w\" sizes=\"auto, (max-width: 529px) 100vw, 529px\" \/><\/p>\n<p>&nbsp;<\/p>\n<h2><span class=\"ez-toc-section\" id=\"%C2%BFA_quien_se_recomienda_utilizar_la_rodillera_magnetica_Active_Pro\"><\/span>\u00bfA qui\u00e9n se recomienda utilizar la rodillera magn\u00e9tica Active Pro?<span class=\"ez-toc-section-end\"><\/span><\/h2>\n<p>El uso de la Rodillera Active Pro, est\u00e1 recomendado para personas que experimentan molestias frecuentes en la zona de la articulaci\u00f3n. Suele ir acompa\u00f1ada de dolor, lo que puede impedirle funcionar de forma eficiente y realizar todas sus actividades habituales.<\/p>\n<p>Utilizando la banda magn\u00e9tica Knee Active Pro, puede apoyar eficazmente el proceso de curaci\u00f3n existente. Especialmente en el caso de fracturas, para acelerar la curaci\u00f3n y la rehabilitaci\u00f3n. Tambi\u00e9n puede ser utilizada por personas con lesiones de rodilla y menisco.<\/p>\n<p>Adem\u00e1s de su funci\u00f3n estabilizadora y reductora del dolor, fortalecer\u00e1 la zona afectada y acelerar\u00e1 su curaci\u00f3n.<\/p>\n<h2><span class=\"ez-toc-section\" id=\"El_uso_de_la_Rodillera_Active_Pro_es_posible_sin_ninguna_restriccion\"><\/span>El uso de la Rodillera Active Pro es posible sin ninguna restricci\u00f3n!<span class=\"ez-toc-section-end\"><\/span><\/h2>\n<p>La banda magn\u00e9tica Knee Active Pro se ha desarrollado para satisfacer las necesidades individuales de las personas que necesitan ayuda para tratar los trastornos de la articulaci\u00f3n de la rodilla. Se ha desarrollado una tecnolog\u00eda especial para adaptar la ortesis al tama\u00f1o de la rodilla.<\/p>\n<p>Llevar la Rodilla Active Pro, no causa problemas en la vida diaria. Al contrario, facilita el movimiento aliviando significativamente el dolor y aliviando la presi\u00f3n sobre la zona afectada. El material totalmente transpirable garantiza una circulaci\u00f3n adecuada del aire. Como resultado, no es posible sufrir ning\u00fan tipo de rozaduras o abrasiones en la piel.<\/p>\n<p>Cuando se lleva correctamente, la Rodillera Active Pro no se mueve, gracias a sus fuertes cierres. La suavidad y estabilidad del dise\u00f1o general de la ortesis permite su uso diurno y nocturno, proporcionando una protecci\u00f3n permanente de la zona afectada y acelerando los efectos del tratamiento.<\/p>\n<p>La rodillera Active Pro puede utilizarse varias veces, lo que resulta muy econ\u00f3mico. Si se ensucia, puede lavarse f\u00e1cilmente. Incluso despu\u00e9s de una limpieza repetida, el material conservar\u00e1 su frescura y no se alterar\u00e1 toda la estructura responsable de los efectos eficaces del tratamiento. La capa protectora duradera, permite su uso durante las 24 horas del d\u00eda, sin necesidad de llevar ropa especial. Durante las abrasiones u otros factores mec\u00e1nicos, no se da\u00f1ar\u00e1.<\/p>\n<p>Knee Active Pro, puede utilizarse sin restricciones. Adem\u00e1s de su estructura robusta y segura para el usuario, puede llevarse en la rodilla izquierda y derecha. A diferencia de otros productos, s\u00f3lo es necesario adquirir una ortesis, que es vers\u00e1til y est\u00e1 dise\u00f1ada para un uso prolongado. A pesar de su uso repetido, \u00a1su efecto sigue siendo igual de eficaz!<\/p>\n<h2><span class=\"ez-toc-section\" id=\"%C2%BFComo_llevar_la_rodillera_magnetica_Knee_Active_Pro\"><\/span>\u00bfC\u00f3mo llevar la rodillera magn\u00e9tica Knee Active Pro?<span class=\"ez-toc-section-end\"><\/span><\/h2>\n<p>Para obtener los mejores resultados, se recomienda usar la ortesis d\u00eda y noche. As\u00ed funciona sin restricciones y tiene un efecto constante sobre la zona afectada y dolorida. Lo mejor es llevar la rodillera Active Pro directamente sobre la piel, para que las ondas magn\u00e9ticas tengan un efecto m\u00e1s profundo e intenso. Si esto no es posible, tambi\u00e9n se puede llevar sobre la ropa. Los cierres el\u00e1sticos permiten ajustar la banda a la talla individual. Tambi\u00e9n puede llevarse en la rodilla izquierda o derecha.<\/p>\n<p>Knee Active Pro es de color azul oscuro. Por ello, no llama la atenci\u00f3n y no interfiere con la ropa de diario. Incluso puede llevarse con ropa elegante para ir al trabajo o al colegio.<\/p>\n<p>Ponerse la diadema es muy f\u00e1cil. Basta con aflojar las correas de velcro y colocarla dentro de la articulaci\u00f3n de la rodilla: en la abertura visible debe haber una rodilla entera. El siguiente paso es el ajuste correcto.<\/p>\n<p>La ortesis no debe ejercer demasiada presi\u00f3n sobre la pierna, y el movimiento en ella debe ser libre. Debe adherirse a la piel sin restringir el flujo sangu\u00edneo. Debe fijarse con velcro para estabilizarla en la pierna. Cuando se lleva de esta forma, la rodillera magn\u00e9tica Active Pro puede utilizarse de d\u00eda y de noche.<\/p>\n<p><a href=\"https:\/\/www.uia.archi\/go\/knee-active-pro-es\/\"><img loading=\"lazy\" decoding=\"async\" class=\"aligncenter wp-image-10025 size-full\" src=\"https:\/\/www.uia.archi\/wp-content\/uploads\/2019\/05\/knee-active-pro-box.jpg\" alt=\"knee active pro box\" width=\"715\" height=\"357\" srcset=\"https:\/\/www.uia.archi\/wp-content\/uploads\/2019\/05\/knee-active-pro-box.jpg 715w, https:\/\/www.uia.archi\/wp-content\/uploads\/2019\/05\/knee-active-pro-box-300x150.jpg 300w\" sizes=\"auto, (max-width: 715px) 100vw, 715px\" \/><\/a><\/p>\n<h2><span class=\"ez-toc-section\" id=\"Usar_Knee_Active_Pro_es_completamente_seguro\"><\/span>Usar Knee Active Pro es completamente seguro<span class=\"ez-toc-section-end\"><\/span><\/h2>\n<p>Knee Active Pro ha sido desarrollado teniendo en cuenta todas las normas de seguridad vigentes. Su uso regular no provoca ning\u00fan efecto secundario. Al contrario, restaura la funci\u00f3n de la articulaci\u00f3n de la rodilla afectada.<\/p>\n<p>La banda magn\u00e9tica puede ser utilizada por mujeres y hombres de todas las edades, sin ninguna restricci\u00f3n. Gracias a su innovadora f\u00f3rmula de tratamiento con ondas magn\u00e9ticas, alivia el dolor y regenera la zona afectada. Todo ello sin necesidad de tomar suplementos, medicamentos o aplicar pomadas adicionales. El tratamiento con la banda magn\u00e9tica Knee Active Pro tiene lugar sin sobrecargar otros sistemas del cuerpo humano.<\/p>\n<p>Es la forma m\u00e1s segura de tratar el dolor y tambi\u00e9n se recomienda como complemento de la rehabilitaci\u00f3n tras da\u00f1os mec\u00e1nicos, como luxaciones y fracturas. El material de la ortesis no irrita ni sensibiliza. Por lo tanto, puede utilizarse incluso en personas al\u00e9rgicas especialmente sensibles. En resumen, el uso de la Rodilla Active Pro es completamente seguro para el cuerpo y el sistema musculoesquel\u00e9tico.<\/p>\n<h2><span class=\"ez-toc-section\" id=\"Recupera_tu_forma_fisica_con_la_eficaz_accion_del_Activo_de_Rodilla_Pro\"><\/span>Recupera tu forma f\u00edsica con la eficaz acci\u00f3n del Activo de Rodilla Pro!<span class=\"ez-toc-section-end\"><\/span><\/h2>\n<p>La eficacia de la banda magn\u00e9tica Knee Active Pro ha sido probada una y otra vez. Aquellos que han optado por probarla han observado una enorme mejor\u00eda en su rodilla afectada. En s\u00f3lo dos semanas de uso regular, se observ\u00f3 una mejora notable en la estructura de la articulaci\u00f3n debilitada. Estas observaciones se confirmaron en ex\u00e1menes posteriores realizados por especialistas en rehabilitaci\u00f3n y tratamiento de la artritis.<\/p>\n<p>La eficacia de la banda magn\u00e9tica Knee Active Pro supone un gran avance en la lucha contra el dolor de rodilla, las lesiones, las secuelas a largo plazo de las fracturas y las enfermedades articulares. La sencillez y versatilidad de uso es tambi\u00e9n una gran ventaja. As\u00ed, el uso de la ortesis es posible en cualquier caso, sin ninguna restricci\u00f3n.<\/p>\n<h2><span class=\"ez-toc-section\" id=\"Knee_Active_Pro_%E2%80%93_FAQ_%E2%80%93_preguntas_frecuentes\"><\/span>Knee Active Pro &#8211; FAQ &#8211; preguntas frecuentes<span class=\"ez-toc-section-end\"><\/span><\/h2>\n<ol>\n<li><strong>\u00bfEs la Rodilla Active Pro segura para todos los usuarios?<br \/>\n<\/strong>S\u00ed, la rodillera ha sido dise\u00f1ada de acuerdo con las normas de seguridad actuales y es completamente segura para su uso por hombres y mujeres de todas las edades. La Rodilla Active Pro es una rodillera segura para su uso por hombres y mujeres de todas las edades.<\/li>\n<li><strong>\u00bfSe puede llevar la rodillera Active Pro todo el d\u00eda y toda la noche?<br \/>\n<\/strong>S\u00ed, la ortesis se puede llevar de forma segura durante todo el d\u00eda y la noche, proporcionando una protecci\u00f3n 24\/7 y apoyando el tratamiento. Puede llevar la rodillera Active Pro durante todo el d\u00eda y la noche.<\/li>\n<li><strong>\u00bfPuedo llevar la rodillera Active Pro por encima de la ropa?<br \/>\n<\/strong>Aunque la ortesis se lleva mejor directamente sobre la piel, tambi\u00e9n es aceptable llevarla sobre la ropa.<\/li>\n<li><strong>\u00bfTiene el brazalete Knee Active Pro alg\u00fan olor espec\u00edfico o puede irritar la piel?<br \/>\n<\/strong>No, el material del brazalete es totalmente natural y no irrita ni sensibiliza la piel. Tampoco tiene un olor espec\u00edfico.<\/li>\n<li><strong>\u00bfSe puede lavar la rodillera Active Pro?<br \/>\n<\/strong>S\u00ed, se puede lavar f\u00e1cilmente si se ensucia. El material conservar\u00e1 su frescura incluso despu\u00e9s de repetidas limpiezas. Puede lavarse f\u00e1cilmente.<\/li>\n<li><strong>\u00bfSe puede llevar la rodillera Active Pro en ambas rodillas?<br \/>\n<\/strong>S\u00ed, la rodillera es universal y se puede llevar tanto en la rodilla izquierda como en la derecha.<\/li>\n<li><strong>\u00bfCu\u00e1les son los principales beneficios de llevar la rodillera Active Pro?<br \/>\n<\/strong>La rodillera alivia eficazmente el dolor asociado a la artritis, estabiliza la rodilla, contribuye a la regeneraci\u00f3n de la zona da\u00f1ada, aumenta la amplitud de movimiento y ayuda a la rehabilitaci\u00f3n tras lesiones mec\u00e1nicas como esguinces y fracturas.<\/li>\n<li><strong>\u00bfEs eficaz Knee Active Pro en el tratamiento del dolor de rodilla?<br \/>\n<\/strong>S\u00ed, muchos usuarios han notado una mejora significativa y un alivio del dolor de rodilla tras su uso regular.<\/li>\n<li><strong>\u00bfPuede utilizarse la rodillera Active Pro como complemento de la terapia actual de tratamiento del dolor articular?<br \/>\n<\/strong>S\u00ed, la ortesis puede utilizarse como complemento de su tratamiento actual para el dolor articular. Sin embargo, siempre es aconsejable consultar a su m\u00e9dico.<\/li>\n<li><strong>\u00bfEs c\u00f3moda de llevar la Rodilla Active Pro para las actividades diarias?<br \/>\n<\/strong>S\u00ed, la rodillera est\u00e1 fabricada con un material suave y transpirable, lo que hace que sea c\u00f3moda de llevar durante todo el d\u00eda sin causar molestias, rozaduras o irritaciones. La rodillera est\u00e1 fabricada con un material suave y transpirable.<\/li>\n<\/ol>\n<p><img loading=\"lazy\" decoding=\"async\" class=\"aligncenter wp-image-9988\" src=\"https:\/\/www.uia.archi\/wp-content\/uploads\/2019\/05\/effects-of-using-knee-active-pro-300x300.jpg\" alt=\"\" width=\"500\" height=\"500\" srcset=\"https:\/\/www.uia.archi\/wp-content\/uploads\/2019\/05\/effects-of-using-knee-active-pro-300x300.jpg 300w, https:\/\/www.uia.archi\/wp-content\/uploads\/2019\/05\/effects-of-using-knee-active-pro-150x150.jpg 150w, https:\/\/www.uia.archi\/wp-content\/uploads\/2019\/05\/effects-of-using-knee-active-pro-768x768.jpg 768w, https:\/\/www.uia.archi\/wp-content\/uploads\/2019\/05\/effects-of-using-knee-active-pro-600x600.jpg 600w, https:\/\/www.uia.archi\/wp-content\/uploads\/2019\/05\/effects-of-using-knee-active-pro.jpg 1024w\" sizes=\"auto, (max-width: 500px) 100vw, 500px\" \/><\/p>\n<h2><span class=\"ez-toc-section\" id=\"%C2%BFVale_la_pena_optar_por_la_rodillera_correctora_Active_Pro_Nuestra_opinion\"><\/span>\u00bfVale la pena optar por la rodillera correctora Active Pro? Nuestra opini\u00f3n<span class=\"ez-toc-section-end\"><\/span><\/h2>\n<p>Knee Active Pro act\u00faa ya en el origen del problema. Tiene un efecto regenerador sobre las articulaciones, las fortalece y reduce la inflamaci\u00f3n y la aparici\u00f3n de dolor. Adem\u00e1s, estabiliza los m\u00fasculos que rodean la articulaci\u00f3n de la rodilla. Como resultado, es mucho menos propensa a cualquier da\u00f1o posterior.<\/p>\n<p>La aplicaci\u00f3n de Knee Active Pro es extremadamente sencilla y produce resultados r\u00e1pidos y eficaces.<\/p>\n<p>Llevar la rodillera con regularidad acelerar\u00e1 sin duda la dif\u00edcil rehabilitaci\u00f3n e influir\u00e1 en una recuperaci\u00f3n m\u00e1s r\u00e1pida de la forma f\u00edsica total.<\/p>\n<p>Con Knee Active Pro, se librar\u00e1 de una vez por todas de los molestos dolores y problemas de las articulaciones d\u00e9biles de la rodilla.<\/p>\n<div class=\"belcherwt aligncenter\" style=\"border: #000 dashed 3px; padding: 10px 20px; margin: 10px 0; font-size: 18px;\">\n<p style=\"text-align: left;\"><strong><a href=\"https:\/\/www.uia.archi\/go\/knee-active-pro-es\/\"><img loading=\"lazy\" decoding=\"async\" class=\"alignleft wp-image-9947 size-medium\" src=\"https:\/\/www.uia.archi\/wp-content\/uploads\/2019\/05\/knee-active-pro-300x269.jpg\" alt=\"knee active pro\" width=\"300\" height=\"269\" srcset=\"https:\/\/www.uia.archi\/wp-content\/uploads\/2019\/05\/knee-active-pro-300x269.jpg 300w, https:\/\/www.uia.archi\/wp-content\/uploads\/2019\/05\/knee-active-pro.jpg 715w\" sizes=\"auto, (max-width: 300px) 100vw, 300px\" \/><\/a>NOTA:<\/strong> Por tiempo limitado, el distribuidor oficial de <a href=\"https:\/\/www.uia.archi\/go\/knee-active-pro-es\/\" rel=\"nofollow\"><strong>KNEE ACTIVE PRO<\/strong><\/a> tiene una oferta especial para nuestros lectores. Viene con una garant\u00eda de devoluci\u00f3n del 100% del tratamiento adquirido en caso de que no funcione.<\/p>\n<p style=\"text-align: left;\"><strong><span style=\"color: #ff6600;\"><a style=\"color: #ff6600;\" href=\"https:\/\/www.uia.archi\/go\/knee-active-pro-es\/\" rel=\"nofollow\">Haga clic aqu\u00ed para comprar el corrector KNEE ACTIVE PRO<\/a><\/span><\/strong><\/p>\n<p style=\"text-align: left;\"><span style=\"color: #000000;\"><span style=\"background-color: #ffff00;\"><span style=\"color: #000000;\"><strong style=\"color: #000000;\"><a style=\"color: #000000;\" href=\"https:\/\/www.uia.archi\/go\/knee-active-pro-es\/\" rel=\"nofollow\">Usa ESTE enlace para obtener una ENTREGA GRATUITA<\/a><\/strong><\/span><\/span><\/span><\/p>\n<p style=\"text-align: left;\"><span style=\"color: #ff0000;\"><strong><span style=\"font-family: 'Arial Black';\">La oferta especial termina hoy!<\/span><\/strong><\/span><\/p>\n<\/div>\n","protected":false},"excerpt":{"rendered":"<p>El dolor progresivo en las rodillas puede restringir gravemente la vida diaria y hacerla extremadamente dif\u00edcil. Los problemas de movimiento y las molestias en la articulaci\u00f3n de la rodilla hacen que la mayor\u00eda de las personas deseen eliminar la dolencia lo antes posible. Por desgracia, la mayor\u00eda de los productos disponibles en el mercado no [&hellip;]<\/p>\n","protected":false},"author":1,"featured_media":0,"comment_status":"open","ping_status":"open","sticky":false,"template":"","format":"standard","meta":{"cybocfi_hide_featured_image":"","footnotes":""},"categories":[11],"tags":[],"class_list":["post-435","post","type-post","status-publish","format-standard","hentry","category-resenas-de-productos"],"yoast_head":"<!-- This site is optimized with the Yoast SEO plugin v27.5 - https:\/\/yoast.com\/product\/yoast-seo-wordpress\/ -->\n<title>Knee Active Pro - opini\u00f3n sobre la banda magn\u00e9tica en sus rodillas<\/title>\n<meta name=\"robots\" content=\"index, follow, max-snippet:-1, max-image-preview:large, max-video-preview:-1\" \/>\n<link rel=\"canonical\" href=\"https:\/\/www.uia.archi\/es\/knee-active-pro-opinion-sobre-la-banda-magnetica-en-sus-rodillas\/\" \/>\n<meta property=\"og:locale\" content=\"es_ES\" \/>\n<meta property=\"og:type\" content=\"article\" \/>\n<meta property=\"og:title\" content=\"Knee Active Pro - opini\u00f3n sobre la banda magn\u00e9tica en sus rodillas\" \/>\n<meta property=\"og:description\" content=\"El dolor progresivo en las rodillas puede restringir gravemente la vida diaria y hacerla extremadamente dif\u00edcil. Los problemas de movimiento y las molestias en la articulaci\u00f3n de la rodilla hacen que la mayor\u00eda de las personas deseen eliminar la dolencia lo antes posible. Por desgracia, la mayor\u00eda de los productos disponibles en el mercado no [&hellip;]\" \/>\n<meta property=\"og:url\" content=\"https:\/\/www.uia.archi\/es\/knee-active-pro-opinion-sobre-la-banda-magnetica-en-sus-rodillas\/\" \/>\n<meta property=\"og:site_name\" content=\"Art\u00edculos internacionales \u00fanicos\" \/>\n<meta property=\"article:published_time\" content=\"2019-05-26T22:00:00+00:00\" \/>\n<meta property=\"article:modified_time\" content=\"2023-07-24T18:35:37+00:00\" \/>\n<meta property=\"og:image\" content=\"https:\/\/www.uia.archi\/wp-content\/uploads\/2019\/05\/knee-active-pro-for-whom-300x300.jpg\" \/>\n<meta name=\"author\" content=\"Writer\" \/>\n<meta name=\"twitter:card\" content=\"summary_large_image\" \/>\n<meta name=\"twitter:label1\" content=\"Escrito por\" \/>\n\t<meta name=\"twitter:data1\" content=\"Writer\" \/>\n\t<meta name=\"twitter:label2\" content=\"Tiempo de lectura\" \/>\n\t<meta name=\"twitter:data2\" content=\"12 minutos\" \/>\n<script type=\"application\/ld+json\" class=\"yoast-schema-graph\">{\"@context\":\"https:\\\/\\\/schema.org\",\"@graph\":[{\"@type\":\"Article\",\"@id\":\"https:\\\/\\\/www.uia.archi\\\/es\\\/knee-active-pro-opinion-sobre-la-banda-magnetica-en-sus-rodillas\\\/#article\",\"isPartOf\":{\"@id\":\"https:\\\/\\\/www.uia.archi\\\/es\\\/knee-active-pro-opinion-sobre-la-banda-magnetica-en-sus-rodillas\\\/\"},\"author\":{\"name\":\"Writer\",\"@id\":\"https:\\\/\\\/www.uia.archi\\\/es\\\/#\\\/schema\\\/person\\\/3d67c6894ced0e7a84948b704169c9c2\"},\"headline\":\"Knee Active Pro &#8211; opini\u00f3n sobre la banda magn\u00e9tica en sus rodillas\",\"datePublished\":\"2019-05-26T22:00:00+00:00\",\"dateModified\":\"2023-07-24T18:35:37+00:00\",\"mainEntityOfPage\":{\"@id\":\"https:\\\/\\\/www.uia.archi\\\/es\\\/knee-active-pro-opinion-sobre-la-banda-magnetica-en-sus-rodillas\\\/\"},\"wordCount\":1966,\"commentCount\":0,\"image\":{\"@id\":\"https:\\\/\\\/www.uia.archi\\\/es\\\/knee-active-pro-opinion-sobre-la-banda-magnetica-en-sus-rodillas\\\/#primaryimage\"},\"thumbnailUrl\":\"https:\\\/\\\/www.uia.archi\\\/wp-content\\\/uploads\\\/2019\\\/05\\\/knee-active-pro-for-whom-300x300.jpg\",\"articleSection\":[\"Rese\u00f1as de productos\"],\"inLanguage\":\"es\",\"potentialAction\":[{\"@type\":\"CommentAction\",\"name\":\"Comment\",\"target\":[\"https:\\\/\\\/www.uia.archi\\\/es\\\/knee-active-pro-opinion-sobre-la-banda-magnetica-en-sus-rodillas\\\/#respond\"]}]},{\"@type\":\"WebPage\",\"@id\":\"https:\\\/\\\/www.uia.archi\\\/es\\\/knee-active-pro-opinion-sobre-la-banda-magnetica-en-sus-rodillas\\\/\",\"url\":\"https:\\\/\\\/www.uia.archi\\\/es\\\/knee-active-pro-opinion-sobre-la-banda-magnetica-en-sus-rodillas\\\/\",\"name\":\"Knee Active Pro - opini\u00f3n sobre la banda magn\u00e9tica en sus rodillas\",\"isPartOf\":{\"@id\":\"https:\\\/\\\/www.uia.archi\\\/es\\\/#website\"},\"primaryImageOfPage\":{\"@id\":\"https:\\\/\\\/www.uia.archi\\\/es\\\/knee-active-pro-opinion-sobre-la-banda-magnetica-en-sus-rodillas\\\/#primaryimage\"},\"image\":{\"@id\":\"https:\\\/\\\/www.uia.archi\\\/es\\\/knee-active-pro-opinion-sobre-la-banda-magnetica-en-sus-rodillas\\\/#primaryimage\"},\"thumbnailUrl\":\"https:\\\/\\\/www.uia.archi\\\/wp-content\\\/uploads\\\/2019\\\/05\\\/knee-active-pro-for-whom-300x300.jpg\",\"datePublished\":\"2019-05-26T22:00:00+00:00\",\"dateModified\":\"2023-07-24T18:35:37+00:00\",\"author\":{\"@id\":\"https:\\\/\\\/www.uia.archi\\\/es\\\/#\\\/schema\\\/person\\\/3d67c6894ced0e7a84948b704169c9c2\"},\"breadcrumb\":{\"@id\":\"https:\\\/\\\/www.uia.archi\\\/es\\\/knee-active-pro-opinion-sobre-la-banda-magnetica-en-sus-rodillas\\\/#breadcrumb\"},\"inLanguage\":\"es\",\"potentialAction\":[{\"@type\":\"ReadAction\",\"target\":[\"https:\\\/\\\/www.uia.archi\\\/es\\\/knee-active-pro-opinion-sobre-la-banda-magnetica-en-sus-rodillas\\\/\"]}]},{\"@type\":\"ImageObject\",\"inLanguage\":\"es\",\"@id\":\"https:\\\/\\\/www.uia.archi\\\/es\\\/knee-active-pro-opinion-sobre-la-banda-magnetica-en-sus-rodillas\\\/#primaryimage\",\"url\":\"https:\\\/\\\/www.uia.archi\\\/wp-content\\\/uploads\\\/2019\\\/05\\\/knee-active-pro-for-whom-300x300.jpg\",\"contentUrl\":\"https:\\\/\\\/www.uia.archi\\\/wp-content\\\/uploads\\\/2019\\\/05\\\/knee-active-pro-for-whom-300x300.jpg\"},{\"@type\":\"BreadcrumbList\",\"@id\":\"https:\\\/\\\/www.uia.archi\\\/es\\\/knee-active-pro-opinion-sobre-la-banda-magnetica-en-sus-rodillas\\\/#breadcrumb\",\"itemListElement\":[{\"@type\":\"ListItem\",\"position\":1,\"name\":\"Hogar\",\"item\":\"https:\\\/\\\/www.uia.archi\\\/es\\\/\"},{\"@type\":\"ListItem\",\"position\":2,\"name\":\"Rese\u00f1as de productos\",\"item\":\"https:\\\/\\\/www.uia.archi\\\/es\\\/category\\\/resenas-de-productos\\\/\"},{\"@type\":\"ListItem\",\"position\":3,\"name\":\"Knee Active Pro &#8211; opini\u00f3n sobre la banda magn\u00e9tica en sus rodillas\"}]},{\"@type\":\"WebSite\",\"@id\":\"https:\\\/\\\/www.uia.archi\\\/es\\\/#website\",\"url\":\"https:\\\/\\\/www.uia.archi\\\/es\\\/\",\"name\":\"Art\u00edculos internacionales \u00fanicos\",\"description\":\"Art\u00edculos sobre diversos temas, un valioso recurso de conocimiento para usted y su familia.\",\"potentialAction\":[{\"@type\":\"SearchAction\",\"target\":{\"@type\":\"EntryPoint\",\"urlTemplate\":\"https:\\\/\\\/www.uia.archi\\\/es\\\/?s={search_term_string}\"},\"query-input\":{\"@type\":\"PropertyValueSpecification\",\"valueRequired\":true,\"valueName\":\"search_term_string\"}}],\"inLanguage\":\"es\"},{\"@type\":\"Person\",\"@id\":\"https:\\\/\\\/www.uia.archi\\\/es\\\/#\\\/schema\\\/person\\\/3d67c6894ced0e7a84948b704169c9c2\",\"name\":\"Writer\",\"image\":{\"@type\":\"ImageObject\",\"inLanguage\":\"es\",\"@id\":\"https:\\\/\\\/www.uia.archi\\\/wp-content\\\/litespeed\\\/avatar\\\/1a002795387e512944da0898076d6c44.jpg?ver=1777482563\",\"url\":\"https:\\\/\\\/www.uia.archi\\\/wp-content\\\/litespeed\\\/avatar\\\/1a002795387e512944da0898076d6c44.jpg?ver=1777482563\",\"contentUrl\":\"https:\\\/\\\/www.uia.archi\\\/wp-content\\\/litespeed\\\/avatar\\\/1a002795387e512944da0898076d6c44.jpg?ver=1777482563\",\"caption\":\"Writer\"},\"sameAs\":[\"https:\\\/\\\/www.uia.archi\"],\"url\":\"https:\\\/\\\/www.uia.archi\\\/es\\\/author\\\/writer\\\/\"}]}<\/script>\n<!-- \/ Yoast SEO plugin. -->","yoast_head_json":{"title":"Knee Active Pro - opini\u00f3n sobre la banda magn\u00e9tica en sus rodillas","robots":{"index":"index","follow":"follow","max-snippet":"max-snippet:-1","max-image-preview":"max-image-preview:large","max-video-preview":"max-video-preview:-1"},"canonical":"https:\/\/www.uia.archi\/es\/knee-active-pro-opinion-sobre-la-banda-magnetica-en-sus-rodillas\/","og_locale":"es_ES","og_type":"article","og_title":"Knee Active Pro - opini\u00f3n sobre la banda magn\u00e9tica en sus rodillas","og_description":"El dolor progresivo en las rodillas puede restringir gravemente la vida diaria y hacerla extremadamente dif\u00edcil. Los problemas de movimiento y las molestias en la articulaci\u00f3n de la rodilla hacen que la mayor\u00eda de las personas deseen eliminar la dolencia lo antes posible. Por desgracia, la mayor\u00eda de los productos disponibles en el mercado no [&hellip;]","og_url":"https:\/\/www.uia.archi\/es\/knee-active-pro-opinion-sobre-la-banda-magnetica-en-sus-rodillas\/","og_site_name":"Art\u00edculos internacionales \u00fanicos","article_published_time":"2019-05-26T22:00:00+00:00","article_modified_time":"2023-07-24T18:35:37+00:00","og_image":[{"url":"https:\/\/www.uia.archi\/wp-content\/uploads\/2019\/05\/knee-active-pro-for-whom-300x300.jpg","type":"","width":"","height":""}],"author":"Writer","twitter_card":"summary_large_image","twitter_misc":{"Escrito por":"Writer","Tiempo de lectura":"12 minutos"},"schema":{"@context":"https:\/\/schema.org","@graph":[{"@type":"Article","@id":"https:\/\/www.uia.archi\/es\/knee-active-pro-opinion-sobre-la-banda-magnetica-en-sus-rodillas\/#article","isPartOf":{"@id":"https:\/\/www.uia.archi\/es\/knee-active-pro-opinion-sobre-la-banda-magnetica-en-sus-rodillas\/"},"author":{"name":"Writer","@id":"https:\/\/www.uia.archi\/es\/#\/schema\/person\/3d67c6894ced0e7a84948b704169c9c2"},"headline":"Knee Active Pro &#8211; opini\u00f3n sobre la banda magn\u00e9tica en sus rodillas","datePublished":"2019-05-26T22:00:00+00:00","dateModified":"2023-07-24T18:35:37+00:00","mainEntityOfPage":{"@id":"https:\/\/www.uia.archi\/es\/knee-active-pro-opinion-sobre-la-banda-magnetica-en-sus-rodillas\/"},"wordCount":1966,"commentCount":0,"image":{"@id":"https:\/\/www.uia.archi\/es\/knee-active-pro-opinion-sobre-la-banda-magnetica-en-sus-rodillas\/#primaryimage"},"thumbnailUrl":"https:\/\/www.uia.archi\/wp-content\/uploads\/2019\/05\/knee-active-pro-for-whom-300x300.jpg","articleSection":["Rese\u00f1as de productos"],"inLanguage":"es","potentialAction":[{"@type":"CommentAction","name":"Comment","target":["https:\/\/www.uia.archi\/es\/knee-active-pro-opinion-sobre-la-banda-magnetica-en-sus-rodillas\/#respond"]}]},{"@type":"WebPage","@id":"https:\/\/www.uia.archi\/es\/knee-active-pro-opinion-sobre-la-banda-magnetica-en-sus-rodillas\/","url":"https:\/\/www.uia.archi\/es\/knee-active-pro-opinion-sobre-la-banda-magnetica-en-sus-rodillas\/","name":"Knee Active Pro - opini\u00f3n sobre la banda magn\u00e9tica en sus rodillas","isPartOf":{"@id":"https:\/\/www.uia.archi\/es\/#website"},"primaryImageOfPage":{"@id":"https:\/\/www.uia.archi\/es\/knee-active-pro-opinion-sobre-la-banda-magnetica-en-sus-rodillas\/#primaryimage"},"image":{"@id":"https:\/\/www.uia.archi\/es\/knee-active-pro-opinion-sobre-la-banda-magnetica-en-sus-rodillas\/#primaryimage"},"thumbnailUrl":"https:\/\/www.uia.archi\/wp-content\/uploads\/2019\/05\/knee-active-pro-for-whom-300x300.jpg","datePublished":"2019-05-26T22:00:00+00:00","dateModified":"2023-07-24T18:35:37+00:00","author":{"@id":"https:\/\/www.uia.archi\/es\/#\/schema\/person\/3d67c6894ced0e7a84948b704169c9c2"},"breadcrumb":{"@id":"https:\/\/www.uia.archi\/es\/knee-active-pro-opinion-sobre-la-banda-magnetica-en-sus-rodillas\/#breadcrumb"},"inLanguage":"es","potentialAction":[{"@type":"ReadAction","target":["https:\/\/www.uia.archi\/es\/knee-active-pro-opinion-sobre-la-banda-magnetica-en-sus-rodillas\/"]}]},{"@type":"ImageObject","inLanguage":"es","@id":"https:\/\/www.uia.archi\/es\/knee-active-pro-opinion-sobre-la-banda-magnetica-en-sus-rodillas\/#primaryimage","url":"https:\/\/www.uia.archi\/wp-content\/uploads\/2019\/05\/knee-active-pro-for-whom-300x300.jpg","contentUrl":"https:\/\/www.uia.archi\/wp-content\/uploads\/2019\/05\/knee-active-pro-for-whom-300x300.jpg"},{"@type":"BreadcrumbList","@id":"https:\/\/www.uia.archi\/es\/knee-active-pro-opinion-sobre-la-banda-magnetica-en-sus-rodillas\/#breadcrumb","itemListElement":[{"@type":"ListItem","position":1,"name":"Hogar","item":"https:\/\/www.uia.archi\/es\/"},{"@type":"ListItem","position":2,"name":"Rese\u00f1as de productos","item":"https:\/\/www.uia.archi\/es\/category\/resenas-de-productos\/"},{"@type":"ListItem","position":3,"name":"Knee Active Pro &#8211; opini\u00f3n sobre la banda magn\u00e9tica en sus rodillas"}]},{"@type":"WebSite","@id":"https:\/\/www.uia.archi\/es\/#website","url":"https:\/\/www.uia.archi\/es\/","name":"Art\u00edculos internacionales \u00fanicos","description":"Art\u00edculos sobre diversos temas, un valioso recurso de conocimiento para usted y su familia.","potentialAction":[{"@type":"SearchAction","target":{"@type":"EntryPoint","urlTemplate":"https:\/\/www.uia.archi\/es\/?s={search_term_string}"},"query-input":{"@type":"PropertyValueSpecification","valueRequired":true,"valueName":"search_term_string"}}],"inLanguage":"es"},{"@type":"Person","@id":"https:\/\/www.uia.archi\/es\/#\/schema\/person\/3d67c6894ced0e7a84948b704169c9c2","name":"Writer","image":{"@type":"ImageObject","inLanguage":"es","@id":"https:\/\/www.uia.archi\/wp-content\/litespeed\/avatar\/1a002795387e512944da0898076d6c44.jpg?ver=1777482563","url":"https:\/\/www.uia.archi\/wp-content\/litespeed\/avatar\/1a002795387e512944da0898076d6c44.jpg?ver=1777482563","contentUrl":"https:\/\/www.uia.archi\/wp-content\/litespeed\/avatar\/1a002795387e512944da0898076d6c44.jpg?ver=1777482563","caption":"Writer"},"sameAs":["https:\/\/www.uia.archi"],"url":"https:\/\/www.uia.archi\/es\/author\/writer\/"}]}},"blog_post_layout_featured_media_urls":{"thumbnail":"","full":""},"categories_names":{"11":{"name":"Rese\u00f1as de productos","link":"https:\/\/www.uia.archi\/es\/category\/resenas-de-productos\/"}},"tags_names":[],"comments_number":"0","wpmagazine_modules_lite_featured_media_urls":{"thumbnail":"","cvmm-medium":"","cvmm-medium-plus":"","cvmm-portrait":"","cvmm-medium-square":"","cvmm-large":"","cvmm-small":"","full":""},"_links":{"self":[{"href":"https:\/\/www.uia.archi\/es\/wp-json\/wp\/v2\/posts\/435","targetHints":{"allow":["GET"]}}],"collection":[{"href":"https:\/\/www.uia.archi\/es\/wp-json\/wp\/v2\/posts"}],"about":[{"href":"https:\/\/www.uia.archi\/es\/wp-json\/wp\/v2\/types\/post"}],"author":[{"embeddable":true,"href":"https:\/\/www.uia.archi\/es\/wp-json\/wp\/v2\/users\/1"}],"replies":[{"embeddable":true,"href":"https:\/\/www.uia.archi\/es\/wp-json\/wp\/v2\/comments?post=435"}],"version-history":[{"count":3,"href":"https:\/\/www.uia.archi\/es\/wp-json\/wp\/v2\/posts\/435\/revisions"}],"predecessor-version":[{"id":10149,"href":"https:\/\/www.uia.archi\/es\/wp-json\/wp\/v2\/posts\/435\/revisions\/10149"}],"wp:attachment":[{"href":"https:\/\/www.uia.archi\/es\/wp-json\/wp\/v2\/media?parent=435"}],"wp:term":[{"taxonomy":"category","embeddable":true,"href":"https:\/\/www.uia.archi\/es\/wp-json\/wp\/v2\/categories?post=435"},{"taxonomy":"post_tag","embeddable":true,"href":"https:\/\/www.uia.archi\/es\/wp-json\/wp\/v2\/tags?post=435"}],"curies":[{"name":"wp","href":"https:\/\/api.w.org\/{rel}","templated":true}]}}