{"id":853,"date":"2019-06-11T00:00:00","date_gmt":"2019-06-10T22:00:00","guid":{"rendered":"https:\/\/www.uia.archi\/flenisan-opinion-sobre-capsulas-para-articulaciones\/"},"modified":"2021-07-02T20:44:36","modified_gmt":"2021-07-02T18:44:36","slug":"flenisan-opinion-sobre-capsulas-para-articulaciones","status":"publish","type":"post","link":"https:\/\/www.uia.archi\/es\/flenisan-opinion-sobre-capsulas-para-articulaciones\/","title":{"rendered":"Flenisan &#8211; opini\u00f3n sobre c\u00e1psulas para articulaciones"},"content":{"rendered":"<div id=\"ez-toc-container\" class=\"ez-toc-v2_0_82_2 counter-hierarchy ez-toc-counter ez-toc-grey ez-toc-container-direction\">\n<p class=\"ez-toc-title\" style=\"cursor:inherit\">Tabla de contenido:<\/p>\n<label for=\"ez-toc-cssicon-toggle-item-69f4cb8c60d32\" class=\"ez-toc-cssicon-toggle-label\"><span class=\"\"><span class=\"eztoc-hide\" style=\"display:none;\">Toggle<\/span><span class=\"ez-toc-icon-toggle-span\"><svg style=\"fill: #999;color:#999\" xmlns=\"http:\/\/www.w3.org\/2000\/svg\" class=\"list-377408\" width=\"20px\" height=\"20px\" viewBox=\"0 0 24 24\" fill=\"none\"><path d=\"M6 6H4v2h2V6zm14 0H8v2h12V6zM4 11h2v2H4v-2zm16 0H8v2h12v-2zM4 16h2v2H4v-2zm16 0H8v2h12v-2z\" fill=\"currentColor\"><\/path><\/svg><svg style=\"fill: #999;color:#999\" class=\"arrow-unsorted-368013\" xmlns=\"http:\/\/www.w3.org\/2000\/svg\" width=\"10px\" height=\"10px\" viewBox=\"0 0 24 24\" version=\"1.2\" baseProfile=\"tiny\"><path d=\"M18.2 9.3l-6.2-6.3-6.2 6.3c-.2.2-.3.4-.3.7s.1.5.3.7c.2.2.4.3.7.3h11c.3 0 .5-.1.7-.3.2-.2.3-.5.3-.7s-.1-.5-.3-.7zM5.8 14.7l6.2 6.3 6.2-6.3c.2-.2.3-.5.3-.7s-.1-.5-.3-.7c-.2-.2-.4-.3-.7-.3h-11c-.3 0-.5.1-.7.3-.2.2-.3.5-.3.7s.1.5.3.7z\"\/><\/svg><\/span><\/span><\/label><input type=\"checkbox\"  id=\"ez-toc-cssicon-toggle-item-69f4cb8c60d32\"  aria-label=\"Alternar\" \/><nav><ul class='ez-toc-list ez-toc-list-level-1 ' ><li class='ez-toc-page-1 ez-toc-heading-level-3'><a class=\"ez-toc-link ez-toc-heading-1\" href=\"https:\/\/www.uia.archi\/es\/flenisan-opinion-sobre-capsulas-para-articulaciones\/#%C2%A1Flenisan_como_preparacion_para_tareas_especiales\" >\u00a1Flenisan como preparaci\u00f3n para tareas especiales!<\/a><\/li><li class='ez-toc-page-1 ez-toc-heading-level-3'><a class=\"ez-toc-link ez-toc-heading-2\" href=\"https:\/\/www.uia.archi\/es\/flenisan-opinion-sobre-capsulas-para-articulaciones\/#%C2%BFPor_que_es_mas_eficaz_Flenisan_que_otras_formulaciones_disponibles_en_el_mercado\" >\u00bfPor qu\u00e9 es m\u00e1s eficaz Flenisan que otras formulaciones disponibles en el mercado?<\/a><\/li><li class='ez-toc-page-1 ez-toc-heading-level-3'><a class=\"ez-toc-link ez-toc-heading-3\" href=\"https:\/\/www.uia.archi\/es\/flenisan-opinion-sobre-capsulas-para-articulaciones\/#Articulaciones_saludables_gracias_a_los_ingredientes_Flenisan\" >Articulaciones saludables gracias a los ingredientes Flenisan!<\/a><\/li><li class='ez-toc-page-1 ez-toc-heading-level-3'><a class=\"ez-toc-link ez-toc-heading-4\" href=\"https:\/\/www.uia.archi\/es\/flenisan-opinion-sobre-capsulas-para-articulaciones\/#La_nueva_Formula_Flenisan_enriquecida_con_vitaminas_D3_y_K2_%C2%A1necesaria_para_el_bienestar_de_las_articulaciones\" >La nueva F\u00f3rmula Flenisan enriquecida con vitaminas D3 y K2: \u00a1necesaria para el bienestar de las articulaciones!<\/a><\/li><li class='ez-toc-page-1 ez-toc-heading-level-3'><a class=\"ez-toc-link ez-toc-heading-5\" href=\"https:\/\/www.uia.archi\/es\/flenisan-opinion-sobre-capsulas-para-articulaciones\/#%C2%BFCuales_son_las_indicaciones_para_comenzar_a_usar_Flenisan\" >\u00bfCu\u00e1les son las indicaciones para comenzar a usar Flenisan?<\/a><\/li><li class='ez-toc-page-1 ez-toc-heading-level-3'><a class=\"ez-toc-link ez-toc-heading-6\" href=\"https:\/\/www.uia.archi\/es\/flenisan-opinion-sobre-capsulas-para-articulaciones\/#%C2%BFComo_tomar_el_suplemento_dietetico_Flenisan_%C2%BFEs_completamente_seguro\" >\u00bfC\u00f3mo tomar el suplemento diet\u00e9tico Flenisan? \u00bfEs completamente seguro?<\/a><\/li><li class='ez-toc-page-1 ez-toc-heading-level-3'><a class=\"ez-toc-link ez-toc-heading-7\" href=\"https:\/\/www.uia.archi\/es\/flenisan-opinion-sobre-capsulas-para-articulaciones\/#%C2%BFSe_puede_mejorar_aun_mas_Flenisan_Como\" >\u00bfSe puede mejorar a\u00fan m\u00e1s Flenisan? Como<\/a><\/li><li class='ez-toc-page-1 ez-toc-heading-level-3'><a class=\"ez-toc-link ez-toc-heading-8\" href=\"https:\/\/www.uia.archi\/es\/flenisan-opinion-sobre-capsulas-para-articulaciones\/#%C2%A1Flenisan_recomendado_por_especialistas\" >\u00a1Flenisan recomendado por especialistas!<\/a><\/li><\/ul><\/nav><\/div>\n<p><a href=\"https:\/\/www.uia.archi\/go\/flexa-plus-optima\/\" rel=\"nofollow\"><img loading=\"lazy\" decoding=\"async\" class=\"wp-image-6462 alignleft\" src=\"\/wp-content\/uploads\/2019\/06\/flenisan.jpg\" alt=\"Flenisan\" width=\"236\" height=\"440\" \/><\/a>Las enfermedades de las articulaciones son un problema para muchas personas. Por lo general, aparecen m\u00e1s tarde en la vida, pero ocurren con mayor frecuencia a pesar de su corta edad. Las razones de su formaci\u00f3n pueden variar, desde el impacto negativo del entorno externo o la sobrecarga.<\/p>\n<p>Para prevenir la profundizaci\u00f3n de los estados degenerativos y su formaci\u00f3n general, vale la pena apoyar al cuerpo con la ayuda de suplementos especiales. Una de ellas es Flenisan, una medida que respalda efectivamente el sistema de movimiento durante el funcionamiento diario.<\/p>\n<h3><span class=\"ez-toc-section\" id=\"%C2%A1Flenisan_como_preparacion_para_tareas_especiales\"><\/span>\u00a1Flenisan como preparaci\u00f3n para tareas especiales!<span class=\"ez-toc-section-end\"><\/span><\/h3>\n<p>Flenisan fue creado para prevenir eficazmente la formaci\u00f3n de condiciones degenerativas del sistema musculoesquel\u00e9tico. Su composici\u00f3n protege completamente contra la p\u00e9rdida de compuestos valiosos, implicados en estimular los procesos de trabajo necesarios responsables del buen funcionamiento de las articulaciones.<\/p>\n<p>Adem\u00e1s, Flexa Plus Optima reconstruye efectivamente el cart\u00edlago articular, aumenta el rango de movimiento en la articulaci\u00f3n y fortalece los m\u00fasculos responsables de mantener la postura correcta.<\/p>\n<p>Adem\u00e1s, funciona de forma antirreum\u00e1tica, antiinflamatoria, antiviral y tambi\u00e9n aumenta la absorci\u00f3n de vitaminas y minerales valiosos. De esta manera, Flenisan proporciona a las juntas una protecci\u00f3n completa mientras reconstruye sus estructuras da\u00f1adas. Es la \u00fanica preparaci\u00f3n en el mercado con una eficiencia tan alta.<\/p>\n<h3><span class=\"ez-toc-section\" id=\"%C2%BFPor_que_es_mas_eficaz_Flenisan_que_otras_formulaciones_disponibles_en_el_mercado\"><\/span>\u00bfPor qu\u00e9 es m\u00e1s eficaz Flenisan que otras formulaciones disponibles en el mercado?<span class=\"ez-toc-section-end\"><\/span><\/h3>\n<p>En primer lugar, Flenisan se desarroll\u00f3 sobre la base del uso de sustancias naturales \u00fanicas. Cada uno de ellos proviene de la naturaleza y es completamente seguro para el cuerpo, no causa efectos secundarios y brinda resultados tangibles.<\/p>\n<p>En otras f\u00f3rmulas disponibles en el mercado, usualmente aparecen aditivos qu\u00edmicos que da\u00f1an el cuerpo y perturban la acci\u00f3n de los nutrientes. Adem\u00e1s, otras preparaciones solo pueden detener el desarrollo de la degeneraci\u00f3n por un corto tiempo.<\/p>\n<p>Gracias a Flenisan, incluso es posible reconstruir el cart\u00edlago de las articulaciones, lo que incluso le permite revertir el proceso degenerativo.<\/p>\n<h3><span class=\"ez-toc-section\" id=\"Articulaciones_saludables_gracias_a_los_ingredientes_Flenisan\"><\/span>Articulaciones saludables gracias a los ingredientes Flenisan!<span class=\"ez-toc-section-end\"><\/span><\/h3>\n<p>Flenisan contiene valiosos ingredientes naturales que reconstruyen el cart\u00edlago de las articulaciones y restauran la eficiencia general del sistema musculoesquel\u00e9tico. Los dolores asociados con la formaci\u00f3n de la degeneraci\u00f3n dejar\u00e1n de existir. Gracias al uso regular de la preparaci\u00f3n, mantener las articulaciones saludables durante toda la vida no es un problema. \u00bfQu\u00e9 ingredientes determinan la efectividad del suplemento?<\/p>\n<ul>\n<li><strong>El extracto del diente de le\u00f3n<\/strong> tiene propiedades antiinflamatorias y antivirales. Durante siglos se ha utilizado como un medio para combatir estados de enfermedad, principalmente articulaciones. Adem\u00e1s de estas propiedades, tiene un fuerte efecto regenerativo. Contiene triterpenos y carotenoides que combaten los radicales libres. La planta tambi\u00e9n es una fuente rica de potasio, silicio, magnesio y vitaminas C, B y A. Los compuestos mencionados estimulan efectivamente la producci\u00f3n de col\u00e1geno, el componente b\u00e1sico del tejido conectivo, a partir del cual se hacen las articulaciones.<\/li>\n<li><strong>El extracto del violeta tricolor<\/strong> tambi\u00e9n se incluye en Flenisan. Su principal propiedad es combatir el reumatismo: contiene salicilatos y flavonoides, que son remedios naturales para los dolores reum\u00e1ticos. La planta tambi\u00e9n es una fuente rica de vitamina C, que estimula al cuerpo a producir col\u00e1geno. Estas sustancias tambi\u00e9n mejoran el suministro de sangre a las articulaciones y los m\u00fasculos, y tambi\u00e9n contribuyen a la estimulaci\u00f3n de los procesos responsables del desarrollo de los capilares.<\/li>\n<li><strong>La ortiga<\/strong> contenida en la composici\u00f3n del suplemento es una fuente valiosa de vitaminas y minerales. Como baja, tiene una concentraci\u00f3n tan alta de vitamina K, que tiene propiedades regenerativas de la degeneraci\u00f3n de las articulaciones y el reumatismo. Tambi\u00e9n hay una gran cantidad de calcio, hierro, f\u00f3sforo, azufre, yodo y potasio en la pokrzy. Cada una de estas sustancias tiene un efecto positivo en las articulaciones, previene su anemia y reduce la libertad de movimiento.<\/li>\n<li>Flenisan tambi\u00e9n tiene <strong>una ra\u00edz de Maca<\/strong> que tiene numerosas propiedades de salud. Es conocido principalmente en la cultura peruana, sin embargo, poco a poco encuentra reconocimiento en todo el mundo. Contiene valiosos \u00e1cidos grasos que fortalecen el sistema nervioso y tienen un efecto positivo en el funcionamiento de los m\u00fasculos. Adem\u00e1s, es un f\u00e1rmaco eficaz para la osteoporosis, agrega energ\u00eda, fortalece el cuerpo, mejora el estado de \u00e1nimo, reduce los trastornos hormonales, afecta positivamente la condici\u00f3n de la piel y el cabello y retrasa el proceso de envejecimiento.<\/li>\n<li>La concentraci\u00f3n correcta de <strong>cola<\/strong> de <strong>caballo<\/strong> en el suplemento asegura que el cuerpo se suministre con s\u00edlice. Krzemionka elimina eficazmente el riesgo de descalcificaci\u00f3n y elimina la inflamaci\u00f3n. Tambi\u00e9n es una fuente rica de flavonoides que, como ya se mencion\u00f3, contribuyen a la eliminaci\u00f3n del reumatismo.<\/li>\n<\/ul>\n<h3><span class=\"ez-toc-section\" id=\"La_nueva_Formula_Flenisan_enriquecida_con_vitaminas_D3_y_K2_%C2%A1necesaria_para_el_bienestar_de_las_articulaciones\"><\/span>La nueva F\u00f3rmula Flenisan enriquecida con vitaminas D3 y K2: \u00a1necesaria para el bienestar de las articulaciones!<span class=\"ez-toc-section-end\"><\/span><\/h3>\n<p>Los fabricantes del suplemento, decidieron mejorar su f\u00f3rmula debido a los resultados de las \u00faltimas investigaciones.<\/p>\n<p>Seg\u00fan ellos, las vitaminas D3 y K2 administradas simult\u00e1neamente son insustituibles en la regeneraci\u00f3n de articulaciones, huesos y m\u00fasculos. Tambi\u00e9n tienen un efecto positivo sobre el sistema circulatorio y la funci\u00f3n del coraz\u00f3n, tambi\u00e9n fortalecen el sistema inmunol\u00f3gico y conducen el metabolismo. Por lo tanto, en este momento tambi\u00e9n puede elegir Flenisan, cuya composici\u00f3n ha sido enriquecida con vitaminas D3 y K2. Constituyen un todo inseparable, aportando una acci\u00f3n realmente efectiva.<\/p>\n<p>La combinaci\u00f3n de los ingredientes de la f\u00f3rmula anterior con las vitaminas D3 y K2 dio la insustituible composici\u00f3n de Flenisan, \u00a1que brinda efectos m\u00e1s r\u00e1pidos y m\u00e1s efectivos en la lucha contra las enfermedades de las articulaciones! Adem\u00e1s, el suplemento influye positivamente en el trabajo de todo el cuerpo, brind\u00e1ndole apoyo durante los procesos de regeneraci\u00f3n.<\/p>\n<p>Para obtener los mejores resultados en la lucha contra las enfermedades de las articulaciones, vale la pena buscar una f\u00f3rmula mejorada de Flenisan, \u00a1que contiene vitamina D3 y K2!<\/p>\n<h3><span class=\"ez-toc-section\" id=\"%C2%BFCuales_son_las_indicaciones_para_comenzar_a_usar_Flenisan\"><\/span>\u00bfCu\u00e1les son las indicaciones para comenzar a usar Flenisan?<span class=\"ez-toc-section-end\"><\/span><\/h3>\n<p>Despu\u00e9s del suplemento diet\u00e9tico Flenisan, puede llegar a las personas que est\u00e1n empezando a sentir alguna molestia en las articulaciones. Despreciar las situaciones en las que se produce el dolor generalmente conduce al problema. Por lo tanto, cada uno de ellos es la se\u00f1al correcta para comenzar el tratamiento. La enfermedad articular tambi\u00e9n puede anunciar dolores c\u00edclicos, crepitaciones, rigidez en las articulaciones y reducir el movimiento.<\/p>\n<p>Las sustancias activas seleccionadas correctamente funcionar\u00e1n en la fuente del problema. De esta forma, reducir\u00e1n su formaci\u00f3n y regenerar\u00e1n los tejidos da\u00f1ados. El uso regular de Flenisan evitar\u00e1 de manera efectiva los problemas con el sistema de movimiento, generalmente como resultado de la escasez de los ingredientes m\u00e1s necesarios.<\/p>\n<p>Tambi\u00e9n se recomienda el uso del producto para eliminar incluso enfermedades avanzadas. Con la supervisi\u00f3n de un especialista, sin duda ayudar\u00e1 en la lucha contra la enfermedad.<\/p>\n<h3><span class=\"ez-toc-section\" id=\"%C2%BFComo_tomar_el_suplemento_dietetico_Flenisan_%C2%BFEs_completamente_seguro\"><\/span>\u00bfC\u00f3mo tomar el suplemento diet\u00e9tico Flenisan? \u00bfEs completamente seguro?<span class=\"ez-toc-section-end\"><\/span><\/h3>\n<p>Tomar el producto es muy sencillo y no causa ning\u00fan problema durante el d\u00eda. Dos c\u00e1psulas al d\u00eda son suficientes para obtener una mejora notable. Cada c\u00e1psula se debe beber con abundante agua para que el cuerpo la absorba m\u00e1s r\u00e1pidamente. Es mejor tomar Flenisan aproximadamente 30 minutos antes del desayuno y el almuerzo.<\/p>\n<p>No exceda la dosis diaria recomendada. Cualquier cambio asociado con tomar un suplemento debe consultarse con su m\u00e9dico. Debido a la presencia de solo sustancias de origen natural, Flenisan es completamente seguro.<\/p>\n<p>La preparaci\u00f3n puede ser utilizada por personas de todas las edades que tienen problemas con la degeneraci\u00f3n u otros trastornos que afectan el sistema musculoesquel\u00e9tico. La \u00fanica contraindicaci\u00f3n es el embarazo, la lactancia y la alergia a cualquiera de los ingredientes.<\/p>\n<p>Adem\u00e1s, la seguridad y la eficacia de la preparaci\u00f3n han sido confirmadas por muchos expertos, incluidos P. Joyce: un destacado experto en ortopedia que trabaja en una cl\u00ednica en los EE. UU. Seg\u00fan \u00e9l, el uso regular de Flenisan da como resultado una mejora en la condici\u00f3n del sistema esquel\u00e9tico de todo el cuerpo.<\/p>\n<h3><span class=\"ez-toc-section\" id=\"%C2%BFSe_puede_mejorar_aun_mas_Flenisan_Como\"><\/span>\u00bfSe puede mejorar a\u00fan m\u00e1s Flenisan? Como<span class=\"ez-toc-section-end\"><\/span><\/h3>\n<p>Flenisan complementa la dieta con vitaminas y minerales esenciales, responsables del buen funcionamiento de las articulaciones. Sin embargo, no reemplaza una dieta equilibrada y una actividad f\u00edsica moderada, que tienen un impacto clave en la salud de todo el cuerpo. Para mantener la eficiencia, evite permanecer prolongado en una posici\u00f3n, lo que ejerce presi\u00f3n sobre las articulaciones.<\/p>\n<p>Los kilogramos suplementarios tampoco sirven al sistema esquel\u00e9tico, que con mayor frecuencia sufre deformaci\u00f3n y es mucho m\u00e1s susceptible a la degeneraci\u00f3n. Adem\u00e1s, vale la pena usar una variedad de tratamientos, incluyendo crioterapia. La crioterapia alivia el dolor emergente, que a menudo acompa\u00f1a a los estados de enfermedad, no es m\u00e1s que un enfriamiento regular del lugar problem\u00e1tico.<\/p>\n<p>Estos consejos sin duda aumentar\u00e1n el efecto de Flenisan y prevendr\u00e1n la reaparici\u00f3n de estados degenerativos. Adem\u00e1s, le permitir\u00e1n mantenerse en movimiento durante mucho tiempo. La combinaci\u00f3n de tomar c\u00e1psulas con un estilo de vida adecuado y rehabilitaci\u00f3n traer\u00e1 resultados mucho m\u00e1s r\u00e1pidos en la lucha contra la enfermedad.<\/p>\n<h3><span class=\"ez-toc-section\" id=\"%C2%A1Flenisan_recomendado_por_especialistas\"><\/span>\u00a1Flenisan recomendado por especialistas!<span class=\"ez-toc-section-end\"><\/span><\/h3>\n<p>Elegir una preparaci\u00f3n efectiva para ayudar a combatir las articulaciones enfermas ha sido un desaf\u00edo hasta hace poco. Desde que apareci\u00f3 Flenisan en el mercado, la mayor\u00eda de la gente no ten\u00eda dudas. Las opiniones positivas de los especialistas y las personas que toman la preparaci\u00f3n no dejan ilusiones: Flenisan es actualmente el suplemento m\u00e1s eficaz para regenerar las articulaciones y prevenir sus estados de enfermedad.<\/p>\n<p>Tom\u00f3 muchos meses compilar su composici\u00f3n, pero tuvo \u00e9xito. La decisi\u00f3n de usar solo sustancias de origen natural result\u00f3 ser extremadamente precisa. La combinaci\u00f3n de ingredientes en una f\u00f3rmula ha ayudado a muchas personas que sufren de degeneraci\u00f3n articular u otros problemas con el sistema de movimiento. Adem\u00e1s, la f\u00f3rmula mejorada Flenisan se ocupa de la condici\u00f3n de todo el cuerpo, lo que resulta en una recuperaci\u00f3n m\u00e1s r\u00e1pida.<\/p>\n<div class=\"belcherwt aligncenter\" style=\"border: #000 dashed 3px; padding: 10px 20px; margin: 10px 0; font-size: 20px;\">\n<p style=\"text-align: left;\"><a href=\"https:\/\/www.uia.archi\/go\/flexa-plus-optima\/\" rel=\"nofollow\"><img loading=\"lazy\" decoding=\"async\" class=\"alignleft wp-image-389\" style=\"border: 0px;\" src=\"\/wp-content\/uploads\/2019\/06\/flenisan.jpg\" alt=\"Flenisan\" width=\"186\" height=\"360\" \/><\/a> <strong>NOTA:<\/strong> Por un per\u00edodo de tiempo limitado, el distribuidor oficial de las juntas <a href=\"https:\/\/www.uia.archi\/go\/flexa-plus-optima\/\" rel=\"nofollow\"><strong>FLENISAN<\/strong><\/a> tiene una oferta especial para nuestros lectores. Se asocia con una triple garant\u00eda de satisfacci\u00f3n para el tratamiento adquirido en caso de que no obtenga los resultados esperados.<\/p>\n<p style=\"text-align: left;\"><a style=\"text-decoration: underline; color: #0046af;\" href=\"https:\/\/www.uia.archi\/go\/flexa-plus-optima\/\" rel=\"nofollow\"><strong>Haga clic aqu\u00ed para probar las c\u00e1psulas FLENISAN!<\/strong><\/a><\/p>\n<p style=\"text-align: left;\"><span style=\"color: #000000;\"><span style=\"background-color: #ffff00;\"><a href=\"https:\/\/www.uia.archi\/go\/flexa-plus-optima\/\" rel=\"nofollow\"><span style=\"color: #000000;\"><strong style=\"color: #000000;\">Usa ESTE enlace para obtener una ENTREGA GRATUITA<\/strong><\/span><\/a><\/span><\/span><\/p>\n<p style=\"text-align: left;\"><strong><span style=\"color: #ff0000;\">La oferta especial termina hoy!<\/span><\/strong><\/p>\n<\/div>\n","protected":false},"excerpt":{"rendered":"<p>Las enfermedades de las articulaciones son un problema para muchas personas. Por lo general, aparecen m\u00e1s tarde en la vida, pero ocurren con mayor frecuencia a pesar de su corta edad. Las razones de su formaci\u00f3n pueden variar, desde el impacto negativo del entorno externo o la sobrecarga. Para prevenir la profundizaci\u00f3n de los estados [&hellip;]<\/p>\n","protected":false},"author":1,"featured_media":0,"comment_status":"open","ping_status":"open","sticky":false,"template":"","format":"standard","meta":{"cybocfi_hide_featured_image":"","footnotes":""},"categories":[1,11],"tags":[],"class_list":["post-853","post","type-post","status-publish","format-standard","hentry","category-avis-sur-les-produits","category-resenas-de-productos"],"yoast_head":"<!-- This site is optimized with the Yoast SEO plugin v27.5 - https:\/\/yoast.com\/product\/yoast-seo-wordpress\/ -->\n<title>Flenisan - opini\u00f3n sobre c\u00e1psulas para articulaciones<\/title>\n<meta name=\"robots\" content=\"index, follow, max-snippet:-1, max-image-preview:large, max-video-preview:-1\" \/>\n<link rel=\"canonical\" href=\"https:\/\/www.uia.archi\/es\/flenisan-opinion-sobre-capsulas-para-articulaciones\/\" \/>\n<meta property=\"og:locale\" content=\"es_ES\" \/>\n<meta property=\"og:type\" content=\"article\" \/>\n<meta property=\"og:title\" content=\"Flenisan - opini\u00f3n sobre c\u00e1psulas para articulaciones\" \/>\n<meta property=\"og:description\" content=\"Las enfermedades de las articulaciones son un problema para muchas personas. Por lo general, aparecen m\u00e1s tarde en la vida, pero ocurren con mayor frecuencia a pesar de su corta edad. Las razones de su formaci\u00f3n pueden variar, desde el impacto negativo del entorno externo o la sobrecarga. Para prevenir la profundizaci\u00f3n de los estados [&hellip;]\" \/>\n<meta property=\"og:url\" content=\"https:\/\/www.uia.archi\/es\/flenisan-opinion-sobre-capsulas-para-articulaciones\/\" \/>\n<meta property=\"og:site_name\" content=\"Art\u00edculos internacionales \u00fanicos\" \/>\n<meta property=\"article:published_time\" content=\"2019-06-10T22:00:00+00:00\" \/>\n<meta property=\"article:modified_time\" content=\"2021-07-02T18:44:36+00:00\" \/>\n<meta property=\"og:image\" content=\"https:\/\/www.uia.archi\/wp-content\/uploads\/2019\/06\/flenisan.jpg\" \/>\n<meta name=\"author\" content=\"Writer\" \/>\n<meta name=\"twitter:card\" content=\"summary_large_image\" \/>\n<meta name=\"twitter:label1\" content=\"Escrito por\" \/>\n\t<meta name=\"twitter:data1\" content=\"Writer\" \/>\n\t<meta name=\"twitter:label2\" content=\"Tiempo de lectura\" \/>\n\t<meta name=\"twitter:data2\" content=\"9 minutos\" \/>\n<script type=\"application\/ld+json\" class=\"yoast-schema-graph\">{\"@context\":\"https:\\\/\\\/schema.org\",\"@graph\":[{\"@type\":\"Article\",\"@id\":\"https:\\\/\\\/www.uia.archi\\\/es\\\/flenisan-opinion-sobre-capsulas-para-articulaciones\\\/#article\",\"isPartOf\":{\"@id\":\"https:\\\/\\\/www.uia.archi\\\/es\\\/flenisan-opinion-sobre-capsulas-para-articulaciones\\\/\"},\"author\":{\"name\":\"Writer\",\"@id\":\"https:\\\/\\\/www.uia.archi\\\/es\\\/#\\\/schema\\\/person\\\/3d67c6894ced0e7a84948b704169c9c2\"},\"headline\":\"Flenisan &#8211; opini\u00f3n sobre c\u00e1psulas para articulaciones\",\"datePublished\":\"2019-06-10T22:00:00+00:00\",\"dateModified\":\"2021-07-02T18:44:36+00:00\",\"mainEntityOfPage\":{\"@id\":\"https:\\\/\\\/www.uia.archi\\\/es\\\/flenisan-opinion-sobre-capsulas-para-articulaciones\\\/\"},\"wordCount\":1833,\"commentCount\":3,\"articleSection\":[\"Avis sur les produits\",\"Rese\u00f1as de productos\"],\"inLanguage\":\"es\",\"potentialAction\":[{\"@type\":\"CommentAction\",\"name\":\"Comment\",\"target\":[\"https:\\\/\\\/www.uia.archi\\\/es\\\/flenisan-opinion-sobre-capsulas-para-articulaciones\\\/#respond\"]}]},{\"@type\":\"WebPage\",\"@id\":\"https:\\\/\\\/www.uia.archi\\\/es\\\/flenisan-opinion-sobre-capsulas-para-articulaciones\\\/\",\"url\":\"https:\\\/\\\/www.uia.archi\\\/es\\\/flenisan-opinion-sobre-capsulas-para-articulaciones\\\/\",\"name\":\"Flenisan - opini\u00f3n sobre c\u00e1psulas para articulaciones\",\"isPartOf\":{\"@id\":\"https:\\\/\\\/www.uia.archi\\\/es\\\/#website\"},\"datePublished\":\"2019-06-10T22:00:00+00:00\",\"dateModified\":\"2021-07-02T18:44:36+00:00\",\"author\":{\"@id\":\"https:\\\/\\\/www.uia.archi\\\/es\\\/#\\\/schema\\\/person\\\/3d67c6894ced0e7a84948b704169c9c2\"},\"breadcrumb\":{\"@id\":\"https:\\\/\\\/www.uia.archi\\\/es\\\/flenisan-opinion-sobre-capsulas-para-articulaciones\\\/#breadcrumb\"},\"inLanguage\":\"es\",\"potentialAction\":[{\"@type\":\"ReadAction\",\"target\":[\"https:\\\/\\\/www.uia.archi\\\/es\\\/flenisan-opinion-sobre-capsulas-para-articulaciones\\\/\"]}]},{\"@type\":\"BreadcrumbList\",\"@id\":\"https:\\\/\\\/www.uia.archi\\\/es\\\/flenisan-opinion-sobre-capsulas-para-articulaciones\\\/#breadcrumb\",\"itemListElement\":[{\"@type\":\"ListItem\",\"position\":1,\"name\":\"Hogar\",\"item\":\"https:\\\/\\\/www.uia.archi\\\/es\\\/\"},{\"@type\":\"ListItem\",\"position\":2,\"name\":\"Rese\u00f1as de productos\",\"item\":\"https:\\\/\\\/www.uia.archi\\\/es\\\/category\\\/resenas-de-productos\\\/\"},{\"@type\":\"ListItem\",\"position\":3,\"name\":\"Flenisan &#8211; opini\u00f3n sobre c\u00e1psulas para articulaciones\"}]},{\"@type\":\"WebSite\",\"@id\":\"https:\\\/\\\/www.uia.archi\\\/es\\\/#website\",\"url\":\"https:\\\/\\\/www.uia.archi\\\/es\\\/\",\"name\":\"Art\u00edculos internacionales \u00fanicos\",\"description\":\"Art\u00edculos sobre diversos temas, un valioso recurso de conocimiento para usted y su familia.\",\"potentialAction\":[{\"@type\":\"SearchAction\",\"target\":{\"@type\":\"EntryPoint\",\"urlTemplate\":\"https:\\\/\\\/www.uia.archi\\\/es\\\/?s={search_term_string}\"},\"query-input\":{\"@type\":\"PropertyValueSpecification\",\"valueRequired\":true,\"valueName\":\"search_term_string\"}}],\"inLanguage\":\"es\"},{\"@type\":\"Person\",\"@id\":\"https:\\\/\\\/www.uia.archi\\\/es\\\/#\\\/schema\\\/person\\\/3d67c6894ced0e7a84948b704169c9c2\",\"name\":\"Writer\",\"image\":{\"@type\":\"ImageObject\",\"inLanguage\":\"es\",\"@id\":\"https:\\\/\\\/www.uia.archi\\\/wp-content\\\/litespeed\\\/avatar\\\/1a002795387e512944da0898076d6c44.jpg?ver=1777482563\",\"url\":\"https:\\\/\\\/www.uia.archi\\\/wp-content\\\/litespeed\\\/avatar\\\/1a002795387e512944da0898076d6c44.jpg?ver=1777482563\",\"contentUrl\":\"https:\\\/\\\/www.uia.archi\\\/wp-content\\\/litespeed\\\/avatar\\\/1a002795387e512944da0898076d6c44.jpg?ver=1777482563\",\"caption\":\"Writer\"},\"sameAs\":[\"https:\\\/\\\/www.uia.archi\"],\"url\":\"https:\\\/\\\/www.uia.archi\\\/es\\\/author\\\/writer\\\/\"}]}<\/script>\n<!-- \/ Yoast SEO plugin. -->","yoast_head_json":{"title":"Flenisan - opini\u00f3n sobre c\u00e1psulas para articulaciones","robots":{"index":"index","follow":"follow","max-snippet":"max-snippet:-1","max-image-preview":"max-image-preview:large","max-video-preview":"max-video-preview:-1"},"canonical":"https:\/\/www.uia.archi\/es\/flenisan-opinion-sobre-capsulas-para-articulaciones\/","og_locale":"es_ES","og_type":"article","og_title":"Flenisan - opini\u00f3n sobre c\u00e1psulas para articulaciones","og_description":"Las enfermedades de las articulaciones son un problema para muchas personas. Por lo general, aparecen m\u00e1s tarde en la vida, pero ocurren con mayor frecuencia a pesar de su corta edad. Las razones de su formaci\u00f3n pueden variar, desde el impacto negativo del entorno externo o la sobrecarga. Para prevenir la profundizaci\u00f3n de los estados [&hellip;]","og_url":"https:\/\/www.uia.archi\/es\/flenisan-opinion-sobre-capsulas-para-articulaciones\/","og_site_name":"Art\u00edculos internacionales \u00fanicos","article_published_time":"2019-06-10T22:00:00+00:00","article_modified_time":"2021-07-02T18:44:36+00:00","og_image":[{"url":"https:\/\/www.uia.archi\/wp-content\/uploads\/2019\/06\/flenisan.jpg","type":"","width":"","height":""}],"author":"Writer","twitter_card":"summary_large_image","twitter_misc":{"Escrito por":"Writer","Tiempo de lectura":"9 minutos"},"schema":{"@context":"https:\/\/schema.org","@graph":[{"@type":"Article","@id":"https:\/\/www.uia.archi\/es\/flenisan-opinion-sobre-capsulas-para-articulaciones\/#article","isPartOf":{"@id":"https:\/\/www.uia.archi\/es\/flenisan-opinion-sobre-capsulas-para-articulaciones\/"},"author":{"name":"Writer","@id":"https:\/\/www.uia.archi\/es\/#\/schema\/person\/3d67c6894ced0e7a84948b704169c9c2"},"headline":"Flenisan &#8211; opini\u00f3n sobre c\u00e1psulas para articulaciones","datePublished":"2019-06-10T22:00:00+00:00","dateModified":"2021-07-02T18:44:36+00:00","mainEntityOfPage":{"@id":"https:\/\/www.uia.archi\/es\/flenisan-opinion-sobre-capsulas-para-articulaciones\/"},"wordCount":1833,"commentCount":3,"articleSection":["Avis sur les produits","Rese\u00f1as de productos"],"inLanguage":"es","potentialAction":[{"@type":"CommentAction","name":"Comment","target":["https:\/\/www.uia.archi\/es\/flenisan-opinion-sobre-capsulas-para-articulaciones\/#respond"]}]},{"@type":"WebPage","@id":"https:\/\/www.uia.archi\/es\/flenisan-opinion-sobre-capsulas-para-articulaciones\/","url":"https:\/\/www.uia.archi\/es\/flenisan-opinion-sobre-capsulas-para-articulaciones\/","name":"Flenisan - opini\u00f3n sobre c\u00e1psulas para articulaciones","isPartOf":{"@id":"https:\/\/www.uia.archi\/es\/#website"},"datePublished":"2019-06-10T22:00:00+00:00","dateModified":"2021-07-02T18:44:36+00:00","author":{"@id":"https:\/\/www.uia.archi\/es\/#\/schema\/person\/3d67c6894ced0e7a84948b704169c9c2"},"breadcrumb":{"@id":"https:\/\/www.uia.archi\/es\/flenisan-opinion-sobre-capsulas-para-articulaciones\/#breadcrumb"},"inLanguage":"es","potentialAction":[{"@type":"ReadAction","target":["https:\/\/www.uia.archi\/es\/flenisan-opinion-sobre-capsulas-para-articulaciones\/"]}]},{"@type":"BreadcrumbList","@id":"https:\/\/www.uia.archi\/es\/flenisan-opinion-sobre-capsulas-para-articulaciones\/#breadcrumb","itemListElement":[{"@type":"ListItem","position":1,"name":"Hogar","item":"https:\/\/www.uia.archi\/es\/"},{"@type":"ListItem","position":2,"name":"Rese\u00f1as de productos","item":"https:\/\/www.uia.archi\/es\/category\/resenas-de-productos\/"},{"@type":"ListItem","position":3,"name":"Flenisan &#8211; opini\u00f3n sobre c\u00e1psulas para articulaciones"}]},{"@type":"WebSite","@id":"https:\/\/www.uia.archi\/es\/#website","url":"https:\/\/www.uia.archi\/es\/","name":"Art\u00edculos internacionales \u00fanicos","description":"Art\u00edculos sobre diversos temas, un valioso recurso de conocimiento para usted y su familia.","potentialAction":[{"@type":"SearchAction","target":{"@type":"EntryPoint","urlTemplate":"https:\/\/www.uia.archi\/es\/?s={search_term_string}"},"query-input":{"@type":"PropertyValueSpecification","valueRequired":true,"valueName":"search_term_string"}}],"inLanguage":"es"},{"@type":"Person","@id":"https:\/\/www.uia.archi\/es\/#\/schema\/person\/3d67c6894ced0e7a84948b704169c9c2","name":"Writer","image":{"@type":"ImageObject","inLanguage":"es","@id":"https:\/\/www.uia.archi\/wp-content\/litespeed\/avatar\/1a002795387e512944da0898076d6c44.jpg?ver=1777482563","url":"https:\/\/www.uia.archi\/wp-content\/litespeed\/avatar\/1a002795387e512944da0898076d6c44.jpg?ver=1777482563","contentUrl":"https:\/\/www.uia.archi\/wp-content\/litespeed\/avatar\/1a002795387e512944da0898076d6c44.jpg?ver=1777482563","caption":"Writer"},"sameAs":["https:\/\/www.uia.archi"],"url":"https:\/\/www.uia.archi\/es\/author\/writer\/"}]}},"blog_post_layout_featured_media_urls":{"thumbnail":"","full":""},"categories_names":{"1":{"name":"Avis sur les produits","link":"https:\/\/www.uia.archi\/category\/avis-sur-les-produits\/"},"11":{"name":"Rese\u00f1as de productos","link":"https:\/\/www.uia.archi\/es\/category\/resenas-de-productos\/"}},"tags_names":[],"comments_number":"3","wpmagazine_modules_lite_featured_media_urls":{"thumbnail":"","cvmm-medium":"","cvmm-medium-plus":"","cvmm-portrait":"","cvmm-medium-square":"","cvmm-large":"","cvmm-small":"","full":""},"_links":{"self":[{"href":"https:\/\/www.uia.archi\/es\/wp-json\/wp\/v2\/posts\/853","targetHints":{"allow":["GET"]}}],"collection":[{"href":"https:\/\/www.uia.archi\/es\/wp-json\/wp\/v2\/posts"}],"about":[{"href":"https:\/\/www.uia.archi\/es\/wp-json\/wp\/v2\/types\/post"}],"author":[{"embeddable":true,"href":"https:\/\/www.uia.archi\/es\/wp-json\/wp\/v2\/users\/1"}],"replies":[{"embeddable":true,"href":"https:\/\/www.uia.archi\/es\/wp-json\/wp\/v2\/comments?post=853"}],"version-history":[{"count":0,"href":"https:\/\/www.uia.archi\/es\/wp-json\/wp\/v2\/posts\/853\/revisions"}],"wp:attachment":[{"href":"https:\/\/www.uia.archi\/es\/wp-json\/wp\/v2\/media?parent=853"}],"wp:term":[{"taxonomy":"category","embeddable":true,"href":"https:\/\/www.uia.archi\/es\/wp-json\/wp\/v2\/categories?post=853"},{"taxonomy":"post_tag","embeddable":true,"href":"https:\/\/www.uia.archi\/es\/wp-json\/wp\/v2\/tags?post=853"}],"curies":[{"name":"wp","href":"https:\/\/api.w.org\/{rel}","templated":true}]}}