{"id":1194,"date":"2019-07-31T00:00:00","date_gmt":"2019-07-30T22:00:00","guid":{"rendered":"https:\/\/www.uia.archi\/provitalan-velemeny-a-tulmunkara-valo-felkeszulesrol\/"},"modified":"2019-07-31T00:00:00","modified_gmt":"2019-07-30T22:00:00","slug":"provitalan-velemeny-a-tulmunkara-valo-felkeszulesrol","status":"publish","type":"post","link":"https:\/\/www.uia.archi\/hu\/provitalan-velemeny-a-tulmunkara-valo-felkeszulesrol\/","title":{"rendered":"Provitalan &#8211; v\u00e9lem\u00e9ny a t\u00falmunk\u00e1ra val\u00f3 felk\u00e9sz\u00fcl\u00e9sr\u0151l"},"content":{"rendered":"<div id=\"ez-toc-container\" class=\"ez-toc-v2_0_82_2 counter-hierarchy ez-toc-counter ez-toc-grey ez-toc-container-direction\">\n<p class=\"ez-toc-title\" style=\"cursor:inherit\">Tartalomjegyz\u00e9k:<\/p>\n<label for=\"ez-toc-cssicon-toggle-item-69f5e44f67c61\" class=\"ez-toc-cssicon-toggle-label\"><span class=\"\"><span class=\"eztoc-hide\" style=\"display:none;\">Toggle<\/span><span class=\"ez-toc-icon-toggle-span\"><svg style=\"fill: #999;color:#999\" xmlns=\"http:\/\/www.w3.org\/2000\/svg\" class=\"list-377408\" width=\"20px\" height=\"20px\" viewBox=\"0 0 24 24\" fill=\"none\"><path d=\"M6 6H4v2h2V6zm14 0H8v2h12V6zM4 11h2v2H4v-2zm16 0H8v2h12v-2zM4 16h2v2H4v-2zm16 0H8v2h12v-2z\" fill=\"currentColor\"><\/path><\/svg><svg style=\"fill: #999;color:#999\" class=\"arrow-unsorted-368013\" xmlns=\"http:\/\/www.w3.org\/2000\/svg\" width=\"10px\" height=\"10px\" viewBox=\"0 0 24 24\" version=\"1.2\" baseProfile=\"tiny\"><path d=\"M18.2 9.3l-6.2-6.3-6.2 6.3c-.2.2-.3.4-.3.7s.1.5.3.7c.2.2.4.3.7.3h11c.3 0 .5-.1.7-.3.2-.2.3-.5.3-.7s-.1-.5-.3-.7zM5.8 14.7l6.2 6.3 6.2-6.3c.2-.2.3-.5.3-.7s-.1-.5-.3-.7c-.2-.2-.4-.3-.7-.3h-11c-.3 0-.5.1-.7.3-.2.2-.3.5-.3.7s.1.5.3.7z\"\/><\/svg><\/span><\/span><\/label><input type=\"checkbox\"  id=\"ez-toc-cssicon-toggle-item-69f5e44f67c61\"  aria-label=\"Toggle\" \/><nav><ul class='ez-toc-list ez-toc-list-level-1 ' ><li class='ez-toc-page-1 ez-toc-heading-level-3'><a class=\"ez-toc-link ez-toc-heading-1\" href=\"https:\/\/www.uia.archi\/hu\/provitalan-velemeny-a-tulmunkara-valo-felkeszulesrol\/#Miert_olyan_fontos_a_test_regeneralasa\" >Mi\u00e9rt olyan fontos a test regener\u00e1l\u00e1sa?<\/a><\/li><li class='ez-toc-page-1 ez-toc-heading-level-3'><a class=\"ez-toc-link ez-toc-heading-2\" href=\"https:\/\/www.uia.archi\/hu\/provitalan-velemeny-a-tulmunkara-valo-felkeszulesrol\/#Kinek_a_Provitalan\" >Kinek a Provitalan?<\/a><\/li><li class='ez-toc-page-1 ez-toc-heading-level-3'><a class=\"ez-toc-link ez-toc-heading-3\" href=\"https:\/\/www.uia.archi\/hu\/provitalan-velemeny-a-tulmunkara-valo-felkeszulesrol\/#A_Provitalan_kiegeszito_egyedi_osszetetele\" >A Provitalan kieg\u00e9sz\u00edt\u0151 egyedi \u00f6sszet\u00e9tele<\/a><\/li><li class='ez-toc-page-1 ez-toc-heading-level-3'><a class=\"ez-toc-link ez-toc-heading-4\" href=\"https:\/\/www.uia.archi\/hu\/provitalan-velemeny-a-tulmunkara-valo-felkeszulesrol\/#A_Provitalan_kiegeszito_szedesenek_formaja_es_modja\" >A Provitalan kieg\u00e9sz\u00edt\u0151 szed\u00e9s\u00e9nek form\u00e1ja \u00e9s m\u00f3dja<\/a><\/li><li class='ez-toc-page-1 ez-toc-heading-level-3'><a class=\"ez-toc-link ez-toc-heading-5\" href=\"https:\/\/www.uia.archi\/hu\/provitalan-velemeny-a-tulmunkara-valo-felkeszulesrol\/#A_Provitalan_alkalmazasanak_ellenjavallatai\" >A Provitalan alkalmaz\u00e1s\u00e1nak ellenjavallatai<\/a><\/li><li class='ez-toc-page-1 ez-toc-heading-level-3'><a class=\"ez-toc-link ez-toc-heading-6\" href=\"https:\/\/www.uia.archi\/hu\/provitalan-velemeny-a-tulmunkara-valo-felkeszulesrol\/#Provitalan_%E2%80%93_mellekhatasok\" >Provitalan &#8211; mell\u00e9khat\u00e1sok<\/a><\/li><li class='ez-toc-page-1 ez-toc-heading-level-3'><a class=\"ez-toc-link ez-toc-heading-7\" href=\"https:\/\/www.uia.archi\/hu\/provitalan-velemeny-a-tulmunkara-valo-felkeszulesrol\/#Mennyi_ideig_kell_hasznalni_a_Provitalan-t\" >Mennyi ideig kell haszn\u00e1lni a Provitalan-t?<\/a><\/li><li class='ez-toc-page-1 ez-toc-heading-level-3'><a class=\"ez-toc-link ez-toc-heading-8\" href=\"https:\/\/www.uia.archi\/hu\/provitalan-velemeny-a-tulmunkara-valo-felkeszulesrol\/#Felhasznaloi_visszajelzesek_a_Provitalan_hasznalatarol\" >Felhaszn\u00e1l\u00f3i visszajelz\u00e9sek a Provitalan haszn\u00e1lat\u00e1r\u00f3l<\/a><\/li><li class='ez-toc-page-1 ez-toc-heading-level-3'><a class=\"ez-toc-link ez-toc-heading-9\" href=\"https:\/\/www.uia.archi\/hu\/provitalan-velemeny-a-tulmunkara-valo-felkeszulesrol\/#Hol_lehet_megvasarolni_a_Provitalan-t_Ajanlasunk\" >Hol lehet megv\u00e1s\u00e1rolni a Provitalan-t? Aj\u00e1nl\u00e1sunk<\/a><\/li><\/ul><\/nav><\/div>\n<p>Az emberi test regener\u00e1ci\u00f3j\u00e1nak legjobb form\u00e1ja az alv\u00e1s. Ennek hi\u00e1ny\u00e1ban a hormon\u00e1lis egyens\u00faly zavart a legjobban. A Provitalan \u00e9trend-kieg\u00e9sz\u00edt\u0151 folyamatosan f\u00e1radt embereknek \u00e9s azoknak, akiknek probl\u00e9m\u00e1i vannak a test teljes \u00e9s hat\u00e9kony regener\u00e1ci\u00f3j\u00e1val.<\/p>\n<p>Teljesen \u00e1tfog\u00f3 kezel\u00e9s a k\u00e9sz\u00edtm\u00e9nnyel, 5 alapvet\u0151 hat\u00f3anyag alapj\u00e1n. Mag\u00e1t a kombin\u00e1ci\u00f3t azonban kieg\u00e9sz\u00edtik seg\u00e9danyagok, az A, B, E, K csoportokb\u00f3l sz\u00e1rmaz\u00f3 vitaminok \u00e9s a sz\u00fcks\u00e9ges k\u00e9miai elemek. A kieg\u00e9sz\u00edt\u0151 alkalmaz\u00e1s f\u0151 c\u00e9lja az idegrendszer gyeng\u00fcl\u00e9s\u00e9nek teljes cs\u00f6kkent\u00e9se.<\/p>\n<p>A Provitalan sikeresen alkalmazhat\u00f3 intenz\u00edv testmozg\u00e1s \u00e9s kem\u00e9ny ment\u00e1lis munka sor\u00e1n. A term\u00e9k amellett, hogy kik\u00fcsz\u00f6b\u00f6li a rossz regener\u00e1ci\u00f3 hat\u00e1sait, ide\u00e1lis a megel\u0151z\u00e9sre.<\/p>\n<h3><span class=\"ez-toc-section\" id=\"Miert_olyan_fontos_a_test_regeneralasa\"><\/span>Mi\u00e9rt olyan fontos a test regener\u00e1l\u00e1sa?<span class=\"ez-toc-section-end\"><\/span><\/h3>\n<p>A stressz \u00e1ltal \u00e1tv\u00e1ltott szab\u00e1lytalan alv\u00e1si id\u0151k s\u00falyos eg\u00e9szs\u00e9g\u00fcgyi k\u00f6vetkezm\u00e9nyekkel j\u00e1rhatnak. Az \u00e9tv\u00e1gy n\u00f6veked\u00e9s\u00e9vel, fejf\u00e1j\u00e1ssal, migr\u00e9n fejf\u00e1j\u00e1ssal, l\u00e1t\u00e1si probl\u00e9m\u00e1kkal, mem\u00f3riaprobl\u00e9m\u00e1kkal kezdve &#8211; mindenf\u00e9le ingerl\u00e9kenys\u00e9g \u00e9s zavar\u00f3 k\u00e9pess\u00e9g.<\/p>\n<p><a href=\"https:\/\/www.uia.archi\/go\/menvit-blog\/\" rel=\"nofollow\"><img loading=\"lazy\" decoding=\"async\" class=\"alignright wp-image-9766\" src=\"https:\/\/www.uia.archi\/wp-content\/uploads\/2019\/07\/provitalan.jpg\" alt=\"provitalan\" width=\"368\" height=\"345\" \/><\/a> A megfelel\u0151 regener\u00e1ci\u00f3 hi\u00e1ny\u00e1nak ezen negat\u00edv hat\u00e1sai befoly\u00e1solj\u00e1k a mindennapi \u00e9let k\u00e9nyelm\u00e9t \u00e9s min\u0151s\u00e9g\u00e9t. Ez viszont d\u00f6nt\u00e9sekk\u00e9 \u00e9s \u00e1ltal\u00e1nos j\u00f3l\u00e9tt\u00e9 v\u00e1lt. A zavart regener\u00e1ci\u00f3 hossz\u00fa ideje alatt eg\u00e9szs\u00e9g\u00fcnket tesztelj\u00fck, ami sok esetben fert\u0151z\u00e9sekhez, fert\u0151z\u00e9sekhez vagy n\u00e9pszer\u0171 civiliz\u00e1ci\u00f3s betegs\u00e9gekhez vezet.<\/p>\n<p>Meg kell jegyezni, hogy 25 \u00e9ves \u00e9letkor ut\u00e1n a n\u0151i test regener\u00e1l\u00f3d\u00e1s\u00e1nak es\u00e9lye \u00e9vente 4% -kal cs\u00f6kken. Ugyanez a sz\u00e1zal\u00e9kos ar\u00e1ny vonatkozik a 30 \u00e9v feletti f\u00e9rfiakra is.<\/p>\n<p>A Provitalan vissza\u00e1ll\u00edtja a hormon\u00e1lis egyens\u00faly term\u00e9szetes szintj\u00e9t \u00e9s maximaliz\u00e1lja a test regener\u00e1ci\u00f3s k\u00e9pess\u00e9g\u00e9t.<\/p>\n<h3><span class=\"ez-toc-section\" id=\"Kinek_a_Provitalan\"><\/span>Kinek a Provitalan?<span class=\"ez-toc-section-end\"><\/span><\/h3>\n<p>Ez a legjobb term\u00e9k az \u00e9trend-kieg\u00e9sz\u00edt\u0151k szegmens\u00e9ben, helyre\u00e1ll\u00edtva a vitalit\u00e1st. Aj\u00e1nlott a term\u00e9ket olyan emberek sz\u00e1m\u00e1ra haszn\u00e1lni, akiket a k\u00f6vetkez\u0151k ugratnak:<\/p>\n<ul>\n<li>\u00e1lland\u00f3 f\u00e1radts\u00e1g,<\/li>\n<li>a test gyenges\u00e9ge,<\/li>\n<li>a vitalit\u00e1s \u00e9szrevehet\u0151 cs\u00f6kken\u00e9se (f\u0151leg a f\u00e9rfiakn\u00e1l),<\/li>\n<li>Minden nap rosszul \u00e9rzi mag\u00e1t,<\/li>\n<li>stressz,<\/li>\n<li>koncentr\u00e1l\u00e1si neh\u00e9zs\u00e9g \u00e9s r\u00f6vid t\u00e1v\u00fa mem\u00f3ria,<\/li>\n<li>\u00e9szrevehet\u0151 letargia, \u00e1lland\u00f3 \u00e1s\u00edt\u00e1s, test hipoxia \/ \u00e1ltal\u00e1nos kimer\u00fclts\u00e9g, regener\u00e1ci\u00f3 hi\u00e1nya,<\/li>\n<\/ul>\n<p>A test kr\u00f3nikus f\u00e1radts\u00e1ga 3 rossz, \u00e1lmatlan \u00e9jszaka ut\u00e1n jelentkezik. Az ilyen \u00e1llapotban lev\u0151 test nem k\u00e9pes visszat\u00e9rni a norm\u00e1l m\u0171k\u00f6d\u00e9shez. Ebben az esetben jav\u00edtani kell az alv\u00e1s min\u0151s\u00e9g\u00e9t, vagy teljesen meg kell \u00e1ll\u00edtani a t\u00f6bbi.<\/p>\n<p>Ha m\u00e9g a m\u00e1sodik helyzetet sem lehet elk\u00e9pzelni, a Provitalan az els\u0151 olyan seg\u00edts\u00e9g, amely mindenki sz\u00e1m\u00e1ra er\u0151t ad. A k\u00e9sz\u00edtm\u00e9ny nagym\u00e9rt\u00e9kben befoly\u00e1solja a pszichol\u00f3giai k\u00e9nyelmet, megnyugtatja \u00e9s serkenti az agysejteket.<\/p>\n<h3><span class=\"ez-toc-section\" id=\"A_Provitalan_kiegeszito_egyedi_osszetetele\"><\/span>A Provitalan kieg\u00e9sz\u00edt\u0151 egyedi \u00f6sszet\u00e9tele<span class=\"ez-toc-section-end\"><\/span><\/h3>\n<p>Az egyed\u00fcl\u00e1ll\u00f3 \u00f6sszet\u00e9tel\u0171 formul\u00e1t pork\u00e9nt fejlesztett\u00e9k ki az old\u00f3d\u00e1shoz. A mikroniz\u00e1lt \u00f6sszetev\u0151k ilyen konzisztenci\u00e1ja garant\u00e1lja a hat\u00f3anyagok lehet\u0151 legjobb felsz\u00edv\u00f3d\u00e1s\u00e1t a term\u00e9kben.<\/p>\n<ul>\n<li><strong>Kreatin-monohidr\u00e1t<\/strong> &#8211; a kreatin legn\u00e9pszer\u0171bb form\u00e1ja. Az ATP molekula boml\u00e1s\u00e1nak el\u0151fut\u00e1ra, amelyb\u0151l a test az energiaforr\u00e1sok jelent\u0151s r\u00e9sz\u00e9t elhaszn\u00e1lja. Koncentr\u00e1ci\u00f3ja a k\u00e9sz\u00edtm\u00e9nyben megk\u00f6zel\u00edti a 0,5 kg marhah\u00fas fogyaszt\u00e1s\u00e1t. Ez t\u00f6k\u00e9letesen befoly\u00e1solja a test er\u0151ss\u00e9g\u00e9nek jav\u00edt\u00e1s\u00e1t.<\/li>\n<li><strong>L-arginin<\/strong> &#8211; kit\u00e1g\u00edtja az ereket \u00e9s jav\u00edtja az egyes elemek v\u00e9rben t\u00f6rt\u00e9n\u0151 sz\u00e1ll\u00edt\u00e1s\u00e1t. Az L-arginin fontos szerepet j\u00e1tszik az \u00e1sv\u00e1nyi s\u00f3k sz\u00e1ll\u00edt\u00e1s\u00e1ban \u00e9s az immunrendszer megfelel\u0151 m\u0171k\u00f6d\u00e9s\u00e9ben.<\/li>\n<li><strong>Magn\u00e9zium<\/strong> &#8211; az emberi idegrendszer alapvet\u0151 stimul\u00e1nsja. Megakad\u00e1lyozza az izmok t\u00falzott \u00f6sszeh\u00faz\u00f3d\u00e1s\u00e1t. Jav\u00edtja a sz\u00f6vet regener\u00e1ci\u00f3s k\u00e9pess\u00e9g\u00e9t. A Provitalan megfelel\u0151 magn\u00e9zium-kieg\u00e9sz\u00edt\u00e9se megakad\u00e1lyozza a t\u00falzott stresszt. A magn\u00e9zium a regener\u00e1ci\u00f3s folyamat kulcseleme, els\u0151sorban profilaktikusan.<\/li>\n<li><strong>L-tirozin<\/strong> &#8211; az L-tirozin hi\u00e1nya kr\u00f3nikus izomf\u00e1radts\u00e1ggal \u00e9s koncentr\u00e1ci\u00f3 hi\u00e1ny\u00e1val nyilv\u00e1nul meg. \u00c1ltal\u00e1ban a ment\u00e1lis betegs\u00e9g t\u00fcneteit mutat\u00f3 betegeknek adj\u00e1k. Jelent\u0151sen jav\u00edtja a neutronok \u00e1raml\u00e1s\u00e1t, hat\u00e9konyabb\u00e1 teszi a sz\u00fcrke sejteket, \u00e9s az agy gyorsabban kombin\u00e1lja a t\u00e9nyeket.<\/li>\n<li><strong>F\u00f3lsav<\/strong> &#8211; megel\u0151z\u0151en m\u0171k\u00f6dik, k\u00fczdi a rossz hangulatot \u00e9s az \u00e1lmoss\u00e1got. A folsav fontos a szerotonin kiv\u00e1laszt\u00e1s\u00e1ban. Ez viszont felel\u0151s a boldogs\u00e1g meg\u00e9rt\u00e9s\u00e9\u00e9rt, ami jelent\u0151sen cs\u00f6kkenti a f\u00e1radts\u00e1g m\u00e9rt\u00e9k\u00e9t.<\/li>\n<\/ul>\n<h3><span class=\"ez-toc-section\" id=\"A_Provitalan_kiegeszito_szedesenek_formaja_es_modja\"><\/span>A Provitalan kieg\u00e9sz\u00edt\u0151 szed\u00e9s\u00e9nek form\u00e1ja \u00e9s m\u00f3dja<span class=\"ez-toc-section-end\"><\/span><\/h3>\n<p>A k\u00e9sz\u00edtm\u00e9ny \u00e9rt\u00e9kes\u00edthet\u0151 mikroniz\u00e1lt por form\u00e1j\u00e1ban, amelyet v\u00edzben kell feloldani.<\/p>\n<p>K\u00e9t rendelkez\u00e9sre \u00e1ll\u00f3 kapacit\u00e1s l\u00e9tezik: 125 g kis csomaghoz \u00e9s 250 g nagy csomaghoz. A kisebb v\u00e1ltozat 18 javasolt 7 g-os adagot tartalmaz, m\u00edg a nagyobb v\u00e1ltozat &#8211; ak\u00e1r 36-at.<\/p>\n<p>A maxim\u00e1lis eredm\u00e9ny akkor \u00e9rhet\u0151 el, ha a Provitalan rendszeresen, naponta egyszer keveri langyos v\u00edzzel vagy gy\u00fcm\u00f6lcsl\u00e9vel. A kieg\u00e9sz\u00edt\u0151t felold\u00e1s ut\u00e1n azonnal fel kell fogyasztani.<\/p>\n<p>Az \u00e9trend-kieg\u00e9sz\u00edt\u0151 szed\u00e9sekor nem szabad szublim\u00e1lt t\u00e1pl\u00e1lkoz\u00e1st alkalmazni, k\u00fcl\u00f6n\u00f6sen azok, amelyek negat\u00edv kal\u00f3riaegys\u00e9get mutatnak. Tartsa a m\u00e9rs\u00e9kelt testmozg\u00e1st, amennyire csak lehets\u00e9ges.<\/p>\n<h3><span class=\"ez-toc-section\" id=\"A_Provitalan_alkalmazasanak_ellenjavallatai\"><\/span>A Provitalan alkalmaz\u00e1s\u00e1nak ellenjavallatai<span class=\"ez-toc-section-end\"><\/span><\/h3>\n<p>Mivel a terhes n\u0151kben teljesen elt\u00e9r\u0151 a hormon\u00e1lis szab\u00e1lyoz\u00e1s, nem javasolt, hogy ezt a kieg\u00e9sz\u00edt\u0151t haszn\u00e1lj\u00e1k. A k\u00e9sz\u00edtm\u00e9ny 18 \u00e9vn\u00e9l id\u0151sebb emberek sz\u00e1m\u00e1ra k\u00e9sz\u00fclt, akiknek nincs kr\u00f3nikus eg\u00e9szs\u00e9g\u00fcgyi probl\u00e9m\u00e1juk vagy egy\u00e9b betegs\u00e9g\u00fck.<\/p>\n<p>Ez nem vonatkozik a t\u00falzott akt\u00edv \u00e9letm\u00f3db\u00f3l ered\u0151 kr\u00f3nikus f\u00e1radts\u00e1gra. Ha m\u00e1s eg\u00e9szs\u00e9g\u00fcgyi probl\u00e9m\u00e1kat diagnosztiz\u00e1ltak, akkor a term\u00e9k haszn\u00e1lata el\u0151tt tan\u00e1csos orvoshoz fordulni.<\/p>\n<p>A szoptat\u00f3 \u00e9s a Provitalan b\u00e1rmely \u00f6sszetev\u0151j\u00e9re allergi\u00e1s n\u0151k nem haszn\u00e1lhatj\u00e1k a kieg\u00e9sz\u00edt\u0151t. Aj\u00e1nlott a term\u00e9ket sz\u00e1raz helyen, szobah\u0151m\u00e9rs\u00e9kleten t\u00e1rolni.<\/p>\n<h3><span class=\"ez-toc-section\" id=\"Provitalan_%E2%80%93_mellekhatasok\"><\/span>Provitalan &#8211; mell\u00e9khat\u00e1sok<span class=\"ez-toc-section-end\"><\/span><\/h3>\n<p>A megfelel\u0151 regener\u00e1ci\u00f3 hi\u00e1ny\u00e1nak mell\u00e9khat\u00e1sa sz\u00e1mos negat\u00edv k\u00f6vetkezm\u00e9nnyel j\u00e1r az eg\u00e9szs\u00e9gre. A k\u00e9sz\u00edtm\u00e9ny \u00f6sszet\u00e9tele teljesen biztons\u00e1gos.<\/p>\n<p>A szisztematikus alkalmaz\u00e1s t\u00f6k\u00e9letesen kik\u00fcsz\u00f6b\u00f6li a megfelel\u0151 hormon\u00e1lis egyens\u00faly hi\u00e1ny\u00e1val j\u00e1r\u00f3 kellemetlens\u00e9geket. Vissza\u00e1ll\u00edtja a megfelel\u0151 kering\u00e9st, jav\u00edtja a koncentr\u00e1ci\u00f3t, stabiliz\u00e1lja az ingerl\u00e9kenys\u00e9get, \u00e9s mindenekel\u0151tt hozz\u00e1adja az \u00e9letenergi\u00e1t, amely hi\u00e1nyzik az \u00e1lmos alv\u00e1s sor\u00e1n.<\/p>\n<h3><span class=\"ez-toc-section\" id=\"Mennyi_ideig_kell_hasznalni_a_Provitalan-t\"><\/span>Mennyi ideig kell haszn\u00e1lni a Provitalan-t?<span class=\"ez-toc-section-end\"><\/span><\/h3>\n<p>A v\u00e1lasz mindenki sz\u00e1m\u00e1ra nem egy\u00e9rtelm\u0171. A teljes regener\u00e1ci\u00f3s folyamat \u00e9s a test norm\u00e1l \u00e1llapot\u00e1ba val\u00f3 vissza\u00e1ll\u00edt\u00e1s\u00e1hoz sz\u00fcks\u00e9ges id\u0151 ak\u00e1r 60 napig is tarthat.<\/p>\n<p>Att\u00f3l f\u00fcgg\u0151en, hogy meddig hosszabb az alv\u00e1si id\u0151szak, a Provitalane adagot hosszabb ideig kell venni. Ne agg\u00f3dj! Az alkalmaz\u00e1s hat\u00e1sait az els\u0151 haszn\u00e1lat ut\u00e1n \u00e9rezheti. A regener\u00e1ci\u00f3 min\u0151s\u00e9ge olyan magas lesz, hogy \u00fagy fogja \u00e9rezni mag\u00e1t, hogy be kell fejeznie a kieg\u00e9sz\u00edt\u00e9st.<\/p>\n<p>A hat\u00f3anyagok felsz\u00edv\u00f3d\u00e1s\u00e1nak aj\u00e1nlott id\u0151tartama 30 nap a 25 \u00e9v alatti emberekn\u00e9l \u00e9s 60 nap a n\u0151k \u00e9s a 30 \u00e9v feletti f\u00e9rfiak eset\u00e9ben egyar\u00e1nt. Az adag n\u00f6vel\u00e9se vagy az azt k\u00f6vet\u0151 profilaktikus alkalmaz\u00e1s az egy\u00e9ni hajlamakt\u00f3l f\u00fcgg.<\/p>\n<h3><span class=\"ez-toc-section\" id=\"Felhasznaloi_visszajelzesek_a_Provitalan_hasznalatarol\"><\/span>Felhaszn\u00e1l\u00f3i visszajelz\u00e9sek a Provitalan haszn\u00e1lat\u00e1r\u00f3l<span class=\"ez-toc-section-end\"><\/span><\/h3>\n<ul>\n<li><em>&#8222;Egy nap egy telefonh\u00edv\u00e1s \u00e9rkezett, amelyben kipr\u00f3b\u00e1ltam egy modern term\u00e9szetes \u00e9trend-kieg\u00e9sz\u00edt\u0151t, amely energi\u00e1t ad nekem. Engem \u00e9rdekel. Meg akartam tudni ennek a term\u00e9knek a l\u00e9trehoz\u00e1s\u00e1t \u00e9s \u00f6tlet\u00e9t. Csak 20 perces besz\u00e9lget\u00e9s ut\u00e1n a k\u00e9zibesz\u00e9l\u0151 m\u00e1sik oldal\u00e1n lev\u0151 szem\u00e9ly leny\u0171g\u00f6z\u00f6tt elk\u00f6telezetts\u00e9gem mellett, \u00e9s v\u00e1llalta, hogy egy\u00fcttm\u0171k\u00f6dik. Nagyon \u00e9rdekelt az a t\u00e9ny, hogy a Provitalan teszteket 120 amat\u0151r csoporton v\u00e9gezt\u00e9k, \u00e9s meghaladt\u00e1k a v\u00e1rakoz\u00e1sokat. A test savasod\u00e1s\u00e1nak cs\u00f6kkent\u00e9s\u00e9ben el\u00e9rt halad\u00e1s ak\u00e1r 73% -kal is n\u0151tt, m\u00edg a f\u00e1zisokkal m\u00e9rt alv\u00e1s m\u00e9lys\u00e9ge eredm\u00e9nyes volt, mint a szisztematikus alv\u00e1s reggel 22: 45-7-kor. Ez a l\u00e1tv\u00e1nyos eredm\u00e9nyek ellen\u00e9re kiv\u00e1l\u00f3 el\u0151rejelz\u00e9seket adott a kitart\u00f3 sportipar szakembereinek, de nem csak. Sportol\u00f3k\u00e9nt magamat haszn\u00e1lom, \u00e9s aj\u00e1nlom a hallgat\u00f3imnak. &#8222;<\/em> &#8211; <strong>Robert, 37, szem\u00e9lyi edz\u0151<\/strong><\/li>\n<li><em>&#8222;Mivel az \u00e9jszakai m\u0171szakban dolgoztam, a test m\u0171k\u00f6d\u00e9si m\u00f3dja teljesen elt\u0171nt. Csak egy h\u00f3napos munka ut\u00e1n 4-kor lefek\u00fcdtem \u00e9s 12-kor fel\u00e1lltam, \u00fagy n\u00e9ztem ki, mint egy zombi. Ezenk\u00edv\u00fcl az \u00e9jszakai gyors\u00e9ttermi felsz\u00edv\u00f3d\u00e1s sem \u00e9rt v\u00e9get. B\u00e1r napi legal\u00e1bb 8 \u00f3r\u00e1t pr\u00f3b\u00e1ltam aludni, napr\u00f3l napra egyre jobban f\u00e1radtam. Egy nap elmentem egy szakemberhez, aki \u00e9rtes\u00edtette, hogy vagy munkahelyet kell v\u00e1ltanom, \u00e9s visszat\u00e9rnem a norm\u00e1l alv\u00e1shoz \/ m\u0171k\u00f6d\u00e9shez, vagy seg\u00edteni kell magam a megfelel\u0151 \u00e9trend-kieg\u00e9sz\u00edt\u0151k mellett. Az els\u0151 lehet\u0151s\u00e9g nem volt lehet\u0151s\u00e9g, ez\u00e9rt elkezdtem keresni az \u00e9trend-kieg\u00e9sz\u00edt\u0151 megold\u00e1st. Belemer\u00fcltem az emberi test regener\u00e1ci\u00f3j\u00e1nak t\u00e9m\u00e1j\u00e1ba. Mint kider\u00fclt, hib\u00e1t k\u00f6vettem el, miut\u00e1n nem tal\u00e1ltam, \u00e9s nem kezdtem el haszn\u00e1lni a Provitalan-t. El\u0151sz\u00f6r is, k\u00f6zvetlen\u00fcl lefekv\u00e9s el\u0151tt abbahagytam az ev\u00e9st, m\u00e1sodszor pedig nagyon gyorsan visszat\u00e9rtem a form\u00e1ba. Annak ellen\u00e9re, hogy d\u00e9lben keltem fel, energikus vagyok \u00e9s k\u00e9szen \u00e1llok az akt\u00edv m\u0171k\u00f6d\u00e9sre. &#8222;<\/em> &#8211; <strong>Jacek, 49, k\u00e9tkezes munk\u00e1s<\/strong><\/li>\n<\/ul>\n<h3><span class=\"ez-toc-section\" id=\"Hol_lehet_megvasarolni_a_Provitalan-t_Ajanlasunk\"><\/span>Hol lehet megv\u00e1s\u00e1rolni a Provitalan-t? Aj\u00e1nl\u00e1sunk<span class=\"ez-toc-section-end\"><\/span><\/h3>\n<p>A legjobb, ha a k\u00e9sz\u00edtm\u00e9nyt online v\u00e1s\u00e1rolja meg, k\u00f6zvetlen\u00fcl a <a href=\"https:\/\/www.uia.archi\/go\/menvit-blog\/\" rel=\"nofollow\">Provitalan hivatalos forgalmaz\u00f3j\u00e1t\u00f3l az orsz\u00e1gunkban<\/a> . Ez a teljes \u00e9rt\u00e9k\u0171 term\u00e9k k\u00e9zhezv\u00e9tel\u00e9nek bizonyoss\u00e1ga, garant\u00e1lva a hat\u00e9konys\u00e1got.<\/p>\n<div class=\"belcherwt aligncenter\" style=\"border: #000 dashed 3px; padding: 10px 20px; margin: 10px 0; font-size: 16px;\">\n<p style=\"text-align: left;\"><strong><a href=\"https:\/\/www.uia.archi\/go\/menvit-blog\/\" rel=\"nofollow\"><img loading=\"lazy\" decoding=\"async\" class=\"wp-image-389 alignleft\" style=\"border: 0px;\" src=\"https:\/\/www.uia.archi\/wp-content\/uploads\/2019\/07\/provitalan.jpg\" alt=\"provitalan\" width=\"331\" height=\"311\" \/><\/a> MEGJEGYZ\u00c9S:<\/strong> A <a href=\"https:\/\/www.uia.archi\/go\/menvit-blog\/\" rel=\"nofollow\"><strong>PROVITALAN<\/strong><\/a> hivatalos disztrib\u00fatora korl\u00e1tozott ideig k\u00fcl\u00f6nleges aj\u00e1nlatot k\u00edn\u00e1l az olvas\u00f3k sz\u00e1m\u00e1ra. H\u00e1rmas garanci\u00e1t jelent a megv\u00e1s\u00e1rolt kezel\u00e9s el\u00e9gedetts\u00e9g\u00e9re abban az esetben, ha nem hozza meg a v\u00e1rt eredm\u00e9nyeket.<\/p>\n<p style=\"text-align: left;\"><a style=\"text-decoration: underline; color: #0046af;\" href=\"https:\/\/www.uia.archi\/go\/menvit-blog\/\" rel=\"nofollow\"><strong>Kattintson ide a PROVITALAN kipr\u00f3b\u00e1l\u00e1s\u00e1hoz<\/strong><\/a><\/p>\n<p style=\"text-align: left;\"><span style=\"color: #000000;\"><span style=\"background-color: #ffff00;\"><a href=\"https:\/\/www.uia.archi\/go\/menvit-blog\/\" rel=\"nofollow\"><span style=\"color: #000000;\"><strong style=\"color: #000000;\">haszn\u00e1lja ezt a linket INGYENES SZ\u00c1LL\u00cdT\u00c1Shoz<\/strong><\/span><\/a><\/span><\/span><\/p>\n<p>&nbsp;<\/p>\n<p style=\"text-align: left;\"><span style=\"color: #ff0000;\"><span style=\"font-family: 'Arial Black';\"><b>Az akci\u00f3 ma v\u00e9get \u00e9r!<\/b><\/span><\/span><\/p>\n<\/div>\n","protected":false},"excerpt":{"rendered":"<p>Az emberi test regener\u00e1ci\u00f3j\u00e1nak legjobb form\u00e1ja az alv\u00e1s. Ennek hi\u00e1ny\u00e1ban a hormon\u00e1lis egyens\u00faly zavart a legjobban. A Provitalan \u00e9trend-kieg\u00e9sz\u00edt\u0151 folyamatosan f\u00e1radt embereknek \u00e9s azoknak, akiknek probl\u00e9m\u00e1i vannak a test teljes \u00e9s hat\u00e9kony regener\u00e1ci\u00f3j\u00e1val. Teljesen \u00e1tfog\u00f3 kezel\u00e9s a k\u00e9sz\u00edtm\u00e9nnyel, 5 alapvet\u0151 hat\u00f3anyag alapj\u00e1n. Mag\u00e1t a kombin\u00e1ci\u00f3t azonban kieg\u00e9sz\u00edtik seg\u00e9danyagok, az A, B, E, K csoportokb\u00f3l sz\u00e1rmaz\u00f3 [&hellip;]<\/p>\n","protected":false},"author":1,"featured_media":0,"comment_status":"open","ping_status":"open","sticky":false,"template":"","format":"standard","meta":{"cybocfi_hide_featured_image":"","footnotes":""},"categories":[1,16],"tags":[],"class_list":["post-1194","post","type-post","status-publish","format-standard","hentry","category-avis-sur-les-produits","category-termek-velemenyek"],"yoast_head":"<!-- This site is optimized with the Yoast SEO plugin v27.5 - https:\/\/yoast.com\/product\/yoast-seo-wordpress\/ -->\n<title>Provitalan - v\u00e9lem\u00e9ny a t\u00falmunk\u00e1ra val\u00f3 felk\u00e9sz\u00fcl\u00e9sr\u0151l<\/title>\n<meta name=\"robots\" content=\"index, follow, max-snippet:-1, max-image-preview:large, max-video-preview:-1\" \/>\n<link rel=\"canonical\" href=\"https:\/\/www.uia.archi\/hu\/provitalan-velemeny-a-tulmunkara-valo-felkeszulesrol\/\" \/>\n<meta property=\"og:locale\" content=\"hu_HU\" \/>\n<meta property=\"og:type\" content=\"article\" \/>\n<meta property=\"og:title\" content=\"Provitalan - v\u00e9lem\u00e9ny a t\u00falmunk\u00e1ra val\u00f3 felk\u00e9sz\u00fcl\u00e9sr\u0151l\" \/>\n<meta property=\"og:description\" content=\"Az emberi test regener\u00e1ci\u00f3j\u00e1nak legjobb form\u00e1ja az alv\u00e1s. Ennek hi\u00e1ny\u00e1ban a hormon\u00e1lis egyens\u00faly zavart a legjobban. A Provitalan \u00e9trend-kieg\u00e9sz\u00edt\u0151 folyamatosan f\u00e1radt embereknek \u00e9s azoknak, akiknek probl\u00e9m\u00e1i vannak a test teljes \u00e9s hat\u00e9kony regener\u00e1ci\u00f3j\u00e1val. Teljesen \u00e1tfog\u00f3 kezel\u00e9s a k\u00e9sz\u00edtm\u00e9nnyel, 5 alapvet\u0151 hat\u00f3anyag alapj\u00e1n. Mag\u00e1t a kombin\u00e1ci\u00f3t azonban kieg\u00e9sz\u00edtik seg\u00e9danyagok, az A, B, E, K csoportokb\u00f3l sz\u00e1rmaz\u00f3 [&hellip;]\" \/>\n<meta property=\"og:url\" content=\"https:\/\/www.uia.archi\/hu\/provitalan-velemeny-a-tulmunkara-valo-felkeszulesrol\/\" \/>\n<meta property=\"og:site_name\" content=\"Egyedi nemzetk\u00f6zi cikkek\" \/>\n<meta property=\"article:published_time\" content=\"2019-07-30T22:00:00+00:00\" \/>\n<meta property=\"og:image\" content=\"https:\/\/www.uia.archi\/wp-content\/uploads\/2019\/07\/provitalan.jpg\" \/>\n<meta name=\"author\" content=\"Writer\" \/>\n<meta name=\"twitter:card\" content=\"summary_large_image\" \/>\n<meta name=\"twitter:label1\" content=\"Szerz\u0151:\" \/>\n\t<meta name=\"twitter:data1\" content=\"Writer\" \/>\n\t<meta name=\"twitter:label2\" content=\"Becs\u00fclt olvas\u00e1si id\u0151\" \/>\n\t<meta name=\"twitter:data2\" content=\"10 perc\" \/>\n<script type=\"application\/ld+json\" class=\"yoast-schema-graph\">{\"@context\":\"https:\\\/\\\/schema.org\",\"@graph\":[{\"@type\":\"Article\",\"@id\":\"https:\\\/\\\/www.uia.archi\\\/hu\\\/provitalan-velemeny-a-tulmunkara-valo-felkeszulesrol\\\/#article\",\"isPartOf\":{\"@id\":\"https:\\\/\\\/www.uia.archi\\\/hu\\\/provitalan-velemeny-a-tulmunkara-valo-felkeszulesrol\\\/\"},\"author\":{\"name\":\"Writer\",\"@id\":\"https:\\\/\\\/www.uia.archi\\\/hu\\\/#\\\/schema\\\/person\\\/3d67c6894ced0e7a84948b704169c9c2\"},\"headline\":\"Provitalan &#8211; v\u00e9lem\u00e9ny a t\u00falmunk\u00e1ra val\u00f3 felk\u00e9sz\u00fcl\u00e9sr\u0151l\",\"datePublished\":\"2019-07-30T22:00:00+00:00\",\"mainEntityOfPage\":{\"@id\":\"https:\\\/\\\/www.uia.archi\\\/hu\\\/provitalan-velemeny-a-tulmunkara-valo-felkeszulesrol\\\/\"},\"wordCount\":1968,\"commentCount\":0,\"image\":{\"@id\":\"https:\\\/\\\/www.uia.archi\\\/hu\\\/provitalan-velemeny-a-tulmunkara-valo-felkeszulesrol\\\/#primaryimage\"},\"thumbnailUrl\":\"https:\\\/\\\/www.uia.archi\\\/wp-content\\\/uploads\\\/2019\\\/07\\\/provitalan.jpg\",\"articleSection\":[\"Avis sur les produits\",\"Term\u00e9k v\u00e9lem\u00e9nyek\"],\"inLanguage\":\"hu\",\"potentialAction\":[{\"@type\":\"CommentAction\",\"name\":\"Comment\",\"target\":[\"https:\\\/\\\/www.uia.archi\\\/hu\\\/provitalan-velemeny-a-tulmunkara-valo-felkeszulesrol\\\/#respond\"]}]},{\"@type\":\"WebPage\",\"@id\":\"https:\\\/\\\/www.uia.archi\\\/hu\\\/provitalan-velemeny-a-tulmunkara-valo-felkeszulesrol\\\/\",\"url\":\"https:\\\/\\\/www.uia.archi\\\/hu\\\/provitalan-velemeny-a-tulmunkara-valo-felkeszulesrol\\\/\",\"name\":\"Provitalan - v\u00e9lem\u00e9ny a t\u00falmunk\u00e1ra val\u00f3 felk\u00e9sz\u00fcl\u00e9sr\u0151l\",\"isPartOf\":{\"@id\":\"https:\\\/\\\/www.uia.archi\\\/hu\\\/#website\"},\"primaryImageOfPage\":{\"@id\":\"https:\\\/\\\/www.uia.archi\\\/hu\\\/provitalan-velemeny-a-tulmunkara-valo-felkeszulesrol\\\/#primaryimage\"},\"image\":{\"@id\":\"https:\\\/\\\/www.uia.archi\\\/hu\\\/provitalan-velemeny-a-tulmunkara-valo-felkeszulesrol\\\/#primaryimage\"},\"thumbnailUrl\":\"https:\\\/\\\/www.uia.archi\\\/wp-content\\\/uploads\\\/2019\\\/07\\\/provitalan.jpg\",\"datePublished\":\"2019-07-30T22:00:00+00:00\",\"author\":{\"@id\":\"https:\\\/\\\/www.uia.archi\\\/hu\\\/#\\\/schema\\\/person\\\/3d67c6894ced0e7a84948b704169c9c2\"},\"breadcrumb\":{\"@id\":\"https:\\\/\\\/www.uia.archi\\\/hu\\\/provitalan-velemeny-a-tulmunkara-valo-felkeszulesrol\\\/#breadcrumb\"},\"inLanguage\":\"hu\",\"potentialAction\":[{\"@type\":\"ReadAction\",\"target\":[\"https:\\\/\\\/www.uia.archi\\\/hu\\\/provitalan-velemeny-a-tulmunkara-valo-felkeszulesrol\\\/\"]}]},{\"@type\":\"ImageObject\",\"inLanguage\":\"hu\",\"@id\":\"https:\\\/\\\/www.uia.archi\\\/hu\\\/provitalan-velemeny-a-tulmunkara-valo-felkeszulesrol\\\/#primaryimage\",\"url\":\"https:\\\/\\\/www.uia.archi\\\/wp-content\\\/uploads\\\/2019\\\/07\\\/provitalan.jpg\",\"contentUrl\":\"https:\\\/\\\/www.uia.archi\\\/wp-content\\\/uploads\\\/2019\\\/07\\\/provitalan.jpg\"},{\"@type\":\"BreadcrumbList\",\"@id\":\"https:\\\/\\\/www.uia.archi\\\/hu\\\/provitalan-velemeny-a-tulmunkara-valo-felkeszulesrol\\\/#breadcrumb\",\"itemListElement\":[{\"@type\":\"ListItem\",\"position\":1,\"name\":\"itthon\",\"item\":\"https:\\\/\\\/www.uia.archi\\\/hu\\\/\"},{\"@type\":\"ListItem\",\"position\":2,\"name\":\"Term\u00e9k v\u00e9lem\u00e9nyek\",\"item\":\"https:\\\/\\\/www.uia.archi\\\/hu\\\/category\\\/termek-velemenyek\\\/\"},{\"@type\":\"ListItem\",\"position\":3,\"name\":\"Provitalan &#8211; v\u00e9lem\u00e9ny a t\u00falmunk\u00e1ra val\u00f3 felk\u00e9sz\u00fcl\u00e9sr\u0151l\"}]},{\"@type\":\"WebSite\",\"@id\":\"https:\\\/\\\/www.uia.archi\\\/hu\\\/#website\",\"url\":\"https:\\\/\\\/www.uia.archi\\\/hu\\\/\",\"name\":\"Egyedi nemzetk\u00f6zi cikkek\",\"description\":\"K\u00fcl\u00f6nb\u00f6z\u0151 t\u00e9m\u00e1j\u00fa cikkek, \u00e9rt\u00e9kes tud\u00e1sforr\u00e1s az \u00d6n \u00e9s csal\u00e1dja sz\u00e1m\u00e1ra\",\"potentialAction\":[{\"@type\":\"SearchAction\",\"target\":{\"@type\":\"EntryPoint\",\"urlTemplate\":\"https:\\\/\\\/www.uia.archi\\\/hu\\\/?s={search_term_string}\"},\"query-input\":{\"@type\":\"PropertyValueSpecification\",\"valueRequired\":true,\"valueName\":\"search_term_string\"}}],\"inLanguage\":\"hu\"},{\"@type\":\"Person\",\"@id\":\"https:\\\/\\\/www.uia.archi\\\/hu\\\/#\\\/schema\\\/person\\\/3d67c6894ced0e7a84948b704169c9c2\",\"name\":\"Writer\",\"image\":{\"@type\":\"ImageObject\",\"inLanguage\":\"hu\",\"@id\":\"https:\\\/\\\/www.uia.archi\\\/wp-content\\\/litespeed\\\/avatar\\\/1a002795387e512944da0898076d6c44.jpg?ver=1777482563\",\"url\":\"https:\\\/\\\/www.uia.archi\\\/wp-content\\\/litespeed\\\/avatar\\\/1a002795387e512944da0898076d6c44.jpg?ver=1777482563\",\"contentUrl\":\"https:\\\/\\\/www.uia.archi\\\/wp-content\\\/litespeed\\\/avatar\\\/1a002795387e512944da0898076d6c44.jpg?ver=1777482563\",\"caption\":\"Writer\"},\"sameAs\":[\"https:\\\/\\\/www.uia.archi\"],\"url\":\"https:\\\/\\\/www.uia.archi\\\/hu\\\/author\\\/writer\\\/\"}]}<\/script>\n<!-- \/ Yoast SEO plugin. -->","yoast_head_json":{"title":"Provitalan - v\u00e9lem\u00e9ny a t\u00falmunk\u00e1ra val\u00f3 felk\u00e9sz\u00fcl\u00e9sr\u0151l","robots":{"index":"index","follow":"follow","max-snippet":"max-snippet:-1","max-image-preview":"max-image-preview:large","max-video-preview":"max-video-preview:-1"},"canonical":"https:\/\/www.uia.archi\/hu\/provitalan-velemeny-a-tulmunkara-valo-felkeszulesrol\/","og_locale":"hu_HU","og_type":"article","og_title":"Provitalan - v\u00e9lem\u00e9ny a t\u00falmunk\u00e1ra val\u00f3 felk\u00e9sz\u00fcl\u00e9sr\u0151l","og_description":"Az emberi test regener\u00e1ci\u00f3j\u00e1nak legjobb form\u00e1ja az alv\u00e1s. Ennek hi\u00e1ny\u00e1ban a hormon\u00e1lis egyens\u00faly zavart a legjobban. A Provitalan \u00e9trend-kieg\u00e9sz\u00edt\u0151 folyamatosan f\u00e1radt embereknek \u00e9s azoknak, akiknek probl\u00e9m\u00e1i vannak a test teljes \u00e9s hat\u00e9kony regener\u00e1ci\u00f3j\u00e1val. Teljesen \u00e1tfog\u00f3 kezel\u00e9s a k\u00e9sz\u00edtm\u00e9nnyel, 5 alapvet\u0151 hat\u00f3anyag alapj\u00e1n. Mag\u00e1t a kombin\u00e1ci\u00f3t azonban kieg\u00e9sz\u00edtik seg\u00e9danyagok, az A, B, E, K csoportokb\u00f3l sz\u00e1rmaz\u00f3 [&hellip;]","og_url":"https:\/\/www.uia.archi\/hu\/provitalan-velemeny-a-tulmunkara-valo-felkeszulesrol\/","og_site_name":"Egyedi nemzetk\u00f6zi cikkek","article_published_time":"2019-07-30T22:00:00+00:00","og_image":[{"url":"https:\/\/www.uia.archi\/wp-content\/uploads\/2019\/07\/provitalan.jpg","type":"","width":"","height":""}],"author":"Writer","twitter_card":"summary_large_image","twitter_misc":{"Szerz\u0151:":"Writer","Becs\u00fclt olvas\u00e1si id\u0151":"10 perc"},"schema":{"@context":"https:\/\/schema.org","@graph":[{"@type":"Article","@id":"https:\/\/www.uia.archi\/hu\/provitalan-velemeny-a-tulmunkara-valo-felkeszulesrol\/#article","isPartOf":{"@id":"https:\/\/www.uia.archi\/hu\/provitalan-velemeny-a-tulmunkara-valo-felkeszulesrol\/"},"author":{"name":"Writer","@id":"https:\/\/www.uia.archi\/hu\/#\/schema\/person\/3d67c6894ced0e7a84948b704169c9c2"},"headline":"Provitalan &#8211; v\u00e9lem\u00e9ny a t\u00falmunk\u00e1ra val\u00f3 felk\u00e9sz\u00fcl\u00e9sr\u0151l","datePublished":"2019-07-30T22:00:00+00:00","mainEntityOfPage":{"@id":"https:\/\/www.uia.archi\/hu\/provitalan-velemeny-a-tulmunkara-valo-felkeszulesrol\/"},"wordCount":1968,"commentCount":0,"image":{"@id":"https:\/\/www.uia.archi\/hu\/provitalan-velemeny-a-tulmunkara-valo-felkeszulesrol\/#primaryimage"},"thumbnailUrl":"https:\/\/www.uia.archi\/wp-content\/uploads\/2019\/07\/provitalan.jpg","articleSection":["Avis sur les produits","Term\u00e9k v\u00e9lem\u00e9nyek"],"inLanguage":"hu","potentialAction":[{"@type":"CommentAction","name":"Comment","target":["https:\/\/www.uia.archi\/hu\/provitalan-velemeny-a-tulmunkara-valo-felkeszulesrol\/#respond"]}]},{"@type":"WebPage","@id":"https:\/\/www.uia.archi\/hu\/provitalan-velemeny-a-tulmunkara-valo-felkeszulesrol\/","url":"https:\/\/www.uia.archi\/hu\/provitalan-velemeny-a-tulmunkara-valo-felkeszulesrol\/","name":"Provitalan - v\u00e9lem\u00e9ny a t\u00falmunk\u00e1ra val\u00f3 felk\u00e9sz\u00fcl\u00e9sr\u0151l","isPartOf":{"@id":"https:\/\/www.uia.archi\/hu\/#website"},"primaryImageOfPage":{"@id":"https:\/\/www.uia.archi\/hu\/provitalan-velemeny-a-tulmunkara-valo-felkeszulesrol\/#primaryimage"},"image":{"@id":"https:\/\/www.uia.archi\/hu\/provitalan-velemeny-a-tulmunkara-valo-felkeszulesrol\/#primaryimage"},"thumbnailUrl":"https:\/\/www.uia.archi\/wp-content\/uploads\/2019\/07\/provitalan.jpg","datePublished":"2019-07-30T22:00:00+00:00","author":{"@id":"https:\/\/www.uia.archi\/hu\/#\/schema\/person\/3d67c6894ced0e7a84948b704169c9c2"},"breadcrumb":{"@id":"https:\/\/www.uia.archi\/hu\/provitalan-velemeny-a-tulmunkara-valo-felkeszulesrol\/#breadcrumb"},"inLanguage":"hu","potentialAction":[{"@type":"ReadAction","target":["https:\/\/www.uia.archi\/hu\/provitalan-velemeny-a-tulmunkara-valo-felkeszulesrol\/"]}]},{"@type":"ImageObject","inLanguage":"hu","@id":"https:\/\/www.uia.archi\/hu\/provitalan-velemeny-a-tulmunkara-valo-felkeszulesrol\/#primaryimage","url":"https:\/\/www.uia.archi\/wp-content\/uploads\/2019\/07\/provitalan.jpg","contentUrl":"https:\/\/www.uia.archi\/wp-content\/uploads\/2019\/07\/provitalan.jpg"},{"@type":"BreadcrumbList","@id":"https:\/\/www.uia.archi\/hu\/provitalan-velemeny-a-tulmunkara-valo-felkeszulesrol\/#breadcrumb","itemListElement":[{"@type":"ListItem","position":1,"name":"itthon","item":"https:\/\/www.uia.archi\/hu\/"},{"@type":"ListItem","position":2,"name":"Term\u00e9k v\u00e9lem\u00e9nyek","item":"https:\/\/www.uia.archi\/hu\/category\/termek-velemenyek\/"},{"@type":"ListItem","position":3,"name":"Provitalan &#8211; v\u00e9lem\u00e9ny a t\u00falmunk\u00e1ra val\u00f3 felk\u00e9sz\u00fcl\u00e9sr\u0151l"}]},{"@type":"WebSite","@id":"https:\/\/www.uia.archi\/hu\/#website","url":"https:\/\/www.uia.archi\/hu\/","name":"Egyedi nemzetk\u00f6zi cikkek","description":"K\u00fcl\u00f6nb\u00f6z\u0151 t\u00e9m\u00e1j\u00fa cikkek, \u00e9rt\u00e9kes tud\u00e1sforr\u00e1s az \u00d6n \u00e9s csal\u00e1dja sz\u00e1m\u00e1ra","potentialAction":[{"@type":"SearchAction","target":{"@type":"EntryPoint","urlTemplate":"https:\/\/www.uia.archi\/hu\/?s={search_term_string}"},"query-input":{"@type":"PropertyValueSpecification","valueRequired":true,"valueName":"search_term_string"}}],"inLanguage":"hu"},{"@type":"Person","@id":"https:\/\/www.uia.archi\/hu\/#\/schema\/person\/3d67c6894ced0e7a84948b704169c9c2","name":"Writer","image":{"@type":"ImageObject","inLanguage":"hu","@id":"https:\/\/www.uia.archi\/wp-content\/litespeed\/avatar\/1a002795387e512944da0898076d6c44.jpg?ver=1777482563","url":"https:\/\/www.uia.archi\/wp-content\/litespeed\/avatar\/1a002795387e512944da0898076d6c44.jpg?ver=1777482563","contentUrl":"https:\/\/www.uia.archi\/wp-content\/litespeed\/avatar\/1a002795387e512944da0898076d6c44.jpg?ver=1777482563","caption":"Writer"},"sameAs":["https:\/\/www.uia.archi"],"url":"https:\/\/www.uia.archi\/hu\/author\/writer\/"}]}},"blog_post_layout_featured_media_urls":{"thumbnail":"","full":""},"categories_names":{"1":{"name":"Avis sur les produits","link":"https:\/\/www.uia.archi\/category\/avis-sur-les-produits\/"},"16":{"name":"Term\u00e9k v\u00e9lem\u00e9nyek","link":"https:\/\/www.uia.archi\/hu\/category\/termek-velemenyek\/"}},"tags_names":[],"comments_number":"0","wpmagazine_modules_lite_featured_media_urls":{"thumbnail":"","cvmm-medium":"","cvmm-medium-plus":"","cvmm-portrait":"","cvmm-medium-square":"","cvmm-large":"","cvmm-small":"","full":""},"_links":{"self":[{"href":"https:\/\/www.uia.archi\/hu\/wp-json\/wp\/v2\/posts\/1194","targetHints":{"allow":["GET"]}}],"collection":[{"href":"https:\/\/www.uia.archi\/hu\/wp-json\/wp\/v2\/posts"}],"about":[{"href":"https:\/\/www.uia.archi\/hu\/wp-json\/wp\/v2\/types\/post"}],"author":[{"embeddable":true,"href":"https:\/\/www.uia.archi\/hu\/wp-json\/wp\/v2\/users\/1"}],"replies":[{"embeddable":true,"href":"https:\/\/www.uia.archi\/hu\/wp-json\/wp\/v2\/comments?post=1194"}],"version-history":[{"count":0,"href":"https:\/\/www.uia.archi\/hu\/wp-json\/wp\/v2\/posts\/1194\/revisions"}],"wp:attachment":[{"href":"https:\/\/www.uia.archi\/hu\/wp-json\/wp\/v2\/media?parent=1194"}],"wp:term":[{"taxonomy":"category","embeddable":true,"href":"https:\/\/www.uia.archi\/hu\/wp-json\/wp\/v2\/categories?post=1194"},{"taxonomy":"post_tag","embeddable":true,"href":"https:\/\/www.uia.archi\/hu\/wp-json\/wp\/v2\/tags?post=1194"}],"curies":[{"name":"wp","href":"https:\/\/api.w.org\/{rel}","templated":true}]}}