{"id":1242,"date":"2019-07-31T00:00:00","date_gmt":"2019-07-30T22:00:00","guid":{"rendered":"https:\/\/www.uia.archi\/pro-relifeet-velemeny-a-lapokrol-szolo-lapokrol\/"},"modified":"2019-07-31T00:00:00","modified_gmt":"2019-07-30T22:00:00","slug":"pro-relifeet-velemeny-a-lapokrol-szolo-lapokrol","status":"publish","type":"post","link":"https:\/\/www.uia.archi\/hu\/pro-relifeet-velemeny-a-lapokrol-szolo-lapokrol\/","title":{"rendered":"Pro-Relifeet &#8211; v\u00e9lem\u00e9ny a lapokr\u00f3l sz\u00f3l\u00f3 lapokr\u00f3l"},"content":{"rendered":"<div id=\"ez-toc-container\" class=\"ez-toc-v2_0_82_2 counter-hierarchy ez-toc-counter ez-toc-grey ez-toc-container-direction\">\n<p class=\"ez-toc-title\" style=\"cursor:inherit\">Tartalomjegyz\u00e9k:<\/p>\n<label for=\"ez-toc-cssicon-toggle-item-69f7814c59f1f\" class=\"ez-toc-cssicon-toggle-label\"><span class=\"\"><span class=\"eztoc-hide\" style=\"display:none;\">Toggle<\/span><span class=\"ez-toc-icon-toggle-span\"><svg style=\"fill: #999;color:#999\" xmlns=\"http:\/\/www.w3.org\/2000\/svg\" class=\"list-377408\" width=\"20px\" height=\"20px\" viewBox=\"0 0 24 24\" fill=\"none\"><path d=\"M6 6H4v2h2V6zm14 0H8v2h12V6zM4 11h2v2H4v-2zm16 0H8v2h12v-2zM4 16h2v2H4v-2zm16 0H8v2h12v-2z\" fill=\"currentColor\"><\/path><\/svg><svg style=\"fill: #999;color:#999\" class=\"arrow-unsorted-368013\" xmlns=\"http:\/\/www.w3.org\/2000\/svg\" width=\"10px\" height=\"10px\" viewBox=\"0 0 24 24\" version=\"1.2\" baseProfile=\"tiny\"><path d=\"M18.2 9.3l-6.2-6.3-6.2 6.3c-.2.2-.3.4-.3.7s.1.5.3.7c.2.2.4.3.7.3h11c.3 0 .5-.1.7-.3.2-.2.3-.5.3-.7s-.1-.5-.3-.7zM5.8 14.7l6.2 6.3 6.2-6.3c.2-.2.3-.5.3-.7s-.1-.5-.3-.7c-.2-.2-.4-.3-.7-.3h-11c-.3 0-.5.1-.7.3-.2.2-.3.5-.3.7s.1.5.3.7z\"\/><\/svg><\/span><\/span><\/label><input type=\"checkbox\"  id=\"ez-toc-cssicon-toggle-item-69f7814c59f1f\"  aria-label=\"Toggle\" \/><nav><ul class='ez-toc-list ez-toc-list-level-1 ' ><li class='ez-toc-page-1 ez-toc-heading-level-3'><a class=\"ez-toc-link ez-toc-heading-1\" href=\"https:\/\/www.uia.archi\/hu\/pro-relifeet-velemeny-a-lapokrol-szolo-lapokrol\/#Melyek_a_Pro-Relifeet_cipobetetek\" >Melyek a Pro-Relifeet cip\u0151bet\u00e9tek?<\/a><\/li><li class='ez-toc-page-1 ez-toc-heading-level-3'><a class=\"ez-toc-link ez-toc-heading-2\" href=\"https:\/\/www.uia.archi\/hu\/pro-relifeet-velemeny-a-lapokrol-szolo-lapokrol\/#Kik_szamara_a_Pro-Relifeet_betetek\" >Kik sz\u00e1m\u00e1ra a Pro-Relifeet bet\u00e9tek?<\/a><\/li><li class='ez-toc-page-1 ez-toc-heading-level-3'><a class=\"ez-toc-link ez-toc-heading-3\" href=\"https:\/\/www.uia.archi\/hu\/pro-relifeet-velemeny-a-lapokrol-szolo-lapokrol\/#Pro-Relifeet_talpbetetek_%E2%80%93_konnyu_viselet\" >Pro-Relifeet talpbet\u00e9tek &#8211; k\u00f6nny\u0171 viselet<\/a><\/li><li class='ez-toc-page-1 ez-toc-heading-level-3'><a class=\"ez-toc-link ez-toc-heading-4\" href=\"https:\/\/www.uia.archi\/hu\/pro-relifeet-velemeny-a-lapokrol-szolo-lapokrol\/#Hogyan_mukodnek_a_Pro-Relifeet_betetek\" >Hogyan m\u0171k\u00f6dnek a Pro-Relifeet bet\u00e9tek?<\/a><\/li><li class='ez-toc-page-1 ez-toc-heading-level-3'><a class=\"ez-toc-link ez-toc-heading-5\" href=\"https:\/\/www.uia.archi\/hu\/pro-relifeet-velemeny-a-lapokrol-szolo-lapokrol\/#Pro-Relifeet_betetek_%E2%80%93_hasznaljon\" >Pro-Relifeet bet\u00e9tek &#8211; haszn\u00e1ljon<\/a><\/li><li class='ez-toc-page-1 ez-toc-heading-level-3'><a class=\"ez-toc-link ez-toc-heading-6\" href=\"https:\/\/www.uia.archi\/hu\/pro-relifeet-velemeny-a-lapokrol-szolo-lapokrol\/#A_Pro-Relifeet_betetek_gondozasa\" >A Pro-Relifeet bet\u00e9tek gondoz\u00e1sa<\/a><\/li><li class='ez-toc-page-1 ez-toc-heading-level-3'><a class=\"ez-toc-link ez-toc-heading-7\" href=\"https:\/\/www.uia.archi\/hu\/pro-relifeet-velemeny-a-lapokrol-szolo-lapokrol\/#A_legjobb_ha_a_talpbetet_egy_nap_alatt_eltavolitja_a_labbelit\" >A legjobb, ha a talpbet\u00e9t egy nap alatt elt\u00e1vol\u00edtja a l\u00e1bbelit<\/a><\/li><li class='ez-toc-page-1 ez-toc-heading-level-3'><a class=\"ez-toc-link ez-toc-heading-8\" href=\"https:\/\/www.uia.archi\/hu\/pro-relifeet-velemeny-a-lapokrol-szolo-lapokrol\/#Miert_erdemes_hasznalni_a_Pro-Relifeet_beteteket\" >Mi\u00e9rt \u00e9rdemes haszn\u00e1lni a Pro-Relifeet bet\u00e9teket?<\/a><\/li><li class='ez-toc-page-1 ez-toc-heading-level-3'><a class=\"ez-toc-link ez-toc-heading-9\" href=\"https:\/\/www.uia.archi\/hu\/pro-relifeet-velemeny-a-lapokrol-szolo-lapokrol\/#Ajanlasok_a_Pro-Relifeet_betetek_hasznalatahoz\" >Aj\u00e1nl\u00e1sok a Pro-Relifeet bet\u00e9tek haszn\u00e1lat\u00e1hoz<\/a><\/li><li class='ez-toc-page-1 ez-toc-heading-level-3'><a class=\"ez-toc-link ez-toc-heading-10\" href=\"https:\/\/www.uia.archi\/hu\/pro-relifeet-velemeny-a-lapokrol-szolo-lapokrol\/#Velemenyek_a_Pro-Relifeet-rol\" >V\u00e9lem\u00e9nyek a Pro-Relifeet-r\u0151l<\/a><\/li><li class='ez-toc-page-1 ez-toc-heading-level-3'><a class=\"ez-toc-link ez-toc-heading-11\" href=\"https:\/\/www.uia.archi\/hu\/pro-relifeet-velemeny-a-lapokrol-szolo-lapokrol\/#Hol_lehet_a_Pro-Relifeet-et_vasarolni_Ajanlasunk\" >Hol lehet a Pro-Relifeet-et v\u00e1s\u00e1rolni? Aj\u00e1nl\u00e1sunk<\/a><\/li><\/ul><\/nav><\/div>\n<p>A tarif\u00e1k fel\u00e9p\u00edt\u00e9se jelent\u0151s hat\u00e1ssal van az ember \u00e9letmin\u0151s\u00e9g\u00e9re, aktivit\u00e1s\u00e1nak szintj\u00e9re \u00e9s megfelel\u0151 hozz\u00e1\u00e1ll\u00e1s\u00e1ra. A szab\u00e1lytalans\u00e1gok ebben a tekintetben gyakran a gerinc vagy a t\u00e9rd t\u00falterhel\u00e9s\u00e9hez vezetnek, ami f\u00e1jdalmat, deform\u00e1ci\u00f3t vagy a mindennapi tev\u00e9kenys\u00e9gek korl\u00e1toz\u00e1s\u00e1t eredm\u00e9nyezi. Ezzel szemben hat\u00e9kony l\u00e9p\u00e9sekkel akad\u00e1lyozhatja meg.<\/p>\n<p>Mind a genetikai, mind a k\u00f6rnyezeti t\u00e9nyez\u0151k hozz\u00e1j\u00e1rulhatnak a lapos l\u00e1bak kialakul\u00e1s\u00e1hoz. Az esetek t\u00falnyom\u00f3 t\u00f6bbs\u00e9g\u00e9ben a genetika az emberek k\u00fczdelm\u00e9t okozza ezzel a probl\u00e9m\u00e1val, de a k\u00f6rnyezeti t\u00e9nyez\u0151k lapos l\u00e1b\u00e1t is okozhatnak.<\/p>\n<p>A Pro-Relifeet p\u00e1rn\u00e1k megakad\u00e1lyozz\u00e1k a lapos l\u00e1bakat, \u00e9s ha m\u00e1r vannak ilyenek, cs\u00f6kkentik a l\u00e1bak \u00e9s az \u00edz\u00fcletek f\u00e1jdalm\u00e1t, ami minden nap jav\u00edtja a k\u00e9nyelmet.<\/p>\n<h3><span class=\"ez-toc-section\" id=\"Melyek_a_Pro-Relifeet_cipobetetek\"><\/span>Melyek a Pro-Relifeet cip\u0151bet\u00e9tek?<span class=\"ez-toc-section-end\"><\/span><\/h3>\n<p>A talpbet\u00e9t f\u00e9rfiaknak \u00e9s n\u0151knek egyar\u00e1nt sz\u00f3l, akik lapos l\u00e1bakkal k\u00fczdenek. K\u00e9nyelmesek mind sportol\u00e1shoz, mind munkav\u00e9gz\u00e9shez, valamint m\u00e1s \u00e1ltal\u00e1nos l\u00e1bprobl\u00e9m\u00e1khoz, p\u00e9ld\u00e1ul sarkanty\u00fahoz.<\/p>\n<p>Ezek az univerz\u00e1lis bet\u00e9tek f\u00e9rhetnek hozz\u00e1 39-42-es f\u00e9rfi cip\u0151h\u00f6z. V\u00e9kony anyagb\u00f3l \u00e9s meger\u0151s\u00edtett sarokbet\u00e9tb\u0151l k\u00e9sz\u00fcltek, \u00e9s f\u00e9lig merev \u00edvvel t\u00e1masztj\u00e1k al\u00e1 a l\u00e1b\u00e1t, mik\u00f6zben el\u0151seg\u00edtik a gyalogl\u00e1s megfelel\u0151 form\u00e1j\u00e1nak meger\u0151s\u00edt\u00e9s\u00e9t.<\/p>\n<p><a href=\"https:\/\/www.uia.archi\/go\/pro-relifeet\/\" rel=\"nofollow\"><img loading=\"lazy\" decoding=\"async\" class=\"alignright wp-image-9982\" src=\"https:\/\/www.uia.archi\/wp-content\/uploads\/2019\/07\/pro-relifeet-set.jpg\" alt=\"Pro-Relifeet\" width=\"386\" height=\"428\" \/><\/a> A Pro-Relifeet kialak\u00edt\u00e1sa puha \u00e9s antibakteri\u00e1lis fels\u0151 r\u00e9teggel rendelkezik. A bet\u00e9tet a cs\u00fasz\u00e1sg\u00e1tl\u00f3 technol\u00f3gi\u00e1nak megfelel\u0151en tervezt\u00e9k, \u00e9s a bet\u00e9tet a hely\u00e9n tartja, \u00e9s a bet\u00e9t sark\u00e1t tartja.<\/p>\n<p>Ezek a bet\u00e9tek mindent felhaszn\u00e1lhat\u00f3k az irodai munk\u00e1t\u00f3l a t\u00far\u00e1z\u00e1sig, a sziklam\u00e1sz\u00e1sig vagy a csapat sport\u00e1ig. Az \u00fcgyfelek szeretik a Pro-Relifeet bet\u00e9teket, mert nem kell &#8222;illeszkedni\u00fck&#8221; a l\u00e1bhoz \u00e9s hat\u00e9konyan m\u0171k\u00f6dni\u00fck, ez\u00e1ltal cs\u00f6kkentve a l\u00e1bf\u00e1jdalmat.<\/p>\n<p>Ennek a bet\u00e9tnek a eset\u00e9ben a sarok kett\u0151s r\u00e9teggel van p\u00e1rn\u00e1zva, amely a boka stabilit\u00e1s\u00e1t \u00e9s a tov\u00e1bbi p\u00e1rn\u00e1z\u00e1st is biztos\u00edtja.<\/p>\n<p>Ezeket a bet\u00e9teket az ortop\u00e9d orvos javasolja a lapos l\u00e1bb\u00f3l sz\u00e1rmaz\u00f3 l\u00e1bf\u00e1jdalom kezel\u00e9s\u00e9re. Ezek a bet\u00e9tek k\u00e9zzel moshat\u00f3k \u00e9s leveg\u0151n sz\u00e1r\u00edthat\u00f3k.<\/p>\n<h3><span class=\"ez-toc-section\" id=\"Kik_szamara_a_Pro-Relifeet_betetek\"><\/span>Kik sz\u00e1m\u00e1ra a Pro-Relifeet bet\u00e9tek?<span class=\"ez-toc-section-end\"><\/span><\/h3>\n<p>B\u00e1rki, aki sokat mozog gyalogosan, vigy\u00e1zzon a l\u00e1b\u00e1ra &#8211; m\u00e9g akkor is, ha nem szenvednek a lapos l\u00e1bakkal kapcsolatos felt\u00e9teleknek. A hossz\u00fa munkaid\u0151 m\u00e9g az eg\u00e9szs\u00e9gesebb l\u00e1bakat kimer\u00fclti \u00e9s f\u00e1j is.<\/p>\n<p>Lapos l\u00e1bak eset\u00e9n ez kulcsfontoss\u00e1g\u00fa k\u00e9rd\u00e9s. Ha lapos l\u00e1bad van, \u00e9rdemes megfontolnia a l\u00e1b\u00e1gy v\u00e1s\u00e1rl\u00e1s\u00e1t.<\/p>\n<p>Ezeknek a n\u00e9pszer\u0171 talpbet\u00e9teknek magas az \u00edve az optim\u00e1lis t\u00e1mogat\u00e1s \u00e9rdek\u00e9ben. lapos l\u00e1bak eset\u00e9n, \u00e9s ennek a p\u00e1rnanak a nagy r\u00e9sz\u00e9t az \u00d6n k\u00e9nyelme szem el\u0151tt tart\u00e1s\u00e1val tervezt\u00e9k &#8211; pontosan arra, amire sz\u00fcks\u00e9ge van, ha eg\u00e9sz nap mozog.<\/p>\n<h3><span class=\"ez-toc-section\" id=\"Pro-Relifeet_talpbetetek_%E2%80%93_konnyu_viselet\"><\/span>Pro-Relifeet talpbet\u00e9tek &#8211; k\u00f6nny\u0171 viselet<span class=\"ez-toc-section-end\"><\/span><\/h3>\n<p>A Pro-Relifeet bet\u00e9tek rugalmass\u00e1 teszik a l\u00e9p\u00e9st. A talpbet\u00e9t egyes r\u00e9tegeinek koncentr\u00e1ci\u00f3ja a sarokfel\u00fcleten olyan helyet teremt, amely nagyobb k\u00e9nyelmet \u00e9s k\u00f6nnyeds\u00e9get biztos\u00edt j\u00e1r\u00e1s k\u00f6zben.<\/p>\n<p>Amikor a sarok el\u00e9ri a talajt, az energia \u00e1tker\u00fcl a bet\u00e9tbe, \u00e9s abszorbe\u00e1l\u00f3dik az anyagot alkot\u00f3 r\u00e9tegekben, amelyek rug\u00f3k\u00e9nt \u00f6sszenyomj\u00e1k \u0151ket. Amikor h\u00e1tra felemeli a l\u00e1b\u00e1t, a bet\u00e9telemek \u00fajb\u00f3l kib\u0151v\u00fclnek, \u00e9s ennek az elnyelt energianek egy r\u00e9sz\u00e9t visszajuttatj\u00e1k.<\/p>\n<p>Min\u00e9l t\u00f6bb energi\u00e1t t\u00e9r vissza, ann\u00e1l rugalmasabb\u00e1 \u00e9s k\u00e9nyelmesebb\u00e9 v\u00e1lik &#8211; ugyanez vonatkozik a l\u00e1bak \u00e9s a l\u00e1bak izom- \u00e9s \u00edz\u00fcleti f\u00e1radts\u00e1g\u00e1ra.<\/p>\n<h3><span class=\"ez-toc-section\" id=\"Hogyan_mukodnek_a_Pro-Relifeet_betetek\"><\/span>Hogyan m\u0171k\u00f6dnek a Pro-Relifeet bet\u00e9tek?<span class=\"ez-toc-section-end\"><\/span><\/h3>\n<p>A talpbet\u00e9t visel\u00e9se t\u00f6bbek k\u00f6z\u00f6tt mag\u00e1ban foglalja az izmok er\u0151ss\u00e9g\u00e9nek, valamint a fontos \u00edz\u00fcletek mozg\u00e1si tartom\u00e1ny\u00e1nak \u00e9s a l\u00e1b egyes szegmenseinek sz\u00f6gviszonyoknak a felm\u00e9r\u00e9s\u00e9t.<\/p>\n<p>Ez mag\u00e1ban foglalja \u00fcl\u0151 \/ fekv\u0151 vagy az \u00e1ll\u00f3 helyzetb\u0151l sz\u00e1rmaz\u00f3 terhel\u00e9st.<\/p>\n<p>A Pro-Relifeet bet\u00e9teket \u00e1ll\u00f3 helyzetben kell viselni, hogy a felhaszn\u00e1l\u00f3 k\u00e9nyelmesen \u00e9rezze mag\u00e1t \u00e9s megfelel\u0151 m\u00f3don m\u0171k\u00f6dj\u00f6n.<\/p>\n<p>A bet\u00e9tek univerz\u00e1lis m\u00e9retben kaphat\u00f3k, k\u00f6sz\u00f6nhet\u0151en minden cip\u0151h\u00f6z j\u00f3l illeszkednek.<\/p>\n<h3><span class=\"ez-toc-section\" id=\"Pro-Relifeet_betetek_%E2%80%93_hasznaljon\"><\/span>Pro-Relifeet bet\u00e9tek &#8211; haszn\u00e1ljon<span class=\"ez-toc-section-end\"><\/span><\/h3>\n<p>El\u0151sz\u00f6r csomagolja ki a talpbet\u00e9t, tegye be egy cip\u0151be, \u00e9s minden nap viselje legal\u00e1bb 30 percig &#8211; az els\u0151 napon, majd a m\u00e1sodik napon 60 percig, n\u00f6velve a napi kop\u00e1st 30 percre. Addig haszn\u00e1lja a Pro-Relifeet form\u00e1ban, am\u00edg eg\u00e9sz nap nem hordja \u0151ket.<\/p>\n<ul>\n<li>A felhaszn\u00e1l\u00f3 kezdetben \u00e9rezheti a k\u00fcl\u00f6nbs\u00e9get a s\u00e9ta sor\u00e1n. Ha hat\u00e1rozott fesz\u00fclts\u00e9g vagy f\u00e1jdalom jelentkezik a l\u00e1badban, t\u00e9rd\u00e9ben, cs\u00edp\u0151j\u00e9ben vagy a h\u00e1t als\u00f3 r\u00e9sz\u00e9ben, vegye le a p\u00e1rn\u00e1kat, \u00e9s ne haszn\u00e1lja \u0151ket addig, am\u00edg a f\u00e1jdalom elt\u0171nik.<\/li>\n<li>N\u00e9h\u00e1ny h\u00e9t ut\u00e1n a felhaszn\u00e1l\u00f3 s\u00e9ta k\u00f6zben a nap nagy r\u00e9sz\u00e9ben hordja a talpbet\u00e9t.<\/li>\n<li>V\u00e9g\u00fcl aj\u00e1nlott a talpbet\u00e9t visel\u00e9se legal\u00e1bb napi 7 \u00f3r\u00e1n kereszt\u00fcl, a h\u00e9t minden napj\u00e1n. Ha a Pro-Relifeet p\u00e1rn\u00e1kat fizikai aktivit\u00e1s k\u00f6zben kell haszn\u00e1lni, akkor meg kell pr\u00f3b\u00e1lnia \u0151ket mozogni, hogy megteremtse a s\u00e9ta toleranci\u00e1j\u00e1t.<\/li>\n<\/ul>\n<p>Ha tart\u00f3s f\u00e1jdalmat, tart\u00f3s nyom\u00e1st vagy l\u00e1bnyomokat tapasztal a l\u00e1badon, javasoljuk, hogy \u00e1ll\u00edtsa le a bet\u00e9teket.<\/p>\n<p>A legfontosabb dolog, amit tudnia kell a Pro-Relifeet bet\u00e9tekr\u0151l, az, hogy az eredeti talpbet\u00e9ten viselje \u0151ket.<\/p>\n<p>Egy m\u00e1sik dolog, amit tudnia kell a talpbet\u00e9t visel\u00e9s\u00e9r\u0151l, hogy a cip\u0151, amelyben viselik, nagyon fontos. A l\u00e1bbelinek j\u00f3l illeszked\u0151nek \u00e9s k\u00e9nyelmesnek kell lennie. Ellen\u0151rizze, hogy a viselt cip\u0151nek p\u00e1rn\u00e1zott talpa van-e, \u00e9s hogy a sarok ne mozogjon. Rossz cip\u0151 + a j\u00f3 Pro-Relifeet nem j\u00f3 kombin\u00e1ci\u00f3!<\/p>\n<p><a href=\"https:\/\/www.uia.archi\/go\/pro-relifeet\/\" rel=\"nofollow\"><img loading=\"lazy\" decoding=\"async\" class=\"aligncenter wp-image-10014 size-full\" src=\"https:\/\/www.uia.archi\/wp-content\/uploads\/2019\/07\/pro-relifeet-insert.jpg\" alt=\"pro-relief l\u00e1bbet\u00e9t\" width=\"500\" height=\"335\" \/><\/a><\/p>\n<h3><span class=\"ez-toc-section\" id=\"A_Pro-Relifeet_betetek_gondozasa\"><\/span>A Pro-Relifeet bet\u00e9tek gondoz\u00e1sa<span class=\"ez-toc-section-end\"><\/span><\/h3>\n<p>Az bet\u00e9teket nedves szivaccsal, egy kev\u00e9s szappannal t\u00f6r\u00f6lje le \u00e9s term\u00e9szetesen sz\u00e1r\u00edtsa meg.<\/p>\n<p>Tilos erre a c\u00e9lra tervezett k\u00e9sz\u00fcl\u00e9kekben sz\u00e1r\u00edtani, vagy a fentiekt\u0151l elt\u00e9r\u0151 m\u00f3don tiszt\u00edtani.<\/p>\n<p>A Pro-Relifeet bet\u00e9teket nem szabad teljesen v\u00edzbe mer\u00edteni vagy k\u00f6zvetlen h\u0151forr\u00e1sra (p\u00e9ld\u00e1ul radi\u00e1torra) helyezni.<\/p>\n<h3><span class=\"ez-toc-section\" id=\"A_legjobb_ha_a_talpbetet_egy_nap_alatt_eltavolitja_a_labbelit\"><\/span>A legjobb, ha a talpbet\u00e9t egy nap alatt elt\u00e1vol\u00edtja a l\u00e1bbelit<span class=\"ez-toc-section-end\"><\/span><\/h3>\n<p>A talpbet\u00e9tek gondoz\u00e1sa meghosszabb\u00edthatja \u00e9lettartamukat, k\u00f6vetkez\u00e9sk\u00e9ppen megn\u00f6veli a cip\u0151 visel\u00e9s\u00e9nek k\u00e9nyelm\u00e9t. \u00cdme n\u00e9h\u00e1ny a legfontosabb tipp a talpbet\u00e9tek gondoz\u00e1s\u00e1hoz, hogy azok legfels\u0151 \u00e1llapotban maradjanak:<\/p>\n<p>T\u00e1vol\u00edtsa el \u0151ket a cip\u0151b\u0151l \u00e9s sz\u00e1r\u00edtsa meg \u0151ket. Ha &#8222;Pro-Relifeet&#8221; &#8222;naponta&#8221; haszn\u00e1lja, akkor k\u00f6nnyen izzadhatnak, \u00e9s a nedvess\u00e9g csapd\u00e1ba ker\u00fclhet, \u00e9s h\u00e1tr\u00e1nyosan befoly\u00e1solhatja azok tov\u00e1bbi m\u0171k\u00f6d\u00e9s\u00e9t, ez\u00e9rt \u00fcgyeljen arra, hogy a lehet\u0151 leggyakrabban t\u00e1vol\u00edtsa el \u0151ket, hogy kisz\u00e1radjanak \u00e9s szell\u0151zzenek.<\/p>\n<p>K\u00e9zi mos\u00e1s bet\u00e9tek. Csak mossa le a p\u00e1rn\u00e1kat egy enyhe tiszt\u00edt\u00f3szerrel vagy szappannal ell\u00e1tott nedves szivaccsal, \u00f6bl\u00edtse le \u00e9s hagyja megsz\u00e1radni, miel\u0151tt visszahelyezi a cip\u0151j\u00e9be.<\/p>\n<h3><span class=\"ez-toc-section\" id=\"Miert_erdemes_hasznalni_a_Pro-Relifeet_beteteket\"><\/span>Mi\u00e9rt \u00e9rdemes haszn\u00e1lni a Pro-Relifeet bet\u00e9teket?<span class=\"ez-toc-section-end\"><\/span><\/h3>\n<p>Az orvosi aj\u00e1nl\u00e1sok mellett a bet\u00e9t megv\u00e1laszt\u00e1s\u00e1nak leggyakoribb oka az, hogy a cip\u0151 kiss\u00e9 kisebb \u00e9s jobb.<\/p>\n<p>A talpbet\u00e9t arra is szolg\u00e1l, hogy a l\u00e1bbeli friss maradjon, mivel elt\u00e1vol\u00edthat\u00f3k \u00e9s megtiszt\u00edthat\u00f3k.<\/p>\n<p>Ezenk\u00edv\u00fcl a l\u00e1bujjbet\u00e9tekkel egy\u00fctt is haszn\u00e1lhat\u00f3k, ha a cip\u0151 t\u00fal nagy, tov\u00e1bbi t\u00e1mogat\u00e1st ny\u00fajtva.<\/p>\n<p><strong>A Pro-Relifeet bet\u00e9tek szint\u00e9n ny\u00fajthatnak:<\/strong><\/p>\n<ul>\n<li><strong>Jobb illeszked\u00e9s<\/strong> &#8211; a standard cip\u0151m\u00e9retek a v\u00e1s\u00e1rl\u00e1s hely\u00e9t\u0151l f\u00fcgg\u0151en v\u00e1ltozhatnak, \u00e9s gyakran neh\u00e9z megtal\u00e1lni a megfelel\u0151 m\u00e9retet. Gyakran a legjobb megold\u00e1s az, ha egy kicsit t\u00fal nagy cip\u0151t v\u00e1lasztanak, majd egy bet\u00e9tet adnak hozz\u00e1, hogy kit\u00f6lts\u00e9k a szabad helyet, \u00e9s jobban be\u00e1ll\u00edts\u00e1k a l\u00e1b\u00e1t.<\/li>\n<li><strong>Az extra<\/strong> h\u0151takar\u00f3k melegebb\u00e9 \u00e9s hat\u00e9konyabban meleg\u00edtik a l\u00e1bad. J\u00f3 \u00f6tlet egy tov\u00e1bbi r\u00e9teg hozz\u00e1ad\u00e1sa, amely seg\u00edt a l\u00e1b\u00e1nak elszigetel\u00e9s\u00e9ben hidegebb napokon.<\/li>\n<li><strong>A h\u00f3lyagok megel\u0151z\u00e9se<\/strong> &#8211; a bet\u00e9tek <strong>a h\u00f3lyagok<\/strong> kialakul\u00e1s\u00e1t is megakad\u00e1lyozz\u00e1k. A sz\u0171k cip\u0151 nem d\u00f6rzs\u00f6l, \u00e9s irrit\u00e1ci\u00f3t vagy kellemetlens\u00e9get okozhat.<\/li>\n<li><strong>Helyes testtart\u00e1s<\/strong> &#8211; a bet\u00e9tek felhaszn\u00e1lhat\u00f3k a testtart\u00e1si probl\u00e9m\u00e1k kijav\u00edt\u00e1s\u00e1ra. Az ilyen t\u00edpus\u00fa bet\u00e9tek speci\u00e1lisak \u00e9s ortop\u00e9diai vagy ortop\u00e9diai talpbet\u00e9tekk\u00e9nt ismertek, mint p\u00e9ld\u00e1ul a Pro-Relifeet.<\/li>\n<\/ul>\n<h3><span class=\"ez-toc-section\" id=\"Ajanlasok_a_Pro-Relifeet_betetek_hasznalatahoz\"><\/span>Aj\u00e1nl\u00e1sok a Pro-Relifeet bet\u00e9tek haszn\u00e1lat\u00e1hoz<span class=\"ez-toc-section-end\"><\/span><\/h3>\n<p>A Pro-Relielfeet p\u00e1rn\u00e1kat lapos l\u00e1bakkal, \u00edz\u00fcleti f\u00e1jdalmakkal, l\u00e1bizmokkal \u00e9s ak\u00e1r cs\u00edp\u0151vel is haszn\u00e1lj\u00e1k. Az ortop\u00e9d orvosok Pro-Relifeet p\u00e1rn\u00e1k haszn\u00e1lat\u00e1t javasolj\u00e1k azoknak az embereknek, akiket a mindennapi viselet kellemetlens\u00e9gein k\u00edv\u00fcl a k\u00f6vetkez\u0151 probl\u00e9m\u00e1k okoznak:<\/p>\n<ul>\n<li>F\u00e1jdalom l\u00e9p\u00e9sben, amikor a l\u00e1b meghajlik,<\/li>\n<li>Sarok f\u00e1jdalom,<\/li>\n<li>L\u00e1bf\u00e1jdalom (metatarsalgia),<\/li>\n<li>Gyenge boka,<\/li>\n<li>\u00cdvelt ujjak \u00e9s ujjlenyomatok,<\/li>\n<li>F\u00e1jdalom a t\u00e9rdben,<\/li>\n<li>H\u00e1tf\u00e1j\u00e1s,<\/li>\n<li>Nyaki f\u00e1jdalom,<\/li>\n<li>N\u00f6v\u00e9nyi fasciitis,<\/li>\n<li>l\u00fadtalp,<\/li>\n<li>&#8222;Spur&#8221;.<\/li>\n<\/ul>\n<h3><span class=\"ez-toc-section\" id=\"Velemenyek_a_Pro-Relifeet-rol\"><\/span>V\u00e9lem\u00e9nyek a Pro-Relifeet-r\u0151l<span class=\"ez-toc-section-end\"><\/span><\/h3>\n<p>A Pro-Relifeetr\u0151l sz\u00f3l\u00f3 legt\u00f6bb v\u00e9lem\u00e9ny pozit\u00edv. K\u00fcl\u00f6n\u00f6sen elhagyj\u00e1k az embereket, akik m\u00e1r hossz\u00fa ideje k\u00fczdenek lapos l\u00e1bakkal vagy f\u00e1jdalmas kanyarg\u00f3kkal.<\/p>\n<p>K\u00fcl\u00f6nleges el\u0151ny\u00f6ket azok az emberek jeleztek, akik s\u00falyos f\u00e1jdalmat \u00e9reztek j\u00e1r\u00e1s k\u00f6zben, ak\u00e1r \u00e9jszaka \u00fclve vagy fekve kr\u00f3nikus gyullad\u00e1s miatt.<\/p>\n<p>A Pro-Relifeet haszn\u00e1lata megk\u00f6nny\u00edtette a term\u00e9kfelhaszn\u00e1l\u00f3k sz\u00e9les k\u00f6r\u00e9t, hogy visszat\u00e9rjenek a mindennapi \u00e9let norm\u00e1l \u00e9s hat\u00e9konyabb m\u0171k\u00f6d\u00e9s\u00e9hez.<\/p>\n<p>A felhaszn\u00e1l\u00f3k azt is hangs\u00falyozz\u00e1k, hogy a Pro-Relifeet haszn\u00e1lata garant\u00e1lja sz\u00e1mukra a biztons\u00e1got.<\/p>\n<h3><span class=\"ez-toc-section\" id=\"Hol_lehet_a_Pro-Relifeet-et_vasarolni_Ajanlasunk\"><\/span>Hol lehet a Pro-Relifeet-et v\u00e1s\u00e1rolni? Aj\u00e1nl\u00e1sunk<span class=\"ez-toc-section-end\"><\/span><\/h3>\n<p>A Pro-Relifeet bet\u00e9tek v\u00e1s\u00e1rl\u00e1s\u00e1t alaposan \u00e1t kell gondolni. Ha a felhaszn\u00e1l\u00e1sa \u00e9s annak el\u0151nyei domin\u00e1ltak a k\u00e9sz\u00edtm\u00e9ny megv\u00e1s\u00e1rl\u00e1sa mellett, akkor a legjobb az orsz\u00e1gunkban <a href=\"https:\/\/www.uia.archi\/go\/pro-relifeet\/\" rel=\"nofollow\">a lapk\u00e1k hivatalos forgalmaz\u00f3j\u00e1t\u00f3l<\/a> megrendelni. Csak ott szerezhet bizalmat a term\u00e9k eredetis\u00e9g\u00e9ben \u00e9s garant\u00e1lja a kezel\u00e9s hat\u00e9konys\u00e1g\u00e1t.<\/p>\n<div class=\"belcherwt aligncenter\" style=\"border: #000 dashed 3px; padding: 10px 20px; margin: 10px 0; font-size: 16px;\">\n<p style=\"text-align: left;\"><strong><a href=\"https:\/\/www.uia.archi\/go\/pro-relifeet\/\" rel=\"nofollow\"><img loading=\"lazy\" decoding=\"async\" class=\"wp-image-389 alignleft\" style=\"border: 0px;\" src=\"\/wp-content\/uploads\/2019\/07\/pro-relifeet.jpg\" alt=\"Pro-Relifeet\" width=\"219\" height=\"295\" \/><\/a> MEGJEGYZ\u00c9S:<\/strong> A <a href=\"https:\/\/www.uia.archi\/go\/pro-relifeet\/\" rel=\"nofollow\"><strong>Pro-Relifeet<\/strong><\/a> lapos l\u00e1bak hivatalos forgalmaz\u00f3ja korl\u00e1tozott ideig k\u00fcl\u00f6nleges aj\u00e1nlatot k\u00edn\u00e1l az olvas\u00f3k sz\u00e1m\u00e1ra. A v\u00e1s\u00e1rolt kezel\u00e9s 100% -os h\u00e1romszoros el\u00e9gedetts\u00e9gi garanci\u00e1j\u00e1hoz kapcsol\u00f3dik, amennyiben nem hozza meg a v\u00e1rt eredm\u00e9nyeket.<\/p>\n<p style=\"text-align: left;\"><a style=\"text-decoration: underline; color: #0046af;\" href=\"https:\/\/www.uia.archi\/go\/pro-relifeet\/\" rel=\"nofollow\"><strong>Kattintson ide a Pro-Relifeet bet\u00e9tek beszerz\u00e9s\u00e9hez<\/strong><\/a><\/p>\n<p style=\"text-align: left;\"><span style=\"color: #000000;\"><span style=\"background-color: #ffff00;\"><a href=\"https:\/\/www.uia.archi\/go\/pro-relifeet\/\" rel=\"nofollow\"><span style=\"color: #000000;\"><strong style=\"color: #000000;\">haszn\u00e1lja ezt a linket INGYENES SZ\u00c1LL\u00cdT\u00c1Shoz<\/strong><\/span><\/a><\/span><\/span><\/p>\n<p style=\"text-align: left;\"><span style=\"color: #ff0000;\"><strong><span style=\"font-family: 'Arial Black';\">A prom\u00f3ci\u00f3 ma v\u00e9get \u00e9r!<\/span><\/strong><\/span><\/p>\n<\/div>\n","protected":false},"excerpt":{"rendered":"<p>A tarif\u00e1k fel\u00e9p\u00edt\u00e9se jelent\u0151s hat\u00e1ssal van az ember \u00e9letmin\u0151s\u00e9g\u00e9re, aktivit\u00e1s\u00e1nak szintj\u00e9re \u00e9s megfelel\u0151 hozz\u00e1\u00e1ll\u00e1s\u00e1ra. A szab\u00e1lytalans\u00e1gok ebben a tekintetben gyakran a gerinc vagy a t\u00e9rd t\u00falterhel\u00e9s\u00e9hez vezetnek, ami f\u00e1jdalmat, deform\u00e1ci\u00f3t vagy a mindennapi tev\u00e9kenys\u00e9gek korl\u00e1toz\u00e1s\u00e1t eredm\u00e9nyezi. Ezzel szemben hat\u00e9kony l\u00e9p\u00e9sekkel akad\u00e1lyozhatja meg. Mind a genetikai, mind a k\u00f6rnyezeti t\u00e9nyez\u0151k hozz\u00e1j\u00e1rulhatnak a lapos l\u00e1bak kialakul\u00e1s\u00e1hoz. Az [&hellip;]<\/p>\n","protected":false},"author":1,"featured_media":0,"comment_status":"open","ping_status":"open","sticky":false,"template":"","format":"standard","meta":{"cybocfi_hide_featured_image":"","footnotes":""},"categories":[1,16],"tags":[],"class_list":["post-1242","post","type-post","status-publish","format-standard","hentry","category-avis-sur-les-produits","category-termek-velemenyek"],"yoast_head":"<!-- This site is optimized with the Yoast SEO plugin v27.5 - https:\/\/yoast.com\/product\/yoast-seo-wordpress\/ -->\n<title>Pro-Relifeet - v\u00e9lem\u00e9ny a lapokr\u00f3l sz\u00f3l\u00f3 lapokr\u00f3l<\/title>\n<meta name=\"robots\" content=\"index, follow, max-snippet:-1, max-image-preview:large, max-video-preview:-1\" \/>\n<link rel=\"canonical\" href=\"https:\/\/www.uia.archi\/hu\/pro-relifeet-velemeny-a-lapokrol-szolo-lapokrol\/\" \/>\n<meta property=\"og:locale\" content=\"hu_HU\" \/>\n<meta property=\"og:type\" content=\"article\" \/>\n<meta property=\"og:title\" content=\"Pro-Relifeet - v\u00e9lem\u00e9ny a lapokr\u00f3l sz\u00f3l\u00f3 lapokr\u00f3l\" \/>\n<meta property=\"og:description\" content=\"A tarif\u00e1k fel\u00e9p\u00edt\u00e9se jelent\u0151s hat\u00e1ssal van az ember \u00e9letmin\u0151s\u00e9g\u00e9re, aktivit\u00e1s\u00e1nak szintj\u00e9re \u00e9s megfelel\u0151 hozz\u00e1\u00e1ll\u00e1s\u00e1ra. A szab\u00e1lytalans\u00e1gok ebben a tekintetben gyakran a gerinc vagy a t\u00e9rd t\u00falterhel\u00e9s\u00e9hez vezetnek, ami f\u00e1jdalmat, deform\u00e1ci\u00f3t vagy a mindennapi tev\u00e9kenys\u00e9gek korl\u00e1toz\u00e1s\u00e1t eredm\u00e9nyezi. Ezzel szemben hat\u00e9kony l\u00e9p\u00e9sekkel akad\u00e1lyozhatja meg. Mind a genetikai, mind a k\u00f6rnyezeti t\u00e9nyez\u0151k hozz\u00e1j\u00e1rulhatnak a lapos l\u00e1bak kialakul\u00e1s\u00e1hoz. Az [&hellip;]\" \/>\n<meta property=\"og:url\" content=\"https:\/\/www.uia.archi\/hu\/pro-relifeet-velemeny-a-lapokrol-szolo-lapokrol\/\" \/>\n<meta property=\"og:site_name\" content=\"Egyedi nemzetk\u00f6zi cikkek\" \/>\n<meta property=\"article:published_time\" content=\"2019-07-30T22:00:00+00:00\" \/>\n<meta property=\"og:image\" content=\"https:\/\/www.uia.archi\/wp-content\/uploads\/2019\/07\/pro-relifeet-set.jpg\" \/>\n<meta name=\"author\" content=\"Writer\" \/>\n<meta name=\"twitter:card\" content=\"summary_large_image\" \/>\n<meta name=\"twitter:label1\" content=\"Szerz\u0151:\" \/>\n\t<meta name=\"twitter:data1\" content=\"Writer\" \/>\n\t<meta name=\"twitter:label2\" content=\"Becs\u00fclt olvas\u00e1si id\u0151\" \/>\n\t<meta name=\"twitter:data2\" content=\"10 perc\" \/>\n<script type=\"application\/ld+json\" class=\"yoast-schema-graph\">{\"@context\":\"https:\\\/\\\/schema.org\",\"@graph\":[{\"@type\":\"Article\",\"@id\":\"https:\\\/\\\/www.uia.archi\\\/hu\\\/pro-relifeet-velemeny-a-lapokrol-szolo-lapokrol\\\/#article\",\"isPartOf\":{\"@id\":\"https:\\\/\\\/www.uia.archi\\\/hu\\\/pro-relifeet-velemeny-a-lapokrol-szolo-lapokrol\\\/\"},\"author\":{\"name\":\"Writer\",\"@id\":\"https:\\\/\\\/www.uia.archi\\\/hu\\\/#\\\/schema\\\/person\\\/3d67c6894ced0e7a84948b704169c9c2\"},\"headline\":\"Pro-Relifeet &#8211; v\u00e9lem\u00e9ny a lapokr\u00f3l sz\u00f3l\u00f3 lapokr\u00f3l\",\"datePublished\":\"2019-07-30T22:00:00+00:00\",\"mainEntityOfPage\":{\"@id\":\"https:\\\/\\\/www.uia.archi\\\/hu\\\/pro-relifeet-velemeny-a-lapokrol-szolo-lapokrol\\\/\"},\"wordCount\":2041,\"commentCount\":0,\"image\":{\"@id\":\"https:\\\/\\\/www.uia.archi\\\/hu\\\/pro-relifeet-velemeny-a-lapokrol-szolo-lapokrol\\\/#primaryimage\"},\"thumbnailUrl\":\"https:\\\/\\\/www.uia.archi\\\/wp-content\\\/uploads\\\/2019\\\/07\\\/pro-relifeet-set.jpg\",\"articleSection\":[\"Avis sur les produits\",\"Term\u00e9k v\u00e9lem\u00e9nyek\"],\"inLanguage\":\"hu\",\"potentialAction\":[{\"@type\":\"CommentAction\",\"name\":\"Comment\",\"target\":[\"https:\\\/\\\/www.uia.archi\\\/hu\\\/pro-relifeet-velemeny-a-lapokrol-szolo-lapokrol\\\/#respond\"]}]},{\"@type\":\"WebPage\",\"@id\":\"https:\\\/\\\/www.uia.archi\\\/hu\\\/pro-relifeet-velemeny-a-lapokrol-szolo-lapokrol\\\/\",\"url\":\"https:\\\/\\\/www.uia.archi\\\/hu\\\/pro-relifeet-velemeny-a-lapokrol-szolo-lapokrol\\\/\",\"name\":\"Pro-Relifeet - v\u00e9lem\u00e9ny a lapokr\u00f3l sz\u00f3l\u00f3 lapokr\u00f3l\",\"isPartOf\":{\"@id\":\"https:\\\/\\\/www.uia.archi\\\/hu\\\/#website\"},\"primaryImageOfPage\":{\"@id\":\"https:\\\/\\\/www.uia.archi\\\/hu\\\/pro-relifeet-velemeny-a-lapokrol-szolo-lapokrol\\\/#primaryimage\"},\"image\":{\"@id\":\"https:\\\/\\\/www.uia.archi\\\/hu\\\/pro-relifeet-velemeny-a-lapokrol-szolo-lapokrol\\\/#primaryimage\"},\"thumbnailUrl\":\"https:\\\/\\\/www.uia.archi\\\/wp-content\\\/uploads\\\/2019\\\/07\\\/pro-relifeet-set.jpg\",\"datePublished\":\"2019-07-30T22:00:00+00:00\",\"author\":{\"@id\":\"https:\\\/\\\/www.uia.archi\\\/hu\\\/#\\\/schema\\\/person\\\/3d67c6894ced0e7a84948b704169c9c2\"},\"breadcrumb\":{\"@id\":\"https:\\\/\\\/www.uia.archi\\\/hu\\\/pro-relifeet-velemeny-a-lapokrol-szolo-lapokrol\\\/#breadcrumb\"},\"inLanguage\":\"hu\",\"potentialAction\":[{\"@type\":\"ReadAction\",\"target\":[\"https:\\\/\\\/www.uia.archi\\\/hu\\\/pro-relifeet-velemeny-a-lapokrol-szolo-lapokrol\\\/\"]}]},{\"@type\":\"ImageObject\",\"inLanguage\":\"hu\",\"@id\":\"https:\\\/\\\/www.uia.archi\\\/hu\\\/pro-relifeet-velemeny-a-lapokrol-szolo-lapokrol\\\/#primaryimage\",\"url\":\"https:\\\/\\\/www.uia.archi\\\/wp-content\\\/uploads\\\/2019\\\/07\\\/pro-relifeet-set.jpg\",\"contentUrl\":\"https:\\\/\\\/www.uia.archi\\\/wp-content\\\/uploads\\\/2019\\\/07\\\/pro-relifeet-set.jpg\"},{\"@type\":\"BreadcrumbList\",\"@id\":\"https:\\\/\\\/www.uia.archi\\\/hu\\\/pro-relifeet-velemeny-a-lapokrol-szolo-lapokrol\\\/#breadcrumb\",\"itemListElement\":[{\"@type\":\"ListItem\",\"position\":1,\"name\":\"itthon\",\"item\":\"https:\\\/\\\/www.uia.archi\\\/hu\\\/\"},{\"@type\":\"ListItem\",\"position\":2,\"name\":\"Term\u00e9k v\u00e9lem\u00e9nyek\",\"item\":\"https:\\\/\\\/www.uia.archi\\\/hu\\\/category\\\/termek-velemenyek\\\/\"},{\"@type\":\"ListItem\",\"position\":3,\"name\":\"Pro-Relifeet &#8211; v\u00e9lem\u00e9ny a lapokr\u00f3l sz\u00f3l\u00f3 lapokr\u00f3l\"}]},{\"@type\":\"WebSite\",\"@id\":\"https:\\\/\\\/www.uia.archi\\\/hu\\\/#website\",\"url\":\"https:\\\/\\\/www.uia.archi\\\/hu\\\/\",\"name\":\"Egyedi nemzetk\u00f6zi cikkek\",\"description\":\"K\u00fcl\u00f6nb\u00f6z\u0151 t\u00e9m\u00e1j\u00fa cikkek, \u00e9rt\u00e9kes tud\u00e1sforr\u00e1s az \u00d6n \u00e9s csal\u00e1dja sz\u00e1m\u00e1ra\",\"potentialAction\":[{\"@type\":\"SearchAction\",\"target\":{\"@type\":\"EntryPoint\",\"urlTemplate\":\"https:\\\/\\\/www.uia.archi\\\/hu\\\/?s={search_term_string}\"},\"query-input\":{\"@type\":\"PropertyValueSpecification\",\"valueRequired\":true,\"valueName\":\"search_term_string\"}}],\"inLanguage\":\"hu\"},{\"@type\":\"Person\",\"@id\":\"https:\\\/\\\/www.uia.archi\\\/hu\\\/#\\\/schema\\\/person\\\/3d67c6894ced0e7a84948b704169c9c2\",\"name\":\"Writer\",\"image\":{\"@type\":\"ImageObject\",\"inLanguage\":\"hu\",\"@id\":\"https:\\\/\\\/www.uia.archi\\\/wp-content\\\/litespeed\\\/avatar\\\/1a002795387e512944da0898076d6c44.jpg?ver=1777482563\",\"url\":\"https:\\\/\\\/www.uia.archi\\\/wp-content\\\/litespeed\\\/avatar\\\/1a002795387e512944da0898076d6c44.jpg?ver=1777482563\",\"contentUrl\":\"https:\\\/\\\/www.uia.archi\\\/wp-content\\\/litespeed\\\/avatar\\\/1a002795387e512944da0898076d6c44.jpg?ver=1777482563\",\"caption\":\"Writer\"},\"sameAs\":[\"https:\\\/\\\/www.uia.archi\"],\"url\":\"https:\\\/\\\/www.uia.archi\\\/hu\\\/author\\\/writer\\\/\"}]}<\/script>\n<!-- \/ Yoast SEO plugin. -->","yoast_head_json":{"title":"Pro-Relifeet - v\u00e9lem\u00e9ny a lapokr\u00f3l sz\u00f3l\u00f3 lapokr\u00f3l","robots":{"index":"index","follow":"follow","max-snippet":"max-snippet:-1","max-image-preview":"max-image-preview:large","max-video-preview":"max-video-preview:-1"},"canonical":"https:\/\/www.uia.archi\/hu\/pro-relifeet-velemeny-a-lapokrol-szolo-lapokrol\/","og_locale":"hu_HU","og_type":"article","og_title":"Pro-Relifeet - v\u00e9lem\u00e9ny a lapokr\u00f3l sz\u00f3l\u00f3 lapokr\u00f3l","og_description":"A tarif\u00e1k fel\u00e9p\u00edt\u00e9se jelent\u0151s hat\u00e1ssal van az ember \u00e9letmin\u0151s\u00e9g\u00e9re, aktivit\u00e1s\u00e1nak szintj\u00e9re \u00e9s megfelel\u0151 hozz\u00e1\u00e1ll\u00e1s\u00e1ra. A szab\u00e1lytalans\u00e1gok ebben a tekintetben gyakran a gerinc vagy a t\u00e9rd t\u00falterhel\u00e9s\u00e9hez vezetnek, ami f\u00e1jdalmat, deform\u00e1ci\u00f3t vagy a mindennapi tev\u00e9kenys\u00e9gek korl\u00e1toz\u00e1s\u00e1t eredm\u00e9nyezi. Ezzel szemben hat\u00e9kony l\u00e9p\u00e9sekkel akad\u00e1lyozhatja meg. Mind a genetikai, mind a k\u00f6rnyezeti t\u00e9nyez\u0151k hozz\u00e1j\u00e1rulhatnak a lapos l\u00e1bak kialakul\u00e1s\u00e1hoz. Az [&hellip;]","og_url":"https:\/\/www.uia.archi\/hu\/pro-relifeet-velemeny-a-lapokrol-szolo-lapokrol\/","og_site_name":"Egyedi nemzetk\u00f6zi cikkek","article_published_time":"2019-07-30T22:00:00+00:00","og_image":[{"url":"https:\/\/www.uia.archi\/wp-content\/uploads\/2019\/07\/pro-relifeet-set.jpg","type":"","width":"","height":""}],"author":"Writer","twitter_card":"summary_large_image","twitter_misc":{"Szerz\u0151:":"Writer","Becs\u00fclt olvas\u00e1si id\u0151":"10 perc"},"schema":{"@context":"https:\/\/schema.org","@graph":[{"@type":"Article","@id":"https:\/\/www.uia.archi\/hu\/pro-relifeet-velemeny-a-lapokrol-szolo-lapokrol\/#article","isPartOf":{"@id":"https:\/\/www.uia.archi\/hu\/pro-relifeet-velemeny-a-lapokrol-szolo-lapokrol\/"},"author":{"name":"Writer","@id":"https:\/\/www.uia.archi\/hu\/#\/schema\/person\/3d67c6894ced0e7a84948b704169c9c2"},"headline":"Pro-Relifeet &#8211; v\u00e9lem\u00e9ny a lapokr\u00f3l sz\u00f3l\u00f3 lapokr\u00f3l","datePublished":"2019-07-30T22:00:00+00:00","mainEntityOfPage":{"@id":"https:\/\/www.uia.archi\/hu\/pro-relifeet-velemeny-a-lapokrol-szolo-lapokrol\/"},"wordCount":2041,"commentCount":0,"image":{"@id":"https:\/\/www.uia.archi\/hu\/pro-relifeet-velemeny-a-lapokrol-szolo-lapokrol\/#primaryimage"},"thumbnailUrl":"https:\/\/www.uia.archi\/wp-content\/uploads\/2019\/07\/pro-relifeet-set.jpg","articleSection":["Avis sur les produits","Term\u00e9k v\u00e9lem\u00e9nyek"],"inLanguage":"hu","potentialAction":[{"@type":"CommentAction","name":"Comment","target":["https:\/\/www.uia.archi\/hu\/pro-relifeet-velemeny-a-lapokrol-szolo-lapokrol\/#respond"]}]},{"@type":"WebPage","@id":"https:\/\/www.uia.archi\/hu\/pro-relifeet-velemeny-a-lapokrol-szolo-lapokrol\/","url":"https:\/\/www.uia.archi\/hu\/pro-relifeet-velemeny-a-lapokrol-szolo-lapokrol\/","name":"Pro-Relifeet - v\u00e9lem\u00e9ny a lapokr\u00f3l sz\u00f3l\u00f3 lapokr\u00f3l","isPartOf":{"@id":"https:\/\/www.uia.archi\/hu\/#website"},"primaryImageOfPage":{"@id":"https:\/\/www.uia.archi\/hu\/pro-relifeet-velemeny-a-lapokrol-szolo-lapokrol\/#primaryimage"},"image":{"@id":"https:\/\/www.uia.archi\/hu\/pro-relifeet-velemeny-a-lapokrol-szolo-lapokrol\/#primaryimage"},"thumbnailUrl":"https:\/\/www.uia.archi\/wp-content\/uploads\/2019\/07\/pro-relifeet-set.jpg","datePublished":"2019-07-30T22:00:00+00:00","author":{"@id":"https:\/\/www.uia.archi\/hu\/#\/schema\/person\/3d67c6894ced0e7a84948b704169c9c2"},"breadcrumb":{"@id":"https:\/\/www.uia.archi\/hu\/pro-relifeet-velemeny-a-lapokrol-szolo-lapokrol\/#breadcrumb"},"inLanguage":"hu","potentialAction":[{"@type":"ReadAction","target":["https:\/\/www.uia.archi\/hu\/pro-relifeet-velemeny-a-lapokrol-szolo-lapokrol\/"]}]},{"@type":"ImageObject","inLanguage":"hu","@id":"https:\/\/www.uia.archi\/hu\/pro-relifeet-velemeny-a-lapokrol-szolo-lapokrol\/#primaryimage","url":"https:\/\/www.uia.archi\/wp-content\/uploads\/2019\/07\/pro-relifeet-set.jpg","contentUrl":"https:\/\/www.uia.archi\/wp-content\/uploads\/2019\/07\/pro-relifeet-set.jpg"},{"@type":"BreadcrumbList","@id":"https:\/\/www.uia.archi\/hu\/pro-relifeet-velemeny-a-lapokrol-szolo-lapokrol\/#breadcrumb","itemListElement":[{"@type":"ListItem","position":1,"name":"itthon","item":"https:\/\/www.uia.archi\/hu\/"},{"@type":"ListItem","position":2,"name":"Term\u00e9k v\u00e9lem\u00e9nyek","item":"https:\/\/www.uia.archi\/hu\/category\/termek-velemenyek\/"},{"@type":"ListItem","position":3,"name":"Pro-Relifeet &#8211; v\u00e9lem\u00e9ny a lapokr\u00f3l sz\u00f3l\u00f3 lapokr\u00f3l"}]},{"@type":"WebSite","@id":"https:\/\/www.uia.archi\/hu\/#website","url":"https:\/\/www.uia.archi\/hu\/","name":"Egyedi nemzetk\u00f6zi cikkek","description":"K\u00fcl\u00f6nb\u00f6z\u0151 t\u00e9m\u00e1j\u00fa cikkek, \u00e9rt\u00e9kes tud\u00e1sforr\u00e1s az \u00d6n \u00e9s csal\u00e1dja sz\u00e1m\u00e1ra","potentialAction":[{"@type":"SearchAction","target":{"@type":"EntryPoint","urlTemplate":"https:\/\/www.uia.archi\/hu\/?s={search_term_string}"},"query-input":{"@type":"PropertyValueSpecification","valueRequired":true,"valueName":"search_term_string"}}],"inLanguage":"hu"},{"@type":"Person","@id":"https:\/\/www.uia.archi\/hu\/#\/schema\/person\/3d67c6894ced0e7a84948b704169c9c2","name":"Writer","image":{"@type":"ImageObject","inLanguage":"hu","@id":"https:\/\/www.uia.archi\/wp-content\/litespeed\/avatar\/1a002795387e512944da0898076d6c44.jpg?ver=1777482563","url":"https:\/\/www.uia.archi\/wp-content\/litespeed\/avatar\/1a002795387e512944da0898076d6c44.jpg?ver=1777482563","contentUrl":"https:\/\/www.uia.archi\/wp-content\/litespeed\/avatar\/1a002795387e512944da0898076d6c44.jpg?ver=1777482563","caption":"Writer"},"sameAs":["https:\/\/www.uia.archi"],"url":"https:\/\/www.uia.archi\/hu\/author\/writer\/"}]}},"blog_post_layout_featured_media_urls":{"thumbnail":"","full":""},"categories_names":{"1":{"name":"Avis sur les produits","link":"https:\/\/www.uia.archi\/category\/avis-sur-les-produits\/"},"16":{"name":"Term\u00e9k v\u00e9lem\u00e9nyek","link":"https:\/\/www.uia.archi\/hu\/category\/termek-velemenyek\/"}},"tags_names":[],"comments_number":"0","wpmagazine_modules_lite_featured_media_urls":{"thumbnail":"","cvmm-medium":"","cvmm-medium-plus":"","cvmm-portrait":"","cvmm-medium-square":"","cvmm-large":"","cvmm-small":"","full":""},"_links":{"self":[{"href":"https:\/\/www.uia.archi\/hu\/wp-json\/wp\/v2\/posts\/1242","targetHints":{"allow":["GET"]}}],"collection":[{"href":"https:\/\/www.uia.archi\/hu\/wp-json\/wp\/v2\/posts"}],"about":[{"href":"https:\/\/www.uia.archi\/hu\/wp-json\/wp\/v2\/types\/post"}],"author":[{"embeddable":true,"href":"https:\/\/www.uia.archi\/hu\/wp-json\/wp\/v2\/users\/1"}],"replies":[{"embeddable":true,"href":"https:\/\/www.uia.archi\/hu\/wp-json\/wp\/v2\/comments?post=1242"}],"version-history":[{"count":0,"href":"https:\/\/www.uia.archi\/hu\/wp-json\/wp\/v2\/posts\/1242\/revisions"}],"wp:attachment":[{"href":"https:\/\/www.uia.archi\/hu\/wp-json\/wp\/v2\/media?parent=1242"}],"wp:term":[{"taxonomy":"category","embeddable":true,"href":"https:\/\/www.uia.archi\/hu\/wp-json\/wp\/v2\/categories?post=1242"},{"taxonomy":"post_tag","embeddable":true,"href":"https:\/\/www.uia.archi\/hu\/wp-json\/wp\/v2\/tags?post=1242"}],"curies":[{"name":"wp","href":"https:\/\/api.w.org\/{rel}","templated":true}]}}