{"id":1953,"date":"2020-11-09T00:00:00","date_gmt":"2020-11-08T23:00:00","guid":{"rendered":"https:\/\/www.uia.archi\/oilidermis-velemeny-a-borapolo-olajrol\/"},"modified":"2021-07-21T18:01:22","modified_gmt":"2021-07-21T16:01:22","slug":"oilidermis-velemenyek-osszetevok-akcio-adagolas-bolt-hol-lehet-vasarolni","status":"publish","type":"post","link":"https:\/\/www.uia.archi\/hu\/oilidermis-velemenyek-osszetevok-akcio-adagolas-bolt-hol-lehet-vasarolni\/","title":{"rendered":"Oilidermis &#8211; v\u00e9lem\u00e9nyek, \u00f6sszetev\u0151k, akci\u00f3, adagol\u00e1s, bolt, hol lehet v\u00e1s\u00e1rolni"},"content":{"rendered":"<div id=\"ez-toc-container\" class=\"ez-toc-v2_0_82_2 counter-hierarchy ez-toc-counter ez-toc-grey ez-toc-container-direction\">\n<p class=\"ez-toc-title\" style=\"cursor:inherit\">Tartalomjegyz\u00e9k:<\/p>\n<label for=\"ez-toc-cssicon-toggle-item-69f53849ed1ea\" class=\"ez-toc-cssicon-toggle-label\"><span class=\"\"><span class=\"eztoc-hide\" style=\"display:none;\">Toggle<\/span><span class=\"ez-toc-icon-toggle-span\"><svg style=\"fill: #999;color:#999\" xmlns=\"http:\/\/www.w3.org\/2000\/svg\" class=\"list-377408\" width=\"20px\" height=\"20px\" viewBox=\"0 0 24 24\" fill=\"none\"><path d=\"M6 6H4v2h2V6zm14 0H8v2h12V6zM4 11h2v2H4v-2zm16 0H8v2h12v-2zM4 16h2v2H4v-2zm16 0H8v2h12v-2z\" fill=\"currentColor\"><\/path><\/svg><svg style=\"fill: #999;color:#999\" class=\"arrow-unsorted-368013\" xmlns=\"http:\/\/www.w3.org\/2000\/svg\" width=\"10px\" height=\"10px\" viewBox=\"0 0 24 24\" version=\"1.2\" baseProfile=\"tiny\"><path d=\"M18.2 9.3l-6.2-6.3-6.2 6.3c-.2.2-.3.4-.3.7s.1.5.3.7c.2.2.4.3.7.3h11c.3 0 .5-.1.7-.3.2-.2.3-.5.3-.7s-.1-.5-.3-.7zM5.8 14.7l6.2 6.3 6.2-6.3c.2-.2.3-.5.3-.7s-.1-.5-.3-.7c-.2-.2-.4-.3-.7-.3h-11c-.3 0-.5.1-.7.3-.2.2-.3.5-.3.7s.1.5.3.7z\"\/><\/svg><\/span><\/span><\/label><input type=\"checkbox\"  id=\"ez-toc-cssicon-toggle-item-69f53849ed1ea\"  aria-label=\"Toggle\" \/><nav><ul class='ez-toc-list ez-toc-list-level-1 ' ><ul class='ez-toc-list-level-3' ><li class='ez-toc-heading-level-3'><a class=\"ez-toc-link ez-toc-heading-1\" href=\"https:\/\/www.uia.archi\/hu\/oilidermis-velemenyek-osszetevok-akcio-adagolas-bolt-hol-lehet-vasarolni\/#A_bor_oregedese_%E2%80%93_nem_allithatja_meg_de_lassithatja\" >A b\u0151r \u00f6reged\u00e9se &#8211; nem \u00e1ll\u00edthatja meg, de lass\u00edthatja<\/a><\/li><li class='ez-toc-page-1 ez-toc-heading-level-3'><a class=\"ez-toc-link ez-toc-heading-2\" href=\"https:\/\/www.uia.archi\/hu\/oilidermis-velemenyek-osszetevok-akcio-adagolas-bolt-hol-lehet-vasarolni\/#Milyen_jelzesek_vannak_az_Oilidermis_hasznalatara\" >Milyen jelz\u00e9sek vannak az Oilidermis haszn\u00e1lat\u00e1ra?<\/a><\/li><\/ul><\/li><li class='ez-toc-page-1 ez-toc-heading-level-2'><a class=\"ez-toc-link ez-toc-heading-3\" href=\"https:\/\/www.uia.archi\/hu\/oilidermis-velemenyek-osszetevok-akcio-adagolas-bolt-hol-lehet-vasarolni\/#Melyek_az_Oilidermis_varhato_hatasai\" >Melyek az Oilidermis v\u00e1rhat\u00f3 hat\u00e1sai?<\/a><\/li><li class='ez-toc-page-1 ez-toc-heading-level-2'><a class=\"ez-toc-link ez-toc-heading-4\" href=\"https:\/\/www.uia.archi\/hu\/oilidermis-velemenyek-osszetevok-akcio-adagolas-bolt-hol-lehet-vasarolni\/#Osszetetel_Oilidermis_%E2%80%93_termeszetes_olajok_a_szepseg_szolgalataban\" >\u00d6sszet\u00e9tel Oilidermis &#8211; term\u00e9szetes olajok a sz\u00e9ps\u00e9g szolg\u00e1lat\u00e1ban<\/a><\/li><li class='ez-toc-page-1 ez-toc-heading-level-2'><a class=\"ez-toc-link ez-toc-heading-5\" href=\"https:\/\/www.uia.archi\/hu\/oilidermis-velemenyek-osszetevok-akcio-adagolas-bolt-hol-lehet-vasarolni\/#Hogyan_kell_hasznalni_az_Oilidermist\" >Hogyan kell haszn\u00e1lni az Oilidermist?<\/a><\/li><li class='ez-toc-page-1 ez-toc-heading-level-2'><a class=\"ez-toc-link ez-toc-heading-6\" href=\"https:\/\/www.uia.archi\/hu\/oilidermis-velemenyek-osszetevok-akcio-adagolas-bolt-hol-lehet-vasarolni\/#Velemenyek_az_Oilidermis_hatekonysagarol\" >V\u00e9lem\u00e9nyek az Oilidermis hat\u00e9konys\u00e1g\u00e1r\u00f3l<\/a><\/li><li class='ez-toc-page-1 ez-toc-heading-level-2'><a class=\"ez-toc-link ez-toc-heading-7\" href=\"https:\/\/www.uia.archi\/hu\/oilidermis-velemenyek-osszetevok-akcio-adagolas-bolt-hol-lehet-vasarolni\/#Hol_lehet_megvasarolni_az_Oilidermist_Ajanlasunk\" >Hol lehet megv\u00e1s\u00e1rolni az Oilidermist? Aj\u00e1nl\u00e1sunk<\/a><\/li><li class='ez-toc-page-1 ez-toc-heading-level-2'><a class=\"ez-toc-link ez-toc-heading-8\" href=\"https:\/\/www.uia.archi\/hu\/oilidermis-velemenyek-osszetevok-akcio-adagolas-bolt-hol-lehet-vasarolni\/#Tenyleg_erdemes_hasznalni_az_Oilidermist_Velemenyunk\" >T\u00e9nyleg \u00e9rdemes haszn\u00e1lni az Oilidermist? V\u00e9lem\u00e9ny\u00fcnk<\/a><\/li><\/ul><\/nav><\/div>\n<p><a href=\"https:\/\/www.uia.archi\/go\/oilidermis\/\" rel=\"nofollow\"><img loading=\"lazy\" decoding=\"async\" class=\"wp-image-15736 size-medium alignright\" src=\"https:\/\/www.uia.archi\/wp-content\/uploads\/2020\/11\/oilidermis-200x300.jpg\" alt=\"oilidermis\" width=\"200\" height=\"300\" \/><\/a> Az Oilidermis term\u00e9szetes olaj, amelyet napi b\u0151r- \u00e9s haj\u00e1pol\u00e1sra haszn\u00e1lnak. Sz\u00e1mos el\u0151nyt ny\u00fajt a sz\u00e9ps\u00e9g meg\u0151rz\u00e9s\u00e9hez.<\/p>\n<p>Mi k\u00fcl\u00f6nb\u00f6zteti meg m\u00e1s hasonl\u00f3 alkalmaz\u00e1s\u00fa term\u00e9kekt\u0151l? Mik az el\u0151ny\u00f6k&#8221;?<\/p>\n<p>Megh\u00edvjuk \u00d6nt, hogy olvassa el a term\u00e9kismertet\u0151t.<\/p>\n<h3><span class=\"ez-toc-section\" id=\"A_bor_oregedese_%E2%80%93_nem_allithatja_meg_de_lassithatja\"><\/span>A b\u0151r \u00f6reged\u00e9se &#8211; nem \u00e1ll\u00edthatja meg, de lass\u00edthatja<span class=\"ez-toc-section-end\"><\/span><\/h3>\n<p><a href=\"https:\/\/en.wikipedia.org\/wiki\/Ageing\" target=\"_blank\" rel=\"nofollow noopener\">A b\u0151r \u00f6reged\u00e9se az<\/a> \u00e9letkorral term\u00e9szetes folyamat, amely mind a n\u0151ket, mind a f\u00e9rfiakat \u00e9rinti. T\u00e9ny azonban, hogy a n\u0151ket gyakrabban \u00edt\u00e9lik meg megjelen\u00e9s\u00fck \u00e9s vonzerej\u00fck szempontj\u00e1b\u00f3l. Ez\u00e9rt nagyon vigy\u00e1znak magukra, sz\u00fcks\u00e9g\u00e9t \u00e9rzik \u00e9s bizonyos \u00e9rtelemben a nyom\u00e1st is. Nincs semmi baj azzal, hogy sz\u00e9pek akarnak lenni, \u00f6nmaguk\u00e9rt \u00e9s m\u00e1sok\u00e9rt. \u00c9pp ellenkez\u0151leg, az ilyen gondoskod\u00e1s dics\u00e9retes.<\/p>\n<p>Sajnos a b\u0151r \u00e1llapot\u00e1t nemcsak az \u00e9letkor, hanem sz\u00e1mos m\u00e1s t\u00e9nyez\u0151 is befoly\u00e1solja, p\u00e9ld\u00e1ul \u00e9trend, \u00e9letm\u00f3d, higi\u00e9nia, stimul\u00e1nsok, leveg\u0151szennyez\u00e9s, naps\u00fct\u00e9s vagy ak\u00e1r sz\u00e9l.<\/p>\n<p>Szerencs\u00e9re haszn\u00e1lhat olyan term\u00e9szetes term\u00e9keket, p\u00e9ld\u00e1ul olajokat, amelyek \u00e1tfog\u00f3 hat\u00e1ssal vannak a b\u0151rre, jav\u00edtva annak eg\u00e9szs\u00e9g\u00e9t. Az Oilidermis nem csak ilyen feladatokat l\u00e1t el.<\/p>\n<p>Az Oilidermis olaj t\u00e1pl\u00e1lja, hidrat\u00e1lja \u00e9s kisim\u00edtja a b\u0151rt. A rendszeres haszn\u00e1lat lehet\u0151v\u00e9 teszi az \u00f6reged\u00e9si folyamat k\u00e9sleltet\u00e9s\u00e9t, s\u0151t (bizonyos m\u00e9rt\u00e9kig) helyre\u00e1ll\u00edtja az elveszett sz\u00e9ps\u00e9get. Ezzel hosszabb ideig megtarthatja a k\u00fcls\u0151 sz\u00e9ps\u00e9get.<\/p>\n<h3><span class=\"ez-toc-section\" id=\"Milyen_jelzesek_vannak_az_Oilidermis_hasznalatara\"><\/span>Milyen jelz\u00e9sek vannak az Oilidermis haszn\u00e1lat\u00e1ra?<span class=\"ez-toc-section-end\"><\/span><\/h3>\n<p>Nyilv\u00e1nval\u00f3 okokb\u00f3l az olajat leggyakrabban a n\u0151k haszn\u00e1lj\u00e1k, de nincs ellenjavallat a b\u0151r \u00e1pol\u00e1s\u00e1ra a f\u00e9rfiakn\u00e1l sem. E tekintetben rugalmas cselekv\u00e9ssel rendelkezik. K\u00fcl\u00f6n\u00f6sen \u00e9rett, kuper\u00f3zus \u00e9s \u00e9rz\u00e9keny b\u0151r\u0171 emberek sz\u00e1m\u00e1ra k\u00e9sz\u00fclt. Ez seg\u00edt a pattan\u00e1sokkal k\u00fczd\u0151 embereknek is. Hasznos a f\u00e9ny\u00e9t elvesztett s\u00e9r\u00fclt hajra.<\/p>\n<h2><span class=\"ez-toc-section\" id=\"Melyek_az_Oilidermis_varhato_hatasai\"><\/span><strong>Melyek az Oilidermis v\u00e1rhat\u00f3 hat\u00e1sai?<\/strong><span class=\"ez-toc-section-end\"><\/span><\/h2>\n<ul>\n<li>a b\u0151r hidrat\u00e1l\u00e1sa, ken\u00e9se \u00e9s t\u00e1pl\u00e1l\u00e1sa;<\/li>\n<li>feszes\u00edti a b\u0151rt \u00e9s cs\u00f6kkenti a r\u00e1ncok l\u00e1that\u00f3s\u00e1g\u00e1t;<\/li>\n<li>a b\u0151r v\u00e9delme az <a href=\"https:\/\/en.wikipedia.org\/wiki\/Ultraviolet\" target=\"_blank\" rel=\"nofollow noopener\">UV sug\u00e1rz\u00e1st\u00f3l<\/a> \u00e9s egy\u00e9b k\u00e1ros k\u00fcls\u0151 t\u00e9nyez\u0151kt\u0151l;<\/li>\n<li>az elsz\u00ednez\u0151d\u00e9s, az &#8221; <a href=\"https:\/\/en.wikipedia.org\/wiki\/Cherry_angioma\" target=\"_blank\" rel=\"nofollow noopener\">\u00f6reged\u00e9si foltok<\/a> &#8221; megsz\u00fcntet\u00e9se \u00e9s a b\u0151r term\u00e9szetes sz\u00edn\u00e9nek helyre\u00e1ll\u00edt\u00e1sa;<\/li>\n<li>a<a href=\"https:\/\/en.wikipedia.org\/wiki\/Radical_(chemistry)\" target=\"_blank\" rel=\"nofollow noopener\">szabad gy\u00f6k\u00f6k<\/a> semleges\u00edt\u00e9se, ami k\u00e9slelteti az \u00f6reged\u00e9si folyamatokat \u00e9s egy\u00fattal cs\u00f6kkenti a r\u00e1k kock\u00e1zat\u00e1t;<\/li>\n<li>a zuzm\u00f3, az ekc\u00e9ma \u00e9s az at\u00f3pi\u00e1s dermatitis elleni k\u00fczdelem;<\/li>\n<li>a pattan\u00e1sok elleni k\u00fczdelem t\u00e1mogat\u00e1sa;<\/li>\n<li>k\u00fcl\u00f6nf\u00e9le dermatol\u00f3giai betegs\u00e9gek enyh\u00edt\u00e9se;<\/li>\n<li>a sebgy\u00f3gyul\u00e1si folyamat felgyors\u00edt\u00e1sa;<\/li>\n<li>a haj \u00e1llapot\u00e1nak jav\u00edt\u00e1sa (az Oilidermis balzsamk\u00e9nt haszn\u00e1lhat\u00f3);<\/li>\n<\/ul>\n<h2><span class=\"ez-toc-section\" id=\"Osszetetel_Oilidermis_%E2%80%93_termeszetes_olajok_a_szepseg_szolgalataban\"><\/span>\u00d6sszet\u00e9tel Oilidermis &#8211; term\u00e9szetes olajok a sz\u00e9ps\u00e9g szolg\u00e1lat\u00e1ban<span class=\"ez-toc-section-end\"><\/span><\/h2>\n<ul>\n<li><a href=\"https:\/\/en.wikipedia.org\/wiki\/Squalane\" target=\"_blank\" rel=\"nofollow noopener\"><strong>Squalane<\/strong><\/a> &#8211; az emberi sedum term\u00e9szetes \u00f6sszetev\u0151je. Ez l\u00e9trehozza b\u0151r\u00fcnk lipid r\u00e9teg\u00e9t. Az \u00e9letkor el\u0151rehaladt\u00e1val a szkval\u00e1ntartalom term\u00e9szetesen cs\u00f6kken, ami negat\u00edv hat\u00e1ssal van a b\u0151r megjelen\u00e9s\u00e9re \u00e9s eg\u00e9szs\u00e9g\u00e9re. Ez\u00e9rt a sz\u00e9ps\u00e9g kedv\u00e9\u00e9rt &#8222;k\u00edv\u00fclr\u0151l&#8221; kell ell\u00e1tni a testtel. Ez egy olyan komponens, amely puh\u00edtja, hidrat\u00e1lja \u00e9s t\u00e1pl\u00e1lja a b\u0151rt. A legjobb eredm\u00e9nyt \u00e9rett, allergi\u00e1s, zs\u00edrosod\u00e1sra hajlamos b\u0151r eset\u00e9n ny\u00fajtja. Az 1950-es \u00e9vek \u00f3ta b\u0151rpuh\u00edt\u00f3 szerk\u00e9nt haszn\u00e1lj\u00e1k. Sz\u00edntelen, szagtalan olaj form\u00e1j\u00e1ban van.<\/li>\n<li><strong>Kenderolaj<\/strong> ( <a href=\"https:\/\/en.wikipedia.org\/wiki\/Cannabis_sativa\" target=\"_blank\" rel=\"nofollow noopener\">Cannabis sativa<\/a> ) &#8211; tartalmazza omega-3 \u00e9s omega-6 zs\u00edrsavak forr\u00e1sa, amelyek a tartalom 80% -\u00e1t teszik ki. Ezenk\u00edv\u00fcl gazdag vitaminokban (A, B, E, K csoport), fitoszterolokban, foszfolipidekben \u00e9s \u00e1sv\u00e1nyi s\u00f3kban (kalcium, cink, foszfor \u00e9s magn\u00e9zium). Sz\u00e1mos gy\u00f3gy\u00edt\u00f3 tulajdons\u00e1got mutat a test sz\u00e1m\u00e1ra. K\u00fcls\u0151leg alkalmazva (pl. Az Oilidermis-ben) er\u0151s\u00edti a b\u0151r term\u00e9szetes ellen\u00e1ll\u00e1s\u00e1t a mechanikai kop\u00e1sokkal, a k\u00f6nny\u0171, er\u0151s \u00e9s sz\u00e1rad\u00f3 sz\u00e9llel \u00e9s a sz\u00e9ls\u0151s\u00e9ges h\u0151m\u00e9rs\u00e9kletekkel szemben. Hat\u00e9kony b\u0151rpuh\u00edt\u00f3. T\u00e1pl\u00e1lja a b\u0151rt, csillap\u00edtja az irrit\u00e1ci\u00f3kat \u00e9s lek\u00fczdi a gyullad\u00e1sokat. Jav\u00edtja sz\u00edn\u00e9t \u00e9s szab\u00e1lyozza a faggy\u00fa szekr\u00e9ci\u00f3j\u00e1t, amely t\u00e1mogatja a pattan\u00e1sos b\u0151relv\u00e1ltoz\u00e1sok kezel\u00e9s\u00e9t. A fejb\u0151rre alkalmazva felgyors\u00edtja a haj n\u00f6veked\u00e9s\u00e9t \u00e9s f\u00e9nyt k\u00f6lcs\u00f6n\u00f6z neki. Az olajat hidegen sajtolj\u00e1k a kendermagokb\u00f3l.<\/li>\n<li><strong>A fekete k\u00f6m\u00e9nyolaj<\/strong> ( <a href=\"https:\/\/en.wikipedia.org\/wiki\/Nigella_sativa\" target=\"_blank\" rel=\"nofollow noopener\">Nigella sativa<\/a> ) &#8211; magas tel\u00edtetlen zs\u00edrsavtartalommal rendelkezik, amelyek t\u00f6bbnyire t\u00f6bbsz\u00f6r\u00f6sen tel\u00edtetlen zs\u00edrsavak (omega-3 \u00e9s omega-6). Ill\u00f3olajokat, A-vitamint, B-vitaminokat, <a href=\"https:\/\/en.wikipedia.org\/wiki\/Flavonoid\" target=\"_blank\" rel=\"nofollow noopener\">flavonoidokat<\/a> , <a href=\"https:\/\/en.wikipedia.org\/wiki\/Saponin\" target=\"_blank\" rel=\"nofollow noopener\">szaponinokat<\/a> \u00e9s \u00e1sv\u00e1nyi s\u00f3kat (magn\u00e9zium, vas, cink, k\u00e1lium, r\u00e9z, szel\u00e9n) is tartalmaz. Fontos vegy\u00fclet az <a href=\"https:\/\/en.wikipedia.org\/wiki\/Thymoquinone\" target=\"_blank\" rel=\"nofollow noopener\">antiallergi\u00e1s tulajdons\u00e1g\u00fa tymo-kinon<\/a> (a b\u0151r sz\u00e1m\u00e1ra is fontos). \u00d6sszess\u00e9g\u00e9ben a fekete k\u00f6m\u00e9nymag k\u00f6r\u00fclbel\u00fcl 100 hat\u00f3anyagot tartalmaz. A fekete k\u00f6m\u00e9ny olaj gyullad\u00e1scs\u00f6kkent\u0151 \u00e9s antibakteri\u00e1lis tulajdons\u00e1gokkal rendelkezik. Jav\u00edtja a b\u0151r, a haj \u00e9s a k\u00f6rm\u00f6k \u00e1llapot\u00e1t. Cs\u00f6kkenti a b\u0151rirrit\u00e1ci\u00f3t, seg\u00edt a pattan\u00e1sok, mik\u00f3zisok \u00e9s ekc\u00e9ma eset\u00e9n. T\u00e1pl\u00e1lja \u00e9s hidrat\u00e1lja a b\u0151rt. T\u00e1mogatja az at\u00f3pi\u00e1s dermatitis (AD) kezel\u00e9s\u00e9t. A fekete k\u00f6m\u00e9nyolaj haszn\u00e1lat\u00e1nak k\u00f6sz\u00f6nhet\u0151en a b\u0151r rugalmasabb, sim\u00e1bb \u00e9s kellemesebb tapint\u00e1s\u00fa.<\/li>\n<li><strong>K\u00f3kuszolaj<\/strong> ( <a href=\"https:\/\/en.wikipedia.org\/wiki\/Coconut\" target=\"_blank\" rel=\"nofollow noopener\">Cocos nucifera<\/a> ) &#8211; a k\u00f3kusz gy\u00fcm\u00f6lcs h\u00fas\u00e1b\u00f3l nyerhet\u0151. Olyan okkluz\u00edv r\u00e9teget hoz l\u00e9tre a b\u0151r\u00f6n, amely \u00e9szrevehetetlen, \u00e9s nem cs\u00f6kkenti a k\u00e9nyelmet, de cs\u00f6kkenti a v\u00edzvesztes\u00e9get. Ennek eredm\u00e9nyek\u00e9nt a b\u0151r nem sz\u00e1rad ki. A k\u00f3kuszolaj sz\u00e1raz \u00e9s dehidrat\u00e1lt b\u0151rre aj\u00e1nlott. V\u00e9di a b\u0151rt az UV sug\u00e1rz\u00e1st\u00f3l, \u00e9s ugyanolyan hat\u00e1s\u00fa, mint az SPF 10 sz\u0171r\u0151vel ell\u00e1tott kr\u00e9mek.<\/li>\n<li>Ezenk\u00edv\u00fcl az Oilidermis tartalmaz <a href=\"https:\/\/en.wikipedia.org\/wiki\/Sunflower_oil\" target=\"_blank\" rel=\"nofollow noopener\">napraforg\u00f3magolajat<\/a> , <a href=\"https:\/\/en.wikipedia.org\/wiki\/Borage\" target=\"_blank\" rel=\"nofollow noopener\">bor\u00e1g\u00f3olajat<\/a> , <a href=\"https:\/\/en.wikipedia.org\/wiki\/Macadamia\" target=\"_blank\" rel=\"nofollow noopener\">makad\u00e1miadi\u00f3olajat<\/a> <a href=\"https:\/\/en.wikipedia.org\/wiki\/Rosemary\" target=\"_blank\" rel=\"nofollow noopener\">, rozmaring<\/a> lev\u00e9lolajat \u00e9s <a href=\"https:\/\/en.wikipedia.org\/wiki\/Abies_sibirica\" target=\"_blank\" rel=\"nofollow noopener\">szib\u00e9riai<\/a> feny\u0151olajat. Kieg\u00e9sz\u00edtik gy\u00f3gy- \u00e9s kozmetikai n\u00f6v\u00e9nyek kivonataival: <a href=\"https:\/\/en.wikipedia.org\/wiki\/Arctium_lappa\" target=\"_blank\" rel=\"nofollow noopener\">nagyobb bojtorj\u00e1n<\/a> , <a href=\"https:\/\/en.wikipedia.org\/wiki\/Oat\" rel=\"nofollow\">zab<\/a> , <a href=\"https:\/\/en.wikipedia.org\/wiki\/Betula_pendula\" target=\"_blank\" rel=\"nofollow noopener\">szem\u00f6lcs\u00f6s ny\u00edr<\/a> , <a href=\"https:\/\/en.wikipedia.org\/wiki\/Calendula_officinalis\" target=\"_blank\" rel=\"nofollow noopener\">k\u00f6r\u00f6mvir\u00e1g<\/a> , <a href=\"https:\/\/en.wikipedia.org\/wiki\/Centella_asiatica\" target=\"_blank\" rel=\"nofollow noopener\">\u00e1zsiai sz\u00e1zl\u00e1b\u00fa<\/a> , <a href=\"https:\/\/en.wikipedia.org\/wiki\/Morinda_citrifolia\">indiai eperfa<\/a> , <a href=\"https:\/\/en.wikipedia.org\/wiki\/Pueraria_montana\" target=\"_blank\" rel=\"nofollow noopener\">foltos ellen\u00e1ll\u00e1s<\/a> \u00e9s a <a href=\"https:\/\/en.wikipedia.org\/wiki\/Gardenia_taitensis\" target=\"_blank\" rel=\"nofollow noopener\">tahiti gard\u00e9nia<\/a> .<\/li>\n<\/ul>\n<h2><span class=\"ez-toc-section\" id=\"Hogyan_kell_hasznalni_az_Oilidermist\"><\/span>Hogyan kell haszn\u00e1lni az Oilidermist?<span class=\"ez-toc-section-end\"><\/span><\/h2>\n<p>Az olajat sz\u00e9les k\u00f6rben haszn\u00e1lj\u00e1k a b\u0151r- \u00e9s haj\u00e1pol\u00e1sban. K\u00e9tf\u00e9le m\u00f3don haszn\u00e1lhat\u00f3:<\/p>\n<ol>\n<li><strong>B\u0151r \u00e9s b\u0151r\u00e1pol\u00e1s<\/strong> &#8211; egy v\u00e9kony olajr\u00e9teget (csak n\u00e9h\u00e1ny csepp el\u00e9g) felvisz\u00fcnk a b\u0151rre, \u00e9s k\u00f6rk\u00f6r\u00f6s mozdulatokkal alaposan beled\u00f6rzs\u00f6lj\u00fck. Ennek k\u00f6sz\u00f6nhet\u0151en hat\u00e9konyabban \u00e1ztatja. Hasonl\u00f3k\u00e9ppen haszn\u00e1lj\u00e1k, ha az arcra kenik. Az olaj keverhet\u0151 arckr\u00e9mekkel is.<\/li>\n<li><strong>Haj\u00e1pol\u00e1s<\/strong> &#8211; az olajat a haj teljes hossz\u00e1ban alkalmazz\u00e1k, k\u00fcl\u00f6n\u00f6s figyelmet ford\u00edtva a v\u00e9gekre. Az Oilidermist hajbalzsamk\u00e9nt haszn\u00e1lj\u00e1k hetente 1-2 alkalommal, lehet\u0151leg 10 perccel a mos\u00e1s el\u0151tt.<\/li>\n<\/ol>\n<p>A term\u00e9ket kiz\u00e1r\u00f3lag k\u00fcls\u0151 haszn\u00e1latra sz\u00e1nj\u00e1k. Javasolt naponta egyszer haszn\u00e1lni. T\u00e1rolja sz\u00e1raz helyen, gyermekekt\u0151l elz\u00e1rva.<\/p>\n<h2><span class=\"ez-toc-section\" id=\"Velemenyek_az_Oilidermis_hatekonysagarol\"><\/span>V\u00e9lem\u00e9nyek az Oilidermis hat\u00e9konys\u00e1g\u00e1r\u00f3l<span class=\"ez-toc-section-end\"><\/span><\/h2>\n<ul>\n<li><strong>A b\u0151r\u00f6m sima, feszes \u00e9s rugalmas<\/strong> &#8211; <em>\u201eMinden n\u0151nek megvan a maga tapasztalata a kozmetikumokkal kapcsolatban. Vannak, akik jobbak, m\u00e1sok rosszabbak, m\u00e1sokat teljesen be kell tiltani. Hasonl\u00f3 volt velem. Az \u00e9vek sor\u00e1n rengeteg k\u00fcl\u00f6nf\u00e9le k\u00e9sz\u00edtm\u00e9nyt &#8222;dolgoztam fel&#8221;, amelyek \u00e1ll\u00edt\u00f3lag csod\u00e1latos er\u0151vel b\u00edrtak, t\u00e1pl\u00e1lt\u00e1k a b\u0151rt \u00e9s elt\u00fcntett\u00e9k a r\u00e1ncokat. A t\u00falnyom\u00f3 t\u00f6bbs\u00e9g m\u00e9g a gy\u00e1rt\u00f3 \u00e1ltal bejelentett m\u00f3don sem m\u0171k\u00f6d\u00f6tt, m\u00e9ghozz\u00e1 kis m\u00e9rt\u00e9kben. M\u00e1r egy ideje haszn\u00e1lom az Oilidermist, \u00e9s nem tervezem v\u00e1ltoztat\u00e1sokat. Kiv\u00e9tel \u00e9s gy\u00f6ngyszem a testolajok k\u00f6z\u00f6tt. \u00c9szrevettem, hogy alig n\u00e9h\u00e1ny napos haszn\u00e1lat ut\u00e1n a b\u0151r\u00f6m kellemesebben \u00e9rzi az \u00e9rint\u00e9s\u00e9t. Rendszeresen alkalmazva visszanyerte sz\u00edn\u00e9t, sima, szil\u00e1rd \u00e9s rugalmas. Legal\u00e1bb n\u00e9h\u00e1ny \u00e9vvel visszatettem a &#8222;sz\u00e1ml\u00e1l\u00f3mat&#8221;.<\/em><\/li>\n<li><strong>Kett\u0151s hat\u00e1s!<\/strong> &#8211; <em>\u201eV\u00e9letlen\u00fcl bukkantam r\u00e1 az Oilidermisre, amikor egy hat\u00e9kony b\u0151r\u00e1pol\u00f3 olajat kerestem. A gazdag \u00f6sszet\u00e9tel miatt v\u00e1lasztottam. \u00c9s term\u00e9szetes \u00f6sszetev\u0151ket. Nem t\u00e9vedtem. Ett\u0151l fiatalabbnak l\u00e1tszom. A r\u00e1ncokat kev\u00e9sb\u00e9 l\u00e1ttam, \u00e9s a b\u0151r\u00f6m sima lett. Az elsz\u00ednez\u0151d\u00e9s \u00e9s a b\u0151rirrit\u00e1ci\u00f3 elt\u0171nt. M\u00e9g a karomon l\u00e9v\u0151 heg is v\u00e9konyabb\u00e1 \u00e9s kev\u00e9sb\u00e9 \u00e9rezhet\u0151v\u00e9 v\u00e1lt (k\u00edv\u00e1ncsis\u00e1gb\u00f3l pr\u00f3b\u00e1ltam). Ezenk\u00edv\u00fcl kenem az olajat a hajamra. Visszanyert\u00e9k f\u00e9ny\u00fcket. Az Oilidermis kett\u0151s hat\u00e1st fejt ki! Sz\u00edvb\u0151l aj\u00e1nlom! &#8222;<\/em><\/li>\n<li><strong>Nincs t\u00f6bb sz\u00e9gyen<\/strong> &#8211; <em>\u201eMinden nap haszn\u00e1lom az Oilidermist, \u00e9s gy\u00f6ny\u00f6r\u0171, sima b\u0151r\u00f6m van. Dics\u00e9rem, mert seg\u00edtett visszanyerni az eg\u00e9szs\u00e9ges arcsz\u00ednt, amikor m\u00e9g a speci\u00e1lis int\u00e9zked\u00e9sek sem j\u00e1rtak sikerrel. Pattan\u00e1som volt, \u00e9s semmi sem m\u0171k\u00f6d\u00f6tt igaz\u00e1n. Csak az olaj haszn\u00e1lata seg\u00edtett a probl\u00e9ma lek\u00fczd\u00e9s\u00e9ben. A pattan\u00e1sok eleinte kev\u00e9sb\u00e9 voltak l\u00e1that\u00f3ak, de id\u0151vel teljesen elt\u0171ntek. Azokon a helyeken, ahol a b\u0151r megs\u00e9r\u00fclt, kisebb nyomoknak sem volt nyoma. Kor\u00e1bban sz\u00e9gyelltem a megjelen\u00e9semet, most az arcb\u0151r\u00f6m \u00e9rt\u00e9k. Visszanyertem \u00f6nbizalmamat \u00e9s \u00e9let\u00f6r\u00f6m\u00f6m \u201d.<\/em><\/li>\n<\/ul>\n<h2><span class=\"ez-toc-section\" id=\"Hol_lehet_megvasarolni_az_Oilidermist_Ajanlasunk\"><\/span>Hol lehet megv\u00e1s\u00e1rolni az Oilidermist? Aj\u00e1nl\u00e1sunk<span class=\"ez-toc-section-end\"><\/span><\/h2>\n<p>Az Oilidermis kiv\u00e1l\u00f3 min\u0151s\u00e9g\u0171, v\u00e1ltozatos \u00f6sszet\u00e9tel\u0171 olaj, amely gyors \u00e9s t\u00f6bb p\u00e1ly\u00e1s hat\u00e1st k\u00f6lcs\u00f6n\u00f6z. Ez\u00e9rt vannak olcs\u00f3bb \u00e9s kev\u00e9sb\u00e9 hat\u00e9kony hamis\u00edtv\u00e1nyok.<\/p>\n<p>Teh\u00e1t az eredeti term\u00e9k megv\u00e1s\u00e1rl\u00e1s\u00e1nak biztos\u00edt\u00e1sa \u00e9rdek\u00e9ben aj\u00e1nlott k\u00f6zvetlen forr\u00e1sokat haszn\u00e1lni \u00e9s megrendelni a <a href=\"https:\/\/www.uia.archi\/go\/oilidermis\/\" rel=\"nofollow\">gy\u00e1rt\u00f3t\u00f3l a hivatalos weboldalon<\/a> . Ez garant\u00e1lja, hogy igazi Oilidermist kap, teljes m\u00e9rt\u00e9kben hat\u00e9konyan.<\/p>\n<p>Ker\u00fclnie kell azonban a szenz\u00e1ci\u00f3s aj\u00e1nlatokat \u00e9s a gyan\u00fasan alacsony \u00e1rakat, p\u00e9ld\u00e1ul azokat, amelyeket a k\u00f6z\u00f6ss\u00e9gi m\u00e9dia csatorn\u00e1in k\u00edn\u00e1lnak. A gy\u00e1rt\u00f3 \u00e1ltal javasolt \u00e1r tov\u00e1bbra is nagyon vonz\u00f3 egy ilyen oszt\u00e1ly\u00fa term\u00e9k sz\u00e1m\u00e1ra.<\/p>\n<h2><span class=\"ez-toc-section\" id=\"Tenyleg_erdemes_hasznalni_az_Oilidermist_Velemenyunk\"><\/span>T\u00e9nyleg \u00e9rdemes haszn\u00e1lni az Oilidermist? V\u00e9lem\u00e9ny\u00fcnk<span class=\"ez-toc-section-end\"><\/span><\/h2>\n<p>Az Oilidermis olyan olaj, amelyet m\u00e1s term\u00e9kekkel \u00f6sszehasonl\u00edtva gazdag \u00f6sszet\u00e9tele, el\u0151\u00e1ll\u00edt\u00e1si technol\u00f3gi\u00e1ja \u00e9s hat\u00e9konys\u00e1ga k\u00fcl\u00f6nb\u00f6ztet meg.<\/p>\n<p>\u00c9rdemes rendszeresen haszn\u00e1lni b\u0151r- \u00e9s haj\u00e1pol\u00e1sra. A gondosan kiv\u00e1lasztott olajoknak \u00e9s n\u00f6v\u00e9nyi kivonatoknak k\u00f6sz\u00f6nhet\u0151en sz\u00e1mos olyan tulajdons\u00e1ggal rendelkezik, amelyek lehet\u0151v\u00e9 teszik a megjelen\u00e9s gondoz\u00e1s\u00e1t.<\/p>\n<div class=\"belcherwt aligncenter\" style=\"border: #000 dashed 3px; padding: 10px 20px; margin: 10px 0; font-size: 14px;\">\n<p style=\"text-align: left;\"><strong><a href=\"https:\/\/www.uia.archi\/go\/oilidermis\/\" rel=\"nofollow\"><img loading=\"lazy\" decoding=\"async\" class=\"alignleft wp-image-15736\" src=\"https:\/\/www.uia.archi\/wp-content\/uploads\/2020\/11\/oilidermis-200x300.jpg\" alt=\"oilidermis\" width=\"176\" height=\"264\" \/><\/a> MEGJEGYZ\u00c9S:<\/strong> Korl\u00e1tozott ideig az <a href=\"https:\/\/www.uia.archi\/go\/oilidermis\/\" rel=\"nofollow\"><strong>OILIDERMIS<\/strong><\/a> hivatalos forgalmaz\u00f3ja k\u00fcl\u00f6nleges aj\u00e1nlatot k\u00edn\u00e1l olvas\u00f3ink sz\u00e1m\u00e1ra. 100% -os el\u00e9gedetts\u00e9gi garanci\u00e1val j\u00e1r.<\/p>\n<p style=\"text-align: left;\"><a style=\"text-decoration: underline; color: #0046af;\" href=\"https:\/\/www.uia.archi\/go\/oilidermis\/\" rel=\"nofollow\"><strong>Pr\u00f3b\u00e1lja ki az OILIDERMIS-t 50% kedvezm\u00e9nnyel<\/strong><\/a><\/p>\n<p style=\"text-align: left;\"><span style=\"color: #000000;\"><span style=\"background-color: #ffff00;\"><a href=\"https:\/\/www.uia.archi\/go\/oilidermis\/\" rel=\"nofollow\"><span style=\"color: #000000;\"><strong style=\"color: #000000;\">haszn\u00e1lja ezt a linket INGYENES SZ\u00c1LL\u00cdT\u00c1Shoz<\/strong><\/span><\/a><\/span><\/span><\/p>\n<p>&nbsp;<\/p>\n<p style=\"text-align: left;\"><span style=\"color: #ff0000;\"><strong><span style=\"font-family: 'Arial Black';\">A prom\u00f3ci\u00f3 ma v\u00e9get \u00e9r!<\/span><\/strong><\/span><\/p>\n<\/div>\n","protected":false},"excerpt":{"rendered":"<p>Az Oilidermis term\u00e9szetes olaj, amelyet napi b\u0151r- \u00e9s haj\u00e1pol\u00e1sra haszn\u00e1lnak. Sz\u00e1mos el\u0151nyt ny\u00fajt a sz\u00e9ps\u00e9g meg\u0151rz\u00e9s\u00e9hez. Mi k\u00fcl\u00f6nb\u00f6zteti meg m\u00e1s hasonl\u00f3 alkalmaz\u00e1s\u00fa term\u00e9kekt\u0151l? Mik az el\u0151ny\u00f6k&#8221;? Megh\u00edvjuk \u00d6nt, hogy olvassa el a term\u00e9kismertet\u0151t. A b\u0151r \u00f6reged\u00e9se &#8211; nem \u00e1ll\u00edthatja meg, de lass\u00edthatja A b\u0151r \u00f6reged\u00e9se az \u00e9letkorral term\u00e9szetes folyamat, amely mind a n\u0151ket, mind a [&hellip;]<\/p>\n","protected":false},"author":1,"featured_media":0,"comment_status":"open","ping_status":"open","sticky":false,"template":"","format":"standard","meta":{"cybocfi_hide_featured_image":"","footnotes":""},"categories":[16],"tags":[],"class_list":["post-1953","post","type-post","status-publish","format-standard","hentry","category-termek-velemenyek"],"yoast_head":"<!-- This site is optimized with the Yoast SEO plugin v27.5 - https:\/\/yoast.com\/product\/yoast-seo-wordpress\/ -->\n<title>Oilidermis - v\u00e9lem\u00e9ny a b\u0151r- \u00e9s haj\u00e1pol\u00f3 olajr\u00f3l<\/title>\n<meta name=\"description\" content=\"Az Oilidermis egy innovat\u00edv olaj, amelyet b\u0151r- \u00e9s haj\u00e1pol\u00e1sra terveztek. Ismerje meg a v\u00e9lem\u00e9nyt, az \u00f6sszetev\u0151ket, az adagol\u00e1st \u00e9s a v\u00e9lem\u00e9nyeket.\" \/>\n<meta name=\"robots\" content=\"index, follow, max-snippet:-1, max-image-preview:large, max-video-preview:-1\" \/>\n<link rel=\"canonical\" href=\"https:\/\/www.uia.archi\/hu\/oilidermis-velemenyek-osszetevok-akcio-adagolas-bolt-hol-lehet-vasarolni\/\" \/>\n<meta property=\"og:locale\" content=\"hu_HU\" \/>\n<meta property=\"og:type\" content=\"article\" \/>\n<meta property=\"og:title\" content=\"Oilidermis - v\u00e9lem\u00e9ny a b\u0151r- \u00e9s haj\u00e1pol\u00f3 olajr\u00f3l\" \/>\n<meta property=\"og:description\" content=\"Az Oilidermis egy innovat\u00edv olaj, amelyet b\u0151r- \u00e9s haj\u00e1pol\u00e1sra terveztek. Ismerje meg a v\u00e9lem\u00e9nyt, az \u00f6sszetev\u0151ket, az adagol\u00e1st \u00e9s a v\u00e9lem\u00e9nyeket.\" \/>\n<meta property=\"og:url\" content=\"https:\/\/www.uia.archi\/hu\/oilidermis-velemenyek-osszetevok-akcio-adagolas-bolt-hol-lehet-vasarolni\/\" \/>\n<meta property=\"og:site_name\" content=\"Egyedi nemzetk\u00f6zi cikkek\" \/>\n<meta property=\"article:published_time\" content=\"2020-11-08T23:00:00+00:00\" \/>\n<meta property=\"article:modified_time\" content=\"2021-07-21T16:01:22+00:00\" \/>\n<meta property=\"og:image\" content=\"https:\/\/www.uia.archi\/wp-content\/uploads\/2020\/11\/oilidermis-200x300.jpg\" \/>\n<meta name=\"author\" content=\"Writer\" \/>\n<meta name=\"twitter:card\" content=\"summary_large_image\" \/>\n<meta name=\"twitter:label1\" content=\"Szerz\u0151:\" \/>\n\t<meta name=\"twitter:data1\" content=\"Writer\" \/>\n\t<meta name=\"twitter:label2\" content=\"Becs\u00fclt olvas\u00e1si id\u0151\" \/>\n\t<meta name=\"twitter:data2\" content=\"6 perc\" \/>\n<script type=\"application\/ld+json\" class=\"yoast-schema-graph\">{\"@context\":\"https:\\\/\\\/schema.org\",\"@graph\":[{\"@type\":\"Article\",\"@id\":\"https:\\\/\\\/www.uia.archi\\\/hu\\\/oilidermis-velemenyek-osszetevok-akcio-adagolas-bolt-hol-lehet-vasarolni\\\/#article\",\"isPartOf\":{\"@id\":\"https:\\\/\\\/www.uia.archi\\\/hu\\\/oilidermis-velemenyek-osszetevok-akcio-adagolas-bolt-hol-lehet-vasarolni\\\/\"},\"author\":{\"name\":\"Writer\",\"@id\":\"https:\\\/\\\/www.uia.archi\\\/hu\\\/#\\\/schema\\\/person\\\/3d67c6894ced0e7a84948b704169c9c2\"},\"headline\":\"Oilidermis &#8211; v\u00e9lem\u00e9nyek, \u00f6sszetev\u0151k, akci\u00f3, adagol\u00e1s, bolt, hol lehet v\u00e1s\u00e1rolni\",\"datePublished\":\"2020-11-08T23:00:00+00:00\",\"dateModified\":\"2021-07-21T16:01:22+00:00\",\"mainEntityOfPage\":{\"@id\":\"https:\\\/\\\/www.uia.archi\\\/hu\\\/oilidermis-velemenyek-osszetevok-akcio-adagolas-bolt-hol-lehet-vasarolni\\\/\"},\"wordCount\":2041,\"commentCount\":0,\"image\":{\"@id\":\"https:\\\/\\\/www.uia.archi\\\/hu\\\/oilidermis-velemenyek-osszetevok-akcio-adagolas-bolt-hol-lehet-vasarolni\\\/#primaryimage\"},\"thumbnailUrl\":\"https:\\\/\\\/www.uia.archi\\\/wp-content\\\/uploads\\\/2020\\\/11\\\/oilidermis-200x300.jpg\",\"articleSection\":[\"Term\u00e9k v\u00e9lem\u00e9nyek\"],\"inLanguage\":\"hu\",\"potentialAction\":[{\"@type\":\"CommentAction\",\"name\":\"Comment\",\"target\":[\"https:\\\/\\\/www.uia.archi\\\/hu\\\/oilidermis-velemenyek-osszetevok-akcio-adagolas-bolt-hol-lehet-vasarolni\\\/#respond\"]}]},{\"@type\":\"WebPage\",\"@id\":\"https:\\\/\\\/www.uia.archi\\\/hu\\\/oilidermis-velemenyek-osszetevok-akcio-adagolas-bolt-hol-lehet-vasarolni\\\/\",\"url\":\"https:\\\/\\\/www.uia.archi\\\/hu\\\/oilidermis-velemenyek-osszetevok-akcio-adagolas-bolt-hol-lehet-vasarolni\\\/\",\"name\":\"Oilidermis - v\u00e9lem\u00e9ny a b\u0151r- \u00e9s haj\u00e1pol\u00f3 olajr\u00f3l\",\"isPartOf\":{\"@id\":\"https:\\\/\\\/www.uia.archi\\\/hu\\\/#website\"},\"primaryImageOfPage\":{\"@id\":\"https:\\\/\\\/www.uia.archi\\\/hu\\\/oilidermis-velemenyek-osszetevok-akcio-adagolas-bolt-hol-lehet-vasarolni\\\/#primaryimage\"},\"image\":{\"@id\":\"https:\\\/\\\/www.uia.archi\\\/hu\\\/oilidermis-velemenyek-osszetevok-akcio-adagolas-bolt-hol-lehet-vasarolni\\\/#primaryimage\"},\"thumbnailUrl\":\"https:\\\/\\\/www.uia.archi\\\/wp-content\\\/uploads\\\/2020\\\/11\\\/oilidermis-200x300.jpg\",\"datePublished\":\"2020-11-08T23:00:00+00:00\",\"dateModified\":\"2021-07-21T16:01:22+00:00\",\"author\":{\"@id\":\"https:\\\/\\\/www.uia.archi\\\/hu\\\/#\\\/schema\\\/person\\\/3d67c6894ced0e7a84948b704169c9c2\"},\"description\":\"Az Oilidermis egy innovat\u00edv olaj, amelyet b\u0151r- \u00e9s haj\u00e1pol\u00e1sra terveztek. Ismerje meg a v\u00e9lem\u00e9nyt, az \u00f6sszetev\u0151ket, az adagol\u00e1st \u00e9s a v\u00e9lem\u00e9nyeket.\",\"breadcrumb\":{\"@id\":\"https:\\\/\\\/www.uia.archi\\\/hu\\\/oilidermis-velemenyek-osszetevok-akcio-adagolas-bolt-hol-lehet-vasarolni\\\/#breadcrumb\"},\"inLanguage\":\"hu\",\"potentialAction\":[{\"@type\":\"ReadAction\",\"target\":[\"https:\\\/\\\/www.uia.archi\\\/hu\\\/oilidermis-velemenyek-osszetevok-akcio-adagolas-bolt-hol-lehet-vasarolni\\\/\"]}]},{\"@type\":\"ImageObject\",\"inLanguage\":\"hu\",\"@id\":\"https:\\\/\\\/www.uia.archi\\\/hu\\\/oilidermis-velemenyek-osszetevok-akcio-adagolas-bolt-hol-lehet-vasarolni\\\/#primaryimage\",\"url\":\"https:\\\/\\\/www.uia.archi\\\/wp-content\\\/uploads\\\/2020\\\/11\\\/oilidermis-200x300.jpg\",\"contentUrl\":\"https:\\\/\\\/www.uia.archi\\\/wp-content\\\/uploads\\\/2020\\\/11\\\/oilidermis-200x300.jpg\"},{\"@type\":\"BreadcrumbList\",\"@id\":\"https:\\\/\\\/www.uia.archi\\\/hu\\\/oilidermis-velemenyek-osszetevok-akcio-adagolas-bolt-hol-lehet-vasarolni\\\/#breadcrumb\",\"itemListElement\":[{\"@type\":\"ListItem\",\"position\":1,\"name\":\"itthon\",\"item\":\"https:\\\/\\\/www.uia.archi\\\/hu\\\/\"},{\"@type\":\"ListItem\",\"position\":2,\"name\":\"Term\u00e9k v\u00e9lem\u00e9nyek\",\"item\":\"https:\\\/\\\/www.uia.archi\\\/hu\\\/category\\\/termek-velemenyek\\\/\"},{\"@type\":\"ListItem\",\"position\":3,\"name\":\"Oilidermis &#8211; v\u00e9lem\u00e9nyek, \u00f6sszetev\u0151k, akci\u00f3, adagol\u00e1s, bolt, hol lehet v\u00e1s\u00e1rolni\"}]},{\"@type\":\"WebSite\",\"@id\":\"https:\\\/\\\/www.uia.archi\\\/hu\\\/#website\",\"url\":\"https:\\\/\\\/www.uia.archi\\\/hu\\\/\",\"name\":\"Egyedi nemzetk\u00f6zi cikkek\",\"description\":\"K\u00fcl\u00f6nb\u00f6z\u0151 t\u00e9m\u00e1j\u00fa cikkek, \u00e9rt\u00e9kes tud\u00e1sforr\u00e1s az \u00d6n \u00e9s csal\u00e1dja sz\u00e1m\u00e1ra\",\"potentialAction\":[{\"@type\":\"SearchAction\",\"target\":{\"@type\":\"EntryPoint\",\"urlTemplate\":\"https:\\\/\\\/www.uia.archi\\\/hu\\\/?s={search_term_string}\"},\"query-input\":{\"@type\":\"PropertyValueSpecification\",\"valueRequired\":true,\"valueName\":\"search_term_string\"}}],\"inLanguage\":\"hu\"},{\"@type\":\"Person\",\"@id\":\"https:\\\/\\\/www.uia.archi\\\/hu\\\/#\\\/schema\\\/person\\\/3d67c6894ced0e7a84948b704169c9c2\",\"name\":\"Writer\",\"image\":{\"@type\":\"ImageObject\",\"inLanguage\":\"hu\",\"@id\":\"https:\\\/\\\/www.uia.archi\\\/wp-content\\\/litespeed\\\/avatar\\\/1a002795387e512944da0898076d6c44.jpg?ver=1777482563\",\"url\":\"https:\\\/\\\/www.uia.archi\\\/wp-content\\\/litespeed\\\/avatar\\\/1a002795387e512944da0898076d6c44.jpg?ver=1777482563\",\"contentUrl\":\"https:\\\/\\\/www.uia.archi\\\/wp-content\\\/litespeed\\\/avatar\\\/1a002795387e512944da0898076d6c44.jpg?ver=1777482563\",\"caption\":\"Writer\"},\"sameAs\":[\"https:\\\/\\\/www.uia.archi\"],\"url\":\"https:\\\/\\\/www.uia.archi\\\/hu\\\/author\\\/writer\\\/\"}]}<\/script>\n<!-- \/ Yoast SEO plugin. -->","yoast_head_json":{"title":"Oilidermis - v\u00e9lem\u00e9ny a b\u0151r- \u00e9s haj\u00e1pol\u00f3 olajr\u00f3l","description":"Az Oilidermis egy innovat\u00edv olaj, amelyet b\u0151r- \u00e9s haj\u00e1pol\u00e1sra terveztek. Ismerje meg a v\u00e9lem\u00e9nyt, az \u00f6sszetev\u0151ket, az adagol\u00e1st \u00e9s a v\u00e9lem\u00e9nyeket.","robots":{"index":"index","follow":"follow","max-snippet":"max-snippet:-1","max-image-preview":"max-image-preview:large","max-video-preview":"max-video-preview:-1"},"canonical":"https:\/\/www.uia.archi\/hu\/oilidermis-velemenyek-osszetevok-akcio-adagolas-bolt-hol-lehet-vasarolni\/","og_locale":"hu_HU","og_type":"article","og_title":"Oilidermis - v\u00e9lem\u00e9ny a b\u0151r- \u00e9s haj\u00e1pol\u00f3 olajr\u00f3l","og_description":"Az Oilidermis egy innovat\u00edv olaj, amelyet b\u0151r- \u00e9s haj\u00e1pol\u00e1sra terveztek. Ismerje meg a v\u00e9lem\u00e9nyt, az \u00f6sszetev\u0151ket, az adagol\u00e1st \u00e9s a v\u00e9lem\u00e9nyeket.","og_url":"https:\/\/www.uia.archi\/hu\/oilidermis-velemenyek-osszetevok-akcio-adagolas-bolt-hol-lehet-vasarolni\/","og_site_name":"Egyedi nemzetk\u00f6zi cikkek","article_published_time":"2020-11-08T23:00:00+00:00","article_modified_time":"2021-07-21T16:01:22+00:00","og_image":[{"url":"https:\/\/www.uia.archi\/wp-content\/uploads\/2020\/11\/oilidermis-200x300.jpg","type":"","width":"","height":""}],"author":"Writer","twitter_card":"summary_large_image","twitter_misc":{"Szerz\u0151:":"Writer","Becs\u00fclt olvas\u00e1si id\u0151":"6 perc"},"schema":{"@context":"https:\/\/schema.org","@graph":[{"@type":"Article","@id":"https:\/\/www.uia.archi\/hu\/oilidermis-velemenyek-osszetevok-akcio-adagolas-bolt-hol-lehet-vasarolni\/#article","isPartOf":{"@id":"https:\/\/www.uia.archi\/hu\/oilidermis-velemenyek-osszetevok-akcio-adagolas-bolt-hol-lehet-vasarolni\/"},"author":{"name":"Writer","@id":"https:\/\/www.uia.archi\/hu\/#\/schema\/person\/3d67c6894ced0e7a84948b704169c9c2"},"headline":"Oilidermis &#8211; v\u00e9lem\u00e9nyek, \u00f6sszetev\u0151k, akci\u00f3, adagol\u00e1s, bolt, hol lehet v\u00e1s\u00e1rolni","datePublished":"2020-11-08T23:00:00+00:00","dateModified":"2021-07-21T16:01:22+00:00","mainEntityOfPage":{"@id":"https:\/\/www.uia.archi\/hu\/oilidermis-velemenyek-osszetevok-akcio-adagolas-bolt-hol-lehet-vasarolni\/"},"wordCount":2041,"commentCount":0,"image":{"@id":"https:\/\/www.uia.archi\/hu\/oilidermis-velemenyek-osszetevok-akcio-adagolas-bolt-hol-lehet-vasarolni\/#primaryimage"},"thumbnailUrl":"https:\/\/www.uia.archi\/wp-content\/uploads\/2020\/11\/oilidermis-200x300.jpg","articleSection":["Term\u00e9k v\u00e9lem\u00e9nyek"],"inLanguage":"hu","potentialAction":[{"@type":"CommentAction","name":"Comment","target":["https:\/\/www.uia.archi\/hu\/oilidermis-velemenyek-osszetevok-akcio-adagolas-bolt-hol-lehet-vasarolni\/#respond"]}]},{"@type":"WebPage","@id":"https:\/\/www.uia.archi\/hu\/oilidermis-velemenyek-osszetevok-akcio-adagolas-bolt-hol-lehet-vasarolni\/","url":"https:\/\/www.uia.archi\/hu\/oilidermis-velemenyek-osszetevok-akcio-adagolas-bolt-hol-lehet-vasarolni\/","name":"Oilidermis - v\u00e9lem\u00e9ny a b\u0151r- \u00e9s haj\u00e1pol\u00f3 olajr\u00f3l","isPartOf":{"@id":"https:\/\/www.uia.archi\/hu\/#website"},"primaryImageOfPage":{"@id":"https:\/\/www.uia.archi\/hu\/oilidermis-velemenyek-osszetevok-akcio-adagolas-bolt-hol-lehet-vasarolni\/#primaryimage"},"image":{"@id":"https:\/\/www.uia.archi\/hu\/oilidermis-velemenyek-osszetevok-akcio-adagolas-bolt-hol-lehet-vasarolni\/#primaryimage"},"thumbnailUrl":"https:\/\/www.uia.archi\/wp-content\/uploads\/2020\/11\/oilidermis-200x300.jpg","datePublished":"2020-11-08T23:00:00+00:00","dateModified":"2021-07-21T16:01:22+00:00","author":{"@id":"https:\/\/www.uia.archi\/hu\/#\/schema\/person\/3d67c6894ced0e7a84948b704169c9c2"},"description":"Az Oilidermis egy innovat\u00edv olaj, amelyet b\u0151r- \u00e9s haj\u00e1pol\u00e1sra terveztek. Ismerje meg a v\u00e9lem\u00e9nyt, az \u00f6sszetev\u0151ket, az adagol\u00e1st \u00e9s a v\u00e9lem\u00e9nyeket.","breadcrumb":{"@id":"https:\/\/www.uia.archi\/hu\/oilidermis-velemenyek-osszetevok-akcio-adagolas-bolt-hol-lehet-vasarolni\/#breadcrumb"},"inLanguage":"hu","potentialAction":[{"@type":"ReadAction","target":["https:\/\/www.uia.archi\/hu\/oilidermis-velemenyek-osszetevok-akcio-adagolas-bolt-hol-lehet-vasarolni\/"]}]},{"@type":"ImageObject","inLanguage":"hu","@id":"https:\/\/www.uia.archi\/hu\/oilidermis-velemenyek-osszetevok-akcio-adagolas-bolt-hol-lehet-vasarolni\/#primaryimage","url":"https:\/\/www.uia.archi\/wp-content\/uploads\/2020\/11\/oilidermis-200x300.jpg","contentUrl":"https:\/\/www.uia.archi\/wp-content\/uploads\/2020\/11\/oilidermis-200x300.jpg"},{"@type":"BreadcrumbList","@id":"https:\/\/www.uia.archi\/hu\/oilidermis-velemenyek-osszetevok-akcio-adagolas-bolt-hol-lehet-vasarolni\/#breadcrumb","itemListElement":[{"@type":"ListItem","position":1,"name":"itthon","item":"https:\/\/www.uia.archi\/hu\/"},{"@type":"ListItem","position":2,"name":"Term\u00e9k v\u00e9lem\u00e9nyek","item":"https:\/\/www.uia.archi\/hu\/category\/termek-velemenyek\/"},{"@type":"ListItem","position":3,"name":"Oilidermis &#8211; v\u00e9lem\u00e9nyek, \u00f6sszetev\u0151k, akci\u00f3, adagol\u00e1s, bolt, hol lehet v\u00e1s\u00e1rolni"}]},{"@type":"WebSite","@id":"https:\/\/www.uia.archi\/hu\/#website","url":"https:\/\/www.uia.archi\/hu\/","name":"Egyedi nemzetk\u00f6zi cikkek","description":"K\u00fcl\u00f6nb\u00f6z\u0151 t\u00e9m\u00e1j\u00fa cikkek, \u00e9rt\u00e9kes tud\u00e1sforr\u00e1s az \u00d6n \u00e9s csal\u00e1dja sz\u00e1m\u00e1ra","potentialAction":[{"@type":"SearchAction","target":{"@type":"EntryPoint","urlTemplate":"https:\/\/www.uia.archi\/hu\/?s={search_term_string}"},"query-input":{"@type":"PropertyValueSpecification","valueRequired":true,"valueName":"search_term_string"}}],"inLanguage":"hu"},{"@type":"Person","@id":"https:\/\/www.uia.archi\/hu\/#\/schema\/person\/3d67c6894ced0e7a84948b704169c9c2","name":"Writer","image":{"@type":"ImageObject","inLanguage":"hu","@id":"https:\/\/www.uia.archi\/wp-content\/litespeed\/avatar\/1a002795387e512944da0898076d6c44.jpg?ver=1777482563","url":"https:\/\/www.uia.archi\/wp-content\/litespeed\/avatar\/1a002795387e512944da0898076d6c44.jpg?ver=1777482563","contentUrl":"https:\/\/www.uia.archi\/wp-content\/litespeed\/avatar\/1a002795387e512944da0898076d6c44.jpg?ver=1777482563","caption":"Writer"},"sameAs":["https:\/\/www.uia.archi"],"url":"https:\/\/www.uia.archi\/hu\/author\/writer\/"}]}},"blog_post_layout_featured_media_urls":{"thumbnail":"","full":""},"categories_names":{"16":{"name":"Term\u00e9k v\u00e9lem\u00e9nyek","link":"https:\/\/www.uia.archi\/hu\/category\/termek-velemenyek\/"}},"tags_names":[],"comments_number":"0","wpmagazine_modules_lite_featured_media_urls":{"thumbnail":"","cvmm-medium":"","cvmm-medium-plus":"","cvmm-portrait":"","cvmm-medium-square":"","cvmm-large":"","cvmm-small":"","full":""},"_links":{"self":[{"href":"https:\/\/www.uia.archi\/hu\/wp-json\/wp\/v2\/posts\/1953","targetHints":{"allow":["GET"]}}],"collection":[{"href":"https:\/\/www.uia.archi\/hu\/wp-json\/wp\/v2\/posts"}],"about":[{"href":"https:\/\/www.uia.archi\/hu\/wp-json\/wp\/v2\/types\/post"}],"author":[{"embeddable":true,"href":"https:\/\/www.uia.archi\/hu\/wp-json\/wp\/v2\/users\/1"}],"replies":[{"embeddable":true,"href":"https:\/\/www.uia.archi\/hu\/wp-json\/wp\/v2\/comments?post=1953"}],"version-history":[{"count":0,"href":"https:\/\/www.uia.archi\/hu\/wp-json\/wp\/v2\/posts\/1953\/revisions"}],"wp:attachment":[{"href":"https:\/\/www.uia.archi\/hu\/wp-json\/wp\/v2\/media?parent=1953"}],"wp:term":[{"taxonomy":"category","embeddable":true,"href":"https:\/\/www.uia.archi\/hu\/wp-json\/wp\/v2\/categories?post=1953"},{"taxonomy":"post_tag","embeddable":true,"href":"https:\/\/www.uia.archi\/hu\/wp-json\/wp\/v2\/tags?post=1953"}],"curies":[{"name":"wp","href":"https:\/\/api.w.org\/{rel}","templated":true}]}}