{"id":2012,"date":"2020-11-16T00:00:00","date_gmt":"2020-11-15T23:00:00","guid":{"rendered":"https:\/\/www.uia.archi\/germixil-velemeny-a-parazitak-elokesziteserol\/"},"modified":"2021-06-08T21:20:29","modified_gmt":"2021-06-08T19:20:29","slug":"germixil-velemeny-a-parazitak-elokesziteserol","status":"publish","type":"post","link":"https:\/\/www.uia.archi\/hu\/germixil-velemeny-a-parazitak-elokesziteserol\/","title":{"rendered":"Germixil &#8211; v\u00e9lem\u00e9ny a parazit\u00e1k el\u0151k\u00e9sz\u00edt\u00e9s\u00e9r\u0151l<br><br>"},"content":{"rendered":"<div id=\"ez-toc-container\" class=\"ez-toc-v2_0_82_2 counter-hierarchy ez-toc-counter ez-toc-grey ez-toc-container-direction\">\n<p class=\"ez-toc-title\" style=\"cursor:inherit\">Tartalomjegyz\u00e9k:<\/p>\n<label for=\"ez-toc-cssicon-toggle-item-69f5ae7ea39bf\" class=\"ez-toc-cssicon-toggle-label\"><span class=\"\"><span class=\"eztoc-hide\" style=\"display:none;\">Toggle<\/span><span class=\"ez-toc-icon-toggle-span\"><svg style=\"fill: #999;color:#999\" xmlns=\"http:\/\/www.w3.org\/2000\/svg\" class=\"list-377408\" width=\"20px\" height=\"20px\" viewBox=\"0 0 24 24\" fill=\"none\"><path d=\"M6 6H4v2h2V6zm14 0H8v2h12V6zM4 11h2v2H4v-2zm16 0H8v2h12v-2zM4 16h2v2H4v-2zm16 0H8v2h12v-2z\" fill=\"currentColor\"><\/path><\/svg><svg style=\"fill: #999;color:#999\" class=\"arrow-unsorted-368013\" xmlns=\"http:\/\/www.w3.org\/2000\/svg\" width=\"10px\" height=\"10px\" viewBox=\"0 0 24 24\" version=\"1.2\" baseProfile=\"tiny\"><path d=\"M18.2 9.3l-6.2-6.3-6.2 6.3c-.2.2-.3.4-.3.7s.1.5.3.7c.2.2.4.3.7.3h11c.3 0 .5-.1.7-.3.2-.2.3-.5.3-.7s-.1-.5-.3-.7zM5.8 14.7l6.2 6.3 6.2-6.3c.2-.2.3-.5.3-.7s-.1-.5-.3-.7c-.2-.2-.4-.3-.7-.3h-11c-.3 0-.5.1-.7.3-.2.2-.3.5-.3.7s.1.5.3.7z\"\/><\/svg><\/span><\/span><\/label><input type=\"checkbox\"  id=\"ez-toc-cssicon-toggle-item-69f5ae7ea39bf\"  aria-label=\"Toggle\" \/><nav><ul class='ez-toc-list ez-toc-list-level-1 ' ><li class='ez-toc-page-1 ez-toc-heading-level-3'><a class=\"ez-toc-link ez-toc-heading-1\" href=\"https:\/\/www.uia.archi\/hu\/germixil-velemeny-a-parazitak-elokesziteserol\/#Parazitak_es_Germixil_%E2%80%93_mit_kell_tudni\" >Parazit\u00e1k \u00e9s Germixil &#8211; mit kell tudni?<\/a><\/li><li class='ez-toc-page-1 ez-toc-heading-level-3'><a class=\"ez-toc-link ez-toc-heading-2\" href=\"https:\/\/www.uia.archi\/hu\/germixil-velemeny-a-parazitak-elokesziteserol\/#Melyek_a_javallatok_a_Germixil_alkalmazasara\" >Melyek a javallatok a Germixil alkalmaz\u00e1s\u00e1ra?<\/a><\/li><li class='ez-toc-page-1 ez-toc-heading-level-3'><a class=\"ez-toc-link ez-toc-heading-3\" href=\"https:\/\/www.uia.archi\/hu\/germixil-velemeny-a-parazitak-elokesziteserol\/#Milyen_hatasai_vannak_a_Germixil_alkalmazasanak\" >Milyen hat\u00e1sai vannak a Germixil alkalmaz\u00e1s\u00e1nak?<\/a><\/li><li class='ez-toc-page-1 ez-toc-heading-level-3'><a class=\"ez-toc-link ez-toc-heading-4\" href=\"https:\/\/www.uia.archi\/hu\/germixil-velemeny-a-parazitak-elokesziteserol\/#Germixil_%E2%80%93_a_termeszet_erejen_alapulo_kiegeszito\" >Germixil &#8211; a term\u00e9szet erej\u00e9n alapul\u00f3 kieg\u00e9sz\u00edt\u0151<\/a><\/li><li class='ez-toc-page-1 ez-toc-heading-level-3'><a class=\"ez-toc-link ez-toc-heading-5\" href=\"https:\/\/www.uia.archi\/hu\/germixil-velemeny-a-parazitak-elokesziteserol\/#Hogyan_kell_alkalmazni_a_Germixilt\" >Hogyan kell alkalmazni a Germixilt?<\/a><\/li><li class='ez-toc-page-1 ez-toc-heading-level-3'><a class=\"ez-toc-link ez-toc-heading-6\" href=\"https:\/\/www.uia.archi\/hu\/germixil-velemeny-a-parazitak-elokesziteserol\/#Velemenyek_a_Germixil_keszitmeny_hatekonysagarol\" >V\u00e9lem\u00e9nyek a Germixil k\u00e9sz\u00edtm\u00e9ny hat\u00e9konys\u00e1g\u00e1r\u00f3l<\/a><\/li><li class='ez-toc-page-1 ez-toc-heading-level-3'><a class=\"ez-toc-link ez-toc-heading-7\" href=\"https:\/\/www.uia.archi\/hu\/germixil-velemeny-a-parazitak-elokesziteserol\/#Hol_lehet_megvasarolni_a_Germixilt_Velemenyunk\" >Hol lehet megv\u00e1s\u00e1rolni a Germixilt? V\u00e9lem\u00e9ny\u00fcnk<\/a><\/li><li class='ez-toc-page-1 ez-toc-heading-level-3'><a class=\"ez-toc-link ez-toc-heading-8\" href=\"https:\/\/www.uia.archi\/hu\/germixil-velemeny-a-parazitak-elokesziteserol\/#Erdemes_hasznalni_a_Germixilt_Ertekelesunk\" >\u00c9rdemes haszn\u00e1lni a Germixilt? \u00c9rt\u00e9kel\u00e9s\u00fcnk<\/a><\/li><\/ul><\/nav><\/div>\n<p><a href=\"https:\/\/www.uia.archi\/go\/germixil\/\" rel=\"nofollow\"><img loading=\"lazy\" decoding=\"async\" class=\"alignleft wp-image-15929 size-medium\" src=\"https:\/\/www.uia.archi\/wp-content\/uploads\/2020\/11\/germixil-207x300.jpg\" alt=\"germixil\" width=\"207\" height=\"300\" \/><\/a> A Germixil \u00e9trend-kieg\u00e9sz\u00edt\u0151, amely seg\u00edt megszabadulni a parazit\u00e1kt\u00f3l a szervezetb\u0151l. Jav\u00edtja az eg\u00e9szs\u00e9get \u00e9s v\u00e9d a k\u00fcl\u00f6nf\u00e9le f\u00e9rgek ellen.<\/p>\n<p>A term\u00e9k term\u00e9szetes \u00f6sszetev\u0151k\u00f6n, ismert \u00e9s nagyra \u00e9rt\u00e9kelt gy\u00f3gyn\u00f6v\u00e9nyeken alapul. Az al\u00e1bbiakban \u00f6ssze\u00e1ll\u00edtottunk egy inform\u00e1ci\u00f3s \u00f6sszefoglal\u00f3t, az azokat haszn\u00e1l\u00f3k v\u00e9lem\u00e9ny\u00e9vel egy\u00fctt. Megh\u00edvjuk, hogy olvassa el az \u00e1ttekint\u00e9st.<\/p>\n<h3><span class=\"ez-toc-section\" id=\"Parazitak_es_Germixil_%E2%80%93_mit_kell_tudni\"><\/span>Parazit\u00e1k \u00e9s Germixil &#8211; mit kell tudni?<span class=\"ez-toc-section-end\"><\/span><\/h3>\n<p>A parazit\u00e1k a testben olyan t\u00e9m\u00e1k, amelyekr\u0151l ritk\u00e1n esik sz\u00f3. Ez nem tabu, de a legt\u00f6bb esetben a bakt\u00e9riumok, v\u00edrusok \u00e9s gomb\u00e1k okolhat\u00f3k els\u0151k\u00e9nt. Ek\u00f6zben a f\u00e9rgek (\u00e9s m\u00e9g sok m\u00e1s &#8211; a parazit\u00e1k egy t\u00e1gabb csoport) felel\u0151sek sok betegs\u00e9g\u00e9rt, a kr\u00f3nikus f\u00e1radts\u00e1g\u00e9rt \u00e9s az \u00e1lmatlans\u00e1g\u00e9rt.<\/p>\n<p>A p\u00e9lda\u00e9rt\u00e9k\u0171 higi\u00e9nia ellen\u00e9re lehetetlen teljesen megv\u00e9deni \u0151ket. \u00c9tellel, talajjal, v\u00edzzel vagy &#8222;szennyezett&#8221; t\u00e1rgyak meg\u00e9rint\u00e9s\u00e9vel ker\u00fclnek a szervezetbe. Megfert\u0151z\u0151dhet m\u00e1s emberekt\u0151l \u00e9s \u00e1llatokt\u00f3l is. Ez\u00e9rt kell haszn\u00e1lni a parazit\u00e1kat elpuszt\u00edt\u00f3 profilaktikus term\u00e9keket. A Germixil egyike ezeknek.<\/p>\n<h3><span class=\"ez-toc-section\" id=\"Melyek_a_javallatok_a_Germixil_alkalmazasara\"><\/span>Melyek a javallatok a Germixil alkalmaz\u00e1s\u00e1ra?<span class=\"ez-toc-section-end\"><\/span><\/h3>\n<p>A Germixil feln\u0151ttek \u00e9s gyermekek olyan zavar\u00f3 t\u00fcnetekkel alkalmazhat\u00f3, mint allergia, kr\u00f3nikus f\u00e1radts\u00e1g, \u00e1lmatlans\u00e1g, gyakori megf\u00e1z\u00e1s \u00e9s mandulagyullad\u00e1s, fejf\u00e1j\u00e1s, sz\u00e9kreked\u00e9s, izom- \u00e9s \u00edz\u00fcleti f\u00e1jdalom, \u00e9tv\u00e1gyhi\u00e1ny, idegess\u00e9g \u00e9s a szem alatti t\u00e1sk\u00e1k.<\/p>\n<p>Term\u00e9szetesen a fenti betegs\u00e9geknek m\u00e1s okai is lehetnek, p\u00e9ld\u00e1ul a fert\u0151z\u00e9s miatt. \u00c9rdemes azonban haszn\u00e1lni a kieg\u00e9sz\u00edt\u00e9st, mert seg\u00edthet a testnek a k\u00fcl\u00f6nb\u00f6z\u0151 ter\u00fcleteken, \u00e9s biztosan nem fog \u00e1rtani.<\/p>\n<p>Javasoljuk, hogy a probl\u00e9m\u00e1t elker\u00fclend\u0151 megel\u0151z\u0151 int\u00e9zked\u00e9sk\u00e9nt haszn\u00e1lja a term\u00e9ket. Jobb megel\u0151zni, mint gy\u00f3gy\u00edtani!<\/p>\n<h3><span class=\"ez-toc-section\" id=\"Milyen_hatasai_vannak_a_Germixil_alkalmazasanak\"><\/span>Milyen hat\u00e1sai vannak a Germixil alkalmaz\u00e1s\u00e1nak?<span class=\"ez-toc-section-end\"><\/span><\/h3>\n<ul>\n<li>hat\u00e9kony k\u00fczdelem a parazit\u00e1k ellen, amelyek megfelelnek t\u00f6bbek k\u00f6z\u00f6tt a a fent eml\u00edtett t\u00fcnetek eset\u00e9n;<\/li>\n<li>az \u00faj fert\u0151z\u00e9sek megel\u0151z\u00e9se;<\/li>\n<li>tev\u00e9kenys\u00e9gek sz\u00e9les sk\u00e1l\u00e1ja, bele\u00e9rtve az enterobiosist (pinwormok), ascarisokat (roundworms), trichocephalosisokat (kapill\u00e1risok), duodenalis hookwormot \u00e9s vegyes fert\u0151z\u00e9seket;<\/li>\n<li>az allergi\u00e1s dermatitis elleni k\u00fczdelem;<\/li>\n<li>gasztritisz, fek\u00e9lyek \u00e9s hasmen\u00e9s elt\u00e1vol\u00edt\u00e1sa;<\/li>\n<li>v\u00e9rszeg\u00e9nys\u00e9g elleni k\u00fczdelem;<\/li>\n<li>a test regener\u00e1l\u00f3d\u00e1s\u00e1nak t\u00e1mogat\u00e1sa;<\/li>\n<li>jobb eg\u00e9szs\u00e9g: a m\u00e1j, a t\u00fcd\u0151, a ves\u00e9k, a gyomor \u00e9s a b\u0151r v\u00e9delme;<\/li>\n<li>a degrad\u00e1ci\u00f3s t\u00fcnetek visszaford\u00edt\u00e1sa \u00e9s a b\u00e9lm\u0171k\u00f6d\u00e9s normaliz\u00e1l\u00e1sa;<\/li>\n<li><a href=\"https:\/\/en.wikipedia.org\/wiki\/Parasitism\" rel=\"nofollow\">parazit\u00e1k<\/a> \u00e1ltal rakott pet\u00e9k megsemmis\u00edt\u00e9se;<\/li>\n<li>\u00e1tfog\u00f3 <a href=\"https:\/\/en.wikipedia.org\/wiki\/Detoxification\" rel=\"nofollow\">m\u00e9regtelen\u00edt\u0151<\/a> int\u00e9zked\u00e9s;<\/li>\n<\/ul>\n<h3><span class=\"ez-toc-section\" id=\"Germixil_%E2%80%93_a_termeszet_erejen_alapulo_kiegeszito\"><\/span>Germixil &#8211; a term\u00e9szet erej\u00e9n alapul\u00f3 kieg\u00e9sz\u00edt\u0151<span class=\"ez-toc-section-end\"><\/span><\/h3>\n<ul>\n<li><strong>Cickafarkf\u0171 gy\u00f3gyn\u00f6v\u00e9ny<\/strong> ( <a href=\"https:\/\/en.wikipedia.org\/wiki\/Achillea_millefolium\" rel=\"nofollow\">Achillea millefolium<\/a> ) &#8211; <a href=\"https:\/\/en.wikipedia.org\/wiki\/Flavonoid\" rel=\"nofollow\">flavonoidokb\u00f3l<\/a> , tanninokb\u00f3l, keser\u0171 achillein-glikozidb\u00f3l, C-vitaminb\u00f3l, chamazulenb\u0151l \u00e9s \u00e1sv\u00e1nyi s\u00f3kb\u00f3l \u00e1ll\u00f3 olajat tartalmaz. A komponens elpuszt\u00edtja a parazit\u00e1k minden szakasz\u00e1t, \u00e9s megk\u00f6nny\u00edti azok elt\u00e1vol\u00edt\u00e1s\u00e1t a testb\u0151l. Ezenk\u00edv\u00fcl sz\u00e1mos m\u00e1s ter\u00fcleten is m\u0171k\u00f6dik. Meg\u00e1ll\u00edtja a bels\u0151 v\u00e9rz\u00e9st. Gyullad\u00e1scs\u00f6kkent\u0151 \u00e9s diasztol\u00e9s tulajdons\u00e1gokkal rendelkezik. Az em\u00e9szt\u0151rendszer k\u00fcl\u00f6nf\u00e9le betegs\u00e9gei eset\u00e9n alkalmazz\u00e1k. A cickafark j\u00f3l ismert gy\u00f3gyn\u00f6v\u00e9ny, amelyet \u00e9vezredek \u00f3ta alkalmaznak a n\u00e9pi gy\u00f3gy\u00e1szatban. M\u00e9g a g\u00f6r\u00f6g mitol\u00f3gi\u00e1ban is megjelenik, miszerint Achilles gy\u00f3gyn\u00f6v\u00e9nnyel gy\u00f3gy\u00edtotta katon\u00e1inak sebeit. Innen ered a latin n\u00e9v.<\/li>\n<li><strong>Gy\u00f3gyn\u00f6v\u00e9nyillatos sapka, f\u0171szeres szegf\u0171szeg<\/strong> ( <a href=\"https:\/\/en.wikipedia.org\/wiki\/Clove\" rel=\"nofollow\">Syzygium aromaticum<\/a> ) &#8211; helyre\u00e1ll\u00edtja a belek akkumul\u00e1tor\u00e1nak mikrofl\u00f3r\u00e1j\u00e1t, gondoskodik a belek normaliz\u00e1l\u00f3d\u00e1s\u00e1r\u00f3l \u00e9s egy\u00fattal v\u00e9di a testet a parazit\u00e1k \u00e1ltali \u00fajb\u00f3li koloniz\u00e1ci\u00f3val szemben. Ezenk\u00edv\u00fcl antibakteri\u00e1lis \u00e9s gombaellenes tulajdons\u00e1gokkal rendelkezik. T\u00e1mogatja az em\u00e9szt\u0151rendszert. Megakad\u00e1lyozza a sz\u00e9kreked\u00e9st. Megsz\u00fcnteti a k\u00fcl\u00f6nf\u00e9le okokb\u00f3l fakad\u00f3 f\u00e1jdalmakat. Gazdag <a href=\"https:\/\/en.wikipedia.org\/wiki\/Tannin\" rel=\"nofollow\">tannin-<\/a> , <a href=\"https:\/\/en.wikipedia.org\/wiki\/Phytosterol\" rel=\"nofollow\">fitoszterol-<\/a> , <a href=\"https:\/\/en.wikipedia.org\/wiki\/Triterpene\" rel=\"nofollow\">triterp\u00e9n-<\/a> \u00e9s flavonoidforr\u00e1s. A szegf\u0171szeg r\u00fcgyek n\u00e9pszer\u0171 f\u0171szer, amelyet t\u00f6bbek k\u00f6z\u00f6tt a p\u00e9k\u00e1ruk \u00edzes\u00edt\u00e9s\u00e9re. Az illatos sapka egy fa, amely Indon\u00e9zi\u00e1ban term\u00e9szetesen el\u0151fordul, \u00e9s sz\u00e1mos, egyenl\u00edt\u0151i \u00e9ghajlat\u00fa orsz\u00e1gban n\u0151tt fel.<\/li>\n<li><a href=\"https:\/\/en.wikipedia.org\/wiki\/Centaurium_erythraea\" rel=\"nofollow\">Centaurium erythraea<\/a> <strong>gy\u00f3gyn\u00f6v\u00e9ny<\/strong> &#8211; a kieg\u00e9sz\u00edt\u00e9s a kieg\u00e9sz\u00edt\u00e9sben felel\u0151s a s\u00e9r\u00fclt sejtek \u00e9s sz\u00f6vetek rekonstrukci\u00f3j\u00e1nak t\u00e1mogat\u00e1s\u00e1\u00e9rt. Sz\u00fcks\u00e9ges, hogy a test azonnal visszat\u00e9rjen az optim\u00e1lis m\u0171k\u00f6d\u00e9shez a kezel\u00e9s ut\u00e1n. A gy\u00f3gyn\u00f6v\u00e9ny gyullad\u00e1scs\u00f6kkent\u0151 tulajdons\u00e1gokkal rendelkezik. Meg\u00e1ll\u00edtja a v\u00e9rz\u00e9st. Serkenti a gyomornedv kiv\u00e1laszt\u00e1s\u00e1t. Gentianint, flavonoidokat, szerves savakat, ill\u00f3olajokat, keser\u0171 anyagokat \u00e9s \u00e1sv\u00e1nyi s\u00f3kat (k\u00fcl\u00f6n\u00f6sen magn\u00e9ziumot) tartalmaz. A Centuria-t f\u0171szerk\u00e9nt haszn\u00e1lj\u00e1k alkoholos italok, p\u00e9ld\u00e1ul borok (vermut), szeszes italok \u00e9s lik\u0151r\u00f6k \u00edzes\u00edt\u00e9s\u00e9re. A sz\u00e1jfert\u0151tlen\u00edt\u0151k egyik \u00f6sszetev\u0151je. A n\u00f6v\u00e9ny sz\u00e1mos kontinensen gyakori.<\/li>\n<\/ul>\n<p>A kieg\u00e9sz\u00edt\u0151 20 egy\u00e9b \u00f6sszetev\u0151t is tartalmaz. Ebbe beletartozik kivonat v\u00f6r\u00f6s \u00e9s z\u00f6ld alg\u00e1b\u00f3l, bukszusb\u00f3l, fekete fokhagym\u00e1b\u00f3l, fah\u00e9jb\u00f3l \u00e9s kakukkf\u0171olajb\u00f3l.<\/p>\n<h3><span class=\"ez-toc-section\" id=\"Hogyan_kell_alkalmazni_a_Germixilt\"><\/span>Hogyan kell alkalmazni a Germixilt?<span class=\"ez-toc-section-end\"><\/span><\/h3>\n<p>A Germixil term\u00e9szetes \u00f6sszetev\u0151kb\u0151l \u00e1ll, \u00e9s teljesen biztons\u00e1gos a test sz\u00e1m\u00e1ra. K\u00e9miai t\u00e1rsaival ellent\u00e9tben nem okoz mell\u00e9khat\u00e1sokat, p\u00e9ld\u00e1ul h\u00e1nyingert, h\u00e1ny\u00e1st \u00e9s sz\u00e9d\u00fcl\u00e9st.<\/p>\n<p>Hat\u00e9konys\u00e1ga nemcsak az \u00f6sszet\u00e9telt\u0151l f\u00fcgg, hanem a kieg\u00e9sz\u00edt\u0151 kezel\u00e9st alkalmaz\u00f3 szem\u00e9ly egy\u00e9ni k\u00f6r\u00fclm\u00e9nyeit\u0151l is. Ez\u00e9rt a m\u0171k\u00f6d\u00e9s optimaliz\u00e1l\u00e1sa \u00e9rdek\u00e9ben a legjobb, ha egy tan\u00e1csad\u00f3t k\u00e9rdez\u00fcnk az adagol\u00e1sr\u00f3l, aki a megrendel\u00e9s lead\u00e1sa ut\u00e1n felveszi a kapcsolatot az \u00fcgyf\u00e9llel.<\/p>\n<p>A kieg\u00e9sz\u00edt\u0151 kapszula form\u00e1j\u00e1ban van (a csomag 15 darabot tartalmaz). A kapszul\u00e1k kellemes \u00edz\u0171ek, amelyek vonz\u00f3v\u00e1 teszik a gyermekeket.<\/p>\n<h3><span class=\"ez-toc-section\" id=\"Velemenyek_a_Germixil_keszitmeny_hatekonysagarol\"><\/span>V\u00e9lem\u00e9nyek a Germixil k\u00e9sz\u00edtm\u00e9ny hat\u00e9konys\u00e1g\u00e1r\u00f3l<span class=\"ez-toc-section-end\"><\/span><\/h3>\n<ul>\n<li><strong>Nincs t\u00f6bb f\u00e1radts\u00e1g<\/strong> &#8211; <em>\u201eHossz\u00fa ideig k\u00fczd\u00f6ttem kr\u00f3nikus f\u00e1radts\u00e1ggal \u00e9s az er\u0151 gyors cs\u00f6kken\u00e9s\u00e9vel. Ingerl\u00e9keny voltam, hajlamos voltam a stresszre, a legkisebb dolgok is ki tudnak dobni az egyens\u00falyomb\u00f3l. Egy orvoshoz mentem, azt\u00e1n egy m\u00e1sikhoz, azt\u00e1n egy m\u00e1sikhoz. Tehetetlenek voltak. Nedvesen tartott\u00e1k a szem\u00fcket, mert nem voltak hajland\u00f3k beismerni tudatlans\u00e1gukat. Kaptam n\u00e9h\u00e1ny nyugtat\u00f3 tablett\u00e1t. A nap folyam\u00e1n j\u00f3l b\u00edztam a k\u00e1v\u00e9val, az altat\u00f3k megk\u00f6nny\u00edtett\u00e9k az elalv\u00e1st. Id\u0151vel azonban m\u00e9g \u0151k is abbahagyt\u00e1k a munk\u00e1t (azt hiszem, immuniz\u00e1l\u00f3dtam). V\u00e9g\u00fcl megtal\u00e1ltam a Germixil weboldal\u00e1t. Nem teljesen v\u00e9letlen\u00fcl, mert sokat olvastam az eg\u00e9szs\u00e9gr\u0151l. Kider\u00fclt, hogy a parazit\u00e1k felel\u0151sek a probl\u00e9m\u00e1im\u00e9rt. Igazam volt. Rendeltem a Germixilt, \u00e9s elkezdtem rendszeresen szedni. N\u00e9h\u00e1ny nap ut\u00e1n jobban \u00e9reztem magam. A csomagol\u00e1st ink\u00e1bb biztosra haszn\u00e1ltam, mint val\u00f3di sz\u00fcks\u00e9gletb\u0151l. A kedvez\u0151tlen t\u00fcnetek elm\u00faltak. A kieg\u00e9sz\u00edt\u00e9s ott seg\u00edtett, ahol a gy\u00f3gyszerek nem seg\u00edtettek! &#8222;<\/em><\/li>\n<li><strong>Seg\u00edteni a testet!<\/strong> &#8211; <em>\u201eEg\u00e9szs\u00e9gtelen\u00fcl, \u00e1lland\u00f3 rohan\u00e1sban \u00e9l\u00fcnk, k\u00e1ros, vegyes \u00e9teleket esz\u00fcnk. Val\u00f3j\u00e1ban b\u00e1rhov\u00e1 n\u00e9zel, minden k\u00e1ros az eg\u00e9szs\u00e9gedre. Lehet, hogy ez t\u00falz\u00e1s, de tartalmaz n\u00e9h\u00e1ny apr\u00f3 igazs\u00e1gszemet. Ez\u00e9rt test\u00fcnk bizonyos \u00e9rtelemben szemetes, amely teljes kapacit\u00e1ssal m\u0171k\u00f6dik. Ha a parazit\u00e1k ezen fel\u00fcl megjelennek a testben, nem tud megbirk\u00f3zni vele. Ez\u00e9rt rendszeresen m\u00e9regtelen\u00edtem a testemet n\u00e9h\u00e1ny havonta. Parazitaellenes kieg\u00e9sz\u00edt\u0151ket is haszn\u00e1lok. A Germixilt tartom a legjobbnak. Hozz\u00e1f\u00e9rhet\u0151 form\u00e1j\u00fa, nagyon \u00e9rt\u00e9kes kompoz\u00edci\u00f3 \u00e9s gyorsan m\u0171k\u00f6dik. Neki k\u00f6sz\u00f6nhet\u0151en nincs gondom allergi\u00e1val, gyakori fert\u0151z\u00e9sekkel vagy csak f\u00e1radts\u00e1ggal. Sz\u00edvb\u0151l aj\u00e1nlom! &#8222;<\/em><\/li>\n<li><strong>A Germixil seg\u00edtett a gyermekemnek<\/strong> &#8211; <em>\u201eA fiam folyamatosan fert\u0151z\u00e9seket kapott, probl\u00e9m\u00e1i voltak a mandul\u00e1kkal, r\u00e1ad\u00e1sul k\u00fcl\u00f6nf\u00e9le, cs\u00fanya b\u0151rallergi\u00e1k voltak. Kor\u00e1bban orvoshoz mentem, \u00e9s \u0151 val\u00f3ban olyan gy\u00f3gyszereket \u00edrt fel, amelyek seg\u00edtettek. Sajnos a probl\u00e9ma r\u00f6viddel ezut\u00e1n megism\u00e9tl\u0151d\u00f6tt. Ugyanaz a dolog \u00fajra \u00e9s \u00fajra. Szerencs\u00e9re konzult\u00e1ltam egy bar\u00e1tommal, akinek ugyanez volt a gyerekkel. Ugyanaz a diagram. Csak akkor seg\u00edtett, amikor elkezdte adni neki Germixilt. Egy pillanatig sem haboztam. Meg voltam gy\u0151z\u0151dve arr\u00f3l, hogy nem vegyszerek, hanem term\u00e9szetes kieg\u00e9sz\u00edt\u0151k. Seg\u00edtett. Eleinte r\u00e1 kellett r\u00e1besz\u00e9lnem a fiamat, hogy v\u00e9gezzen kezel\u00e9st, azt\u00e1n rendben volt. Sam eml\u00e9keztetett r\u00e1. \u00c9szrevettem, hogy most \u00fagy t\u0171nik, hogy ellen\u00e1ll\u00f3bb. Ritk\u00e1n betegszik meg, jobb a hangulata \u00e9s nem zavarja az allergia. Val\u00f3j\u00e1ban parazit\u00e1knak kellett lenni\u00fck. Szerencs\u00e9re megszabadultunk t\u0151l\u00fck.<\/em><\/li>\n<\/ul>\n<h3><span class=\"ez-toc-section\" id=\"Hol_lehet_megvasarolni_a_Germixilt_Velemenyunk\"><\/span>Hol lehet megv\u00e1s\u00e1rolni a Germixilt? V\u00e9lem\u00e9ny\u00fcnk<span class=\"ez-toc-section-end\"><\/span><\/h3>\n<p>A Germixilt csak bizony\u00edtott forr\u00e1sb\u00f3l szabad megrendelni. Ilyen a k\u00f6zvetlen gy\u00e1rt\u00f3, amelyhez megadjuk az al\u00e1bbi linket.<\/p>\n<p>Szenz\u00e1ci\u00f3s \u00e1ron, gyan\u00fas \u00e9rt\u00e9kes\u00edt\u00e9si helyeken, p\u00e9ld\u00e1ul hamis k\u00f6z\u00f6ss\u00e9gi m\u00e9diaprofilokkal rendelkez\u0151 aj\u00e1nlatok csal\u00e1snak bizonyulhatnak. Kiz\u00e1r\u00f3lag <a href=\"https:\/\/www.uia.archi\/go\/germixil\/\" rel=\"nofollow\">a gy\u00e1rt\u00f3 hivatalos weboldal\u00e1n<\/a> t\u00f6rt\u00e9n\u0151 k\u00f6zvetlen v\u00e1s\u00e1rl\u00e1s garant\u00e1lja az eredeti kieg\u00e9sz\u00edt\u00e9st \u00e9s a biztons\u00e1gos sz\u00e1ll\u00edt\u00e1st. A term\u00e9k rendelkezik hiteless\u00e9gi tan\u00fas\u00edtv\u00e1nnyal.<\/p>\n<h3><span class=\"ez-toc-section\" id=\"Erdemes_hasznalni_a_Germixilt_Ertekelesunk\"><\/span>\u00c9rdemes haszn\u00e1lni a Germixilt? \u00c9rt\u00e9kel\u00e9s\u00fcnk<span class=\"ez-toc-section-end\"><\/span><\/h3>\n<p>A Germixil az egyik leghat\u00e9konyabb szer a parazit\u00e1k (nemcsak f\u00e9rgek) sz\u00e9les sk\u00e1l\u00e1j\u00e1val szemben. Ezenk\u00edv\u00fcl teljesen term\u00e9szetes &#8211; a term\u00e9szet adotts\u00e1gait haszn\u00e1lja fel. Ez\u00e9rt \u00e9rdemes haszn\u00e1lni, ha zavar\u00f3 t\u00fcnetek jelentkeznek, de a test k\u00e1ros v\u00e1ltoz\u00e1sainak megakad\u00e1lyoz\u00e1sa \u00e9rdek\u00e9ben is. Az \u00e9rt\u00e9kel\u00e9s pozit\u00edv volt, a term\u00e9k kiv\u00e1l\u00f3 min\u0151s\u00edt\u00e9st kapott.<\/p>\n<div class=\"belcherwt aligncenter\" style=\"border: #000 dashed 3px; padding: 10px 20px; margin: 10px 0; font-size: 14px;\">\n<p style=\"text-align: left;\"><strong><img loading=\"lazy\" decoding=\"async\" class=\" wp-image-15929 alignleft\" src=\"https:\/\/www.uia.archi\/wp-content\/uploads\/2020\/11\/germixil-207x300.jpg\" alt=\"germixil\" width=\"184\" height=\"267\" \/> MEGJEGYZ\u00c9S:<\/strong> Korl\u00e1tozott ideig a <a href=\"https:\/\/www.uia.archi\/go\/germixil\/\" rel=\"nofollow\"><strong>GERMIXIL<\/strong><\/a> hivatalos forgalmaz\u00f3ja k\u00fcl\u00f6nleges aj\u00e1nlatot k\u00edn\u00e1l olvas\u00f3ink sz\u00e1m\u00e1ra. A megv\u00e1s\u00e1rolt kezel\u00e9s 100% -os h\u00e1rmas el\u00e9gedetts\u00e9gi garanci\u00e1j\u00e1val j\u00e1r, ha ez nem hozza meg a v\u00e1rt eredm\u00e9nyeket.<\/p>\n<p style=\"text-align: left;\"><a style=\"text-decoration: underline; color: #0046af;\" href=\"https:\/\/www.uia.archi\/go\/germixil\/\" rel=\"nofollow\"><strong>Kattintson ide a GERMIXIL megrendel\u00e9s\u00e9hez<\/strong><\/a><\/p>\n<p style=\"text-align: left;\"><span style=\"color: #000000;\"><span style=\"background-color: #ffff00;\"><a href=\"https:\/\/www.uia.archi\/go\/germixil\/\" rel=\"nofollow\"><span style=\"color: #000000;\"><strong style=\"color: #000000;\">haszn\u00e1lja ezt a linket INGYENES SZ\u00c1LL\u00cdT\u00c1Shoz<\/strong><\/span><\/a><\/span><\/span><\/p>\n<p style=\"text-align: left;\"><span style=\"color: #ff0000;\"><strong><span style=\"font-family: 'Arial Black';\">A prom\u00f3ci\u00f3 ma v\u00e9get \u00e9r!<\/span><\/strong><\/span><\/p>\n<p style=\"text-align: left;\">A k\u00e9szlet kimer\u00fcl\u00e9se miatt az akci\u00f3 id\u0151beli korl\u00e1tozotts\u00e1g\u00fa<\/p>\n<\/div>\n","protected":false},"excerpt":{"rendered":"<p>A Germixil \u00e9trend-kieg\u00e9sz\u00edt\u0151, amely seg\u00edt megszabadulni a parazit\u00e1kt\u00f3l a szervezetb\u0151l. Jav\u00edtja az eg\u00e9szs\u00e9get \u00e9s v\u00e9d a k\u00fcl\u00f6nf\u00e9le f\u00e9rgek ellen. A term\u00e9k term\u00e9szetes \u00f6sszetev\u0151k\u00f6n, ismert \u00e9s nagyra \u00e9rt\u00e9kelt gy\u00f3gyn\u00f6v\u00e9nyeken alapul. Az al\u00e1bbiakban \u00f6ssze\u00e1ll\u00edtottunk egy inform\u00e1ci\u00f3s \u00f6sszefoglal\u00f3t, az azokat haszn\u00e1l\u00f3k v\u00e9lem\u00e9ny\u00e9vel egy\u00fctt. Megh\u00edvjuk, hogy olvassa el az \u00e1ttekint\u00e9st. Parazit\u00e1k \u00e9s Germixil &#8211; mit kell tudni? A parazit\u00e1k [&hellip;]<\/p>\n","protected":false},"author":1,"featured_media":0,"comment_status":"open","ping_status":"open","sticky":false,"template":"","format":"standard","meta":{"cybocfi_hide_featured_image":"","footnotes":""},"categories":[1,16],"tags":[],"class_list":["post-2012","post","type-post","status-publish","format-standard","hentry","category-avis-sur-les-produits","category-termek-velemenyek"],"yoast_head":"<!-- This site is optimized with the Yoast SEO plugin v27.5 - https:\/\/yoast.com\/product\/yoast-seo-wordpress\/ -->\n<title>Germixil - v\u00e9lem\u00e9ny a parazit\u00e1k el\u0151k\u00e9sz\u00edt\u00e9s\u00e9r\u0151l<\/title>\n<meta name=\"robots\" content=\"index, follow, max-snippet:-1, max-image-preview:large, max-video-preview:-1\" \/>\n<link rel=\"canonical\" href=\"https:\/\/www.uia.archi\/hu\/germixil-velemeny-a-parazitak-elokesziteserol\/\" \/>\n<meta property=\"og:locale\" content=\"hu_HU\" \/>\n<meta property=\"og:type\" content=\"article\" \/>\n<meta property=\"og:title\" content=\"Germixil - v\u00e9lem\u00e9ny a parazit\u00e1k el\u0151k\u00e9sz\u00edt\u00e9s\u00e9r\u0151l\" \/>\n<meta property=\"og:description\" content=\"A Germixil \u00e9trend-kieg\u00e9sz\u00edt\u0151, amely seg\u00edt megszabadulni a parazit\u00e1kt\u00f3l a szervezetb\u0151l. Jav\u00edtja az eg\u00e9szs\u00e9get \u00e9s v\u00e9d a k\u00fcl\u00f6nf\u00e9le f\u00e9rgek ellen. A term\u00e9k term\u00e9szetes \u00f6sszetev\u0151k\u00f6n, ismert \u00e9s nagyra \u00e9rt\u00e9kelt gy\u00f3gyn\u00f6v\u00e9nyeken alapul. Az al\u00e1bbiakban \u00f6ssze\u00e1ll\u00edtottunk egy inform\u00e1ci\u00f3s \u00f6sszefoglal\u00f3t, az azokat haszn\u00e1l\u00f3k v\u00e9lem\u00e9ny\u00e9vel egy\u00fctt. Megh\u00edvjuk, hogy olvassa el az \u00e1ttekint\u00e9st. Parazit\u00e1k \u00e9s Germixil &#8211; mit kell tudni? A parazit\u00e1k [&hellip;]\" \/>\n<meta property=\"og:url\" content=\"https:\/\/www.uia.archi\/hu\/germixil-velemeny-a-parazitak-elokesziteserol\/\" \/>\n<meta property=\"og:site_name\" content=\"Egyedi nemzetk\u00f6zi cikkek\" \/>\n<meta property=\"article:published_time\" content=\"2020-11-15T23:00:00+00:00\" \/>\n<meta property=\"article:modified_time\" content=\"2021-06-08T19:20:29+00:00\" \/>\n<meta property=\"og:image\" content=\"https:\/\/www.uia.archi\/wp-content\/uploads\/2020\/11\/germixil-207x300.jpg\" \/>\n<meta name=\"author\" content=\"Writer\" \/>\n<meta name=\"twitter:card\" content=\"summary_large_image\" \/>\n<meta name=\"twitter:label1\" content=\"Szerz\u0151:\" \/>\n\t<meta name=\"twitter:data1\" content=\"Writer\" \/>\n\t<meta name=\"twitter:label2\" content=\"Becs\u00fclt olvas\u00e1si id\u0151\" \/>\n\t<meta name=\"twitter:data2\" content=\"10 perc\" \/>\n<script type=\"application\/ld+json\" class=\"yoast-schema-graph\">{\"@context\":\"https:\\\/\\\/schema.org\",\"@graph\":[{\"@type\":\"Article\",\"@id\":\"https:\\\/\\\/www.uia.archi\\\/hu\\\/germixil-velemeny-a-parazitak-elokesziteserol\\\/#article\",\"isPartOf\":{\"@id\":\"https:\\\/\\\/www.uia.archi\\\/hu\\\/germixil-velemeny-a-parazitak-elokesziteserol\\\/\"},\"author\":{\"name\":\"Writer\",\"@id\":\"https:\\\/\\\/www.uia.archi\\\/hu\\\/#\\\/schema\\\/person\\\/3d67c6894ced0e7a84948b704169c9c2\"},\"headline\":\"Germixil &#8211; v\u00e9lem\u00e9ny a parazit\u00e1k el\u0151k\u00e9sz\u00edt\u00e9s\u00e9r\u0151l\",\"datePublished\":\"2020-11-15T23:00:00+00:00\",\"dateModified\":\"2021-06-08T19:20:29+00:00\",\"mainEntityOfPage\":{\"@id\":\"https:\\\/\\\/www.uia.archi\\\/hu\\\/germixil-velemeny-a-parazitak-elokesziteserol\\\/\"},\"wordCount\":1942,\"commentCount\":0,\"image\":{\"@id\":\"https:\\\/\\\/www.uia.archi\\\/hu\\\/germixil-velemeny-a-parazitak-elokesziteserol\\\/#primaryimage\"},\"thumbnailUrl\":\"https:\\\/\\\/www.uia.archi\\\/wp-content\\\/uploads\\\/2020\\\/11\\\/germixil-207x300.jpg\",\"articleSection\":[\"Avis sur les produits\",\"Term\u00e9k v\u00e9lem\u00e9nyek\"],\"inLanguage\":\"hu\",\"potentialAction\":[{\"@type\":\"CommentAction\",\"name\":\"Comment\",\"target\":[\"https:\\\/\\\/www.uia.archi\\\/hu\\\/germixil-velemeny-a-parazitak-elokesziteserol\\\/#respond\"]}]},{\"@type\":\"WebPage\",\"@id\":\"https:\\\/\\\/www.uia.archi\\\/hu\\\/germixil-velemeny-a-parazitak-elokesziteserol\\\/\",\"url\":\"https:\\\/\\\/www.uia.archi\\\/hu\\\/germixil-velemeny-a-parazitak-elokesziteserol\\\/\",\"name\":\"Germixil - v\u00e9lem\u00e9ny a parazit\u00e1k el\u0151k\u00e9sz\u00edt\u00e9s\u00e9r\u0151l\",\"isPartOf\":{\"@id\":\"https:\\\/\\\/www.uia.archi\\\/hu\\\/#website\"},\"primaryImageOfPage\":{\"@id\":\"https:\\\/\\\/www.uia.archi\\\/hu\\\/germixil-velemeny-a-parazitak-elokesziteserol\\\/#primaryimage\"},\"image\":{\"@id\":\"https:\\\/\\\/www.uia.archi\\\/hu\\\/germixil-velemeny-a-parazitak-elokesziteserol\\\/#primaryimage\"},\"thumbnailUrl\":\"https:\\\/\\\/www.uia.archi\\\/wp-content\\\/uploads\\\/2020\\\/11\\\/germixil-207x300.jpg\",\"datePublished\":\"2020-11-15T23:00:00+00:00\",\"dateModified\":\"2021-06-08T19:20:29+00:00\",\"author\":{\"@id\":\"https:\\\/\\\/www.uia.archi\\\/hu\\\/#\\\/schema\\\/person\\\/3d67c6894ced0e7a84948b704169c9c2\"},\"breadcrumb\":{\"@id\":\"https:\\\/\\\/www.uia.archi\\\/hu\\\/germixil-velemeny-a-parazitak-elokesziteserol\\\/#breadcrumb\"},\"inLanguage\":\"hu\",\"potentialAction\":[{\"@type\":\"ReadAction\",\"target\":[\"https:\\\/\\\/www.uia.archi\\\/hu\\\/germixil-velemeny-a-parazitak-elokesziteserol\\\/\"]}]},{\"@type\":\"ImageObject\",\"inLanguage\":\"hu\",\"@id\":\"https:\\\/\\\/www.uia.archi\\\/hu\\\/germixil-velemeny-a-parazitak-elokesziteserol\\\/#primaryimage\",\"url\":\"https:\\\/\\\/www.uia.archi\\\/wp-content\\\/uploads\\\/2020\\\/11\\\/germixil-207x300.jpg\",\"contentUrl\":\"https:\\\/\\\/www.uia.archi\\\/wp-content\\\/uploads\\\/2020\\\/11\\\/germixil-207x300.jpg\"},{\"@type\":\"BreadcrumbList\",\"@id\":\"https:\\\/\\\/www.uia.archi\\\/hu\\\/germixil-velemeny-a-parazitak-elokesziteserol\\\/#breadcrumb\",\"itemListElement\":[{\"@type\":\"ListItem\",\"position\":1,\"name\":\"itthon\",\"item\":\"https:\\\/\\\/www.uia.archi\\\/hu\\\/\"},{\"@type\":\"ListItem\",\"position\":2,\"name\":\"Term\u00e9k v\u00e9lem\u00e9nyek\",\"item\":\"https:\\\/\\\/www.uia.archi\\\/hu\\\/category\\\/termek-velemenyek\\\/\"},{\"@type\":\"ListItem\",\"position\":3,\"name\":\"Germixil &#8211; v\u00e9lem\u00e9ny a parazit\u00e1k el\u0151k\u00e9sz\u00edt\u00e9s\u00e9r\u0151l\"}]},{\"@type\":\"WebSite\",\"@id\":\"https:\\\/\\\/www.uia.archi\\\/hu\\\/#website\",\"url\":\"https:\\\/\\\/www.uia.archi\\\/hu\\\/\",\"name\":\"Egyedi nemzetk\u00f6zi cikkek\",\"description\":\"K\u00fcl\u00f6nb\u00f6z\u0151 t\u00e9m\u00e1j\u00fa cikkek, \u00e9rt\u00e9kes tud\u00e1sforr\u00e1s az \u00d6n \u00e9s csal\u00e1dja sz\u00e1m\u00e1ra\",\"potentialAction\":[{\"@type\":\"SearchAction\",\"target\":{\"@type\":\"EntryPoint\",\"urlTemplate\":\"https:\\\/\\\/www.uia.archi\\\/hu\\\/?s={search_term_string}\"},\"query-input\":{\"@type\":\"PropertyValueSpecification\",\"valueRequired\":true,\"valueName\":\"search_term_string\"}}],\"inLanguage\":\"hu\"},{\"@type\":\"Person\",\"@id\":\"https:\\\/\\\/www.uia.archi\\\/hu\\\/#\\\/schema\\\/person\\\/3d67c6894ced0e7a84948b704169c9c2\",\"name\":\"Writer\",\"image\":{\"@type\":\"ImageObject\",\"inLanguage\":\"hu\",\"@id\":\"https:\\\/\\\/www.uia.archi\\\/wp-content\\\/litespeed\\\/avatar\\\/1a002795387e512944da0898076d6c44.jpg?ver=1777482563\",\"url\":\"https:\\\/\\\/www.uia.archi\\\/wp-content\\\/litespeed\\\/avatar\\\/1a002795387e512944da0898076d6c44.jpg?ver=1777482563\",\"contentUrl\":\"https:\\\/\\\/www.uia.archi\\\/wp-content\\\/litespeed\\\/avatar\\\/1a002795387e512944da0898076d6c44.jpg?ver=1777482563\",\"caption\":\"Writer\"},\"sameAs\":[\"https:\\\/\\\/www.uia.archi\"],\"url\":\"https:\\\/\\\/www.uia.archi\\\/hu\\\/author\\\/writer\\\/\"}]}<\/script>\n<!-- \/ Yoast SEO plugin. -->","yoast_head_json":{"title":"Germixil - v\u00e9lem\u00e9ny a parazit\u00e1k el\u0151k\u00e9sz\u00edt\u00e9s\u00e9r\u0151l","robots":{"index":"index","follow":"follow","max-snippet":"max-snippet:-1","max-image-preview":"max-image-preview:large","max-video-preview":"max-video-preview:-1"},"canonical":"https:\/\/www.uia.archi\/hu\/germixil-velemeny-a-parazitak-elokesziteserol\/","og_locale":"hu_HU","og_type":"article","og_title":"Germixil - v\u00e9lem\u00e9ny a parazit\u00e1k el\u0151k\u00e9sz\u00edt\u00e9s\u00e9r\u0151l","og_description":"A Germixil \u00e9trend-kieg\u00e9sz\u00edt\u0151, amely seg\u00edt megszabadulni a parazit\u00e1kt\u00f3l a szervezetb\u0151l. Jav\u00edtja az eg\u00e9szs\u00e9get \u00e9s v\u00e9d a k\u00fcl\u00f6nf\u00e9le f\u00e9rgek ellen. A term\u00e9k term\u00e9szetes \u00f6sszetev\u0151k\u00f6n, ismert \u00e9s nagyra \u00e9rt\u00e9kelt gy\u00f3gyn\u00f6v\u00e9nyeken alapul. Az al\u00e1bbiakban \u00f6ssze\u00e1ll\u00edtottunk egy inform\u00e1ci\u00f3s \u00f6sszefoglal\u00f3t, az azokat haszn\u00e1l\u00f3k v\u00e9lem\u00e9ny\u00e9vel egy\u00fctt. Megh\u00edvjuk, hogy olvassa el az \u00e1ttekint\u00e9st. Parazit\u00e1k \u00e9s Germixil &#8211; mit kell tudni? A parazit\u00e1k [&hellip;]","og_url":"https:\/\/www.uia.archi\/hu\/germixil-velemeny-a-parazitak-elokesziteserol\/","og_site_name":"Egyedi nemzetk\u00f6zi cikkek","article_published_time":"2020-11-15T23:00:00+00:00","article_modified_time":"2021-06-08T19:20:29+00:00","og_image":[{"url":"https:\/\/www.uia.archi\/wp-content\/uploads\/2020\/11\/germixil-207x300.jpg","type":"","width":"","height":""}],"author":"Writer","twitter_card":"summary_large_image","twitter_misc":{"Szerz\u0151:":"Writer","Becs\u00fclt olvas\u00e1si id\u0151":"10 perc"},"schema":{"@context":"https:\/\/schema.org","@graph":[{"@type":"Article","@id":"https:\/\/www.uia.archi\/hu\/germixil-velemeny-a-parazitak-elokesziteserol\/#article","isPartOf":{"@id":"https:\/\/www.uia.archi\/hu\/germixil-velemeny-a-parazitak-elokesziteserol\/"},"author":{"name":"Writer","@id":"https:\/\/www.uia.archi\/hu\/#\/schema\/person\/3d67c6894ced0e7a84948b704169c9c2"},"headline":"Germixil &#8211; v\u00e9lem\u00e9ny a parazit\u00e1k el\u0151k\u00e9sz\u00edt\u00e9s\u00e9r\u0151l","datePublished":"2020-11-15T23:00:00+00:00","dateModified":"2021-06-08T19:20:29+00:00","mainEntityOfPage":{"@id":"https:\/\/www.uia.archi\/hu\/germixil-velemeny-a-parazitak-elokesziteserol\/"},"wordCount":1942,"commentCount":0,"image":{"@id":"https:\/\/www.uia.archi\/hu\/germixil-velemeny-a-parazitak-elokesziteserol\/#primaryimage"},"thumbnailUrl":"https:\/\/www.uia.archi\/wp-content\/uploads\/2020\/11\/germixil-207x300.jpg","articleSection":["Avis sur les produits","Term\u00e9k v\u00e9lem\u00e9nyek"],"inLanguage":"hu","potentialAction":[{"@type":"CommentAction","name":"Comment","target":["https:\/\/www.uia.archi\/hu\/germixil-velemeny-a-parazitak-elokesziteserol\/#respond"]}]},{"@type":"WebPage","@id":"https:\/\/www.uia.archi\/hu\/germixil-velemeny-a-parazitak-elokesziteserol\/","url":"https:\/\/www.uia.archi\/hu\/germixil-velemeny-a-parazitak-elokesziteserol\/","name":"Germixil - v\u00e9lem\u00e9ny a parazit\u00e1k el\u0151k\u00e9sz\u00edt\u00e9s\u00e9r\u0151l","isPartOf":{"@id":"https:\/\/www.uia.archi\/hu\/#website"},"primaryImageOfPage":{"@id":"https:\/\/www.uia.archi\/hu\/germixil-velemeny-a-parazitak-elokesziteserol\/#primaryimage"},"image":{"@id":"https:\/\/www.uia.archi\/hu\/germixil-velemeny-a-parazitak-elokesziteserol\/#primaryimage"},"thumbnailUrl":"https:\/\/www.uia.archi\/wp-content\/uploads\/2020\/11\/germixil-207x300.jpg","datePublished":"2020-11-15T23:00:00+00:00","dateModified":"2021-06-08T19:20:29+00:00","author":{"@id":"https:\/\/www.uia.archi\/hu\/#\/schema\/person\/3d67c6894ced0e7a84948b704169c9c2"},"breadcrumb":{"@id":"https:\/\/www.uia.archi\/hu\/germixil-velemeny-a-parazitak-elokesziteserol\/#breadcrumb"},"inLanguage":"hu","potentialAction":[{"@type":"ReadAction","target":["https:\/\/www.uia.archi\/hu\/germixil-velemeny-a-parazitak-elokesziteserol\/"]}]},{"@type":"ImageObject","inLanguage":"hu","@id":"https:\/\/www.uia.archi\/hu\/germixil-velemeny-a-parazitak-elokesziteserol\/#primaryimage","url":"https:\/\/www.uia.archi\/wp-content\/uploads\/2020\/11\/germixil-207x300.jpg","contentUrl":"https:\/\/www.uia.archi\/wp-content\/uploads\/2020\/11\/germixil-207x300.jpg"},{"@type":"BreadcrumbList","@id":"https:\/\/www.uia.archi\/hu\/germixil-velemeny-a-parazitak-elokesziteserol\/#breadcrumb","itemListElement":[{"@type":"ListItem","position":1,"name":"itthon","item":"https:\/\/www.uia.archi\/hu\/"},{"@type":"ListItem","position":2,"name":"Term\u00e9k v\u00e9lem\u00e9nyek","item":"https:\/\/www.uia.archi\/hu\/category\/termek-velemenyek\/"},{"@type":"ListItem","position":3,"name":"Germixil &#8211; v\u00e9lem\u00e9ny a parazit\u00e1k el\u0151k\u00e9sz\u00edt\u00e9s\u00e9r\u0151l"}]},{"@type":"WebSite","@id":"https:\/\/www.uia.archi\/hu\/#website","url":"https:\/\/www.uia.archi\/hu\/","name":"Egyedi nemzetk\u00f6zi cikkek","description":"K\u00fcl\u00f6nb\u00f6z\u0151 t\u00e9m\u00e1j\u00fa cikkek, \u00e9rt\u00e9kes tud\u00e1sforr\u00e1s az \u00d6n \u00e9s csal\u00e1dja sz\u00e1m\u00e1ra","potentialAction":[{"@type":"SearchAction","target":{"@type":"EntryPoint","urlTemplate":"https:\/\/www.uia.archi\/hu\/?s={search_term_string}"},"query-input":{"@type":"PropertyValueSpecification","valueRequired":true,"valueName":"search_term_string"}}],"inLanguage":"hu"},{"@type":"Person","@id":"https:\/\/www.uia.archi\/hu\/#\/schema\/person\/3d67c6894ced0e7a84948b704169c9c2","name":"Writer","image":{"@type":"ImageObject","inLanguage":"hu","@id":"https:\/\/www.uia.archi\/wp-content\/litespeed\/avatar\/1a002795387e512944da0898076d6c44.jpg?ver=1777482563","url":"https:\/\/www.uia.archi\/wp-content\/litespeed\/avatar\/1a002795387e512944da0898076d6c44.jpg?ver=1777482563","contentUrl":"https:\/\/www.uia.archi\/wp-content\/litespeed\/avatar\/1a002795387e512944da0898076d6c44.jpg?ver=1777482563","caption":"Writer"},"sameAs":["https:\/\/www.uia.archi"],"url":"https:\/\/www.uia.archi\/hu\/author\/writer\/"}]}},"blog_post_layout_featured_media_urls":{"thumbnail":"","full":""},"categories_names":{"1":{"name":"Avis sur les produits","link":"https:\/\/www.uia.archi\/category\/avis-sur-les-produits\/"},"16":{"name":"Term\u00e9k v\u00e9lem\u00e9nyek","link":"https:\/\/www.uia.archi\/hu\/category\/termek-velemenyek\/"}},"tags_names":[],"comments_number":"0","wpmagazine_modules_lite_featured_media_urls":{"thumbnail":"","cvmm-medium":"","cvmm-medium-plus":"","cvmm-portrait":"","cvmm-medium-square":"","cvmm-large":"","cvmm-small":"","full":""},"_links":{"self":[{"href":"https:\/\/www.uia.archi\/hu\/wp-json\/wp\/v2\/posts\/2012","targetHints":{"allow":["GET"]}}],"collection":[{"href":"https:\/\/www.uia.archi\/hu\/wp-json\/wp\/v2\/posts"}],"about":[{"href":"https:\/\/www.uia.archi\/hu\/wp-json\/wp\/v2\/types\/post"}],"author":[{"embeddable":true,"href":"https:\/\/www.uia.archi\/hu\/wp-json\/wp\/v2\/users\/1"}],"replies":[{"embeddable":true,"href":"https:\/\/www.uia.archi\/hu\/wp-json\/wp\/v2\/comments?post=2012"}],"version-history":[{"count":0,"href":"https:\/\/www.uia.archi\/hu\/wp-json\/wp\/v2\/posts\/2012\/revisions"}],"wp:attachment":[{"href":"https:\/\/www.uia.archi\/hu\/wp-json\/wp\/v2\/media?parent=2012"}],"wp:term":[{"taxonomy":"category","embeddable":true,"href":"https:\/\/www.uia.archi\/hu\/wp-json\/wp\/v2\/categories?post=2012"},{"taxonomy":"post_tag","embeddable":true,"href":"https:\/\/www.uia.archi\/hu\/wp-json\/wp\/v2\/tags?post=2012"}],"curies":[{"name":"wp","href":"https:\/\/api.w.org\/{rel}","templated":true}]}}