{"id":205,"date":"2019-02-08T00:00:00","date_gmt":"2019-02-07T23:00:00","guid":{"rendered":"https:\/\/www.uia.archi\/effectero-velemeny-a-potencia-javitasanak-elokesziteserol\/"},"modified":"2021-06-08T19:58:24","modified_gmt":"2021-06-08T17:58:24","slug":"effectero-velemeny-a-potencia-javitasanak-elokesziteserol","status":"publish","type":"post","link":"https:\/\/www.uia.archi\/hu\/effectero-velemeny-a-potencia-javitasanak-elokesziteserol\/","title":{"rendered":"EffectEro &#8211; v\u00e9lem\u00e9ny a potencia jav\u00edt\u00e1s\u00e1nak el\u0151k\u00e9sz\u00edt\u00e9s\u00e9r\u0151l"},"content":{"rendered":"<div id=\"ez-toc-container\" class=\"ez-toc-v2_0_82_2 counter-hierarchy ez-toc-counter ez-toc-grey ez-toc-container-direction\">\n<p class=\"ez-toc-title\" style=\"cursor:inherit\">Tartalomjegyz\u00e9k:<\/p>\n<label for=\"ez-toc-cssicon-toggle-item-69f4d0430f93c\" class=\"ez-toc-cssicon-toggle-label\"><span class=\"\"><span class=\"eztoc-hide\" style=\"display:none;\">Toggle<\/span><span class=\"ez-toc-icon-toggle-span\"><svg style=\"fill: #999;color:#999\" xmlns=\"http:\/\/www.w3.org\/2000\/svg\" class=\"list-377408\" width=\"20px\" height=\"20px\" viewBox=\"0 0 24 24\" fill=\"none\"><path d=\"M6 6H4v2h2V6zm14 0H8v2h12V6zM4 11h2v2H4v-2zm16 0H8v2h12v-2zM4 16h2v2H4v-2zm16 0H8v2h12v-2z\" fill=\"currentColor\"><\/path><\/svg><svg style=\"fill: #999;color:#999\" class=\"arrow-unsorted-368013\" xmlns=\"http:\/\/www.w3.org\/2000\/svg\" width=\"10px\" height=\"10px\" viewBox=\"0 0 24 24\" version=\"1.2\" baseProfile=\"tiny\"><path d=\"M18.2 9.3l-6.2-6.3-6.2 6.3c-.2.2-.3.4-.3.7s.1.5.3.7c.2.2.4.3.7.3h11c.3 0 .5-.1.7-.3.2-.2.3-.5.3-.7s-.1-.5-.3-.7zM5.8 14.7l6.2 6.3 6.2-6.3c.2-.2.3-.5.3-.7s-.1-.5-.3-.7c-.2-.2-.4-.3-.7-.3h-11c-.3 0-.5.1-.7.3-.2.2-.3.5-.3.7s.1.5.3.7z\"\/><\/svg><\/span><\/span><\/label><input type=\"checkbox\"  id=\"ez-toc-cssicon-toggle-item-69f4d0430f93c\"  aria-label=\"Toggle\" \/><nav><ul class='ez-toc-list ez-toc-list-level-1 ' ><li class='ez-toc-page-1 ez-toc-heading-level-3'><a class=\"ez-toc-link ez-toc-heading-1\" href=\"https:\/\/www.uia.archi\/hu\/effectero-velemeny-a-potencia-javitasanak-elokesziteserol\/#Kinek_szol_az_EffectEro\" >Kinek sz\u00f3l az EffectEro?<\/a><\/li><li class='ez-toc-page-1 ez-toc-heading-level-3'><a class=\"ez-toc-link ez-toc-heading-2\" href=\"https:\/\/www.uia.archi\/hu\/effectero-velemeny-a-potencia-javitasanak-elokesziteserol\/#Mi_is_pontosan_az_EffectEro\" >Mi is pontosan az EffectEro?<\/a><\/li><li class='ez-toc-page-1 ez-toc-heading-level-3'><a class=\"ez-toc-link ez-toc-heading-3\" href=\"https:\/\/www.uia.archi\/hu\/effectero-velemeny-a-potencia-javitasanak-elokesziteserol\/#Mi_az_EffectEro_hatekonysaganak_titka\" >Mi az EffectEro hat\u00e9konys\u00e1g\u00e1nak titka?<\/a><\/li><li class='ez-toc-page-1 ez-toc-heading-level-3'><a class=\"ez-toc-link ez-toc-heading-4\" href=\"https:\/\/www.uia.archi\/hu\/effectero-velemeny-a-potencia-javitasanak-elokesziteserol\/#Hogyan_kell_hasznalni_az_EffectEro-t\" >Hogyan kell haszn\u00e1lni az EffectEro-t?<\/a><\/li><li class='ez-toc-page-1 ez-toc-heading-level-3'><a class=\"ez-toc-link ez-toc-heading-5\" href=\"https:\/\/www.uia.archi\/hu\/effectero-velemeny-a-potencia-javitasanak-elokesziteserol\/#Milyen_hatasai_vannak_az_EffectEro_hasznalatanak\" >Milyen hat\u00e1sai vannak az EffectEro haszn\u00e1lat\u00e1nak?<\/a><\/li><li class='ez-toc-page-1 ez-toc-heading-level-3'><a class=\"ez-toc-link ez-toc-heading-6\" href=\"https:\/\/www.uia.archi\/hu\/effectero-velemeny-a-potencia-javitasanak-elokesziteserol\/#Nemkivanatos_mellekhatasokat_okozhat_az_EffectEro_alkalmazasa\" >Nemk\u00edv\u00e1natos mell\u00e9khat\u00e1sokat okozhat az EffectEro alkalmaz\u00e1sa?<\/a><\/li><li class='ez-toc-page-1 ez-toc-heading-level-3'><a class=\"ez-toc-link ez-toc-heading-7\" href=\"https:\/\/www.uia.archi\/hu\/effectero-velemeny-a-potencia-javitasanak-elokesziteserol\/#Mit_nyerhet_az_EffectEro_hasznalataval\" >Mit nyerhet az EffectEro haszn\u00e1lat\u00e1val?<\/a><\/li><li class='ez-toc-page-1 ez-toc-heading-level-3'><a class=\"ez-toc-link ez-toc-heading-8\" href=\"https:\/\/www.uia.archi\/hu\/effectero-velemeny-a-potencia-javitasanak-elokesziteserol\/#Mit_gondolnak_a_szakemberek_az_EffectEro-rol\" >Mit gondolnak a szakemberek az EffectEro-r\u00f3l?<\/a><\/li><li class='ez-toc-page-1 ez-toc-heading-level-3'><a class=\"ez-toc-link ez-toc-heading-9\" href=\"https:\/\/www.uia.archi\/hu\/effectero-velemeny-a-potencia-javitasanak-elokesziteserol\/#Mi_a_felhasznalok_velemenye_az_EffectEro_hatekonysagarol\" >Mi a felhaszn\u00e1l\u00f3k v\u00e9lem\u00e9nye az EffectEro hat\u00e9konys\u00e1g\u00e1r\u00f3l?<\/a><\/li><li class='ez-toc-page-1 ez-toc-heading-level-3'><a class=\"ez-toc-link ez-toc-heading-10\" href=\"https:\/\/www.uia.archi\/hu\/effectero-velemeny-a-potencia-javitasanak-elokesziteserol\/#Hol_lehet_megvasarolni_az_EffectEro-t_Ajanlasunk\" >Hol lehet megv\u00e1s\u00e1rolni az EffectEro-t? Aj\u00e1nl\u00e1sunk<\/a><\/li><\/ul><\/nav><\/div>\n<p><a href=\"https:\/\/www.uia.archi\/go\/effectero\/\" rel=\"nofollow\"><img loading=\"lazy\" decoding=\"async\" class=\"alignleft wp-image-15149\" src=\"https:\/\/www.uia.archi\/wp-content\/uploads\/2019\/02\/effectero-178x300.jpg\" alt=\"effektus ero\" width=\"149\" height=\"251\" \/><\/a> Manaps\u00e1g a f\u00e9rfiak sz\u00e1mos kedvez\u0151tlen t\u00e9nyez\u0151nek vannak kit\u00e9ve, amelyek negat\u00edvan befoly\u00e1solj\u00e1k az \u00e1gy kapacit\u00e1sukat. Nem mindenki tudja, hogy az erekci\u00f3s probl\u00e9m\u00e1k \u00e9s a r\u00f6vid k\u00f6z\u00f6s\u00fcl\u00e9s rossz \u00e9trendb\u0151l, stimul\u00e1nsokb\u00f3l, a fizikai aktivit\u00e1s hi\u00e1ny\u00e1b\u00f3l, a t\u00falterhel\u00e9sb\u0151l vagy a t\u00fals\u00falyb\u00f3l eredhet.<\/p>\n<p>Ez\u00e9rt \u00e9rdemes gondoskodni \u00e1llapot\u00e1r\u00f3l \u00e9s meger\u0151s\u00edteni mag\u00e1t az innovat\u00edv EffectEro k\u00e9sz\u00edtm\u00e9ny k\u00edn\u00e1lta el\u0151ny\u00f6knek k\u00f6sz\u00f6nhet\u0151en.<\/p>\n<h3><span class=\"ez-toc-section\" id=\"Kinek_szol_az_EffectEro\"><\/span>Kinek sz\u00f3l az EffectEro?<span class=\"ez-toc-section-end\"><\/span><\/h3>\n<p><img loading=\"lazy\" decoding=\"async\" class=\"alignright wp-image-2431\" src=\"https:\/\/www.uia.archi\/wp-content\/uploads\/2019\/02\/problemy-z-erekcj\u0105-impotencja-300x200.jpg\" alt=\"mereved\u00e9si probl\u00e9m\u00e1k impotencia\" width=\"393\" height=\"262\" \/><\/p>\n<p>A kapszul\u00e1kat minden f\u00e9rfinak el kell \u00e9rnie, aki tudja, hogy nem haszn\u00e1lja ki teljes m\u00e9rt\u00e9kben szexu\u00e1lis lehet\u0151s\u00e9geit, \u00e9s szeretn\u00e9 fel\u00e9breszteni saj\u00e1t \u00e9s f\u00e9rfias potenci\u00e1lj\u00e1t.<\/p>\n<p>Az EffectEro seg\u00edts\u00e9g\u00e9vel ez a folyamat nemcsak egyszer\u0171, de \u00e9lvezetes \u00e9s rendk\u00edv\u00fcl hat\u00e9kony is.<\/p>\n<h3><span class=\"ez-toc-section\" id=\"Mi_is_pontosan_az_EffectEro\"><\/span>Mi is pontosan az EffectEro?<span class=\"ez-toc-section-end\"><\/span><\/h3>\n<p>Az EffectEro egy teljesen biztons\u00e1gos k\u00e9sz\u00edtm\u00e9ny kapszula form\u00e1j\u00e1ban mereved\u00e9si zavarok \u00e9s cs\u00f6kkent szexu\u00e1lis k\u00e9pess\u00e9gek ellen.<\/p>\n<p>Az el\u0151k\u00e9sz\u00fclet el\u00e9r\u00e9s\u00e9vel es\u00e9lyt ad mag\u00e1nak a hat\u00e9konyabb \u00e9rz\u00e9sekre, a jobb hangulatra \u00e9s mindenekel\u0151tt a partner el\u00e9gedetts\u00e9g\u00e9re. Ez egy hat\u00e9kony \u00e9s biztons\u00e1gos m\u00f3dszer a reprodukt\u00edv rendszer \u00e1llapot\u00e1nak jav\u00edt\u00e1s\u00e1ra.<\/p>\n<h3><span class=\"ez-toc-section\" id=\"Mi_az_EffectEro_hatekonysaganak_titka\"><\/span>Mi az EffectEro hat\u00e9konys\u00e1g\u00e1nak titka?<span class=\"ez-toc-section-end\"><\/span><\/h3>\n<p>Az EffectEro eset\u00e9ben egyszer\u0171, term\u00e9szetes eredet\u0171 komponenseket haszn\u00e1ltunk. K\u00fcl\u00f6n-k\u00fcl\u00f6n, a term\u00e9szetgy\u00f3gy\u00e1szatban \u00e9vek \u00f3ta ismert \u00f6sszetev\u0151k csoportj\u00e1t alkotj\u00e1k.<\/p>\n<p>Csak kombin\u00e1ci\u00f3juk innovat\u00edv \u00e9s egyben egyszer\u0171 recept form\u00e1j\u00e1ban lehet\u0151v\u00e9 tette, hogy megv\u00e1ltoztass\u00e1k a mereved\u00e9si zavarok kezel\u00e9s\u00e9re szolg\u00e1l\u00f3 k\u00e9sz\u00edtm\u00e9nyek piac\u00e1t, \u00e9s es\u00e9lyt adjanak minden f\u00e9rfinak erotikus \u00e9let\u00fck igazi forradalm\u00e1ra. A k\u00e9sz\u00edtm\u00e9ny bev\u00e1lt \u00fcltetv\u00e9nyek por\u00edtott kivonataib\u00f3l \u00e1ll.<\/p>\n<ul>\n<li><strong>Muira Puama<\/strong> ( <a href=\"https:\/\/en.wikipedia.org\/wiki\/Ptychopetalum\" rel=\"nofollow\">Ptychopetalum<\/a> ) &#8211; amaz\u00f3niai potencian\u00f6v\u00e9ny, amely n\u00f6veli a f\u00e9rfi libid\u00f3t, energi\u00e1t ad \u00e9s er\u0151s\u00edti a test hat\u00e9konys\u00e1g\u00e1t. Hat\u00e1sos gy\u00f3gyszer a v\u00e9rkering\u00e9s \u00e9s ez\u00e1ltal az ingerek \u00e9rz\u00e9kel\u00e9s\u00e9nek jav\u00edt\u00e1s\u00e1ra is. Ez\u00e1ltal a p\u00e9nisz \u00e9rz\u00e9kenyebb \u00e9s rugalmasabb lesz minden egyes k\u00f6z\u00f6s\u00fcl\u00e9s sor\u00e1n.<\/li>\n<li><strong>A jap\u00e1n<\/strong> <a href=\"https:\/\/en.wikipedia.org\/wiki\/Ginkgo_biloba\" rel=\"nofollow\">ginkgo<\/a> ( <a href=\"https:\/\/en.wikipedia.org\/wiki\/Ginkgo_biloba\" rel=\"nofollow\">Ginkgo Biloba<\/a> ) &#8211; fontos t\u00e9nyez\u0151 a gyenges\u00e9g \u00e9s az idegess\u00e9g elleni k\u00fczdelemben. Cs\u00f6kkenti a f\u00e1radts\u00e1g \u00e9rz\u00e9s\u00e9t \u00e9s jav\u00edtja a v\u00e9r\u00e1raml\u00e1st, k\u00fcl\u00f6n\u00f6sen a p\u00e9nisz \u00fcreges test\u00e9be, amely azonnal er\u0151sebb\u00e9 \u00e9s kem\u00e9nyebb\u00e9 v\u00e1lik.<\/li>\n<li><strong>Citrullin<\/strong> ( <a href=\"https:\/\/en.wikipedia.org\/wiki\/Citrulline\" rel=\"nofollow\">Citrullin<\/a> ) &#8211; az aminosavak csoportj\u00e1ba tartoz\u00f3 szerves vegy\u00fclet az \u00e9trendi rendelleness\u00e9gek szerves r\u00e9sze. Az EffectEro eset\u00e9ben a citrullin t\u00e1mogatja a p\u00e9nisz izomzat\u00e1nak revitaliz\u00e1l\u00e1s\u00e1t, \u00e9s lehet\u0151v\u00e9 teszi a tart\u00f3s \u00e9s er\u0151s mereved\u00e9st.<\/li>\n<li><strong>Perui<\/strong> <a href=\"https:\/\/en.wikipedia.org\/wiki\/Lepidium_meyenii\" rel=\"nofollow\">bors<\/a> ( <a href=\"https:\/\/en.wikipedia.org\/wiki\/Lepidium_meyenii\" rel=\"nofollow\">Lepidium meyenii<\/a> ) &#8211; n\u00f6veli a szexu\u00e1lis aktivit\u00e1st \u00e9s szab\u00e1lyozza a szervezet hormon\u00e1lis egyens\u00faly\u00e1t. Legf\u0151k\u00e9ppen azonban er\u0151t ad a szerelmeknek, \u00e9s fokozottabb \u00e1ll\u00f3k\u00e9pess\u00e9get biztos\u00edt a szex sor\u00e1n.<\/li>\n<li><strong>Cordyceps<\/strong> ( <a href=\"https:\/\/en.wikipedia.org\/wiki\/Cordyceps\" rel=\"nofollow\">Cordyceps<\/a> ) &#8211; \u00e9vek \u00f3ta haszn\u00e1lj\u00e1k a potencia kezel\u00e9s\u00e9re. Okkal nyerte el a &#8222;Himal\u00e1ja Viagra&#8221; becenevet. Ez lehet\u0151v\u00e9 teszi a libid\u00f3, a hat\u00e9konys\u00e1g \u00e9s az \u00e1ltal\u00e1nos \u00e1llapot n\u00f6vel\u00e9s\u00e9t, k\u00fcl\u00f6n\u00f6sen az \u00e1gyban.<\/li>\n<\/ul>\n<h3><span class=\"ez-toc-section\" id=\"Hogyan_kell_hasznalni_az_EffectEro-t\"><\/span>Hogyan kell haszn\u00e1lni az EffectEro-t?<span class=\"ez-toc-section-end\"><\/span><\/h3>\n<p>Az EffectEro eset\u00e9ben csak egy poh\u00e1r v\u00edzre \u00e9s egy kapszula csomagol\u00e1sra kell eml\u00e9keznie. Sz\u00e1mos megjegyz\u00e9s k\u00f6z\u00f6tt a k\u00e9sz\u00edtm\u00e9ny alkalmaz\u00e1s\u00e1nak egyszer\u0171 \u00e9s hozz\u00e1f\u00e9rhet\u0151 form\u00e1ja nyeri el a k\u00e9nyelmet \u00e9s a diszkr\u00e9ci\u00f3t \u00e9rt\u00e9kel\u0151 f\u00e9rfiak sz\u00edv\u00e9t.<\/p>\n<p>A kapszul\u00e1k haszn\u00e1lata csak n\u00e9h\u00e1ny m\u00e1sodpercet vesz ig\u00e9nybe a nap folyam\u00e1n &#8211; nyelje le, \u00e9s \u00e9lvezze a fantasztikus szexet, amikor csak akarja!<\/p>\n<h3><span class=\"ez-toc-section\" id=\"Milyen_hatasai_vannak_az_EffectEro_hasznalatanak\"><\/span>Milyen hat\u00e1sai vannak az EffectEro haszn\u00e1lat\u00e1nak?<span class=\"ez-toc-section-end\"><\/span><\/h3>\n<p>Alapvet\u0151en a k\u00e9sz\u00edtm\u00e9ny haszn\u00e1lat\u00e1nak hat\u00e1sa a test fokozott aktivit\u00e1sa \u00e9s az \u00e1ll\u00f3k\u00e9pess\u00e9g a k\u00f6z\u00f6s\u00fcl\u00e9s sor\u00e1n. A napi t\u00f6bbsz\u00f6r\u00f6s erekci\u00f3nak nem kell probl\u00e9m\u00e1t jelentenie, csak\u00fagy, mint a hossz\u00fa \u00f3r\u00e1kig tart\u00f3 szex \u00e9s a hosszan tart\u00f3 orgazmus. Az EffectEro-val elfelejtheti azokat a gyors cselekedeteket, amelyek \u00e1tmeneti el\u00e9gedetts\u00e9get jelentenek, \u00e9s legy\u00fcnk \u0151szint\u00e9k &#8211; nem k\u00e9pesek kiel\u00e9g\u00edteni egyetlen n\u0151t sem.<\/p>\n<p>A kapszul\u00e1k haszn\u00e1lata befoly\u00e1solja a spermiumok min\u0151s\u00e9g\u00e9t, jav\u00edtja a p\u00e9nisz kem\u00e9nys\u00e9g\u00e9t az erekci\u00f3 sor\u00e1n, \u00e9s energi\u00e1t is ad. A kieg\u00e9sz\u00edt\u00e9s sikeresen aktiv\u00e1lja a tesztoszteron szintj\u00e9t, \u00edgy a rossz \u00e1llapot\u00fa szerelmesek is korl\u00e1tok n\u00e9lk\u00fcl k\u00e9pesek hossz\u00fa \u00e9s szenved\u00e9lyes k\u00f6z\u00f6s\u00fcl\u00e9ssel meglepni magukat \u00e9s p\u00e1rjukat.<\/p>\n<h3><span class=\"ez-toc-section\" id=\"Nemkivanatos_mellekhatasokat_okozhat_az_EffectEro_alkalmazasa\"><\/span>Nemk\u00edv\u00e1natos mell\u00e9khat\u00e1sokat okozhat az EffectEro alkalmaz\u00e1sa?<span class=\"ez-toc-section-end\"><\/span><\/h3>\n<p>Ez egy v\u00e9ny n\u00e9lk\u00fcl kaphat\u00f3 \u00e9trend-kieg\u00e9sz\u00edt\u0151, amelyet tudom\u00e1nyosan teszteltek, mell\u00e9khat\u00e1sok n\u00e9lk\u00fcl. A szexu\u00e1lis \u00e9let v\u00e1ltoz\u00e1sa \u00e9vek \u00f3ta komoly d\u00f6nt\u00e9s, ez\u00e9rt megb\u00edzhat\u00f3 k\u00e9sz\u00edtm\u00e9nyt kell v\u00e1lasztania.<\/p>\n<p>Az EffectEro nagyon n\u00e9pszer\u0171, amit az el\u00e9gedett f\u00e9rfiak sz\u00e1mos aj\u00e1nl\u00e1sa is meger\u0151s\u00edt. \u00cdgy a megvitatott k\u00e9sz\u00edtm\u00e9ny piacvezet\u0151v\u00e9 v\u00e1lik azokban a hat\u00e9konys\u00e1gn\u00f6vel\u0151 szerekben, amelyeket a test \u00e1ltal\u00e1nos \u00e1llapot\u00e1nak \u00e9s hat\u00e9konys\u00e1g\u00e1nak n\u00f6vel\u00e9s\u00e9re haszn\u00e1lnak. A kapszul\u00e1k rendszeres haszn\u00e1lata minden alkalommal el\u00e9gedetts\u00e9get jelent a szenved\u00e9lyes k\u00f6z\u00f6s\u00fcl\u00e9ssel.<\/p>\n<h3><span class=\"ez-toc-section\" id=\"Mit_nyerhet_az_EffectEro_hasznalataval\"><\/span>Mit nyerhet az EffectEro haszn\u00e1lat\u00e1val?<span class=\"ez-toc-section-end\"><\/span><\/h3>\n<p>Figyelembe v\u00e9ve a k\u00e9sz\u00edtm\u00e9ny hat\u00e9konys\u00e1g\u00e1t, \u00e9rdemes figyelni a kapszul\u00e1k bev\u00e9tel\u00e9nek sz\u00e1mos el\u0151ny\u00e9re. \u00cdgy k\u00f6nnyen megv\u00e1ltoztathatja \u00e9let\u00e9t az erotikus szf\u00e9r\u00e1j\u00e1nak fejleszt\u00e9s\u00e9vel \u00e9s az \u00f6nbizalom megszerz\u00e9s\u00e9vel.<\/p>\n<p>Az EffectEro rendszeres haszn\u00e1lata:<\/p>\n<ul>\n<li>K\u0151kem\u00e9ny erekci\u00f3<\/li>\n<li>Nincsenek komplexek, \u00e9s tov\u00e1bbi k\u00eds\u00e9rleteket kell v\u00e9gezni az \u00e1gyban<\/li>\n<li>Hajland\u00f3 a k\u00f6z\u00f6s\u00fcl\u00e9sre a nap b\u00e1rmelyik napj\u00e1n vagy \u00e9jszaka<\/li>\n<li>Nagyobb a p\u00e9nisz ereje \u00e9s hosszabb a k\u00f6z\u00f6s\u00fcl\u00e9s<\/li>\n<li>Garancia a legig\u00e9nyesebb partner kiel\u00e9g\u00edt\u00e9s\u00e9re is<\/li>\n<li>Az orgazmus jelent\u0151s elh\u00faz\u00f3d\u00e1sa<\/li>\n<li>\u00c9rz\u00e9kenyebb p\u00e9nisz \u00e9s fokozott inger\u00e9rz\u00e9s<\/li>\n<li>A sperma min\u0151s\u00e9g\u00e9nek jav\u00edt\u00e1sa<\/li>\n<li>Jobb v\u00e9rell\u00e1t\u00e1s a p\u00e9niszen, lehet\u0151v\u00e9 t\u00e9ve a m\u00e9lyebb behatol\u00e1st<\/li>\n<li>T\u00f6bb energia \u00e9s jobb k\u00f6z\u00e9rzet<\/li>\n<li>El\u00e9gedetts\u00e9g \u00f6nmag\u00e1val \u00e9s nemi \u00e9let\u00e9vel<\/li>\n<\/ul>\n<h3><span class=\"ez-toc-section\" id=\"Mit_gondolnak_a_szakemberek_az_EffectEro-rol\"><\/span>Mit gondolnak a szakemberek az EffectEro-r\u00f3l?<span class=\"ez-toc-section-end\"><\/span><\/h3>\n<ul>\n<li>\u201eNagyon <em>sok f\u00e9rfi besz\u00e9l el\u00e9gszer a mereved\u00e9si zavarokr\u00f3l. Mint k\u00e9pzett pszichol\u00f3gus nagyon \u00f6r\u00fcl\u00f6k ennek. Itt az ideje harcolni a gyenges\u00e9ged ellen. Az EffectEro seg\u00edti \u0151ket ebben, mivel nem okoz f\u00fcgg\u0151s\u00e9get \u00e9s megk\u00f6nnyebb\u00fcl\u00e9st hoz. A szexk\u00e9ptelens\u00e9g k\u00ednos baja, vagy annak rossz min\u0151s\u00e9ge sok f\u00e9rfit \u00e9bren tart. Azzal, hogy aj\u00e1nlom a kapszul\u00e1kat \u00fcgyfeleimnek, tudom, hogy sok esetben seg\u00edtettem nekik. Ez olyan megk\u00f6nnyebb\u00fcl\u00e9s, amelyet neh\u00e9z \u00f6sszehasonl\u00edtani m\u00e1s jelens\u00e9gekkel &#8211; a sz\u00e9gyen v\u00e9g\u00e9vel, a szexu\u00e1lis fesz\u00fclts\u00e9g kirak\u00e1s\u00e1val kapcsolatos probl\u00e9m\u00e1kkal vagy annak hi\u00e1ny\u00e1val. Javaslom a k\u00e9sz\u00edtm\u00e9nyt &#8211; a betegs\u00e9g kor\u00e1t\u00f3l vagy el\u0151rehalad\u00e1s\u00e1t\u00f3l f\u00fcggetlen\u00fcl.<\/em> \u201d- <strong>Mariusz, terapeuta<\/strong> .<\/li>\n<li>\u201e <em>Motiv\u00e1ci\u00f3s el\u0151ad\u00f3k\u00e9nt dolgozom, \u00e9s tudom, hogy az erekci\u00f3s diszfunkci\u00f3 az egyik leggyakoribb oka a depresszi\u00f3nak, a partnerekkel val\u00f3 kapcsolatok kudarc\u00e1nak, s\u0151t a munkahelyi probl\u00e9m\u00e1knak is. Sajnos egyed\u00fcl nem tudtam seg\u00edteni az \u00f3r\u00e1im r\u00e9sztvev\u0151inek, \u00e9s m\u00e1s utat kerestem. R\u00e1bukkantam az EffectEro-ra, amely a klinikai vizsg\u00e1latok legjobb eredm\u00e9nyeit mutatta be, emellett hat\u00e9konys\u00e1g\u00e1t a v\u00e1s\u00e1rl\u00f3i v\u00e9lem\u00e9nyek is meger\u0151s\u00edtett\u00e9k. Most a r\u00e9sztvev\u0151k k\u00f6r\u00e9ben javul\u00e1st l\u00e1tok &#8211; magabiztosabbak, nagyon nyitottak, mosolyg\u00f3sabbak. Azt hiszem, ez a felk\u00e9sz\u00fcl\u00e9snek k\u00f6sz\u00f6nhet\u0151 &#8211; r\u00e9g\u00f3ta ismert, hogy a sikeres szexu\u00e1lis \u00e9let garancia az \u00e9let sz\u00e1mos siker\u00e9re.<\/em> \u201d- <strong>Adam, edz\u0151<\/strong><\/li>\n<\/ul>\n<h3><span class=\"ez-toc-section\" id=\"Mi_a_felhasznalok_velemenye_az_EffectEro_hatekonysagarol\"><\/span>Mi a felhaszn\u00e1l\u00f3k v\u00e9lem\u00e9nye az EffectEro hat\u00e9konys\u00e1g\u00e1r\u00f3l?<span class=\"ez-toc-section-end\"><\/span><\/h3>\n<ul>\n<li>\u201e <em>T\u00f6bb h\u00f3napon \u00e1t nagyon stresszelt a munkahelyem. A v\u0151leg\u00e9ny\u00e9vel folytatott vita volt az oka. A gy\u0171r\u0171, mondhatn\u00e1m, m\u00e1r a k\u00f6r\u00f6m\u00f6n l\u00f3g. Nemi \u00e9let\u00fcnk egy\u00e1ltal\u00e1n nem l\u00e9tezett, \u00e9s minden k\u00eds\u00e9rlet kudarccal v\u00e9gz\u0151d\u00f6tt. A k\u00f6lcs\u00f6n lehetetlenn\u00e9 tette sz\u00e1momra a munkahelyv\u00e1lt\u00e1st, ez\u00e9rt m\u00e1s megold\u00e1st kellett keresnem. Egy bar\u00e1tom aj\u00e1nlotta nekem az EffectEro-t, \u00e9s ez bika szem volt. A hat\u00e1sok nagyon j\u00f3k. Aj\u00e1nlom, nincs \u00e9rtelme f\u00e1radni \u00e9s \u00fagy tenni, mintha a probl\u00e9ma nem l\u00e9tezik<\/em> &#8222;- <strong>Sebastian, 28 \u00e9ves<\/strong><\/li>\n<li>\u201e <em>A szingli l\u00e9tnek megvannak az el\u0151nyei &#8211; sz\u00f3rakoz\u00e1s, partik, men\u0151 l\u00e1nyok. Nem sz\u00e1m\u00edtottam r\u00e1, hogy a v\u00e1l\u00e1s ut\u00e1n nem lesz ilyen sz\u00ednes. Kider\u00fclt, hogy sok eg\u00e9szs\u00e9gembe ker\u00fclt. Amit megismertem egy l\u00e1nnyal, az a t\u00e1rsam volt a legfontosabb pillanatban. V\u00e9g\u00fcl eleget mondtam, \u00e9s kerestem a megold\u00e1st. Megvettem az EffectEr\u00f3t, \u00e9s most m\u00e1r tudom, hogy meg\u00e9rte. A mereved\u00e9sek v\u00e9g\u00fcl minden alkalommal sikerrel j\u00e1rnak, \u00e9s tal\u00e1lkoztam \u00c1zsi\u00e1val, akivel tal\u00e1n lesz m\u00e9g valami<\/em> &#8222;- <strong>Andrzej, 42 \u00e9ves<\/strong><\/li>\n<li>\u201e <em>Nincs semmi rossz, ami ne bizonyulna j\u00f3nak. Az EffectEro seg\u00edts\u00e9g\u00e9vel csak meg\u00e9rtettem, mit jelent a j\u00f3 szex. Nem volt gondom, de kider\u00fclt, hogy val\u00f3sz\u00edn\u0171leg igen. Most mereved\u00e9sem \u00e9s sikeres kapcsolataim vannak. Aj\u00e1nlom! K\u00f6nny\u0171, gyorsan haszn\u00e1lhat\u00f3 \u00e9s hat\u00e9kony!<\/em> \u201d- <strong>\u00c1d\u00e1m, 58 \u00e9ves<\/strong><\/li>\n<\/ul>\n<h3><span class=\"ez-toc-section\" id=\"Hol_lehet_megvasarolni_az_EffectEro-t_Ajanlasunk\"><\/span>Hol lehet megv\u00e1s\u00e1rolni az EffectEro-t? Aj\u00e1nl\u00e1sunk<span class=\"ez-toc-section-end\"><\/span><\/h3>\n<p>Ne felejtsen el csak enged\u00e9lyezett forr\u00e1sokat haszn\u00e1lni. A piacon sok olyan k\u00e9sz\u00edtm\u00e9ny tal\u00e1lhat\u00f3, amely nem eredeti. Az eredeti \u00e9s hat\u00e9kony k\u00e9sz\u00edtm\u00e9ny megv\u00e1s\u00e1rl\u00e1s\u00e1nak legjobb m\u00f3dja <a href=\"https:\/\/www.uia.archi\/go\/effectero\/\" rel=\"nofollow\">a gy\u00e1rt\u00f3 hivatalos weboldala<\/a> .<\/p>\n<div class=\"belcherwt aligncenter\" style=\"border: #000 dashed 3px; padding: 10px 20px; margin: 10px 0; font-size: 14px;\">\n<p style=\"text-align: left;\"><a href=\"https:\/\/www.uia.archi\/go\/effectero\/\" rel=\"nofollow\"><img loading=\"lazy\" decoding=\"async\" class=\"alignleft wp-image-389\" style=\"border: 0px;\" src=\"\/wp-content\/uploads\/2019\/02\/effectero-178x300.jpg\" alt=\"\" width=\"136\" height=\"229\" \/><\/a> <strong>MEGJEGYZ\u00c9S:<\/strong> Korl\u00e1tozott ideig az EFFECTERO hat\u00e9konys\u00e1g\u00e1nak jav\u00edt\u00e1s\u00e1ra szolg\u00e1l\u00f3 k\u00e9sz\u00edtm\u00e9ny hivatalos forgalmaz\u00f3ja k\u00fcl\u00f6nleges aj\u00e1nlatot k\u00edn\u00e1l olvas\u00f3ink sz\u00e1m\u00e1ra. 100% -os p\u00e9nz-visszafizet\u00e9si garanci\u00e1val j\u00e1r a megv\u00e1s\u00e1rolt kezel\u00e9s eset\u00e9n, ha nem hozza meg a v\u00e1rt eredm\u00e9nyt.<\/p>\n<p style=\"text-align: left;\"><span style=\"color: #000000;\"><span style=\"background-color: #ffff00;\"><a href=\"https:\/\/www.uia.archi\/go\/effectero\/\" rel=\"nofollow\"><span style=\"color: #000000;\"><strong style=\"color: #000000;\">Kattintson ide az EFFECTERO v\u00e1s\u00e1rl\u00e1s\u00e1hoz<\/strong><\/span><\/a><\/span><\/span><\/p>\n<p style=\"text-align: left;\"><strong><span style=\"color: #993300; font-family: Arial Black;\">Az akci\u00f3 ma v\u00e9get \u00e9r!<\/span><\/strong><\/p>\n<p style=\"text-align: left;\">A k\u00e9szlet kimer\u00fcl\u00e9se miatt az akci\u00f3 id\u0151beli korl\u00e1tozotts\u00e1g\u00fa<\/p>\n<\/div>\n","protected":false},"excerpt":{"rendered":"<p>Manaps\u00e1g a f\u00e9rfiak sz\u00e1mos kedvez\u0151tlen t\u00e9nyez\u0151nek vannak kit\u00e9ve, amelyek negat\u00edvan befoly\u00e1solj\u00e1k az \u00e1gy kapacit\u00e1sukat. Nem mindenki tudja, hogy az erekci\u00f3s probl\u00e9m\u00e1k \u00e9s a r\u00f6vid k\u00f6z\u00f6s\u00fcl\u00e9s rossz \u00e9trendb\u0151l, stimul\u00e1nsokb\u00f3l, a fizikai aktivit\u00e1s hi\u00e1ny\u00e1b\u00f3l, a t\u00falterhel\u00e9sb\u0151l vagy a t\u00fals\u00falyb\u00f3l eredhet. Ez\u00e9rt \u00e9rdemes gondoskodni \u00e1llapot\u00e1r\u00f3l \u00e9s meger\u0151s\u00edteni mag\u00e1t az innovat\u00edv EffectEro k\u00e9sz\u00edtm\u00e9ny k\u00edn\u00e1lta el\u0151ny\u00f6knek k\u00f6sz\u00f6nhet\u0151en. Kinek sz\u00f3l az [&hellip;]<\/p>\n","protected":false},"author":1,"featured_media":0,"comment_status":"open","ping_status":"open","sticky":false,"template":"","format":"standard","meta":{"cybocfi_hide_featured_image":"","footnotes":""},"categories":[1,16],"tags":[],"class_list":["post-205","post","type-post","status-publish","format-standard","hentry","category-avis-sur-les-produits","category-termek-velemenyek"],"yoast_head":"<!-- This site is optimized with the Yoast SEO plugin v27.5 - https:\/\/yoast.com\/product\/yoast-seo-wordpress\/ -->\n<title>EffectEro - v\u00e9lem\u00e9ny a potencia jav\u00edt\u00e1s\u00e1nak el\u0151k\u00e9sz\u00edt\u00e9s\u00e9r\u0151l<\/title>\n<meta name=\"robots\" content=\"index, follow, max-snippet:-1, max-image-preview:large, max-video-preview:-1\" \/>\n<link rel=\"canonical\" href=\"https:\/\/www.uia.archi\/hu\/effectero-velemeny-a-potencia-javitasanak-elokesziteserol\/\" \/>\n<meta property=\"og:locale\" content=\"hu_HU\" \/>\n<meta property=\"og:type\" content=\"article\" \/>\n<meta property=\"og:title\" content=\"EffectEro - v\u00e9lem\u00e9ny a potencia jav\u00edt\u00e1s\u00e1nak el\u0151k\u00e9sz\u00edt\u00e9s\u00e9r\u0151l\" \/>\n<meta property=\"og:description\" content=\"Manaps\u00e1g a f\u00e9rfiak sz\u00e1mos kedvez\u0151tlen t\u00e9nyez\u0151nek vannak kit\u00e9ve, amelyek negat\u00edvan befoly\u00e1solj\u00e1k az \u00e1gy kapacit\u00e1sukat. Nem mindenki tudja, hogy az erekci\u00f3s probl\u00e9m\u00e1k \u00e9s a r\u00f6vid k\u00f6z\u00f6s\u00fcl\u00e9s rossz \u00e9trendb\u0151l, stimul\u00e1nsokb\u00f3l, a fizikai aktivit\u00e1s hi\u00e1ny\u00e1b\u00f3l, a t\u00falterhel\u00e9sb\u0151l vagy a t\u00fals\u00falyb\u00f3l eredhet. Ez\u00e9rt \u00e9rdemes gondoskodni \u00e1llapot\u00e1r\u00f3l \u00e9s meger\u0151s\u00edteni mag\u00e1t az innovat\u00edv EffectEro k\u00e9sz\u00edtm\u00e9ny k\u00edn\u00e1lta el\u0151ny\u00f6knek k\u00f6sz\u00f6nhet\u0151en. Kinek sz\u00f3l az [&hellip;]\" \/>\n<meta property=\"og:url\" content=\"https:\/\/www.uia.archi\/hu\/effectero-velemeny-a-potencia-javitasanak-elokesziteserol\/\" \/>\n<meta property=\"og:site_name\" content=\"Egyedi nemzetk\u00f6zi cikkek\" \/>\n<meta property=\"article:published_time\" content=\"2019-02-07T23:00:00+00:00\" \/>\n<meta property=\"article:modified_time\" content=\"2021-06-08T17:58:24+00:00\" \/>\n<meta property=\"og:image\" content=\"https:\/\/www.uia.archi\/wp-content\/uploads\/2019\/02\/effectero-178x300.jpg\" \/>\n<meta name=\"author\" content=\"Writer\" \/>\n<meta name=\"twitter:card\" content=\"summary_large_image\" \/>\n<meta name=\"twitter:label1\" content=\"Szerz\u0151:\" \/>\n\t<meta name=\"twitter:data1\" content=\"Writer\" \/>\n\t<meta name=\"twitter:label2\" content=\"Becs\u00fclt olvas\u00e1si id\u0151\" \/>\n\t<meta name=\"twitter:data2\" content=\"9 perc\" \/>\n<script type=\"application\/ld+json\" class=\"yoast-schema-graph\">{\"@context\":\"https:\\\/\\\/schema.org\",\"@graph\":[{\"@type\":\"Article\",\"@id\":\"https:\\\/\\\/www.uia.archi\\\/hu\\\/effectero-velemeny-a-potencia-javitasanak-elokesziteserol\\\/#article\",\"isPartOf\":{\"@id\":\"https:\\\/\\\/www.uia.archi\\\/hu\\\/effectero-velemeny-a-potencia-javitasanak-elokesziteserol\\\/\"},\"author\":{\"name\":\"Writer\",\"@id\":\"https:\\\/\\\/www.uia.archi\\\/hu\\\/#\\\/schema\\\/person\\\/3d67c6894ced0e7a84948b704169c9c2\"},\"headline\":\"EffectEro &#8211; v\u00e9lem\u00e9ny a potencia jav\u00edt\u00e1s\u00e1nak el\u0151k\u00e9sz\u00edt\u00e9s\u00e9r\u0151l\",\"datePublished\":\"2019-02-07T23:00:00+00:00\",\"dateModified\":\"2021-06-08T17:58:24+00:00\",\"mainEntityOfPage\":{\"@id\":\"https:\\\/\\\/www.uia.archi\\\/hu\\\/effectero-velemeny-a-potencia-javitasanak-elokesziteserol\\\/\"},\"wordCount\":1911,\"commentCount\":0,\"image\":{\"@id\":\"https:\\\/\\\/www.uia.archi\\\/hu\\\/effectero-velemeny-a-potencia-javitasanak-elokesziteserol\\\/#primaryimage\"},\"thumbnailUrl\":\"https:\\\/\\\/www.uia.archi\\\/wp-content\\\/uploads\\\/2019\\\/02\\\/effectero-178x300.jpg\",\"articleSection\":[\"Avis sur les produits\",\"Term\u00e9k v\u00e9lem\u00e9nyek\"],\"inLanguage\":\"hu\",\"potentialAction\":[{\"@type\":\"CommentAction\",\"name\":\"Comment\",\"target\":[\"https:\\\/\\\/www.uia.archi\\\/hu\\\/effectero-velemeny-a-potencia-javitasanak-elokesziteserol\\\/#respond\"]}]},{\"@type\":\"WebPage\",\"@id\":\"https:\\\/\\\/www.uia.archi\\\/hu\\\/effectero-velemeny-a-potencia-javitasanak-elokesziteserol\\\/\",\"url\":\"https:\\\/\\\/www.uia.archi\\\/hu\\\/effectero-velemeny-a-potencia-javitasanak-elokesziteserol\\\/\",\"name\":\"EffectEro - v\u00e9lem\u00e9ny a potencia jav\u00edt\u00e1s\u00e1nak el\u0151k\u00e9sz\u00edt\u00e9s\u00e9r\u0151l\",\"isPartOf\":{\"@id\":\"https:\\\/\\\/www.uia.archi\\\/hu\\\/#website\"},\"primaryImageOfPage\":{\"@id\":\"https:\\\/\\\/www.uia.archi\\\/hu\\\/effectero-velemeny-a-potencia-javitasanak-elokesziteserol\\\/#primaryimage\"},\"image\":{\"@id\":\"https:\\\/\\\/www.uia.archi\\\/hu\\\/effectero-velemeny-a-potencia-javitasanak-elokesziteserol\\\/#primaryimage\"},\"thumbnailUrl\":\"https:\\\/\\\/www.uia.archi\\\/wp-content\\\/uploads\\\/2019\\\/02\\\/effectero-178x300.jpg\",\"datePublished\":\"2019-02-07T23:00:00+00:00\",\"dateModified\":\"2021-06-08T17:58:24+00:00\",\"author\":{\"@id\":\"https:\\\/\\\/www.uia.archi\\\/hu\\\/#\\\/schema\\\/person\\\/3d67c6894ced0e7a84948b704169c9c2\"},\"breadcrumb\":{\"@id\":\"https:\\\/\\\/www.uia.archi\\\/hu\\\/effectero-velemeny-a-potencia-javitasanak-elokesziteserol\\\/#breadcrumb\"},\"inLanguage\":\"hu\",\"potentialAction\":[{\"@type\":\"ReadAction\",\"target\":[\"https:\\\/\\\/www.uia.archi\\\/hu\\\/effectero-velemeny-a-potencia-javitasanak-elokesziteserol\\\/\"]}]},{\"@type\":\"ImageObject\",\"inLanguage\":\"hu\",\"@id\":\"https:\\\/\\\/www.uia.archi\\\/hu\\\/effectero-velemeny-a-potencia-javitasanak-elokesziteserol\\\/#primaryimage\",\"url\":\"https:\\\/\\\/www.uia.archi\\\/wp-content\\\/uploads\\\/2019\\\/02\\\/effectero-178x300.jpg\",\"contentUrl\":\"https:\\\/\\\/www.uia.archi\\\/wp-content\\\/uploads\\\/2019\\\/02\\\/effectero-178x300.jpg\"},{\"@type\":\"BreadcrumbList\",\"@id\":\"https:\\\/\\\/www.uia.archi\\\/hu\\\/effectero-velemeny-a-potencia-javitasanak-elokesziteserol\\\/#breadcrumb\",\"itemListElement\":[{\"@type\":\"ListItem\",\"position\":1,\"name\":\"itthon\",\"item\":\"https:\\\/\\\/www.uia.archi\\\/hu\\\/\"},{\"@type\":\"ListItem\",\"position\":2,\"name\":\"Term\u00e9k v\u00e9lem\u00e9nyek\",\"item\":\"https:\\\/\\\/www.uia.archi\\\/hu\\\/category\\\/termek-velemenyek\\\/\"},{\"@type\":\"ListItem\",\"position\":3,\"name\":\"EffectEro &#8211; v\u00e9lem\u00e9ny a potencia jav\u00edt\u00e1s\u00e1nak el\u0151k\u00e9sz\u00edt\u00e9s\u00e9r\u0151l\"}]},{\"@type\":\"WebSite\",\"@id\":\"https:\\\/\\\/www.uia.archi\\\/hu\\\/#website\",\"url\":\"https:\\\/\\\/www.uia.archi\\\/hu\\\/\",\"name\":\"Egyedi nemzetk\u00f6zi cikkek\",\"description\":\"K\u00fcl\u00f6nb\u00f6z\u0151 t\u00e9m\u00e1j\u00fa cikkek, \u00e9rt\u00e9kes tud\u00e1sforr\u00e1s az \u00d6n \u00e9s csal\u00e1dja sz\u00e1m\u00e1ra\",\"potentialAction\":[{\"@type\":\"SearchAction\",\"target\":{\"@type\":\"EntryPoint\",\"urlTemplate\":\"https:\\\/\\\/www.uia.archi\\\/hu\\\/?s={search_term_string}\"},\"query-input\":{\"@type\":\"PropertyValueSpecification\",\"valueRequired\":true,\"valueName\":\"search_term_string\"}}],\"inLanguage\":\"hu\"},{\"@type\":\"Person\",\"@id\":\"https:\\\/\\\/www.uia.archi\\\/hu\\\/#\\\/schema\\\/person\\\/3d67c6894ced0e7a84948b704169c9c2\",\"name\":\"Writer\",\"image\":{\"@type\":\"ImageObject\",\"inLanguage\":\"hu\",\"@id\":\"https:\\\/\\\/www.uia.archi\\\/wp-content\\\/litespeed\\\/avatar\\\/1a002795387e512944da0898076d6c44.jpg?ver=1777482563\",\"url\":\"https:\\\/\\\/www.uia.archi\\\/wp-content\\\/litespeed\\\/avatar\\\/1a002795387e512944da0898076d6c44.jpg?ver=1777482563\",\"contentUrl\":\"https:\\\/\\\/www.uia.archi\\\/wp-content\\\/litespeed\\\/avatar\\\/1a002795387e512944da0898076d6c44.jpg?ver=1777482563\",\"caption\":\"Writer\"},\"sameAs\":[\"https:\\\/\\\/www.uia.archi\"],\"url\":\"https:\\\/\\\/www.uia.archi\\\/hu\\\/author\\\/writer\\\/\"}]}<\/script>\n<!-- \/ Yoast SEO plugin. -->","yoast_head_json":{"title":"EffectEro - v\u00e9lem\u00e9ny a potencia jav\u00edt\u00e1s\u00e1nak el\u0151k\u00e9sz\u00edt\u00e9s\u00e9r\u0151l","robots":{"index":"index","follow":"follow","max-snippet":"max-snippet:-1","max-image-preview":"max-image-preview:large","max-video-preview":"max-video-preview:-1"},"canonical":"https:\/\/www.uia.archi\/hu\/effectero-velemeny-a-potencia-javitasanak-elokesziteserol\/","og_locale":"hu_HU","og_type":"article","og_title":"EffectEro - v\u00e9lem\u00e9ny a potencia jav\u00edt\u00e1s\u00e1nak el\u0151k\u00e9sz\u00edt\u00e9s\u00e9r\u0151l","og_description":"Manaps\u00e1g a f\u00e9rfiak sz\u00e1mos kedvez\u0151tlen t\u00e9nyez\u0151nek vannak kit\u00e9ve, amelyek negat\u00edvan befoly\u00e1solj\u00e1k az \u00e1gy kapacit\u00e1sukat. Nem mindenki tudja, hogy az erekci\u00f3s probl\u00e9m\u00e1k \u00e9s a r\u00f6vid k\u00f6z\u00f6s\u00fcl\u00e9s rossz \u00e9trendb\u0151l, stimul\u00e1nsokb\u00f3l, a fizikai aktivit\u00e1s hi\u00e1ny\u00e1b\u00f3l, a t\u00falterhel\u00e9sb\u0151l vagy a t\u00fals\u00falyb\u00f3l eredhet. Ez\u00e9rt \u00e9rdemes gondoskodni \u00e1llapot\u00e1r\u00f3l \u00e9s meger\u0151s\u00edteni mag\u00e1t az innovat\u00edv EffectEro k\u00e9sz\u00edtm\u00e9ny k\u00edn\u00e1lta el\u0151ny\u00f6knek k\u00f6sz\u00f6nhet\u0151en. Kinek sz\u00f3l az [&hellip;]","og_url":"https:\/\/www.uia.archi\/hu\/effectero-velemeny-a-potencia-javitasanak-elokesziteserol\/","og_site_name":"Egyedi nemzetk\u00f6zi cikkek","article_published_time":"2019-02-07T23:00:00+00:00","article_modified_time":"2021-06-08T17:58:24+00:00","og_image":[{"url":"https:\/\/www.uia.archi\/wp-content\/uploads\/2019\/02\/effectero-178x300.jpg","type":"","width":"","height":""}],"author":"Writer","twitter_card":"summary_large_image","twitter_misc":{"Szerz\u0151:":"Writer","Becs\u00fclt olvas\u00e1si id\u0151":"9 perc"},"schema":{"@context":"https:\/\/schema.org","@graph":[{"@type":"Article","@id":"https:\/\/www.uia.archi\/hu\/effectero-velemeny-a-potencia-javitasanak-elokesziteserol\/#article","isPartOf":{"@id":"https:\/\/www.uia.archi\/hu\/effectero-velemeny-a-potencia-javitasanak-elokesziteserol\/"},"author":{"name":"Writer","@id":"https:\/\/www.uia.archi\/hu\/#\/schema\/person\/3d67c6894ced0e7a84948b704169c9c2"},"headline":"EffectEro &#8211; v\u00e9lem\u00e9ny a potencia jav\u00edt\u00e1s\u00e1nak el\u0151k\u00e9sz\u00edt\u00e9s\u00e9r\u0151l","datePublished":"2019-02-07T23:00:00+00:00","dateModified":"2021-06-08T17:58:24+00:00","mainEntityOfPage":{"@id":"https:\/\/www.uia.archi\/hu\/effectero-velemeny-a-potencia-javitasanak-elokesziteserol\/"},"wordCount":1911,"commentCount":0,"image":{"@id":"https:\/\/www.uia.archi\/hu\/effectero-velemeny-a-potencia-javitasanak-elokesziteserol\/#primaryimage"},"thumbnailUrl":"https:\/\/www.uia.archi\/wp-content\/uploads\/2019\/02\/effectero-178x300.jpg","articleSection":["Avis sur les produits","Term\u00e9k v\u00e9lem\u00e9nyek"],"inLanguage":"hu","potentialAction":[{"@type":"CommentAction","name":"Comment","target":["https:\/\/www.uia.archi\/hu\/effectero-velemeny-a-potencia-javitasanak-elokesziteserol\/#respond"]}]},{"@type":"WebPage","@id":"https:\/\/www.uia.archi\/hu\/effectero-velemeny-a-potencia-javitasanak-elokesziteserol\/","url":"https:\/\/www.uia.archi\/hu\/effectero-velemeny-a-potencia-javitasanak-elokesziteserol\/","name":"EffectEro - v\u00e9lem\u00e9ny a potencia jav\u00edt\u00e1s\u00e1nak el\u0151k\u00e9sz\u00edt\u00e9s\u00e9r\u0151l","isPartOf":{"@id":"https:\/\/www.uia.archi\/hu\/#website"},"primaryImageOfPage":{"@id":"https:\/\/www.uia.archi\/hu\/effectero-velemeny-a-potencia-javitasanak-elokesziteserol\/#primaryimage"},"image":{"@id":"https:\/\/www.uia.archi\/hu\/effectero-velemeny-a-potencia-javitasanak-elokesziteserol\/#primaryimage"},"thumbnailUrl":"https:\/\/www.uia.archi\/wp-content\/uploads\/2019\/02\/effectero-178x300.jpg","datePublished":"2019-02-07T23:00:00+00:00","dateModified":"2021-06-08T17:58:24+00:00","author":{"@id":"https:\/\/www.uia.archi\/hu\/#\/schema\/person\/3d67c6894ced0e7a84948b704169c9c2"},"breadcrumb":{"@id":"https:\/\/www.uia.archi\/hu\/effectero-velemeny-a-potencia-javitasanak-elokesziteserol\/#breadcrumb"},"inLanguage":"hu","potentialAction":[{"@type":"ReadAction","target":["https:\/\/www.uia.archi\/hu\/effectero-velemeny-a-potencia-javitasanak-elokesziteserol\/"]}]},{"@type":"ImageObject","inLanguage":"hu","@id":"https:\/\/www.uia.archi\/hu\/effectero-velemeny-a-potencia-javitasanak-elokesziteserol\/#primaryimage","url":"https:\/\/www.uia.archi\/wp-content\/uploads\/2019\/02\/effectero-178x300.jpg","contentUrl":"https:\/\/www.uia.archi\/wp-content\/uploads\/2019\/02\/effectero-178x300.jpg"},{"@type":"BreadcrumbList","@id":"https:\/\/www.uia.archi\/hu\/effectero-velemeny-a-potencia-javitasanak-elokesziteserol\/#breadcrumb","itemListElement":[{"@type":"ListItem","position":1,"name":"itthon","item":"https:\/\/www.uia.archi\/hu\/"},{"@type":"ListItem","position":2,"name":"Term\u00e9k v\u00e9lem\u00e9nyek","item":"https:\/\/www.uia.archi\/hu\/category\/termek-velemenyek\/"},{"@type":"ListItem","position":3,"name":"EffectEro &#8211; v\u00e9lem\u00e9ny a potencia jav\u00edt\u00e1s\u00e1nak el\u0151k\u00e9sz\u00edt\u00e9s\u00e9r\u0151l"}]},{"@type":"WebSite","@id":"https:\/\/www.uia.archi\/hu\/#website","url":"https:\/\/www.uia.archi\/hu\/","name":"Egyedi nemzetk\u00f6zi cikkek","description":"K\u00fcl\u00f6nb\u00f6z\u0151 t\u00e9m\u00e1j\u00fa cikkek, \u00e9rt\u00e9kes tud\u00e1sforr\u00e1s az \u00d6n \u00e9s csal\u00e1dja sz\u00e1m\u00e1ra","potentialAction":[{"@type":"SearchAction","target":{"@type":"EntryPoint","urlTemplate":"https:\/\/www.uia.archi\/hu\/?s={search_term_string}"},"query-input":{"@type":"PropertyValueSpecification","valueRequired":true,"valueName":"search_term_string"}}],"inLanguage":"hu"},{"@type":"Person","@id":"https:\/\/www.uia.archi\/hu\/#\/schema\/person\/3d67c6894ced0e7a84948b704169c9c2","name":"Writer","image":{"@type":"ImageObject","inLanguage":"hu","@id":"https:\/\/www.uia.archi\/wp-content\/litespeed\/avatar\/1a002795387e512944da0898076d6c44.jpg?ver=1777482563","url":"https:\/\/www.uia.archi\/wp-content\/litespeed\/avatar\/1a002795387e512944da0898076d6c44.jpg?ver=1777482563","contentUrl":"https:\/\/www.uia.archi\/wp-content\/litespeed\/avatar\/1a002795387e512944da0898076d6c44.jpg?ver=1777482563","caption":"Writer"},"sameAs":["https:\/\/www.uia.archi"],"url":"https:\/\/www.uia.archi\/hu\/author\/writer\/"}]}},"blog_post_layout_featured_media_urls":{"thumbnail":"","full":""},"categories_names":{"1":{"name":"Avis sur les produits","link":"https:\/\/www.uia.archi\/category\/avis-sur-les-produits\/"},"16":{"name":"Term\u00e9k v\u00e9lem\u00e9nyek","link":"https:\/\/www.uia.archi\/hu\/category\/termek-velemenyek\/"}},"tags_names":[],"comments_number":"0","wpmagazine_modules_lite_featured_media_urls":{"thumbnail":"","cvmm-medium":"","cvmm-medium-plus":"","cvmm-portrait":"","cvmm-medium-square":"","cvmm-large":"","cvmm-small":"","full":""},"_links":{"self":[{"href":"https:\/\/www.uia.archi\/hu\/wp-json\/wp\/v2\/posts\/205","targetHints":{"allow":["GET"]}}],"collection":[{"href":"https:\/\/www.uia.archi\/hu\/wp-json\/wp\/v2\/posts"}],"about":[{"href":"https:\/\/www.uia.archi\/hu\/wp-json\/wp\/v2\/types\/post"}],"author":[{"embeddable":true,"href":"https:\/\/www.uia.archi\/hu\/wp-json\/wp\/v2\/users\/1"}],"replies":[{"embeddable":true,"href":"https:\/\/www.uia.archi\/hu\/wp-json\/wp\/v2\/comments?post=205"}],"version-history":[{"count":0,"href":"https:\/\/www.uia.archi\/hu\/wp-json\/wp\/v2\/posts\/205\/revisions"}],"wp:attachment":[{"href":"https:\/\/www.uia.archi\/hu\/wp-json\/wp\/v2\/media?parent=205"}],"wp:term":[{"taxonomy":"category","embeddable":true,"href":"https:\/\/www.uia.archi\/hu\/wp-json\/wp\/v2\/categories?post=205"},{"taxonomy":"post_tag","embeddable":true,"href":"https:\/\/www.uia.archi\/hu\/wp-json\/wp\/v2\/tags?post=205"}],"curies":[{"name":"wp","href":"https:\/\/api.w.org\/{rel}","templated":true}]}}