{"id":904,"date":"2019-06-11T00:00:00","date_gmt":"2019-06-10T22:00:00","guid":{"rendered":"https:\/\/www.uia.archi\/essensin-velemeny-a-hallas-regeneralasahoz-szukseges-illoolajrol\/"},"modified":"2019-06-11T00:00:00","modified_gmt":"2019-06-10T22:00:00","slug":"essensin-velemeny-a-hallas-regeneralasahoz-szukseges-illoolajrol","status":"publish","type":"post","link":"https:\/\/www.uia.archi\/hu\/essensin-velemeny-a-hallas-regeneralasahoz-szukseges-illoolajrol\/","title":{"rendered":"Essensin &#8211; v\u00e9lem\u00e9ny a hall\u00e1s regener\u00e1l\u00e1s\u00e1hoz sz\u00fcks\u00e9ges ill\u00f3olajr\u00f3l"},"content":{"rendered":"<div id=\"ez-toc-container\" class=\"ez-toc-v2_0_82_2 counter-hierarchy ez-toc-counter ez-toc-grey ez-toc-container-direction\">\n<p class=\"ez-toc-title\" style=\"cursor:inherit\">Tartalomjegyz\u00e9k:<\/p>\n<label for=\"ez-toc-cssicon-toggle-item-69f59618b66a0\" class=\"ez-toc-cssicon-toggle-label\"><span class=\"\"><span class=\"eztoc-hide\" style=\"display:none;\">Toggle<\/span><span class=\"ez-toc-icon-toggle-span\"><svg style=\"fill: #999;color:#999\" xmlns=\"http:\/\/www.w3.org\/2000\/svg\" class=\"list-377408\" width=\"20px\" height=\"20px\" viewBox=\"0 0 24 24\" fill=\"none\"><path d=\"M6 6H4v2h2V6zm14 0H8v2h12V6zM4 11h2v2H4v-2zm16 0H8v2h12v-2zM4 16h2v2H4v-2zm16 0H8v2h12v-2z\" fill=\"currentColor\"><\/path><\/svg><svg style=\"fill: #999;color:#999\" class=\"arrow-unsorted-368013\" xmlns=\"http:\/\/www.w3.org\/2000\/svg\" width=\"10px\" height=\"10px\" viewBox=\"0 0 24 24\" version=\"1.2\" baseProfile=\"tiny\"><path d=\"M18.2 9.3l-6.2-6.3-6.2 6.3c-.2.2-.3.4-.3.7s.1.5.3.7c.2.2.4.3.7.3h11c.3 0 .5-.1.7-.3.2-.2.3-.5.3-.7s-.1-.5-.3-.7zM5.8 14.7l6.2 6.3 6.2-6.3c.2-.2.3-.5.3-.7s-.1-.5-.3-.7c-.2-.2-.4-.3-.7-.3h-11c-.3 0-.5.1-.7.3-.2.2-.3.5-.3.7s.1.5.3.7z\"\/><\/svg><\/span><\/span><\/label><input type=\"checkbox\"  id=\"ez-toc-cssicon-toggle-item-69f59618b66a0\"  aria-label=\"Toggle\" \/><nav><ul class='ez-toc-list ez-toc-list-level-1 ' ><li class='ez-toc-page-1 ez-toc-heading-level-3'><a class=\"ez-toc-link ez-toc-heading-1\" href=\"https:\/\/www.uia.archi\/hu\/essensin-velemeny-a-hallas-regeneralasahoz-szukseges-illoolajrol\/#Hogyan_mukodik_az_Essensin\" >Hogyan m\u0171k\u00f6dik az Essensin?<\/a><\/li><li class='ez-toc-page-1 ez-toc-heading-level-3'><a class=\"ez-toc-link ez-toc-heading-2\" href=\"https:\/\/www.uia.archi\/hu\/essensin-velemeny-a-hallas-regeneralasahoz-szukseges-illoolajrol\/#Milyen_osszetetelu_az_Essensin\" >Milyen \u00f6sszet\u00e9tel\u0171 az Essensin?<\/a><\/li><li class='ez-toc-page-1 ez-toc-heading-level-3'><a class=\"ez-toc-link ez-toc-heading-3\" href=\"https:\/\/www.uia.archi\/hu\/essensin-velemeny-a-hallas-regeneralasahoz-szukseges-illoolajrol\/#Hogyan_kell_hasznalni_az_Essensin_cseppeket\" >Hogyan kell haszn\u00e1lni az Essensin cseppeket?<\/a><\/li><li class='ez-toc-page-1 ez-toc-heading-level-3'><a class=\"ez-toc-link ez-toc-heading-4\" href=\"https:\/\/www.uia.archi\/hu\/essensin-velemeny-a-hallas-regeneralasahoz-szukseges-illoolajrol\/#Kinek_ajanlott_az_Essensin\" >Kinek aj\u00e1nlott az Essensin?<\/a><\/li><li class='ez-toc-page-1 ez-toc-heading-level-3'><a class=\"ez-toc-link ez-toc-heading-5\" href=\"https:\/\/www.uia.archi\/hu\/essensin-velemeny-a-hallas-regeneralasahoz-szukseges-illoolajrol\/#Vannak_ellenjavallatok_a_cseppek_hasznalatara\" >Vannak ellenjavallatok a cseppek haszn\u00e1lat\u00e1ra?<\/a><\/li><li class='ez-toc-page-1 ez-toc-heading-level-3'><a class=\"ez-toc-link ez-toc-heading-6\" href=\"https:\/\/www.uia.archi\/hu\/essensin-velemeny-a-hallas-regeneralasahoz-szukseges-illoolajrol\/#A_szakertok_velemenye_az_Essensinrol_csokken\" >A szak\u00e9rt\u0151k v\u00e9lem\u00e9nye az Essensinr\u0151l cs\u00f6kken<\/a><\/li><li class='ez-toc-page-1 ez-toc-heading-level-3'><a class=\"ez-toc-link ez-toc-heading-7\" href=\"https:\/\/www.uia.archi\/hu\/essensin-velemeny-a-hallas-regeneralasahoz-szukseges-illoolajrol\/#Az_ugyfelek_velemenye_az_Essensin_olajrol\" >Az \u00fcgyfelek v\u00e9lem\u00e9nye az Essensin olajr\u00f3l<\/a><\/li><li class='ez-toc-page-1 ez-toc-heading-level-3'><a class=\"ez-toc-link ez-toc-heading-8\" href=\"https:\/\/www.uia.archi\/hu\/essensin-velemeny-a-hallas-regeneralasahoz-szukseges-illoolajrol\/#Erdemes_hasznalni_az_Essensint_Ertekelesunk\" >\u00c9rdemes haszn\u00e1lni az Essensint? \u00c9rt\u00e9kel\u00e9s\u00fcnk<\/a><\/li><li class='ez-toc-page-1 ez-toc-heading-level-3'><a class=\"ez-toc-link ez-toc-heading-9\" href=\"https:\/\/www.uia.archi\/hu\/essensin-velemeny-a-hallas-regeneralasahoz-szukseges-illoolajrol\/#Hol_vasarolhatok_Essensint_Ajanlasunk\" >Hol v\u00e1s\u00e1rolhatok Essensint? Aj\u00e1nl\u00e1sunk<\/a><\/li><\/ul><\/nav><\/div>\n<p>A fedett f\u00fclnek hangosan kell hallgatnia a r\u00e1di\u00f3t vagy a telev\u00edzi\u00f3t, folyamatosan k\u00e9rve m\u00e1sokt\u00f3l, hogy ism\u00e9telj\u00e9k meg azt, amit mondanak, vagy felhalmoz\u00f3dnak a viaszf\u00fclk\u00e9k, amelyek k\u00f6z\u00f6s probl\u00e9m\u00e1k, amelyek mindannyiunk sz\u00e1m\u00e1ra t\u00f6rt\u00e9nhetnek. A kerumen t\u00faltermel\u00e9s\u00e9b\u0151l ad\u00f3dnak, amelyek, b\u00e1r fontos szerepet j\u00e1tszanak a k\u00f6z\u00e9pf\u00fcl \u00f6nv\u00e9delm\u00e9ben, szint\u00e9n nagyon terhesek. Ez azonban biztons\u00e1gosan \u00e9s term\u00e9szetesen megakad\u00e1lyozhat\u00f3 &#8211; an\u00e9lk\u00fcl, hogy a f\u00fcl kellemetlen \u00f6bl\u00edt\u00e9se, a f\u00fclzs\u00edr k\u00e1ros t\u00f6lt\u00e9se viaszp\u00e1lc\u00e1kkal vagy az ENT szakember \u00e1ltal a f\u00fclb\u0151l kifulladna, akut eszk\u00f6z.<\/p>\n<p>Besz\u00e9lek essensin f\u00fclcseppekr\u0151l, amelyek feloldj\u00e1k a felesleges f\u00fclzs\u00edrt. Ez egy olyan k\u00e9sz\u00edtm\u00e9ny, amely sz\u00e1mos klinikai teszten ment kereszt\u00fcl, \u00e9s sok pozit\u00edv javaslatot kapott. \u00dagy d\u00f6nt\u00f6tt\u00fcnk, hogy megn\u00e9zz\u00fck! Az al\u00e1bbiakban r\u00e9szletes \u00e1ttekint\u00e9st tal\u00e1lunk, ahol megvizsg\u00e1ljuk, hogy mi a term\u00e9k \u00f6sszet\u00e9tele, milyen hat\u00e1sokat hoz, \u00e9s mindenekel\u0151tt a felhaszn\u00e1l\u00f3k \u00e9s szak\u00e9rt\u0151k v\u00e9lem\u00e9ny\u00e9t, \u00e9s hol v\u00e1s\u00e1rolhatunk Essensint.<\/p>\n<h3><span class=\"ez-toc-section\" id=\"Hogyan_mukodik_az_Essensin\"><\/span>Hogyan m\u0171k\u00f6dik az Essensin?<span class=\"ez-toc-section-end\"><\/span><\/h3>\n<p><a href=\"https:\/\/www.uia.archi\/go\/auresoil\/\"><img loading=\"lazy\" decoding=\"async\" class=\"alignright wp-image-6638\" src=\"https:\/\/www.uia.archi\/wp-content\/uploads\/2019\/06\/essensin.jpg\" alt=\"essensin\" width=\"302\" height=\"410\" \/><\/a> Az emberi f\u00fclnek sz\u00e1mos fontos funkci\u00f3ja van a mindennapi emberi \u00e9letben. El\u0151sz\u00f6r is, ez egy nagyon fontos \u00e9rtelem &#8211; hall\u00e1s &#8211; helye, amely n\u00e9lk\u00fcl neh\u00e9z elk\u00e9pzelni a m\u0171k\u00f6d\u00e9s\u00e9t. \u00c9rdemes vigy\u00e1zni r\u00e1juk, \u00edgy elker\u00fclj\u00fck a hall\u00e1s, gyullad\u00e1s \u00e9s m\u00e1s betegs\u00e9gek probl\u00e9m\u00e1it.<\/p>\n<p>Az Essensin kiv\u00e1laszt\u00e1s\u00e1val jav\u00edthatja a hanghull\u00e1mok term\u00e9szetes fogad\u00e1s\u00e1t a k\u00f6rnyezetb\u0151l. Sok pozit\u00edv k\u00f6vetkezm\u00e9nyt fog kapni &#8211; a hangokat \u00e9s m\u00e1s hangokat jobban \u00e9s jobban hallja majd, \u00e9s a t\u00falzott mennyis\u00e9g\u0171 cerumen nem fog rosszul n\u00e9zni.<\/p>\n<p>A hall\u00e1sszervekre gyakorolt kedvez\u0151 hat\u00e1sok az ill\u00f3olajok erej\u00e9b\u0151l sz\u00e1rmaznak, amelyek gyeng\u00e9den \u00e9s rendk\u00edv\u00fcl hat\u00e9konyan kezelik a f\u00fclben l\u00e9v\u0151 felesleges f\u00fclzs\u00edrt. A term\u00e9k feloldja a r\u00e9gi viaszot, majd kinyomja, hogy ne legyen a f\u00fclben, nem hoz l\u00e9tre viaszdug\u00f3kat, \u00e9s nem blokkolja a hangok \u00e1raml\u00e1s\u00e1t a szerven kereszt\u00fcl.<\/p>\n<p>Ez a term\u00e9szetes f\u00fcltiszt\u00edt\u00e1si folyamat foly\u00e9kony \u00e9s mindenekel\u0151tt biztons\u00e1gos. Term\u00e9szetes olajok, amelyek a term\u00e9k szil\u00e1rds\u00e1g\u00e1t k\u00e9pezik, t\u00f6k\u00e9letesen tiszt\u00edtj\u00e1k \u00e9s enyh\u00edtik a turbin\u00e1n bel\u00fcli lehets\u00e9ges v\u00e1ltoz\u00e1sokat. Ez egy \u00f6sszehasonl\u00edthatatlanul el\u0151ny\u00f6sebb megold\u00e1s, mint a f\u00fclhabbal t\u00f6lt\u00f6tt f\u00fclzs\u00edr, vagy gyakori l\u00e1togat\u00e1s egy ENT szakember sz\u00e1m\u00e1ra, aki mechanikusan megtiszt\u00edtja a f\u00fcl\u00e9t.<\/p>\n<p>Tegy\u00fck fel, hogy az Essensin emellett a szabad gy\u00f6k\u00f6ket \u00e9s a mikroorganizmusokat is harcolja, amelyek elpuszt\u00edthatnak a szervezetben. Hat\u00e9konyan megszabadulnak t\u0151l\u00fck a f\u00fclt\u0151l, s\u0151t hidrat\u00e1lt epidermisz form\u00e1j\u00e1ban v\u00e9d\u0151g\u00e1tat k\u00e9peznek. Ennek k\u00f6sz\u00f6nhet\u0151en a f\u00fcl megfelel\u0151en v\u00e9dett a k\u00fcl\u00f6nb\u00f6z\u0151 szennyez\u0151d\u00e9sekt\u0151l &#8211; por, por vagy verejt\u00e9k.<\/p>\n<h3><span class=\"ez-toc-section\" id=\"Milyen_osszetetelu_az_Essensin\"><\/span>Milyen \u00f6sszet\u00e9tel\u0171 az Essensin?<span class=\"ez-toc-section-end\"><\/span><\/h3>\n<p>A cseppek sz\u00e1mos term\u00e9szetes \u00f6sszetev\u0151 kombin\u00e1ci\u00f3ja, amelyek megfelel\u0151 ar\u00e1nyban kedvez\u0151 hat\u00e1st gyakorolnak a f\u00fcl bels\u0151 r\u00e9teg\u00e9nek b\u0151r\u00e9re. A k\u00e9sz\u00edtm\u00e9nyben l\u00e9v\u0151 vegy\u00fcletek felsz\u00edv\u00f3d\u00e1sa sima \u00e9s k\u00e9nyelmes m\u00f3don t\u00f6rt\u00e9nik, \u00edgy az els\u0151 alkalmaz\u00e1s ut\u00e1n a hall\u00e1s \u00e1llapota egy\u00e9rtelm\u0171en javulhat. Sz\u00f3val mit tartalmaz az Essensin?<\/p>\n<ul>\n<li><strong>Az \u00e9des mandulaolaj<\/strong> &#8211; magas zs\u00edrsavtartalommal rendelkezik, ellen\u00e1ll az oxid\u00e1ci\u00f3nak, \u00e9s t\u00f6k\u00e9letesen alkalmas a b\u0151r bels\u0151 r\u00e9teg\u00e9ben t\u00f6rt\u00e9n\u0151 alkalmaz\u00e1sra. Olyan aktivit\u00e1sa van, amely megk\u00f6nny\u00edti a t\u00f6bbi hat\u00f3anyag felsz\u00edv\u00f3d\u00e1s\u00e1t, \u00e9s konzisztenci\u00e1ja kedvez a cseppek szabad \u00e1raml\u00e1s\u00e1nak a f\u00fcl azon r\u00e9szei fel\u00e9, ahol a probl\u00e9ma felmer\u00fclt, majd a ki\u00fcr\u00fcl\u00e9se k\u00edv\u00fclr\u0151l.<\/li>\n<li><strong>Szegf\u0171szeg olaj<\/strong> &#8211; fert\u0151tlen\u00edt\u00e9s \u00e9s fert\u0151tlen\u00edt\u00e9s. T\u00f6k\u00e9letesen megbirk\u00f3zik a f\u00fclben l\u00e9v\u0151 szabad gy\u00f6k\u00f6kkel \u00e9s mikroorganizmusokkal. Bel\u00e9p a b\u0151r m\u00e9ly r\u00e9teg\u00e9be, amely mind k\u00fcls\u0151, mind bels\u0151 hat\u00e1st gyakorol. A f\u00fclh\u00f6z alkalmazva megakad\u00e1lyozza a szennyez\u00e9st, \u00e9s megv\u00e9di a f\u00fclet a bakt\u00e9riumok \u00e9s bakt\u00e9riumok felhalmoz\u00f3d\u00e1sa ellen.<\/li>\n<li><strong>Arganolaj<\/strong> &#8211; f\u00e1jdalomcsillap\u00edt\u00f3 hat\u00e1s\u00fa, azonnal megk\u00f6nnyebb\u00fcl\u00e9s. Ha a f\u00fclben felhalmoz\u00f3dik a felesleges f\u00fcl viasz, fedj\u00fck le, diszkomfortot vagy f\u00e1jdalmat \u00e9rezhet. Az arganolajnak k\u00f6sz\u00f6nhet\u0151en ezek a t\u00fcnetek cs\u00f6kkennek. Ezenk\u00edv\u00fcl v\u00e9d\u0151g\u00e1tat k\u00e9pez a szennyez\u0151d\u00e9s \u00e9s a por bel\u00e9p\u00e9s\u00e9hez.<\/li>\n<li><strong>K\u00f3kuszolaj<\/strong> &#8211; nagyszer\u0171 a k\u00fcl\u00f6nb\u00f6z\u0151 t\u00edpus\u00fa f\u00fclfert\u0151z\u00e9sekhez. \u00d6sszet\u00e9tel\u00e9nek 94% -a tel\u00edtett zs\u00edrsavak, \u00e9s a kieg\u00e9sz\u00edt\u00e9s tel\u00edtetlen zs\u00edrok, vitaminok \u00e9s \u00e1sv\u00e1nyi anyagok, amelyeknek k\u00f6sz\u00f6nhet\u0151en t\u00f6k\u00e9letesen alkalmas a f\u00fclben l\u00e9v\u0151 mikroorganizmusok lek\u00fczd\u00e9s\u00e9re. Hidrat\u00e1l, v\u00edrusellenes \u00e9s gombaellenes tulajdons\u00e1gokkal rendelkezik, szabadgy\u00f6k\u00f6ket szabad\u00edt fel \u00e9s el\u0151seg\u00edti a cerumen felold\u00f3d\u00e1s\u00e1t.<\/li>\n<li><strong>Narancsolaj<\/strong> &#8211; toniz\u00e1l\u00f3, gyullad\u00e1scs\u00f6kkent\u0151 \u00e9s bakteriosztatikus hat\u00e1s\u00fa, ugyanakkor nagyon kellemes illata van, ami cs\u00f6kkenti a stresszt \u00e9s jav\u00edtja a hangulatot.<\/li>\n<li><strong>Az ol\u00edvaolaj<\/strong> &#8211; \u00e9rt\u00e9kes zs\u00edrokat tartalmaz, polifenolokban gazdag, antioxid\u00e1ns hat\u00e1s\u00fa, \u00e9s kedvez\u0151en hat a behatol\u00f3k k\u00fcls\u0151 membr\u00e1nj\u00e1ra is.<\/li>\n<li><strong>Salvia-zs\u00e1lya kivonat<\/strong> &#8211; fesz\u00edt\u0151 hat\u00e1ssal rendelkezik, amely t\u00f6k\u00e9letesen megtiszt\u00edtja a b\u0151rt \u00e9s cs\u00f6kkenti a f\u00fcl\u00f6n bel\u00fcli kering\u00e9s t\u00faltermel\u00e9s\u00e9t, \u00e9s el\u0151seg\u00edti annak elt\u00e1vol\u00edt\u00e1s\u00e1t a f\u00fcl belsej\u00e9b\u0151l. Eml\u00e9keztetni kell arra is, hogy a zs\u00e1lya gyullad\u00e1sg\u00e1tl\u00f3 \u00e9s antibakteri\u00e1lis hat\u00e1ssal rendelkezik, ez\u00e9rt sikeresen alkalmazhat\u00f3 a f\u00fcl gyullad\u00e1sos \u00e1llapot\u00e1ban.<\/li>\n<li><strong>Kivonat a Tahitian Gardenia vir\u00e1gokb\u00f3l<\/strong> &#8211; ez az \u00f6sszetev\u0151 nagy jelent\u0151s\u00e9g\u0171 a f\u00fclek k\u00e9nyelm\u00e9ben, mert el\u0151seg\u00edti a b\u0151r visszanyer\u00e9s\u00e9t, megsz\u00fcnteti az irrit\u00e1ci\u00f3t \u00e9s cs\u00f6kkenti a gyullad\u00e1sos v\u00e1ltoz\u00e1sokat. Jav\u00edtja a hall\u00e1st, ami a f\u00fclb\u0151r bels\u0151 r\u00e9teg\u00e9nek regener\u00e1ci\u00f3j\u00e1nak mell\u00e9khat\u00e1sa.<\/li>\n<li><strong>A gy\u00fcm\u00f6lcse kivonata<\/strong> &#8211; seg\u00edt a gyullad\u00e1sban \u00e9s a f\u00fclfert\u0151z\u00e9sekben, jav\u00edtja az epidermisz \u00e1llapot\u00e1t, hidrat\u00e1lja \u00e9s jav\u00edtja a hall\u00e1s k\u00e9nyelm\u00e9t.<\/li>\n<\/ul>\n<h3><span class=\"ez-toc-section\" id=\"Hogyan_kell_hasznalni_az_Essensin_cseppeket\"><\/span>Hogyan kell haszn\u00e1lni az Essensin cseppeket?<span class=\"ez-toc-section-end\"><\/span><\/h3>\n<p>A k\u00e9sz\u00edtm\u00e9ny alkalmaz\u00e1sa rendk\u00edv\u00fcl egyszer\u0171 \u00e9s intuit\u00edv. Csak annyit kell tennie, hogy k\u00f6r\u00fclbel\u00fcl 3 csepp befecskendez a f\u00fcl\u00e9be, tartsa a fej\u00e9t oldalra n\u00e9h\u00e1ny percig, hogy az olajok el\u00e9rj\u00e9k a probl\u00e9ma forr\u00e1s\u00e1t. Ism\u00e9telje meg az elj\u00e1r\u00e1st a m\u00e1sik f\u00fcln\u00e9l.<\/p>\n<p>Az Essensin cs\u00f6kkent\u0151 hat\u00e1st fejt ki a f\u00fcl viaszra, de gondoskodik \u00e9s tiszt\u00edtja. A javasolt adagol\u00e1s ez\u00e9rt aj\u00e1nlott. A legjobb eredm\u00e9nyeket a term\u00e9k napi 2-3 alkalommal t\u00f6rt\u00e9n\u0151 adagol\u00e1s\u00e1val \u00e9rheti el, de cs\u00f6kkentheti vagy n\u00f6velheti ezt a frekvenci\u00e1t az egy\u00e9ni ig\u00e9nyeknek megfelel\u0151en.<\/p>\n<h3><span class=\"ez-toc-section\" id=\"Kinek_ajanlott_az_Essensin\"><\/span>Kinek aj\u00e1nlott az Essensin?<span class=\"ez-toc-section-end\"><\/span><\/h3>\n<p>Ezek a cseppek azoknak sz\u00f3lnak, akik a kerumen t\u00faltermel\u00e9s\u00e9vel k\u00fczdenek, probl\u00e9m\u00e1i vannak a f\u00fcl elt\u00f6m\u0151d\u00e9s\u00e9vel vagy a f\u00fcl ism\u00e9tl\u0151d\u0151 gyullad\u00e1s\u00e1val. De ez m\u00e9g nem minden! M\u00e9g akkor is, ha nincsenek ilyen betegs\u00e9gei, \u00e9rdemes felk\u00e9sz\u00fclni az el\u0151k\u00e9sz\u00edt\u00e9sre.<\/p>\n<p>Nos, megnyugtatja \u00e9s \u00e1polja, \u00e9s kiv\u00e1l\u00f3 eszk\u00f6z a megfelel\u0151 f\u00fclhigi\u00e9nia fenntart\u00e1s\u00e1ra. A cseppek teh\u00e1t azoknak sz\u00f3lnak, akik \u00e1tfog\u00f3an gondoskodnak a f\u00fcl\u00fckr\u0151l, jav\u00edtj\u00e1k a hall\u00e1sukat \u00e9s v\u00e9dik a hall\u00e1s k\u00e9nyelm\u00e9t befoly\u00e1sol\u00f3 esetleges v\u00e1ltoz\u00e1sokat.<\/p>\n<p>A teljesen term\u00e9szetes \u00f6sszet\u00e9tel\u00e9nek k\u00f6sz\u00f6nhet\u0151en az Essensin mindenkinek haszn\u00e1lhat\u00f3, aki meg akarja tartani a hall\u00f3k\u00e9sz\u00fcl\u00e9keik form\u00e1j\u00e1t \u00e9s cs\u00f6kkenti a gyullad\u00e1s vagy betegs\u00e9g kock\u00e1zat\u00e1t!<\/p>\n<h3><span class=\"ez-toc-section\" id=\"Vannak_ellenjavallatok_a_cseppek_hasznalatara\"><\/span>Vannak ellenjavallatok a cseppek haszn\u00e1lat\u00e1ra?<span class=\"ez-toc-section-end\"><\/span><\/h3>\n<p>K\u00e9ts\u00e9gtelen, hogy az Essensin cseppek nagy el\u0151nye a biztons\u00e1gos \u00e9s term\u00e9szetes formula. Sikeresen haszn\u00e1lhat\u00f3k minden koroszt\u00e1ly sz\u00e1m\u00e1ra, ha nem rendelkeznek allergi\u00e1val vagy t\u00fal\u00e9rz\u00e9kenys\u00e9ggel az \u00f6sszetev\u0151k b\u00e1rmelyik\u00e9vel, vagy ha a f\u00fcl belsej\u00e9ben \u00fcregek vannak (pl. Lyuk a dobban).<\/p>\n<p>Ha agg\u00f3dik, hogy allergi\u00e1s lehet, vagy a f\u00fcl\u00e9n bel\u00fcli szerkezete s\u00e9r\u00fclt, akkor a csepp alkalmaz\u00e1sa el\u0151tt forduljon orvos\u00e1hoz.<\/p>\n<h3><span class=\"ez-toc-section\" id=\"A_szakertok_velemenye_az_Essensinrol_csokken\"><\/span>A szak\u00e9rt\u0151k v\u00e9lem\u00e9nye az Essensinr\u0151l cs\u00f6kken<span class=\"ez-toc-section-end\"><\/span><\/h3>\n<ul>\n<li>&#8222;Az <em>eg\u00e9szs\u00e9ges f\u00fclek megfelel\u0151 gondoss\u00e1got ig\u00e9nyelnek, \u00e9s a rossz higi\u00e9nia vesz\u00e9lyes k\u00f6vetkezm\u00e9nyekkel j\u00e1rhat &#8211; a blokkolt f\u00fclekt\u0151l a gyullad\u00e1sig vagy a hall\u00e1s roml\u00e1s\u00e1ig. Aj\u00e1nlom az Essensint, amely term\u00e9szetes \u00f6sszet\u00e9tel\u0171, olajok \u00e9s n\u00f6v\u00e9nyi kivonatok alapj\u00e1n. Hat\u00e9konyan kik\u00fcsz\u00f6b\u00f6li a probl\u00e9m\u00e1kat, jav\u00edtja a hall\u00e1s k\u00e9nyelm\u00e9t \u00e9s szinte azonnal m\u0171k\u00f6dik. Azt javaslom a d\u00edjakra, \u00e9s azt is aj\u00e1nlom \u00d6nnek!<\/em> &#8222;- <strong>hangos oktat\u00f3, Jolanta, 36 \u00e9ves<\/strong><\/li>\n<li>&#8222;Az <em>Essensin egy forradalmi specialit\u00e1s, amely a biztons\u00e1gi tesztek szak\u00e9rt\u0151inek elismer\u00e9s\u00e9t szerzett. Term\u00e9szetes \u00f6sszet\u00e9tele van, el\u0151seg\u00edti a megfelel\u0151 f\u00fclhigi\u00e9ni\u00e1t \u00e9s jav\u00edtja a napi m\u0171k\u00f6d\u00e9s\u00e9t. Ezt sz\u00e1mos klinikai vizsg\u00e1lat \u00e9s az \u00fcgyf\u00e9l v\u00e9lem\u00e9nye is meger\u0151s\u00edti. Azt javaslom.<\/em> &#8222;- <strong>ENT szak\u00e9rt\u0151, Wiktor, 48<\/strong><\/li>\n<\/ul>\n<h3><span class=\"ez-toc-section\" id=\"Az_ugyfelek_velemenye_az_Essensin_olajrol\"><\/span>Az \u00fcgyfelek v\u00e9lem\u00e9nye az Essensin olajr\u00f3l<span class=\"ez-toc-section-end\"><\/span><\/h3>\n<ul>\n<li>&#8221; <em>Tov\u00e1bbra is k\u00e9rve a szeretteit, hogy megism\u00e9telj\u00e9k azt, amit mondanak, nagyon frusztr\u00e1l\u00f3 volt. K\u00edv\u00e1ncsi voltam, hogy megt\u00f6rt\u00e9nhet-e egy t\u00f6r\u00f6tt hall\u00e1s, mert napr\u00f3l napra rosszabbodott. Elmentem az ENT szak\u00e9rt\u0151j\u00e9hez a vizsg\u00e1lathoz, \u00e9s meglepet\u00e9sem hatalmas volt &#8211; a m\u00e9hnyakr\u00f6g\u00f6k okozz\u00e1k, amelyek zavarj\u00e1k a hanghull\u00e1mok \u00e1raml\u00e1s\u00e1t. Nagyon kellemetlen m\u00f3don f\u00e9mszersz\u00e1mmal t\u00e1vol\u00edtotta el. Mondtam magamnak, hogy soha t\u00f6bb\u00e9 nem. Az interneten tal\u00e1ltam v\u00e9lem\u00e9nyeket Essensino-r\u00f3l \u00e9s megrendeltem. Ma nincsenek ilyen probl\u00e9m\u00e1k, a f\u00fclem viasz folyik a f\u00fclemb\u0151l, \u00e9s ism\u00e9t j\u00f3 hangon hallom.<\/em> &#8222;- <strong>Mateusz, 37 \u00e9ves<\/strong><\/li>\n<li>&#8221; <em>A felesleges viasz a r\u00e9m\u00e1lom, mivel gyerek voltam. \u00dagy n\u00e9z ki, cs\u00fanya, kellemetlen szagot ad ki, \u00e9s m\u00e9g mindig ragaszkodik a f\u00fcl\u00e9hez. A csal\u00e1d, a n\u00e9pi m\u00f3dszerek nem voltak el\u00e9gs\u00e9gesek ahhoz, hogy vesz\u00e9lyes, de vesz\u00e9lyes. Elrendeztem az Essentin Essential Oil-ot a bar\u00e1tom megb\u00edz\u00e1s\u00e1b\u00f3l, \u00e9s v\u00e9g\u00fcl megkaptam a k\u00edv\u00e1nt hat\u00e1st. A f\u00fclemnek most nincsenek nagy mennyis\u00e9g\u0171 viaszja, sokkal jobban hallom, \u00e9s j\u00f3l \u00e9rzem magam. Azt aj\u00e1nlom!<\/em> &#8222;- <strong>Julita, 28 \u00e9ves<\/strong><\/li>\n<li>\u201e <em>Nem szeretem mesters\u00e9ges m\u00f3dszerekkel zavarni az eg\u00e9szs\u00e9gemet, ez\u00e9rt kerestem a term\u00e9szetes \u00e9s hat\u00e9kony megold\u00e1st. Sz\u00f3val elrendeltem Essensint, ami megragadta a kompoz\u00edci\u00f3j\u00e1t. Rendk\u00edv\u00fcl hat\u00e9kony &#8211; a f\u00fclmembr\u00e1nt j\u00f3l t\u00e1pl\u00e1lja, \u00e9s ezzel egyidej\u0171leg cs\u00f6kkenti a f\u00fclzs\u00edr kialakul\u00e1s\u00e1t. Aj\u00e1nlom<\/em> ! &#8222;- <strong>Hanna, 44 \u00e9ves<\/strong><\/li>\n<\/ul>\n<h3><span class=\"ez-toc-section\" id=\"Erdemes_hasznalni_az_Essensint_Ertekelesunk\"><\/span>\u00c9rdemes haszn\u00e1lni az Essensint? \u00c9rt\u00e9kel\u00e9s\u00fcnk<span class=\"ez-toc-section-end\"><\/span><\/h3>\n<p>Az Essensin egyike azoknak a k\u00e9sz\u00edtm\u00e9nyeknek, amelyek az eg\u00e9szs\u00e9gre \u00e9s a munk\u00e1ra holisztikusan biztons\u00e1gosak &#8211; nemcsak a probl\u00e9m\u00e1ra, hanem az adott szerv eg\u00e9szs\u00e9gi \u00e1llapot\u00e1nak \u00e1ltal\u00e1nos jav\u00edt\u00e1s\u00e1ra is. A term\u00e9k term\u00e9szetes \u00f6sszet\u00e9tel\u0171, vegyi anyagokt\u00f3l \u00e9s k\u00e1ros anyagokt\u00f3l mentes, \u00e9s nagyon k\u00f6nnyen \u00e9s intuit\u00edvan alkalmazhat\u00f3.<\/p>\n<p>Ezeket a probl\u00e9m\u00e1kat elker\u00fclhetik a f\u00fclekkel \u00e9s a megel\u0151z\u00e9ssel kapcsolatos probl\u00e9m\u00e1k. Ellenkez\u0151 esetben nem lehetett &#8211; a munka, az \u00f6sszet\u00e9tel \u00e9s a v\u00e9lem\u00e9ny nyomon k\u00f6vet\u00e9se ut\u00e1n 5\/5 \u00e9rt\u00e9ket \u00e9rt\u00e9kel\u00fcnk!<\/p>\n<h3><span class=\"ez-toc-section\" id=\"Hol_vasarolhatok_Essensint_Ajanlasunk\"><\/span>Hol v\u00e1s\u00e1rolhatok Essensint? Aj\u00e1nl\u00e1sunk<span class=\"ez-toc-section-end\"><\/span><\/h3>\n<p>Az\u00e1ltal, hogy online v\u00e1s\u00e1rol, nem eredeti \u00e9s m\u00e9g vesz\u00e9lyes term\u00e9knek van kit\u00e9ve. Mik\u00f6zben gondoskodik a k\u00e9nyelemr\u0151l, az al\u00e1bbiakban linket adunk a forgalmaz\u00f3hoz, akivel dolgozunk. Ennek k\u00f6sz\u00f6nhet\u0151en \u00d6n garant\u00e1lja, hogy az eredeti, kiv\u00e1l\u00f3 min\u0151s\u00e9g\u0171 \u00e9s biztons\u00e1gos term\u00e9ket j\u00f3 \u00e1ron rendelje meg.<\/p>\n<p>Rendelje meg az Essensint <a href=\"https:\/\/www.uia.archi\/go\/auresoil\/\" rel=\"nofollow\">a hivatalos forgalmaz\u00f3t\u00f3l,<\/a> \u00e9s ne tegye ki mag\u00e1t a p\u00e9nzeszk\u00f6z\u00f6k elveszt\u00e9s\u00e9nek vagy a hamis\u00edtott term\u00e9k nemk\u00edv\u00e1natos tev\u00e9kenys\u00e9geinek!<\/p>\n<div class=\"belcherwt aligncenter\" style=\"border: #000 dashed 3px; padding: 10px 20px; margin: 10px 0; font-size: 14px;\">\n<p style=\"text-align: left;\"><strong><a href=\"https:\/\/www.uia.archi\/go\/auresoil\/\" rel=\"nofollow\"><img loading=\"lazy\" decoding=\"async\" class=\"wp-image-389 alignleft\" style=\"border: 0px;\" src=\"\/wp-content\/uploads\/2019\/06\/essensin.jpg\" alt=\"\" width=\"200\" height=\"286\" \/><\/a> MEGJEGYZ\u00c9S:<\/strong> Az <a href=\"https:\/\/www.uia.archi\/go\/auresoil\/\" rel=\"nofollow\"><strong>ESSENSIN hall\u00e1sfejleszt\u0151<\/strong><\/a> hivatalos Drop Distributorja korl\u00e1tozott ideig k\u00fcl\u00f6nleges aj\u00e1nlatot ny\u00fajt az olvas\u00f3inknak. Ez a megv\u00e1s\u00e1rolt kezel\u00e9s 100% -os p\u00e9nzvisszafizet\u00e9si garanci\u00e1j\u00e1hoz kapcsol\u00f3dik, ha nem eredm\u00e9nyezi a v\u00e1rt eredm\u00e9nyeket.<\/p>\n<p style=\"text-align: left;\"><a style=\"text-decoration: underline; color: #0046af;\" href=\"https:\/\/www.uia.archi\/go\/auresoil\/\" rel=\"nofollow\"><strong>Kattintson ide az ESSENSIN cseppek v\u00e1s\u00e1rl\u00e1s\u00e1hoz<\/strong><\/a><\/p>\n<p style=\"text-align: left;\"><span style=\"color: #000000;\"><span style=\"background-color: #ffff00;\"><a href=\"https:\/\/www.uia.archi\/go\/auresoil\/\" rel=\"nofollow\"><span style=\"color: #000000;\"><strong style=\"color: #000000;\">haszn\u00e1lja ezt a hivatkoz\u00e1st, hogy megkapja a szabad sz\u00e1ll\u00edt\u00e1st<\/strong><\/span><\/a><\/span><\/span><\/p>\n<p style=\"text-align: left;\"><span style=\"color: #ff0000;\"><strong><span style=\"font-family: 'Arial Black';\">A prom\u00f3ci\u00f3 ma v\u00e9get \u00e9r!<\/span><\/strong><\/span><\/p>\n<p style=\"text-align: left;\">A k\u00e9szletcs\u00f6kken\u00e9s miatt a prom\u00f3ci\u00f3 id\u0151ben korl\u00e1tozott<\/p>\n<\/div>\n","protected":false},"excerpt":{"rendered":"<p>A fedett f\u00fclnek hangosan kell hallgatnia a r\u00e1di\u00f3t vagy a telev\u00edzi\u00f3t, folyamatosan k\u00e9rve m\u00e1sokt\u00f3l, hogy ism\u00e9telj\u00e9k meg azt, amit mondanak, vagy felhalmoz\u00f3dnak a viaszf\u00fclk\u00e9k, amelyek k\u00f6z\u00f6s probl\u00e9m\u00e1k, amelyek mindannyiunk sz\u00e1m\u00e1ra t\u00f6rt\u00e9nhetnek. A kerumen t\u00faltermel\u00e9s\u00e9b\u0151l ad\u00f3dnak, amelyek, b\u00e1r fontos szerepet j\u00e1tszanak a k\u00f6z\u00e9pf\u00fcl \u00f6nv\u00e9delm\u00e9ben, szint\u00e9n nagyon terhesek. Ez azonban biztons\u00e1gosan \u00e9s term\u00e9szetesen megakad\u00e1lyozhat\u00f3 &#8211; an\u00e9lk\u00fcl, hogy [&hellip;]<\/p>\n","protected":false},"author":1,"featured_media":0,"comment_status":"open","ping_status":"open","sticky":false,"template":"","format":"standard","meta":{"cybocfi_hide_featured_image":"","footnotes":""},"categories":[1,16],"tags":[],"class_list":["post-904","post","type-post","status-publish","format-standard","hentry","category-avis-sur-les-produits","category-termek-velemenyek"],"yoast_head":"<!-- This site is optimized with the Yoast SEO plugin v27.5 - https:\/\/yoast.com\/product\/yoast-seo-wordpress\/ -->\n<title>Essensin - v\u00e9lem\u00e9ny a hall\u00e1s regener\u00e1l\u00e1s\u00e1hoz sz\u00fcks\u00e9ges ill\u00f3olajr\u00f3l<\/title>\n<meta name=\"robots\" content=\"index, follow, max-snippet:-1, max-image-preview:large, max-video-preview:-1\" \/>\n<link rel=\"canonical\" href=\"https:\/\/www.uia.archi\/hu\/essensin-velemeny-a-hallas-regeneralasahoz-szukseges-illoolajrol\/\" \/>\n<meta property=\"og:locale\" content=\"hu_HU\" \/>\n<meta property=\"og:type\" content=\"article\" \/>\n<meta property=\"og:title\" content=\"Essensin - v\u00e9lem\u00e9ny a hall\u00e1s regener\u00e1l\u00e1s\u00e1hoz sz\u00fcks\u00e9ges ill\u00f3olajr\u00f3l\" \/>\n<meta property=\"og:description\" content=\"A fedett f\u00fclnek hangosan kell hallgatnia a r\u00e1di\u00f3t vagy a telev\u00edzi\u00f3t, folyamatosan k\u00e9rve m\u00e1sokt\u00f3l, hogy ism\u00e9telj\u00e9k meg azt, amit mondanak, vagy felhalmoz\u00f3dnak a viaszf\u00fclk\u00e9k, amelyek k\u00f6z\u00f6s probl\u00e9m\u00e1k, amelyek mindannyiunk sz\u00e1m\u00e1ra t\u00f6rt\u00e9nhetnek. A kerumen t\u00faltermel\u00e9s\u00e9b\u0151l ad\u00f3dnak, amelyek, b\u00e1r fontos szerepet j\u00e1tszanak a k\u00f6z\u00e9pf\u00fcl \u00f6nv\u00e9delm\u00e9ben, szint\u00e9n nagyon terhesek. Ez azonban biztons\u00e1gosan \u00e9s term\u00e9szetesen megakad\u00e1lyozhat\u00f3 &#8211; an\u00e9lk\u00fcl, hogy [&hellip;]\" \/>\n<meta property=\"og:url\" content=\"https:\/\/www.uia.archi\/hu\/essensin-velemeny-a-hallas-regeneralasahoz-szukseges-illoolajrol\/\" \/>\n<meta property=\"og:site_name\" content=\"Egyedi nemzetk\u00f6zi cikkek\" \/>\n<meta property=\"article:published_time\" content=\"2019-06-10T22:00:00+00:00\" \/>\n<meta property=\"og:image\" content=\"https:\/\/www.uia.archi\/wp-content\/uploads\/2019\/06\/essensin.jpg\" \/>\n<meta name=\"author\" content=\"Writer\" \/>\n<meta name=\"twitter:card\" content=\"summary_large_image\" \/>\n<meta name=\"twitter:label1\" content=\"Szerz\u0151:\" \/>\n\t<meta name=\"twitter:data1\" content=\"Writer\" \/>\n\t<meta name=\"twitter:label2\" content=\"Becs\u00fclt olvas\u00e1si id\u0151\" \/>\n\t<meta name=\"twitter:data2\" content=\"12 perc\" \/>\n<script type=\"application\/ld+json\" class=\"yoast-schema-graph\">{\"@context\":\"https:\\\/\\\/schema.org\",\"@graph\":[{\"@type\":\"Article\",\"@id\":\"https:\\\/\\\/www.uia.archi\\\/hu\\\/essensin-velemeny-a-hallas-regeneralasahoz-szukseges-illoolajrol\\\/#article\",\"isPartOf\":{\"@id\":\"https:\\\/\\\/www.uia.archi\\\/hu\\\/essensin-velemeny-a-hallas-regeneralasahoz-szukseges-illoolajrol\\\/\"},\"author\":{\"name\":\"Writer\",\"@id\":\"https:\\\/\\\/www.uia.archi\\\/hu\\\/#\\\/schema\\\/person\\\/3d67c6894ced0e7a84948b704169c9c2\"},\"headline\":\"Essensin &#8211; v\u00e9lem\u00e9ny a hall\u00e1s regener\u00e1l\u00e1s\u00e1hoz sz\u00fcks\u00e9ges ill\u00f3olajr\u00f3l\",\"datePublished\":\"2019-06-10T22:00:00+00:00\",\"mainEntityOfPage\":{\"@id\":\"https:\\\/\\\/www.uia.archi\\\/hu\\\/essensin-velemeny-a-hallas-regeneralasahoz-szukseges-illoolajrol\\\/\"},\"wordCount\":2358,\"commentCount\":0,\"image\":{\"@id\":\"https:\\\/\\\/www.uia.archi\\\/hu\\\/essensin-velemeny-a-hallas-regeneralasahoz-szukseges-illoolajrol\\\/#primaryimage\"},\"thumbnailUrl\":\"https:\\\/\\\/www.uia.archi\\\/wp-content\\\/uploads\\\/2019\\\/06\\\/essensin.jpg\",\"articleSection\":[\"Avis sur les produits\",\"Term\u00e9k v\u00e9lem\u00e9nyek\"],\"inLanguage\":\"hu\",\"potentialAction\":[{\"@type\":\"CommentAction\",\"name\":\"Comment\",\"target\":[\"https:\\\/\\\/www.uia.archi\\\/hu\\\/essensin-velemeny-a-hallas-regeneralasahoz-szukseges-illoolajrol\\\/#respond\"]}]},{\"@type\":\"WebPage\",\"@id\":\"https:\\\/\\\/www.uia.archi\\\/hu\\\/essensin-velemeny-a-hallas-regeneralasahoz-szukseges-illoolajrol\\\/\",\"url\":\"https:\\\/\\\/www.uia.archi\\\/hu\\\/essensin-velemeny-a-hallas-regeneralasahoz-szukseges-illoolajrol\\\/\",\"name\":\"Essensin - v\u00e9lem\u00e9ny a hall\u00e1s regener\u00e1l\u00e1s\u00e1hoz sz\u00fcks\u00e9ges ill\u00f3olajr\u00f3l\",\"isPartOf\":{\"@id\":\"https:\\\/\\\/www.uia.archi\\\/hu\\\/#website\"},\"primaryImageOfPage\":{\"@id\":\"https:\\\/\\\/www.uia.archi\\\/hu\\\/essensin-velemeny-a-hallas-regeneralasahoz-szukseges-illoolajrol\\\/#primaryimage\"},\"image\":{\"@id\":\"https:\\\/\\\/www.uia.archi\\\/hu\\\/essensin-velemeny-a-hallas-regeneralasahoz-szukseges-illoolajrol\\\/#primaryimage\"},\"thumbnailUrl\":\"https:\\\/\\\/www.uia.archi\\\/wp-content\\\/uploads\\\/2019\\\/06\\\/essensin.jpg\",\"datePublished\":\"2019-06-10T22:00:00+00:00\",\"author\":{\"@id\":\"https:\\\/\\\/www.uia.archi\\\/hu\\\/#\\\/schema\\\/person\\\/3d67c6894ced0e7a84948b704169c9c2\"},\"breadcrumb\":{\"@id\":\"https:\\\/\\\/www.uia.archi\\\/hu\\\/essensin-velemeny-a-hallas-regeneralasahoz-szukseges-illoolajrol\\\/#breadcrumb\"},\"inLanguage\":\"hu\",\"potentialAction\":[{\"@type\":\"ReadAction\",\"target\":[\"https:\\\/\\\/www.uia.archi\\\/hu\\\/essensin-velemeny-a-hallas-regeneralasahoz-szukseges-illoolajrol\\\/\"]}]},{\"@type\":\"ImageObject\",\"inLanguage\":\"hu\",\"@id\":\"https:\\\/\\\/www.uia.archi\\\/hu\\\/essensin-velemeny-a-hallas-regeneralasahoz-szukseges-illoolajrol\\\/#primaryimage\",\"url\":\"https:\\\/\\\/www.uia.archi\\\/wp-content\\\/uploads\\\/2019\\\/06\\\/essensin.jpg\",\"contentUrl\":\"https:\\\/\\\/www.uia.archi\\\/wp-content\\\/uploads\\\/2019\\\/06\\\/essensin.jpg\"},{\"@type\":\"BreadcrumbList\",\"@id\":\"https:\\\/\\\/www.uia.archi\\\/hu\\\/essensin-velemeny-a-hallas-regeneralasahoz-szukseges-illoolajrol\\\/#breadcrumb\",\"itemListElement\":[{\"@type\":\"ListItem\",\"position\":1,\"name\":\"itthon\",\"item\":\"https:\\\/\\\/www.uia.archi\\\/hu\\\/\"},{\"@type\":\"ListItem\",\"position\":2,\"name\":\"Term\u00e9k v\u00e9lem\u00e9nyek\",\"item\":\"https:\\\/\\\/www.uia.archi\\\/hu\\\/category\\\/termek-velemenyek\\\/\"},{\"@type\":\"ListItem\",\"position\":3,\"name\":\"Essensin &#8211; v\u00e9lem\u00e9ny a hall\u00e1s regener\u00e1l\u00e1s\u00e1hoz sz\u00fcks\u00e9ges ill\u00f3olajr\u00f3l\"}]},{\"@type\":\"WebSite\",\"@id\":\"https:\\\/\\\/www.uia.archi\\\/hu\\\/#website\",\"url\":\"https:\\\/\\\/www.uia.archi\\\/hu\\\/\",\"name\":\"Egyedi nemzetk\u00f6zi cikkek\",\"description\":\"K\u00fcl\u00f6nb\u00f6z\u0151 t\u00e9m\u00e1j\u00fa cikkek, \u00e9rt\u00e9kes tud\u00e1sforr\u00e1s az \u00d6n \u00e9s csal\u00e1dja sz\u00e1m\u00e1ra\",\"potentialAction\":[{\"@type\":\"SearchAction\",\"target\":{\"@type\":\"EntryPoint\",\"urlTemplate\":\"https:\\\/\\\/www.uia.archi\\\/hu\\\/?s={search_term_string}\"},\"query-input\":{\"@type\":\"PropertyValueSpecification\",\"valueRequired\":true,\"valueName\":\"search_term_string\"}}],\"inLanguage\":\"hu\"},{\"@type\":\"Person\",\"@id\":\"https:\\\/\\\/www.uia.archi\\\/hu\\\/#\\\/schema\\\/person\\\/3d67c6894ced0e7a84948b704169c9c2\",\"name\":\"Writer\",\"image\":{\"@type\":\"ImageObject\",\"inLanguage\":\"hu\",\"@id\":\"https:\\\/\\\/www.uia.archi\\\/wp-content\\\/litespeed\\\/avatar\\\/1a002795387e512944da0898076d6c44.jpg?ver=1777482563\",\"url\":\"https:\\\/\\\/www.uia.archi\\\/wp-content\\\/litespeed\\\/avatar\\\/1a002795387e512944da0898076d6c44.jpg?ver=1777482563\",\"contentUrl\":\"https:\\\/\\\/www.uia.archi\\\/wp-content\\\/litespeed\\\/avatar\\\/1a002795387e512944da0898076d6c44.jpg?ver=1777482563\",\"caption\":\"Writer\"},\"sameAs\":[\"https:\\\/\\\/www.uia.archi\"],\"url\":\"https:\\\/\\\/www.uia.archi\\\/hu\\\/author\\\/writer\\\/\"}]}<\/script>\n<!-- \/ Yoast SEO plugin. -->","yoast_head_json":{"title":"Essensin - v\u00e9lem\u00e9ny a hall\u00e1s regener\u00e1l\u00e1s\u00e1hoz sz\u00fcks\u00e9ges ill\u00f3olajr\u00f3l","robots":{"index":"index","follow":"follow","max-snippet":"max-snippet:-1","max-image-preview":"max-image-preview:large","max-video-preview":"max-video-preview:-1"},"canonical":"https:\/\/www.uia.archi\/hu\/essensin-velemeny-a-hallas-regeneralasahoz-szukseges-illoolajrol\/","og_locale":"hu_HU","og_type":"article","og_title":"Essensin - v\u00e9lem\u00e9ny a hall\u00e1s regener\u00e1l\u00e1s\u00e1hoz sz\u00fcks\u00e9ges ill\u00f3olajr\u00f3l","og_description":"A fedett f\u00fclnek hangosan kell hallgatnia a r\u00e1di\u00f3t vagy a telev\u00edzi\u00f3t, folyamatosan k\u00e9rve m\u00e1sokt\u00f3l, hogy ism\u00e9telj\u00e9k meg azt, amit mondanak, vagy felhalmoz\u00f3dnak a viaszf\u00fclk\u00e9k, amelyek k\u00f6z\u00f6s probl\u00e9m\u00e1k, amelyek mindannyiunk sz\u00e1m\u00e1ra t\u00f6rt\u00e9nhetnek. A kerumen t\u00faltermel\u00e9s\u00e9b\u0151l ad\u00f3dnak, amelyek, b\u00e1r fontos szerepet j\u00e1tszanak a k\u00f6z\u00e9pf\u00fcl \u00f6nv\u00e9delm\u00e9ben, szint\u00e9n nagyon terhesek. Ez azonban biztons\u00e1gosan \u00e9s term\u00e9szetesen megakad\u00e1lyozhat\u00f3 &#8211; an\u00e9lk\u00fcl, hogy [&hellip;]","og_url":"https:\/\/www.uia.archi\/hu\/essensin-velemeny-a-hallas-regeneralasahoz-szukseges-illoolajrol\/","og_site_name":"Egyedi nemzetk\u00f6zi cikkek","article_published_time":"2019-06-10T22:00:00+00:00","og_image":[{"url":"https:\/\/www.uia.archi\/wp-content\/uploads\/2019\/06\/essensin.jpg","type":"","width":"","height":""}],"author":"Writer","twitter_card":"summary_large_image","twitter_misc":{"Szerz\u0151:":"Writer","Becs\u00fclt olvas\u00e1si id\u0151":"12 perc"},"schema":{"@context":"https:\/\/schema.org","@graph":[{"@type":"Article","@id":"https:\/\/www.uia.archi\/hu\/essensin-velemeny-a-hallas-regeneralasahoz-szukseges-illoolajrol\/#article","isPartOf":{"@id":"https:\/\/www.uia.archi\/hu\/essensin-velemeny-a-hallas-regeneralasahoz-szukseges-illoolajrol\/"},"author":{"name":"Writer","@id":"https:\/\/www.uia.archi\/hu\/#\/schema\/person\/3d67c6894ced0e7a84948b704169c9c2"},"headline":"Essensin &#8211; v\u00e9lem\u00e9ny a hall\u00e1s regener\u00e1l\u00e1s\u00e1hoz sz\u00fcks\u00e9ges ill\u00f3olajr\u00f3l","datePublished":"2019-06-10T22:00:00+00:00","mainEntityOfPage":{"@id":"https:\/\/www.uia.archi\/hu\/essensin-velemeny-a-hallas-regeneralasahoz-szukseges-illoolajrol\/"},"wordCount":2358,"commentCount":0,"image":{"@id":"https:\/\/www.uia.archi\/hu\/essensin-velemeny-a-hallas-regeneralasahoz-szukseges-illoolajrol\/#primaryimage"},"thumbnailUrl":"https:\/\/www.uia.archi\/wp-content\/uploads\/2019\/06\/essensin.jpg","articleSection":["Avis sur les produits","Term\u00e9k v\u00e9lem\u00e9nyek"],"inLanguage":"hu","potentialAction":[{"@type":"CommentAction","name":"Comment","target":["https:\/\/www.uia.archi\/hu\/essensin-velemeny-a-hallas-regeneralasahoz-szukseges-illoolajrol\/#respond"]}]},{"@type":"WebPage","@id":"https:\/\/www.uia.archi\/hu\/essensin-velemeny-a-hallas-regeneralasahoz-szukseges-illoolajrol\/","url":"https:\/\/www.uia.archi\/hu\/essensin-velemeny-a-hallas-regeneralasahoz-szukseges-illoolajrol\/","name":"Essensin - v\u00e9lem\u00e9ny a hall\u00e1s regener\u00e1l\u00e1s\u00e1hoz sz\u00fcks\u00e9ges ill\u00f3olajr\u00f3l","isPartOf":{"@id":"https:\/\/www.uia.archi\/hu\/#website"},"primaryImageOfPage":{"@id":"https:\/\/www.uia.archi\/hu\/essensin-velemeny-a-hallas-regeneralasahoz-szukseges-illoolajrol\/#primaryimage"},"image":{"@id":"https:\/\/www.uia.archi\/hu\/essensin-velemeny-a-hallas-regeneralasahoz-szukseges-illoolajrol\/#primaryimage"},"thumbnailUrl":"https:\/\/www.uia.archi\/wp-content\/uploads\/2019\/06\/essensin.jpg","datePublished":"2019-06-10T22:00:00+00:00","author":{"@id":"https:\/\/www.uia.archi\/hu\/#\/schema\/person\/3d67c6894ced0e7a84948b704169c9c2"},"breadcrumb":{"@id":"https:\/\/www.uia.archi\/hu\/essensin-velemeny-a-hallas-regeneralasahoz-szukseges-illoolajrol\/#breadcrumb"},"inLanguage":"hu","potentialAction":[{"@type":"ReadAction","target":["https:\/\/www.uia.archi\/hu\/essensin-velemeny-a-hallas-regeneralasahoz-szukseges-illoolajrol\/"]}]},{"@type":"ImageObject","inLanguage":"hu","@id":"https:\/\/www.uia.archi\/hu\/essensin-velemeny-a-hallas-regeneralasahoz-szukseges-illoolajrol\/#primaryimage","url":"https:\/\/www.uia.archi\/wp-content\/uploads\/2019\/06\/essensin.jpg","contentUrl":"https:\/\/www.uia.archi\/wp-content\/uploads\/2019\/06\/essensin.jpg"},{"@type":"BreadcrumbList","@id":"https:\/\/www.uia.archi\/hu\/essensin-velemeny-a-hallas-regeneralasahoz-szukseges-illoolajrol\/#breadcrumb","itemListElement":[{"@type":"ListItem","position":1,"name":"itthon","item":"https:\/\/www.uia.archi\/hu\/"},{"@type":"ListItem","position":2,"name":"Term\u00e9k v\u00e9lem\u00e9nyek","item":"https:\/\/www.uia.archi\/hu\/category\/termek-velemenyek\/"},{"@type":"ListItem","position":3,"name":"Essensin &#8211; v\u00e9lem\u00e9ny a hall\u00e1s regener\u00e1l\u00e1s\u00e1hoz sz\u00fcks\u00e9ges ill\u00f3olajr\u00f3l"}]},{"@type":"WebSite","@id":"https:\/\/www.uia.archi\/hu\/#website","url":"https:\/\/www.uia.archi\/hu\/","name":"Egyedi nemzetk\u00f6zi cikkek","description":"K\u00fcl\u00f6nb\u00f6z\u0151 t\u00e9m\u00e1j\u00fa cikkek, \u00e9rt\u00e9kes tud\u00e1sforr\u00e1s az \u00d6n \u00e9s csal\u00e1dja sz\u00e1m\u00e1ra","potentialAction":[{"@type":"SearchAction","target":{"@type":"EntryPoint","urlTemplate":"https:\/\/www.uia.archi\/hu\/?s={search_term_string}"},"query-input":{"@type":"PropertyValueSpecification","valueRequired":true,"valueName":"search_term_string"}}],"inLanguage":"hu"},{"@type":"Person","@id":"https:\/\/www.uia.archi\/hu\/#\/schema\/person\/3d67c6894ced0e7a84948b704169c9c2","name":"Writer","image":{"@type":"ImageObject","inLanguage":"hu","@id":"https:\/\/www.uia.archi\/wp-content\/litespeed\/avatar\/1a002795387e512944da0898076d6c44.jpg?ver=1777482563","url":"https:\/\/www.uia.archi\/wp-content\/litespeed\/avatar\/1a002795387e512944da0898076d6c44.jpg?ver=1777482563","contentUrl":"https:\/\/www.uia.archi\/wp-content\/litespeed\/avatar\/1a002795387e512944da0898076d6c44.jpg?ver=1777482563","caption":"Writer"},"sameAs":["https:\/\/www.uia.archi"],"url":"https:\/\/www.uia.archi\/hu\/author\/writer\/"}]}},"blog_post_layout_featured_media_urls":{"thumbnail":"","full":""},"categories_names":{"1":{"name":"Avis sur les produits","link":"https:\/\/www.uia.archi\/category\/avis-sur-les-produits\/"},"16":{"name":"Term\u00e9k v\u00e9lem\u00e9nyek","link":"https:\/\/www.uia.archi\/hu\/category\/termek-velemenyek\/"}},"tags_names":[],"comments_number":"0","wpmagazine_modules_lite_featured_media_urls":{"thumbnail":"","cvmm-medium":"","cvmm-medium-plus":"","cvmm-portrait":"","cvmm-medium-square":"","cvmm-large":"","cvmm-small":"","full":""},"_links":{"self":[{"href":"https:\/\/www.uia.archi\/hu\/wp-json\/wp\/v2\/posts\/904","targetHints":{"allow":["GET"]}}],"collection":[{"href":"https:\/\/www.uia.archi\/hu\/wp-json\/wp\/v2\/posts"}],"about":[{"href":"https:\/\/www.uia.archi\/hu\/wp-json\/wp\/v2\/types\/post"}],"author":[{"embeddable":true,"href":"https:\/\/www.uia.archi\/hu\/wp-json\/wp\/v2\/users\/1"}],"replies":[{"embeddable":true,"href":"https:\/\/www.uia.archi\/hu\/wp-json\/wp\/v2\/comments?post=904"}],"version-history":[{"count":0,"href":"https:\/\/www.uia.archi\/hu\/wp-json\/wp\/v2\/posts\/904\/revisions"}],"wp:attachment":[{"href":"https:\/\/www.uia.archi\/hu\/wp-json\/wp\/v2\/media?parent=904"}],"wp:term":[{"taxonomy":"category","embeddable":true,"href":"https:\/\/www.uia.archi\/hu\/wp-json\/wp\/v2\/categories?post=904"},{"taxonomy":"post_tag","embeddable":true,"href":"https:\/\/www.uia.archi\/hu\/wp-json\/wp\/v2\/tags?post=904"}],"curies":[{"name":"wp","href":"https:\/\/api.w.org\/{rel}","templated":true}]}}