{"id":1182,"date":"2019-07-31T00:00:00","date_gmt":"2019-07-30T22:00:00","guid":{"rendered":"https:\/\/www.uia.archi\/provitalan-opinia-o-preparacie-na-przemeczenie\/"},"modified":"2021-07-03T18:02:04","modified_gmt":"2021-07-03T16:02:04","slug":"provitalan-opinia-o-preparacie-na-przemeczenie","status":"publish","type":"post","link":"https:\/\/www.uia.archi\/pl\/provitalan-opinia-o-preparacie-na-przemeczenie\/","title":{"rendered":"Provitalan &#8211; opinia o preparacie na przem\u0119czenie"},"content":{"rendered":"<div id=\"ez-toc-container\" class=\"ez-toc-v2_0_82_2 counter-hierarchy ez-toc-counter ez-toc-grey ez-toc-container-direction\">\n<p class=\"ez-toc-title\" style=\"cursor:inherit\">Spis tre\u015bci<\/p>\n<label for=\"ez-toc-cssicon-toggle-item-69f5e47583bcc\" class=\"ez-toc-cssicon-toggle-label\"><span class=\"\"><span class=\"eztoc-hide\" style=\"display:none;\">Toggle<\/span><span class=\"ez-toc-icon-toggle-span\"><svg style=\"fill: #999;color:#999\" xmlns=\"http:\/\/www.w3.org\/2000\/svg\" class=\"list-377408\" width=\"20px\" height=\"20px\" viewBox=\"0 0 24 24\" fill=\"none\"><path d=\"M6 6H4v2h2V6zm14 0H8v2h12V6zM4 11h2v2H4v-2zm16 0H8v2h12v-2zM4 16h2v2H4v-2zm16 0H8v2h12v-2z\" fill=\"currentColor\"><\/path><\/svg><svg style=\"fill: #999;color:#999\" class=\"arrow-unsorted-368013\" xmlns=\"http:\/\/www.w3.org\/2000\/svg\" width=\"10px\" height=\"10px\" viewBox=\"0 0 24 24\" version=\"1.2\" baseProfile=\"tiny\"><path d=\"M18.2 9.3l-6.2-6.3-6.2 6.3c-.2.2-.3.4-.3.7s.1.5.3.7c.2.2.4.3.7.3h11c.3 0 .5-.1.7-.3.2-.2.3-.5.3-.7s-.1-.5-.3-.7zM5.8 14.7l6.2 6.3 6.2-6.3c.2-.2.3-.5.3-.7s-.1-.5-.3-.7c-.2-.2-.4-.3-.7-.3h-11c-.3 0-.5.1-.7.3-.2.2-.3.5-.3.7s.1.5.3.7z\"\/><\/svg><\/span><\/span><\/label><input type=\"checkbox\"  id=\"ez-toc-cssicon-toggle-item-69f5e47583bcc\"  aria-label=\"Prze\u0142\u0105cznik\" \/><nav><ul class='ez-toc-list ez-toc-list-level-1 ' ><li class='ez-toc-page-1 ez-toc-heading-level-3'><a class=\"ez-toc-link ez-toc-heading-1\" href=\"https:\/\/www.uia.archi\/pl\/provitalan-opinia-o-preparacie-na-przemeczenie\/#Dlaczego_regeneracja_organizmu_jest_tak_wazna\" >Dlaczego regeneracja organizmu jest tak wa\u017cna?<\/a><\/li><li class='ez-toc-page-1 ez-toc-heading-level-3'><a class=\"ez-toc-link ez-toc-heading-2\" href=\"https:\/\/www.uia.archi\/pl\/provitalan-opinia-o-preparacie-na-przemeczenie\/#Dla_kogo_przeznaczony_jest_Provitalan\" >Dla kogo przeznaczony jest Provitalan?<\/a><\/li><li class='ez-toc-page-1 ez-toc-heading-level-3'><a class=\"ez-toc-link ez-toc-heading-3\" href=\"https:\/\/www.uia.archi\/pl\/provitalan-opinia-o-preparacie-na-przemeczenie\/#Unikalna_kompozycja_suplementu_Provitalan\" >Unikalna kompozycja suplementu Provitalan<\/a><\/li><li class='ez-toc-page-1 ez-toc-heading-level-3'><a class=\"ez-toc-link ez-toc-heading-4\" href=\"https:\/\/www.uia.archi\/pl\/provitalan-opinia-o-preparacie-na-przemeczenie\/#Forma_oraz_sposob_przyjmowania_suplementu_Provitalan\" >Forma oraz spos\u00f3b przyjmowania suplementu Provitalan<\/a><\/li><li class='ez-toc-page-1 ez-toc-heading-level-3'><a class=\"ez-toc-link ez-toc-heading-5\" href=\"https:\/\/www.uia.archi\/pl\/provitalan-opinia-o-preparacie-na-przemeczenie\/#Przeciwwskazania_do_stosowania_preparatu_Provitalan\" >Przeciwwskazania do stosowania preparatu Provitalan<\/a><\/li><li class='ez-toc-page-1 ez-toc-heading-level-3'><a class=\"ez-toc-link ez-toc-heading-6\" href=\"https:\/\/www.uia.archi\/pl\/provitalan-opinia-o-preparacie-na-przemeczenie\/#Provitalan_%E2%80%93_dzialania_niepozadane\" >Provitalan &#8211; dzia\u0142ania niepo\u017c\u0105dane<\/a><\/li><li class='ez-toc-page-1 ez-toc-heading-level-3'><a class=\"ez-toc-link ez-toc-heading-7\" href=\"https:\/\/www.uia.archi\/pl\/provitalan-opinia-o-preparacie-na-przemeczenie\/#Jak_dlugo_stosowac_Provitalan\" >Jak d\u0142ugo stosowa\u0107 Provitalan?<\/a><\/li><li class='ez-toc-page-1 ez-toc-heading-level-3'><a class=\"ez-toc-link ez-toc-heading-8\" href=\"https:\/\/www.uia.archi\/pl\/provitalan-opinia-o-preparacie-na-przemeczenie\/#Opinie_uzytkownikow_o_stosowaniu_Provitalan\" >Opinie u\u017cytkownik\u00f3w o stosowaniu Provitalan<\/a><\/li><li class='ez-toc-page-1 ez-toc-heading-level-3'><a class=\"ez-toc-link ez-toc-heading-9\" href=\"https:\/\/www.uia.archi\/pl\/provitalan-opinia-o-preparacie-na-przemeczenie\/#Gdzie_kupic_Provitalan_Nasza_rekomendacja\" >Gdzie kupi\u0107 Provitalan? Nasza rekomendacja<\/a><\/li><\/ul><\/nav><\/div>\n<p>Najlepsz\u0105 form\u0105 regeneracji dla ludzkiego cia\u0142a jest sen. W przypadku jego braku, r\u00f3wnowaga hormonalna jest najbardziej zaburzona. Provitalan to suplement diety, przeznaczony dla os\u00f3b, kt\u00f3rym dokucza ci\u0105g\u0142e zm\u0119czenie oraz dla tych, kt\u00f3rzy maj\u0105 problemy z pe\u0142n\u0105 i skuteczn\u0105 regeneracj\u0105 organizmu.<\/p>\n<p>W pe\u0142ni kompleksowa kuracja preparatem, opiera si\u0119 na 5 podstawowych sk\u0142adnikach aktywnych. Jednak sama kombinacja jest uzupe\u0142niona przez substancje pomocnicze, witaminy z grup: A, B, E, K i niezb\u0119dne pierwiastki chemiczne. G\u0142\u00f3wnym celem stosowania suplementu jest ca\u0142kowite zmniejszenie os\u0142abienia uk\u0142adu nerwowego.<\/p>\n<p>Provitalan mo\u017cna z powodzeniem stosowa\u0107 podczas intensywnych \u0107wicze\u0144 fizycznych i ci\u0119\u017ckiej pracy umys\u0142owej. Produkt, opr\u00f3cz eliminacji efekt\u00f3w s\u0142abej regeneracji, jest idealny do zapobiegania.<\/p>\n<h3><span class=\"ez-toc-section\" id=\"Dlaczego_regeneracja_organizmu_jest_tak_wazna\"><\/span>Dlaczego regeneracja organizmu jest tak wa\u017cna?<span class=\"ez-toc-section-end\"><\/span><\/h3>\n<p>Nieregularne godziny snu przeplatane stresem mog\u0105 prowadzi\u0107 do powa\u017cnych konsekwencji zdrowotnych. Zaczynaj\u0105c od zwi\u0119kszonego apetytu, b\u00f3l\u00f3w g\u0142owy, migrenowych b\u00f3l\u00f3w g\u0142owy, problem\u00f3w ze wzrokiem, problem\u00f3w z zapami\u0119tywaniem &#8211; po wszystkie rodzaje dra\u017cliwo\u015bci i rozproszenia uwagi.<\/p>\n<p><a href=\"https:\/\/www.uia.archi\/go\/menvit-blog\/\" rel=\"nofollow\"><img loading=\"lazy\" decoding=\"async\" class=\"alignright wp-image-9766\" src=\"https:\/\/www.uia.archi\/wp-content\/uploads\/2019\/07\/provitalan.jpg\" alt=\"provitalan\" width=\"368\" height=\"345\" \/><\/a>Ka\u017cdy z tych negatywnych skutk\u00f3w braku odpowiedniej regeneracji wp\u0142ywa na komfort i jako\u015b\u0107 codziennego \u017cycia. To z kolei przek\u0142ada si\u0119 na decyzje i og\u00f3lne samopoczucie. Podczas d\u0142ugiego okresu zaburzonej regeneracji nasze zdrowie jest poddawane pr\u00f3bie, co w wielu przypadkach prowadzi do infekcji, zaka\u017ce\u0144 lub popularnych chor\u00f3b cywilizacyjnych.<\/p>\n<p>Nale\u017cy zaznaczy\u0107, \u017ce po 25 roku \u017cycia, mo\u017cliwo\u015b\u0107 regeneracji w przypadku kobiecego organizmu, zmniejsza si\u0119 nawet o ponad 4% rocznie. Ten sam odsetek dotyczy m\u0119\u017cczyzn w wieku powy\u017cej 30 lat.<\/p>\n<p>Provitalan przywraca naturalny poziom r\u00f3wnowagi hormonalnej i maksymalizuje zdolno\u015b\u0107 organizmu do regeneracji.<\/p>\n<h3><span class=\"ez-toc-section\" id=\"Dla_kogo_przeznaczony_jest_Provitalan\"><\/span>Dla kogo przeznaczony jest Provitalan?<span class=\"ez-toc-section-end\"><\/span><\/h3>\n<p>Jest to najlepszy produkt w segmencie suplement\u00f3w diety, przywracaj\u0105cych witalno\u015b\u0107. Zaleca si\u0119 u\u017cywanie produktu przez osoby, kt\u00f3rym dokucza:<\/p>\n<ul>\n<li>ci\u0105g\u0142e zm\u0119czenie,<\/li>\n<li>os\u0142abienie cia\u0142a,<\/li>\n<li>zauwa\u017calny spadek witalno\u015bci (zw\u0142aszcza u m\u0119\u017cczyzn),<\/li>\n<li>codziennie widoczne z\u0142e samopoczucie,<\/li>\n<li>stres,<\/li>\n<li>trudno\u015bci z koncentracj\u0105 i kr\u00f3tkotrwa\u0142a pami\u0119\u0107,<\/li>\n<li>zauwa\u017calna ospa\u0142o\u015b\u0107, sta\u0142e ziewanie, niedotlenienie cia\u0142a \/ og\u00f3lne wyczerpanie, brak regeneracji,<\/li>\n<\/ul>\n<p>Chroniczne zm\u0119czenie cia\u0142a mo\u017cna zauwa\u017cy\u0107 po 3 z\u0142ych, nieprzespanych nocach. Cia\u0142o w tym stanie nie jest w stanie prawid\u0142owo powr\u00f3ci\u0107 do normalnego funkcjonowania. W takim przypadku nale\u017cy poprawi\u0107 jako\u015b\u0107 snu lub ca\u0142kowicie przerwa\u0107 odpoczynek.<\/p>\n<p>Je\u015bli nawet drugiej sytuacji nie mo\u017cna sobie wyobrazi\u0107, Provitalan jest pierwsz\u0105 pomoc\u0105, kt\u00f3ra doda si\u0142 ka\u017cdemu. Preparat w znacznym stopniu wp\u0142ywa na komfort psychiczny, uspokajaj\u0105c i pobudzaj\u0105c kom\u00f3rki m\u00f3zgowe do dzia\u0142ania.<\/p>\n<h3><span class=\"ez-toc-section\" id=\"Unikalna_kompozycja_suplementu_Provitalan\"><\/span>Unikalna kompozycja suplementu Provitalan<span class=\"ez-toc-section-end\"><\/span><\/h3>\n<p>Unikalna formu\u0142a preparatu, zosta\u0142a opracowana jako proszek do rozpuszczenia. Ta konsystencja mikronizowanych sk\u0142adnik\u00f3w gwarantuje najlepsz\u0105 mo\u017cliw\u0105 absorpcj\u0119 sk\u0142adnik\u00f3w aktywnych w produkcie.<\/p>\n<ul>\n<li><strong>Monohydrat kreatyny<\/strong> &#8211; najpopularniejsza forma kreatyny. Jest prekursorem procesu rozpadu cz\u0105steczki ATP, z kt\u00f3rego organizm pobiera znaczn\u0105 cz\u0119\u015b\u0107 zasob\u00f3w energii. Jego st\u0119\u017cenie w preparacie odpowiada spo\u017cyciu prawie 0,5 kg steku wo\u0142owego. Doskonale wp\u0142ywa na popraw\u0119 wytrzyma\u0142o\u015bci cia\u0142a.<\/li>\n<li><strong>L-Arginina<\/strong> &#8211; rozszerza naczynia krwiono\u015bne i poprawia transport poszczeg\u00f3lnych element\u00f3w we krwi. L-arginina odgrywa wa\u017cn\u0105 rol\u0119 w transporcie soli mineralnych i prawid\u0142owym funkcjonowaniu uk\u0142adu odporno\u015bciowego.<\/li>\n<li><strong>Magnez<\/strong> &#8211; podstawowy stymulant ludzkiego uk\u0142adu nerwowego. Zapobiega nadmiernej kurczliwo\u015bci mi\u0119\u015bni. Poprawia zdolno\u015bci regeneracji tkanek. Odpowiednia suplementacja magnezem zawartym w Provitalanie zapobiega nadmiernemu stresowi. Magnez jest kluczowym elementem procesu regeneracji, g\u0142\u00f3wnie profilaktycznie.<\/li>\n<li><strong>L-tyrozyna<\/strong> &#8211; niedob\u00f3r L-tyrozyny objawia si\u0119 przewlek\u0142ym zm\u0119czeniem mi\u0119\u015bni i brakiem koncentracji. Zazwyczaj podaje si\u0119 go pacjentom z objawami choroby psychicznej. Znacznie poprawia przep\u0142yw neutron\u00f3w, dzi\u0119ki czemu kom\u00f3rki szare s\u0105 bardziej wydajne, a m\u00f3zg \u201e\u0142\u0105czy fakty\u201d szybciej.<\/li>\n<li><strong>Kwas foliowy<\/strong> &#8211; dzia\u0142a prewencyjnie i zwalcza z\u0142e samopoczucie oraz senno\u015b\u0107. Kwas foliowy jest wa\u017cny w wydzielaniu serotoniny. To z kolei jest odpowiedzialne za odczuwanie naszego pe\u0142nego szcz\u0119\u015bcia, co znacznie zmniejsza poziom zm\u0119czenia.<\/li>\n<\/ul>\n<h3><span class=\"ez-toc-section\" id=\"Forma_oraz_sposob_przyjmowania_suplementu_Provitalan\"><\/span>Forma oraz spos\u00f3b przyjmowania suplementu Provitalan<span class=\"ez-toc-section-end\"><\/span><\/h3>\n<p>Preparat jest dost\u0119pny w sprzeda\u017cy, w formie mikronizowanego proszku, przeznaczonego do rozpuszczenia w wodzie.<\/p>\n<p>Istniej\u0105 dwie dost\u0119pne pojemno\u015bci to 125 g dla ma\u0142ego opakowania i 250 g dla du\u017cego opakowania. Mniejsza wersja zawiera 18 sugerowanych porcji po 7 g ka\u017cda, wi\u0119ksza natomiast &#8211; do 36.<\/p>\n<p>Maksymalne rezultaty uzyskuje si\u0119 stosuj\u0105c Provitalan regularnie, jeden raz dziennie, mieszaj\u0105c go z letni\u0105 wod\u0105 lub sokiem. Suplement nale\u017cy spo\u017cywa\u0107 natychmiast po rozpuszczeniu.<\/p>\n<p>Podczas przyjmowania suplementu, nie nale\u017cy stosowa\u0107 wysublimowanych diet, zw\u0142aszcza tych o ujemnym bilansie kalorycznym. Utrzymuj umiarkowan\u0105 aktywno\u015b\u0107 fizyczn\u0105 w jak najwi\u0119kszym stopniu.<\/p>\n<h3><span class=\"ez-toc-section\" id=\"Przeciwwskazania_do_stosowania_preparatu_Provitalan\"><\/span>Przeciwwskazania do stosowania preparatu Provitalan<span class=\"ez-toc-section-end\"><\/span><\/h3>\n<p>Ze wzgl\u0119du na ca\u0142kowicie odmienn\u0105 regulacj\u0119 hormonaln\u0105 u kobiet w ci\u0105\u017cy, nie jest zalecane stosowanie przez nie tego suplementu. Preparat jest przeznaczony dla os\u00f3b powy\u017cej 18 roku \u017cycia, kt\u00f3re nie maj\u0105 przewlek\u0142ych problem\u00f3w zdrowotnych lub innych dolegliwo\u015bci.<\/p>\n<p>Nie dotyczy to przewlek\u0142ego zm\u0119czenia wynikaj\u0105cego z nadmiaru aktywnego stylu \u017cycia. Je\u015bli zdiagnozowano u Ciebie inne problemy zdrowotne, zaleca si\u0119 skonsultowanie si\u0119 z lekarzem przed zastosowaniem preparatu.<\/p>\n<p>Kobiety karmi\u0105ce piersi\u0105 i uczulone na jakikolwiek sk\u0142adnik Provitalan nie mog\u0105 stosowa\u0107 suplementu. Zalecane jest przechowywanie produktu w suchym miejscu, w temperaturze pokojowej.<\/p>\n<h3><span class=\"ez-toc-section\" id=\"Provitalan_%E2%80%93_dzialania_niepozadane\"><\/span>Provitalan &#8211; dzia\u0142ania niepo\u017c\u0105dane<span class=\"ez-toc-section-end\"><\/span><\/h3>\n<p>Efekt uboczny braku w\u0142a\u015bciwej regeneracji ma wiele negatywnych konsekwencji dla zdrowia. Formu\u0142a preparatu jest ca\u0142kowicie bezpieczna.<\/p>\n<p>Systematyczne stosowanie doskonale przezwyci\u0119\u017ca dyskomfort zwi\u0105zany z brakiem odpowiedniej r\u00f3wnowagi hormonalnej. Przywraca prawid\u0142owe kr\u0105\u017cenie, poprawia koncentracj\u0119, stabilizuje poziom dra\u017cliwo\u015bci, a przede wszystkim dodaje energii \u017cyciowej, kt\u00f3rej brakuje podczas rozregulowanego snu.<\/p>\n<h3><span class=\"ez-toc-section\" id=\"Jak_dlugo_stosowac_Provitalan\"><\/span>Jak d\u0142ugo stosowa\u0107 Provitalan?<span class=\"ez-toc-section-end\"><\/span><\/h3>\n<p>Odpowied\u017a jest niejednoznaczna dla wszystkich. Proces pe\u0142nej regeneracji i czas potrzebny na przywr\u00f3cenie organizmu do prawid\u0142owego stanu, trwa do 60 dni.<\/p>\n<p>W zale\u017cno\u015bci od tego, jak d\u0142ugo okres snu by\u0142 przed\u0142u\u017cany, dawki Provitalanu nale\u017cy przyjmowa\u0107 d\u0142u\u017cej. Nie martw si\u0119! Efekty aplikacji poczujesz ju\u017c po pierwszym u\u017cyciu. Twoja jako\u015b\u0107 regeneracji b\u0119dzie na tak wysokim poziomie, \u017ce poczujesz, kiedy powiniene\u015b zako\u0144czy\u0107 suplementacj\u0119.<\/p>\n<p>Zalecany czas wch\u0142aniania sk\u0142adnik\u00f3w aktywnych wynosi 30 dni dla os\u00f3b poni\u017cej 25 i 60 dni zar\u00f3wno dla kobiet, jak i m\u0119\u017cczyzn w wieku powy\u017cej 30 lat. Zwi\u0119kszenie dawki lub p\u00f3\u017aniejsze zastosowanie profilaktyczne zale\u017cy od indywidualnych predyspozycji.<\/p>\n<h3><span class=\"ez-toc-section\" id=\"Opinie_uzytkownikow_o_stosowaniu_Provitalan\"><\/span>Opinie u\u017cytkownik\u00f3w o stosowaniu Provitalan<span class=\"ez-toc-section-end\"><\/span><\/h3>\n<ul>\n<li><em>\u201cPewnego dnia dosta\u0142em telefon z pytaniem, czy chcia\u0142bym przetestowa\u0107 nowoczesny naturalny suplement diety, kt\u00f3ry doda mi energii. Zainteresowa\u0142o mnie to. Chcia\u0142em pozna\u0107 genez\u0119 powstania i ide\u0119 tego produktu. Po zaledwie 20 minutach rozmowy, osoba po drugiej stronie s\u0142uchawki zaimponowa\u0142a mi swoim zaanga\u017cowaniem i zgodzi\u0142em si\u0119 na wsp\u00f3\u0142prac\u0119. Bardzo zaciekawi\u0142 mnie fakt test\u00f3w preparatu Provitalan, kt\u00f3re zosta\u0142y przeprowadzone na grupie 120 amator\u00f3w i przekroczy\u0142y oczekiwania. Post\u0119p w zmniejszaniu zakwaszenia organizmu wzr\u00f3s\u0142 a\u017c o 73%, podczas gdy g\u0142\u0119boko\u015b\u0107 snu mierzona fazami by\u0142a skuteczna jako systematyczny sen o 22:45 &#8211; 7 rano. To, pomimo spektakularnych wynik\u00f3w, da\u0142o doskona\u0142e prognozy dla profesjonalist\u00f3w w bran\u017cy sport\u00f3w wytrzyma\u0142o\u015bciowych, ale nie tylko. Ja jako sportowiec, sam go u\u017cywam i polecam swoim podopiecznym.\u201d<\/em> &#8211; <strong>Robert, 37 lat, trener personalny<\/strong><\/li>\n<li><em>\u201cOdk\u0105d zacz\u0105\u0142em pracowa\u0107 na nocnej zmianie, ca\u0142kowicie rozregulowa\u0142 mi si\u0119 tryb funkcjonowania organizmu. Po zaledwie miesi\u0105cu pracy, k\u0142ad\u0142em si\u0119 spa\u0107 o 4 i wstawa\u0142em o 12, wygl\u0105daj\u0105c jak zombie. Ponadto nocne wch\u0142anianie fast food\u00f3w nie ko\u0144czy\u0142o si\u0119 dobrze. Mimo \u017ce stara\u0142em si\u0119 spa\u0107 co najmniej 8 godzin dziennie, z dnia na dzie\u0144 by\u0142em coraz bardziej zm\u0119czony. Pewnego dnia poszed\u0142em do specjalisty, kt\u00f3ry poinformowa\u0142 mnie, \u017ce albo b\u0119d\u0119 musia\u0142 zmieni\u0107 prac\u0119 i wr\u00f3ci\u0107 do normalnego trybu snu\/funkcjonowania, albo pomog\u0119 sobie, stosuj\u0105c dobre suplementy diety. Pierwsza opcja nie wchodzi\u0142a w gr\u0119, wi\u0119c zacz\u0105\u0142em szuka\u0107 rozwi\u0105zania w kwestii suplementacji diety. Zag\u0142\u0119bi\u0142em si\u0119 w temat regeneracji ludzkiego cia\u0142a. Jak si\u0119 okaza\u0142o, pope\u0142nia\u0142em b\u0142\u0105d po b\u0142\u0119dzie, dop\u00f3ki nie znalaz\u0142em i nie zacz\u0105\u0142em stosowa\u0107 preparat Provitalan. Po pierwsze, przesta\u0142em je\u015b\u0107 bezpo\u015brednio przed snem, a po drugie bardzo szybko wr\u00f3ci\u0142em do formy. Pomimo przebudzenia si\u0119 w po\u0142udnie, czuj\u0119 si\u0119 energiczny i gotowy do aktywnego funkcjonowania.&#8221;<\/em> &#8211; <strong>Jacek, 49 lat, pracownik fizyczny<\/strong><\/li>\n<\/ul>\n<h3><span class=\"ez-toc-section\" id=\"Gdzie_kupic_Provitalan_Nasza_rekomendacja\"><\/span>Gdzie kupi\u0107 Provitalan? Nasza rekomendacja<span class=\"ez-toc-section-end\"><\/span><\/h3>\n<p>Zakupu preparatu najlepiej dokona\u0107 przez Internet, bezpo\u015brednio ze <a href=\"https:\/\/www.uia.archi\/go\/menvit-blog\/\" rel=\"nofollow\">strony oficjalnego dystrybutora Provitalan-u w naszym kraju<\/a>. Jest to pewno\u015b\u0107 otrzymania pe\u0142nowarto\u015bciowego produktu, z gwarancj\u0105 skuteczno\u015bci.<\/p>\n<div class=\"belcherwt aligncenter\" style=\"border: #000 dashed 3px; padding: 10px 20px; margin: 10px 0; font-size: 16px;\">\n<p style=\"text-align: left;\"><strong><a href=\"https:\/\/www.uia.archi\/go\/menvit-blog\/\" rel=\"nofollow\"><img loading=\"lazy\" decoding=\"async\" class=\"wp-image-389 alignleft\" style=\"border: 0px;\" src=\"https:\/\/www.uia.archi\/wp-content\/uploads\/2019\/07\/provitalan.jpg\" alt=\"provitalan\" width=\"331\" height=\"311\" \/><\/a>UWAGA:<\/strong> Przez limitowany okres czasu oficjalny dystrybutor preparatu <a href=\"https:\/\/www.uia.archi\/go\/menvit-blog\/\" rel=\"nofollow\"><strong>PROVITALAN<\/strong><\/a>, ma dla naszych czytelnik\u00f3w ofert\u0119 specjaln\u0105. Wi\u0105\u017ce si\u0119 z ni\u0105 potr\u00f3jna gwarancja satysfakcji wykupionej kuracji w przypadku gdy nie przyniesie ona oczekiwanych efekt\u00f3w.<\/p>\n<p style=\"text-align: left;\"><a style=\"text-decoration: underline; color: #0046af;\" href=\"https:\/\/www.uia.archi\/go\/menvit-blog\/\" rel=\"nofollow\"><strong>Kliknij tutaj aby wypr\u00f3bowa\u0107 preparat PROVITALAN<\/strong><\/a><\/p>\n<p style=\"text-align: left;\"><span style=\"color: #000000;\"><span style=\"background-color: #ffff00;\"><a href=\"https:\/\/www.uia.archi\/go\/menvit-blog\/\" rel=\"nofollow\"><span style=\"color: #000000;\"><strong style=\"color: #000000;\">u\u017cyj TEGO linku aby otrzyma\u0107 DARMOW\u0104 DOSTAW\u0118<\/strong><\/span><\/a><br \/>\n<\/span><\/span><\/p>\n<p style=\"text-align: left;\"><span style=\"color: #ff0000;\"><span style=\"font-family: 'Arial Black';\"><b>Oferta specjalna ko\u0144czy si\u0119 dzisiaj!<\/b><\/span><\/span><\/p>\n<\/div>\n","protected":false},"excerpt":{"rendered":"<p>Najlepsz\u0105 form\u0105 regeneracji dla ludzkiego cia\u0142a jest sen. W przypadku jego braku, r\u00f3wnowaga hormonalna jest najbardziej zaburzona. Provitalan to suplement diety, przeznaczony dla os\u00f3b, kt\u00f3rym dokucza ci\u0105g\u0142e zm\u0119czenie oraz dla tych, kt\u00f3rzy maj\u0105 problemy z pe\u0142n\u0105 i skuteczn\u0105 regeneracj\u0105 organizmu. W pe\u0142ni kompleksowa kuracja preparatem, opiera si\u0119 na 5 podstawowych sk\u0142adnikach aktywnych. Jednak sama kombinacja [&hellip;]<\/p>\n","protected":false},"author":1,"featured_media":0,"comment_status":"open","ping_status":"open","sticky":false,"template":"","format":"standard","meta":{"cybocfi_hide_featured_image":"","footnotes":""},"categories":[25],"tags":[],"class_list":["post-1182","post","type-post","status-publish","format-standard","hentry","category-recenzje-produktow"],"yoast_head":"<!-- This site is optimized with the Yoast SEO plugin v27.5 - https:\/\/yoast.com\/product\/yoast-seo-wordpress\/ -->\n<title>Provitalan - opinia o preparacie na przem\u0119czenie<\/title>\n<meta name=\"robots\" content=\"index, follow, max-snippet:-1, max-image-preview:large, max-video-preview:-1\" \/>\n<link rel=\"canonical\" href=\"https:\/\/www.uia.archi\/pl\/provitalan-opinia-o-preparacie-na-przemeczenie\/\" \/>\n<meta property=\"og:locale\" content=\"pl_PL\" \/>\n<meta property=\"og:type\" content=\"article\" \/>\n<meta property=\"og:title\" content=\"Provitalan - opinia o preparacie na przem\u0119czenie\" \/>\n<meta property=\"og:description\" content=\"Najlepsz\u0105 form\u0105 regeneracji dla ludzkiego cia\u0142a jest sen. W przypadku jego braku, r\u00f3wnowaga hormonalna jest najbardziej zaburzona. Provitalan to suplement diety, przeznaczony dla os\u00f3b, kt\u00f3rym dokucza ci\u0105g\u0142e zm\u0119czenie oraz dla tych, kt\u00f3rzy maj\u0105 problemy z pe\u0142n\u0105 i skuteczn\u0105 regeneracj\u0105 organizmu. W pe\u0142ni kompleksowa kuracja preparatem, opiera si\u0119 na 5 podstawowych sk\u0142adnikach aktywnych. Jednak sama kombinacja [&hellip;]\" \/>\n<meta property=\"og:url\" content=\"https:\/\/www.uia.archi\/pl\/provitalan-opinia-o-preparacie-na-przemeczenie\/\" \/>\n<meta property=\"og:site_name\" content=\"Unikalne artyku\u0142y mi\u0119dzynarodowe\" \/>\n<meta property=\"article:published_time\" content=\"2019-07-30T22:00:00+00:00\" \/>\n<meta property=\"article:modified_time\" content=\"2021-07-03T16:02:04+00:00\" \/>\n<meta property=\"og:image\" content=\"https:\/\/www.uia.archi\/wp-content\/uploads\/2019\/07\/provitalan.jpg\" \/>\n<meta name=\"author\" content=\"Writer\" \/>\n<meta name=\"twitter:card\" content=\"summary_large_image\" \/>\n<meta name=\"twitter:label1\" content=\"Napisane przez\" \/>\n\t<meta name=\"twitter:data1\" content=\"Writer\" \/>\n\t<meta name=\"twitter:label2\" content=\"Szacowany czas czytania\" \/>\n\t<meta name=\"twitter:data2\" content=\"8 minut\" \/>\n<script type=\"application\/ld+json\" class=\"yoast-schema-graph\">{\"@context\":\"https:\\\/\\\/schema.org\",\"@graph\":[{\"@type\":\"Article\",\"@id\":\"https:\\\/\\\/www.uia.archi\\\/pl\\\/provitalan-opinia-o-preparacie-na-przemeczenie\\\/#article\",\"isPartOf\":{\"@id\":\"https:\\\/\\\/www.uia.archi\\\/pl\\\/provitalan-opinia-o-preparacie-na-przemeczenie\\\/\"},\"author\":{\"name\":\"Writer\",\"@id\":\"https:\\\/\\\/www.uia.archi\\\/pl\\\/#\\\/schema\\\/person\\\/3d67c6894ced0e7a84948b704169c9c2\"},\"headline\":\"Provitalan &#8211; opinia o preparacie na przem\u0119czenie\",\"datePublished\":\"2019-07-30T22:00:00+00:00\",\"dateModified\":\"2021-07-03T16:02:04+00:00\",\"mainEntityOfPage\":{\"@id\":\"https:\\\/\\\/www.uia.archi\\\/pl\\\/provitalan-opinia-o-preparacie-na-przemeczenie\\\/\"},\"wordCount\":1511,\"commentCount\":0,\"image\":{\"@id\":\"https:\\\/\\\/www.uia.archi\\\/pl\\\/provitalan-opinia-o-preparacie-na-przemeczenie\\\/#primaryimage\"},\"thumbnailUrl\":\"https:\\\/\\\/www.uia.archi\\\/wp-content\\\/uploads\\\/2019\\\/07\\\/provitalan.jpg\",\"articleSection\":[\"Recenzje produkt\u00f3w\"],\"inLanguage\":\"pl-PL\",\"potentialAction\":[{\"@type\":\"CommentAction\",\"name\":\"Comment\",\"target\":[\"https:\\\/\\\/www.uia.archi\\\/pl\\\/provitalan-opinia-o-preparacie-na-przemeczenie\\\/#respond\"]}]},{\"@type\":\"WebPage\",\"@id\":\"https:\\\/\\\/www.uia.archi\\\/pl\\\/provitalan-opinia-o-preparacie-na-przemeczenie\\\/\",\"url\":\"https:\\\/\\\/www.uia.archi\\\/pl\\\/provitalan-opinia-o-preparacie-na-przemeczenie\\\/\",\"name\":\"Provitalan - opinia o preparacie na przem\u0119czenie\",\"isPartOf\":{\"@id\":\"https:\\\/\\\/www.uia.archi\\\/pl\\\/#website\"},\"primaryImageOfPage\":{\"@id\":\"https:\\\/\\\/www.uia.archi\\\/pl\\\/provitalan-opinia-o-preparacie-na-przemeczenie\\\/#primaryimage\"},\"image\":{\"@id\":\"https:\\\/\\\/www.uia.archi\\\/pl\\\/provitalan-opinia-o-preparacie-na-przemeczenie\\\/#primaryimage\"},\"thumbnailUrl\":\"https:\\\/\\\/www.uia.archi\\\/wp-content\\\/uploads\\\/2019\\\/07\\\/provitalan.jpg\",\"datePublished\":\"2019-07-30T22:00:00+00:00\",\"dateModified\":\"2021-07-03T16:02:04+00:00\",\"author\":{\"@id\":\"https:\\\/\\\/www.uia.archi\\\/pl\\\/#\\\/schema\\\/person\\\/3d67c6894ced0e7a84948b704169c9c2\"},\"breadcrumb\":{\"@id\":\"https:\\\/\\\/www.uia.archi\\\/pl\\\/provitalan-opinia-o-preparacie-na-przemeczenie\\\/#breadcrumb\"},\"inLanguage\":\"pl-PL\",\"potentialAction\":[{\"@type\":\"ReadAction\",\"target\":[\"https:\\\/\\\/www.uia.archi\\\/pl\\\/provitalan-opinia-o-preparacie-na-przemeczenie\\\/\"]}]},{\"@type\":\"ImageObject\",\"inLanguage\":\"pl-PL\",\"@id\":\"https:\\\/\\\/www.uia.archi\\\/pl\\\/provitalan-opinia-o-preparacie-na-przemeczenie\\\/#primaryimage\",\"url\":\"https:\\\/\\\/www.uia.archi\\\/wp-content\\\/uploads\\\/2019\\\/07\\\/provitalan.jpg\",\"contentUrl\":\"https:\\\/\\\/www.uia.archi\\\/wp-content\\\/uploads\\\/2019\\\/07\\\/provitalan.jpg\"},{\"@type\":\"BreadcrumbList\",\"@id\":\"https:\\\/\\\/www.uia.archi\\\/pl\\\/provitalan-opinia-o-preparacie-na-przemeczenie\\\/#breadcrumb\",\"itemListElement\":[{\"@type\":\"ListItem\",\"position\":1,\"name\":\"Strona g\u0142\u00f3wna\",\"item\":\"https:\\\/\\\/www.uia.archi\\\/pl\\\/\"},{\"@type\":\"ListItem\",\"position\":2,\"name\":\"Recenzje produkt\u00f3w\",\"item\":\"https:\\\/\\\/www.uia.archi\\\/pl\\\/category\\\/recenzje-produktow\\\/\"},{\"@type\":\"ListItem\",\"position\":3,\"name\":\"Provitalan &#8211; opinia o preparacie na przem\u0119czenie\"}]},{\"@type\":\"WebSite\",\"@id\":\"https:\\\/\\\/www.uia.archi\\\/pl\\\/#website\",\"url\":\"https:\\\/\\\/www.uia.archi\\\/pl\\\/\",\"name\":\"Unikalne artyku\u0142y mi\u0119dzynarodowe\",\"description\":\"Artyku\u0142y na r\u00f3\u017cne tematy, cenne \u017ar\u00f3d\u0142o wiedzy dla Ciebie i Twojej rodziny\",\"potentialAction\":[{\"@type\":\"SearchAction\",\"target\":{\"@type\":\"EntryPoint\",\"urlTemplate\":\"https:\\\/\\\/www.uia.archi\\\/pl\\\/?s={search_term_string}\"},\"query-input\":{\"@type\":\"PropertyValueSpecification\",\"valueRequired\":true,\"valueName\":\"search_term_string\"}}],\"inLanguage\":\"pl-PL\"},{\"@type\":\"Person\",\"@id\":\"https:\\\/\\\/www.uia.archi\\\/pl\\\/#\\\/schema\\\/person\\\/3d67c6894ced0e7a84948b704169c9c2\",\"name\":\"Writer\",\"image\":{\"@type\":\"ImageObject\",\"inLanguage\":\"pl-PL\",\"@id\":\"https:\\\/\\\/www.uia.archi\\\/wp-content\\\/litespeed\\\/avatar\\\/1a002795387e512944da0898076d6c44.jpg?ver=1777482563\",\"url\":\"https:\\\/\\\/www.uia.archi\\\/wp-content\\\/litespeed\\\/avatar\\\/1a002795387e512944da0898076d6c44.jpg?ver=1777482563\",\"contentUrl\":\"https:\\\/\\\/www.uia.archi\\\/wp-content\\\/litespeed\\\/avatar\\\/1a002795387e512944da0898076d6c44.jpg?ver=1777482563\",\"caption\":\"Writer\"},\"sameAs\":[\"https:\\\/\\\/www.uia.archi\"],\"url\":\"https:\\\/\\\/www.uia.archi\\\/pl\\\/author\\\/writer\\\/\"}]}<\/script>\n<!-- \/ Yoast SEO plugin. -->","yoast_head_json":{"title":"Provitalan - opinia o preparacie na przem\u0119czenie","robots":{"index":"index","follow":"follow","max-snippet":"max-snippet:-1","max-image-preview":"max-image-preview:large","max-video-preview":"max-video-preview:-1"},"canonical":"https:\/\/www.uia.archi\/pl\/provitalan-opinia-o-preparacie-na-przemeczenie\/","og_locale":"pl_PL","og_type":"article","og_title":"Provitalan - opinia o preparacie na przem\u0119czenie","og_description":"Najlepsz\u0105 form\u0105 regeneracji dla ludzkiego cia\u0142a jest sen. W przypadku jego braku, r\u00f3wnowaga hormonalna jest najbardziej zaburzona. Provitalan to suplement diety, przeznaczony dla os\u00f3b, kt\u00f3rym dokucza ci\u0105g\u0142e zm\u0119czenie oraz dla tych, kt\u00f3rzy maj\u0105 problemy z pe\u0142n\u0105 i skuteczn\u0105 regeneracj\u0105 organizmu. W pe\u0142ni kompleksowa kuracja preparatem, opiera si\u0119 na 5 podstawowych sk\u0142adnikach aktywnych. Jednak sama kombinacja [&hellip;]","og_url":"https:\/\/www.uia.archi\/pl\/provitalan-opinia-o-preparacie-na-przemeczenie\/","og_site_name":"Unikalne artyku\u0142y mi\u0119dzynarodowe","article_published_time":"2019-07-30T22:00:00+00:00","article_modified_time":"2021-07-03T16:02:04+00:00","og_image":[{"url":"https:\/\/www.uia.archi\/wp-content\/uploads\/2019\/07\/provitalan.jpg","type":"","width":"","height":""}],"author":"Writer","twitter_card":"summary_large_image","twitter_misc":{"Napisane przez":"Writer","Szacowany czas czytania":"8 minut"},"schema":{"@context":"https:\/\/schema.org","@graph":[{"@type":"Article","@id":"https:\/\/www.uia.archi\/pl\/provitalan-opinia-o-preparacie-na-przemeczenie\/#article","isPartOf":{"@id":"https:\/\/www.uia.archi\/pl\/provitalan-opinia-o-preparacie-na-przemeczenie\/"},"author":{"name":"Writer","@id":"https:\/\/www.uia.archi\/pl\/#\/schema\/person\/3d67c6894ced0e7a84948b704169c9c2"},"headline":"Provitalan &#8211; opinia o preparacie na przem\u0119czenie","datePublished":"2019-07-30T22:00:00+00:00","dateModified":"2021-07-03T16:02:04+00:00","mainEntityOfPage":{"@id":"https:\/\/www.uia.archi\/pl\/provitalan-opinia-o-preparacie-na-przemeczenie\/"},"wordCount":1511,"commentCount":0,"image":{"@id":"https:\/\/www.uia.archi\/pl\/provitalan-opinia-o-preparacie-na-przemeczenie\/#primaryimage"},"thumbnailUrl":"https:\/\/www.uia.archi\/wp-content\/uploads\/2019\/07\/provitalan.jpg","articleSection":["Recenzje produkt\u00f3w"],"inLanguage":"pl-PL","potentialAction":[{"@type":"CommentAction","name":"Comment","target":["https:\/\/www.uia.archi\/pl\/provitalan-opinia-o-preparacie-na-przemeczenie\/#respond"]}]},{"@type":"WebPage","@id":"https:\/\/www.uia.archi\/pl\/provitalan-opinia-o-preparacie-na-przemeczenie\/","url":"https:\/\/www.uia.archi\/pl\/provitalan-opinia-o-preparacie-na-przemeczenie\/","name":"Provitalan - opinia o preparacie na przem\u0119czenie","isPartOf":{"@id":"https:\/\/www.uia.archi\/pl\/#website"},"primaryImageOfPage":{"@id":"https:\/\/www.uia.archi\/pl\/provitalan-opinia-o-preparacie-na-przemeczenie\/#primaryimage"},"image":{"@id":"https:\/\/www.uia.archi\/pl\/provitalan-opinia-o-preparacie-na-przemeczenie\/#primaryimage"},"thumbnailUrl":"https:\/\/www.uia.archi\/wp-content\/uploads\/2019\/07\/provitalan.jpg","datePublished":"2019-07-30T22:00:00+00:00","dateModified":"2021-07-03T16:02:04+00:00","author":{"@id":"https:\/\/www.uia.archi\/pl\/#\/schema\/person\/3d67c6894ced0e7a84948b704169c9c2"},"breadcrumb":{"@id":"https:\/\/www.uia.archi\/pl\/provitalan-opinia-o-preparacie-na-przemeczenie\/#breadcrumb"},"inLanguage":"pl-PL","potentialAction":[{"@type":"ReadAction","target":["https:\/\/www.uia.archi\/pl\/provitalan-opinia-o-preparacie-na-przemeczenie\/"]}]},{"@type":"ImageObject","inLanguage":"pl-PL","@id":"https:\/\/www.uia.archi\/pl\/provitalan-opinia-o-preparacie-na-przemeczenie\/#primaryimage","url":"https:\/\/www.uia.archi\/wp-content\/uploads\/2019\/07\/provitalan.jpg","contentUrl":"https:\/\/www.uia.archi\/wp-content\/uploads\/2019\/07\/provitalan.jpg"},{"@type":"BreadcrumbList","@id":"https:\/\/www.uia.archi\/pl\/provitalan-opinia-o-preparacie-na-przemeczenie\/#breadcrumb","itemListElement":[{"@type":"ListItem","position":1,"name":"Strona g\u0142\u00f3wna","item":"https:\/\/www.uia.archi\/pl\/"},{"@type":"ListItem","position":2,"name":"Recenzje produkt\u00f3w","item":"https:\/\/www.uia.archi\/pl\/category\/recenzje-produktow\/"},{"@type":"ListItem","position":3,"name":"Provitalan &#8211; opinia o preparacie na przem\u0119czenie"}]},{"@type":"WebSite","@id":"https:\/\/www.uia.archi\/pl\/#website","url":"https:\/\/www.uia.archi\/pl\/","name":"Unikalne artyku\u0142y mi\u0119dzynarodowe","description":"Artyku\u0142y na r\u00f3\u017cne tematy, cenne \u017ar\u00f3d\u0142o wiedzy dla Ciebie i Twojej rodziny","potentialAction":[{"@type":"SearchAction","target":{"@type":"EntryPoint","urlTemplate":"https:\/\/www.uia.archi\/pl\/?s={search_term_string}"},"query-input":{"@type":"PropertyValueSpecification","valueRequired":true,"valueName":"search_term_string"}}],"inLanguage":"pl-PL"},{"@type":"Person","@id":"https:\/\/www.uia.archi\/pl\/#\/schema\/person\/3d67c6894ced0e7a84948b704169c9c2","name":"Writer","image":{"@type":"ImageObject","inLanguage":"pl-PL","@id":"https:\/\/www.uia.archi\/wp-content\/litespeed\/avatar\/1a002795387e512944da0898076d6c44.jpg?ver=1777482563","url":"https:\/\/www.uia.archi\/wp-content\/litespeed\/avatar\/1a002795387e512944da0898076d6c44.jpg?ver=1777482563","contentUrl":"https:\/\/www.uia.archi\/wp-content\/litespeed\/avatar\/1a002795387e512944da0898076d6c44.jpg?ver=1777482563","caption":"Writer"},"sameAs":["https:\/\/www.uia.archi"],"url":"https:\/\/www.uia.archi\/pl\/author\/writer\/"}]}},"blog_post_layout_featured_media_urls":{"thumbnail":"","full":""},"categories_names":{"25":{"name":"Recenzje produkt\u00f3w","link":"https:\/\/www.uia.archi\/pl\/category\/recenzje-produktow\/"}},"tags_names":[],"comments_number":"0","wpmagazine_modules_lite_featured_media_urls":{"thumbnail":"","cvmm-medium":"","cvmm-medium-plus":"","cvmm-portrait":"","cvmm-medium-square":"","cvmm-large":"","cvmm-small":"","full":""},"_links":{"self":[{"href":"https:\/\/www.uia.archi\/pl\/wp-json\/wp\/v2\/posts\/1182","targetHints":{"allow":["GET"]}}],"collection":[{"href":"https:\/\/www.uia.archi\/pl\/wp-json\/wp\/v2\/posts"}],"about":[{"href":"https:\/\/www.uia.archi\/pl\/wp-json\/wp\/v2\/types\/post"}],"author":[{"embeddable":true,"href":"https:\/\/www.uia.archi\/pl\/wp-json\/wp\/v2\/users\/1"}],"replies":[{"embeddable":true,"href":"https:\/\/www.uia.archi\/pl\/wp-json\/wp\/v2\/comments?post=1182"}],"version-history":[{"count":0,"href":"https:\/\/www.uia.archi\/pl\/wp-json\/wp\/v2\/posts\/1182\/revisions"}],"wp:attachment":[{"href":"https:\/\/www.uia.archi\/pl\/wp-json\/wp\/v2\/media?parent=1182"}],"wp:term":[{"taxonomy":"category","embeddable":true,"href":"https:\/\/www.uia.archi\/pl\/wp-json\/wp\/v2\/categories?post=1182"},{"taxonomy":"post_tag","embeddable":true,"href":"https:\/\/www.uia.archi\/pl\/wp-json\/wp\/v2\/tags?post=1182"}],"curies":[{"name":"wp","href":"https:\/\/api.w.org\/{rel}","templated":true}]}}