{"id":1564,"date":"2020-10-24T00:00:00","date_gmt":"2020-10-23T22:00:00","guid":{"rendered":"https:\/\/www.uia.archi\/noviprena-opiniao-sobre-a-preparacao-para-a-melhoria-da-visao\/"},"modified":"2020-10-24T00:00:00","modified_gmt":"2020-10-23T22:00:00","slug":"noviprena-opiniao-sobre-a-preparacao-para-a-melhoria-da-visao","status":"publish","type":"post","link":"https:\/\/www.uia.archi\/pt-pt\/noviprena-opiniao-sobre-a-preparacao-para-a-melhoria-da-visao\/","title":{"rendered":"Noviprena &#8211; opini\u00e3o sobre a prepara\u00e7\u00e3o para a melhoria da vis\u00e3o"},"content":{"rendered":"<div id=\"ez-toc-container\" class=\"ez-toc-v2_0_82_2 counter-hierarchy ez-toc-counter ez-toc-grey ez-toc-container-direction\">\n<p class=\"ez-toc-title\" style=\"cursor:inherit\">\u00cdndice:<\/p>\n<label for=\"ez-toc-cssicon-toggle-item-69f5796be543f\" class=\"ez-toc-cssicon-toggle-label\"><span class=\"\"><span class=\"eztoc-hide\" style=\"display:none;\">Toggle<\/span><span class=\"ez-toc-icon-toggle-span\"><svg style=\"fill: #999;color:#999\" xmlns=\"http:\/\/www.w3.org\/2000\/svg\" class=\"list-377408\" width=\"20px\" height=\"20px\" viewBox=\"0 0 24 24\" fill=\"none\"><path d=\"M6 6H4v2h2V6zm14 0H8v2h12V6zM4 11h2v2H4v-2zm16 0H8v2h12v-2zM4 16h2v2H4v-2zm16 0H8v2h12v-2z\" fill=\"currentColor\"><\/path><\/svg><svg style=\"fill: #999;color:#999\" class=\"arrow-unsorted-368013\" xmlns=\"http:\/\/www.w3.org\/2000\/svg\" width=\"10px\" height=\"10px\" viewBox=\"0 0 24 24\" version=\"1.2\" baseProfile=\"tiny\"><path d=\"M18.2 9.3l-6.2-6.3-6.2 6.3c-.2.2-.3.4-.3.7s.1.5.3.7c.2.2.4.3.7.3h11c.3 0 .5-.1.7-.3.2-.2.3-.5.3-.7s-.1-.5-.3-.7zM5.8 14.7l6.2 6.3 6.2-6.3c.2-.2.3-.5.3-.7s-.1-.5-.3-.7c-.2-.2-.4-.3-.7-.3h-11c-.3 0-.5.1-.7.3-.2.2-.3.5-.3.7s.1.5.3.7z\"\/><\/svg><\/span><\/span><\/label><input type=\"checkbox\"  id=\"ez-toc-cssicon-toggle-item-69f5796be543f\"  aria-label=\"Toggle\" \/><nav><ul class='ez-toc-list ez-toc-list-level-1 ' ><li class='ez-toc-page-1 ez-toc-heading-level-3'><a class=\"ez-toc-link ez-toc-heading-1\" href=\"https:\/\/www.uia.archi\/pt-pt\/noviprena-opiniao-sobre-a-preparacao-para-a-melhoria-da-visao\/#Quais_sao_as_causas_mais_comuns_de_deficiencia_visual\" >Quais s\u00e3o as causas mais comuns de defici\u00eancia visual?<\/a><\/li><li class='ez-toc-page-1 ez-toc-heading-level-3'><a class=\"ez-toc-link ez-toc-heading-2\" href=\"https:\/\/www.uia.archi\/pt-pt\/noviprena-opiniao-sobre-a-preparacao-para-a-melhoria-da-visao\/#O_que_e_Noviprena\" >O que \u00e9 Noviprena?<\/a><\/li><li class='ez-toc-page-1 ez-toc-heading-level-3'><a class=\"ez-toc-link ez-toc-heading-3\" href=\"https:\/\/www.uia.archi\/pt-pt\/noviprena-opiniao-sobre-a-preparacao-para-a-melhoria-da-visao\/#Qual_composicao_da_Noviprena_e_responsavel_por_sua_alta_eficacia\" >Qual composi\u00e7\u00e3o da Noviprena \u00e9 respons\u00e1vel por sua alta efic\u00e1cia?<\/a><\/li><li class='ez-toc-page-1 ez-toc-heading-level-3'><a class=\"ez-toc-link ez-toc-heading-4\" href=\"https:\/\/www.uia.archi\/pt-pt\/noviprena-opiniao-sobre-a-preparacao-para-a-melhoria-da-visao\/#Quais_sao_as_opinioes_dos_usuarios_sobre_a_eficacia_do_Noviprena\" >Quais s\u00e3o as opini\u00f5es dos usu\u00e1rios sobre a efic\u00e1cia do Noviprena?<\/a><\/li><li class='ez-toc-page-1 ez-toc-heading-level-3'><a class=\"ez-toc-link ez-toc-heading-5\" href=\"https:\/\/www.uia.archi\/pt-pt\/noviprena-opiniao-sobre-a-preparacao-para-a-melhoria-da-visao\/#Como_devo_dosar_Noviprena\" >Como devo dosar Noviprena?<\/a><\/li><li class='ez-toc-page-1 ez-toc-heading-level-3'><a class=\"ez-toc-link ez-toc-heading-6\" href=\"https:\/\/www.uia.archi\/pt-pt\/noviprena-opiniao-sobre-a-preparacao-para-a-melhoria-da-visao\/#Onde_comprar_Noviprena_%E2%80%93_farmacia_Allegro_Internet_Nossa_opiniao\" >Onde comprar Noviprena &#8211; farm\u00e1cia, Allegro, Internet? Nossa opini\u00e3o<\/a><\/li><\/ul><\/nav><\/div>\n<p><a href=\"https:\/\/www.uia.archi\/go\/noviprena\/\" rel=\"nofollow\"><img loading=\"lazy\" decoding=\"async\" class=\"alignleft wp-image-13144 size-medium\" src=\"https:\/\/www.uia.archi\/wp-content\/uploads\/2020\/10\/noviprena-159x300.jpg\" alt=\"noviprena\" width=\"159\" height=\"300\" \/><\/a> O olho \u00e9 um \u00f3rg\u00e3o \u00fanico porque fornece mais de 80% dos dados recebidos pelo nosso c\u00e9rebro. Tamb\u00e9m se distingue pela delicadeza incomum, por isso vale a pena cuidar do seu bom estado e sa\u00fade. Os dist\u00farbios da vis\u00e3o (defeitos da vis\u00e3o) s\u00e3o classificados como doen\u00e7as da civiliza\u00e7\u00e3o &#8211; cerca de 42% das pessoas sofrem deles, das quais 29% acreditam que t\u00eam uma boa vis\u00e3o.<\/p>\n<p>A maioria dos problemas de vis\u00e3o em um est\u00e1gio inicial pode ser evitada com sucesso fornecendo aos olhos os nutrientes corretos. Noviprena \u00e9 um suplemento ocular inovador que ap\u00f3ia a qualidade da vis\u00e3o em um curto espa\u00e7o de tempo.<\/p>\n<h3><span class=\"ez-toc-section\" id=\"Quais_sao_as_causas_mais_comuns_de_deficiencia_visual\"><\/span>Quais s\u00e3o as causas mais comuns de defici\u00eancia visual?<span class=\"ez-toc-section-end\"><\/span><\/h3>\n<ul>\n<li>mais de 50% &#8211; miopia, hipermetropia, astigmatismo,<\/li>\n<li>25% &#8211; catarata (catarata &#8211; turva\u00e7\u00e3o do cristalino do olho),<\/li>\n<li>5% &#8211; degenera\u00e7\u00e3o macular,<\/li>\n<li>2% &#8211; glaucoma (neuropatia glaucomatosa &#8211; atrofia do nervo \u00f3ptico),<\/li>\n<li>de outros<\/li>\n<\/ul>\n<p>Noviprena \u00e9 um preparado com uma composi\u00e7\u00e3o rica, pensado para pessoas que querem cuidar da sa\u00fade dos olhos. O suplemento permite manter os olhos em bom estado, pode ser usado preventivamente, mas tamb\u00e9m ajuda a estancar a deteriora\u00e7\u00e3o da vis\u00e3o, a reverter perturba\u00e7\u00f5es visuais j\u00e1 percept\u00edveis.<\/p>\n<h3><span class=\"ez-toc-section\" id=\"O_que_e_Noviprena\"><\/span>O que \u00e9 Noviprena?<span class=\"ez-toc-section-end\"><\/span><\/h3>\n<p>Estas s\u00e3o vitaminas naturais para os olhos na forma de c\u00e1psulas f\u00e1ceis de engolir. O uso regular da prepara\u00e7\u00e3o por um m\u00ednimo de 30 dias permite que voc\u00ea elimine ou reduza as seguintes doen\u00e7as:<\/p>\n<ul>\n<li>qualidade de vis\u00e3o reduzida;<\/li>\n<li>vis\u00e3o turva e turva,<\/li>\n<li>fotofobia,<\/li>\n<li>vis\u00e3o dupla, vis\u00e3o distorcida<\/li>\n<li>vis\u00e3o turva, menos intensa de cores,<\/li>\n<li>sensa\u00e7\u00e3o de &#8220;olho seco&#8221;,<\/li>\n<li>olhos vermelhos e cansados.<\/li>\n<\/ul>\n<p>Noviprena, gra\u00e7as a ingredientes cuidadosamente selecionados, reduz o risco de catarata e glaucoma<\/p>\n<h3><span class=\"ez-toc-section\" id=\"Qual_composicao_da_Noviprena_e_responsavel_por_sua_alta_eficacia\"><\/span>Qual composi\u00e7\u00e3o da Noviprena \u00e9 respons\u00e1vel por sua alta efic\u00e1cia?<span class=\"ez-toc-section-end\"><\/span><\/h3>\n<ul>\n<li><strong>Taurina<\/strong> &#8211; tamb\u00e9m conhecida como: <a href=\"https:\/\/www.ncbi.nlm.nih.gov\/pmc\/articles\/PMC3501277\/\" rel=\"nofollow\">L-taurina<\/a> , \u00e1cido 2-aminoetanossulf\u00f4nico, \u00e9 um amino\u00e1cido encontrado em quase todos os tecidos do corpo. Podemos encontrar a maior quantidade dele no cora\u00e7\u00e3o, c\u00e9rebro e retina do olho. De acordo com a pesquisa conduzida por <a href=\"https:\/\/pubmed.ncbi.nlm.nih.gov\/24721186\/\" rel=\"nofollow\">Nicolas Froger<\/a> , n\u00edveis muito baixos de taurina s\u00e3o uma das principais causas de catarata em humanos. A combina\u00e7\u00e3o de taurina com vitamina E previne efetivamente a perda de vis\u00e3o e protege o olho contra danos oxidativos &#8211; a tese foi confirmada por um ensaio cl\u00ednico conduzido por <a href=\"https:\/\/pubmed.ncbi.nlm.nih.gov\/12322788\/\" rel=\"nofollow\">Herminia Pasantes-<\/a> Morales em um grupo de 62 pacientes.<\/li>\n<li><strong>Vitaminas B &#8211; Vitamina B12 e \u00e1cido f\u00f3lico<\/strong> &#8211; A import\u00e2ncia das vitaminas B para o bom estado dos olhos foi confirmada em muitos estudos cient\u00edficos independentes. A defici\u00eancia de vitaminas B pode aumentar o risco de desenvolver certas doen\u00e7as oculares, incluindo catarata e degenera\u00e7\u00e3o macular. Uma dieta rica em vitamina B12 e \u00e1cido f\u00f3lico pode reduzir a fadiga ocular, fornecer maior acuidade visual e vis\u00e3o de cores mais clara. As vitaminas B podem ser encontradas, entre outras, em produtos \u00e0 base de cereais, legumes, espinafre e peixes. Pesquisadores da Harvard Medical School e do Brigham and Women&#8217;s Hospital <a href=\"https:\/\/www.ncbi.nlm.nih.gov\/pmc\/articles\/PMC2648137\/\" rel=\"nofollow\">conduziram estudos<\/a> que confirmaram que a suplementa\u00e7\u00e3o com vitaminas B reduz o risco de degenera\u00e7\u00e3o macular relacionada \u00e0 idade (DMRI) &#8211; associada \u00e0 idade.<\/li>\n<li><strong>Ginkgo Biloba<\/strong> (extrato de <strong>Ginkgo biloba<\/strong> ) &#8211; Uma \u00e1rvore que cresce no leste da China h\u00e1 mais de 2.000 anos. Apesar do nome, o ginkgo japon\u00eas n\u00e3o \u00e9 encontrado no Jap\u00e3o. Os compostos ativos encontrados no Ginkgo Biloba estimulam a circula\u00e7\u00e3o, facilitando tamb\u00e9m o alcance de vitaminas e nutrientes ao \u00f3rg\u00e3o da vis\u00e3o. Gra\u00e7as a isso, o uso de ginkgo biloba pode melhorar a acuidade visual e prevenir dist\u00farbios oculares decorrentes da idade ou defici\u00eancia de vitaminas.<\/li>\n<li><strong>Vitamina D3<\/strong> &#8211; Pode ser encontrada em produtos de origem animal, uma grande quantidade dela est\u00e1 contida nos \u00f3leos de f\u00edgado de peixe (\u00f3leo de peixe) e nos pr\u00f3prios peixes: atum, salm\u00e3o, bacalhau, arenque e cavala. \u00c9 uma vitamina muito importante para os olhos, pois sua defici\u00eancia pode causar glaucoma, conjuntivite, s\u00edndrome do olho seco, miopia e at\u00e9 degenera\u00e7\u00e3o macular. A vitamina D3 reduz os efeitos negativos do envelhecimento na acuidade visual.<\/li>\n<li><strong>\u00c1cido alfa-lip\u00f3ico<\/strong> ( <a href=\"https:\/\/en.wikipedia.org\/wiki\/Lipoic_acid\" rel=\"nofollow\">ALA<\/a> ) &#8211; \u00c9 um composto com um efeito antioxidante muito forte, freq\u00fcentemente chamado de elixir da juventude. Respons\u00e1vel pelo aumento da produ\u00e7\u00e3o de glutationa, que elimina os radicais livres. A suplementa\u00e7\u00e3o com \u00e1cido alfa-lip\u00f3ico aumenta a efic\u00e1cia de outras vitaminas, incluindo vitamina C e coenzima Q10. Estudos tamb\u00e9m demonstraram que o \u00e1cido alfalip\u00f3ico melhora visivelmente a qualidade da vis\u00e3o em pessoas com diagn\u00f3stico de glaucoma.<\/li>\n<li><strong>Vitamina E<\/strong> ( <a href=\"https:\/\/en.wikipedia.org\/wiki\/Coenzyme_Q10\" rel=\"nofollow\">coenzima Q10<\/a> ) &#8211; Tem um forte efeito antioxidante e neutraliza os radicais livres respons\u00e1veis pela degenera\u00e7\u00e3o macular. O n\u00edvel correto de vitamina E previne naturalmente o aparecimento de cataratas. Ele tamb\u00e9m desempenha um papel importante na preven\u00e7\u00e3o da catarata. A coenzima Q10 pode ser encontrada em nozes ou damascos secos, mas as c\u00e1psulas de Noviprena cont\u00eam uma dose concentrada.<\/li>\n<li><strong>Magn\u00e9sio<\/strong> &#8211; <span style=\"font-size: 1.125rem;\">uma das causas de turva\u00e7\u00e3o do cristalino ou dist\u00farbios visuais pode ser a defici\u00eancia de magn\u00e9sio. Outro sintoma de uma defici\u00eancia s\u00fabita de Mg pode ser contra\u00e7\u00e3o das p\u00e1lpebras e espasmos musculares. Embora esse elemento seja comumente encontrado na dieta, incluindo sementes de ab\u00f3bora, espinafre, farelo de trigo e banana, \u00e9 frequentemente um sintoma de defici\u00eancia de magn\u00e9sio.<\/span><\/li>\n<\/ul>\n<h3><span class=\"ez-toc-section\" id=\"Quais_sao_as_opinioes_dos_usuarios_sobre_a_eficacia_do_Noviprena\"><\/span>Quais s\u00e3o as opini\u00f5es dos usu\u00e1rios sobre a efic\u00e1cia do Noviprena?<span class=\"ez-toc-section-end\"><\/span><\/h3>\n<ul>\n<li>&#8220;Eu posso ver bem de novo!&#8221; &#8211; \u201cH\u00e1 dois meses comecei a ter problemas de vis\u00e3o. O pior era \u00e0 noite, quando estava a conduzir o carro, o meu mundo ficava turvo, tinha problemas para ler a sinaliza\u00e7\u00e3o rodovi\u00e1ria. Sentia que aos poucos ia perdendo a acuidade visual. longo trabalho no computador. Infelizmente, s\u00f3 piorou da noite para o dia. Li na Internet sobre o suplemento Novipren, que parece ser a solu\u00e7\u00e3o para meus problemas. Ap\u00f3s um m\u00eas de uso, notei um claro aumento da vis\u00e3o, minha ambliopia desapareceu ap\u00f3s escurecer. Recomendo! &#8221; &#8211; <strong>Damian, 54 anos<\/strong><\/li>\n<li>&#8220;Foi uma boa escolha!&#8221; &#8211; <em>&#8220;Trabalho no computador h\u00e1 mais de 8 horas, dia ap\u00f3s dia. Infelizmente, depois de algum tempo, meus olhos come\u00e7aram a turvar. A imagem ficou emba\u00e7ada e as cores desbotadas e menos n\u00edtidas. Fiquei arrasado porque nunca quis usar \u00f3culos. O especialista me disse para fazer fazer uma pausa de &#8220;olhar para a tela&#8221; e tomar um suplemento de Novipren. Admito que n\u00e3o esperava esses efeitos. Minha vis\u00e3o n\u00e3o me decepciona mais.<\/em> &#8211; <strong>Anna, 38 anos<\/strong><\/li>\n<li>&#8220;Ele me salvou da cirurgia!&#8221; &#8220;Fui <em>diagnosticado com o aparecimento de catarata e minha vis\u00e3o come\u00e7ou a se deteriorar muito rapidamente. Os m\u00e9dicos disseram que uma opera\u00e7\u00e3o seria necess\u00e1ria e seria em breve. Fiquei arrasado. Meu filho comprou vitaminas para os olhos de Novipren. Depois de algumas semanas de uso, percebi que podia ver melhor. Eu sim. testes e descobriu-se que a doen\u00e7a ainda n\u00e3o est\u00e1 progredindo! &#8220;<\/em> &#8211; <strong>Zofia, 57 anos<\/strong><\/li>\n<\/ul>\n<h3><span class=\"ez-toc-section\" id=\"Como_devo_dosar_Noviprena\"><\/span>Como devo dosar Noviprena?<span class=\"ez-toc-section-end\"><\/span><\/h3>\n<p>No caso desta prepara\u00e7\u00e3o, regularidade e regularidade s\u00e3o importantes. O regime de dosagem recomendado \u00e9 de 2 c\u00e1psulas por dia, tomadas aproximadamente 30 minutos antes da refei\u00e7\u00e3o &#8211; caf\u00e9 da manh\u00e3 e depois almo\u00e7o ou jantar.<\/p>\n<p>Suplemento destinado a maiores de 18 anos. N\u00e3o use em crian\u00e7as, mulheres gr\u00e1vidas ou amamentando. N\u00e3o tome as c\u00e1psulas se for al\u00e9rgico a algum dos ingredientes.<\/p>\n<h3><span class=\"ez-toc-section\" id=\"Onde_comprar_Noviprena_%E2%80%93_farmacia_Allegro_Internet_Nossa_opiniao\"><\/span>Onde comprar Noviprena &#8211; farm\u00e1cia, Allegro, Internet? Nossa opini\u00e3o<span class=\"ez-toc-section-end\"><\/span><\/h3>\n<p>Se voc\u00ea tem dist\u00farbios visuais, n\u00e3o deve se perguntar se vale a pena comprar um suplemento de Noviprena. Todas as pessoas que usaram as c\u00e1psulas em um tempo muito curto notaram uma melhora significativa na vis\u00e3o. Infelizmente, a prepara\u00e7\u00e3o n\u00e3o est\u00e1 dispon\u00edvel na farm\u00e1cia, no Allegro ou em lojas online.<\/p>\n<p>Se voc\u00ea encontrar lances de compra em sites de leil\u00e3o, provavelmente eles podem ser falsificados, portanto, evite esses lances. A prepara\u00e7\u00e3o original da Noviprena s\u00f3 pode ser solicitada no <a href=\"https:\/\/www.uia.archi\/go\/noviprena\/\" rel=\"nofollow\">site oficial do distribuidor<\/a> . Abaixo est\u00e1 um link confi\u00e1vel junto com uma oferta especial para nossos leitores.<\/p>\n<div class=\"belcherwt aligncenter\" style=\"border: #000 dashed 3px; padding: 10px 20px; margin: 10px 0; font-size: 14px;\">\n<p style=\"text-align: left;\"><strong><a href=\"https:\/\/www.uia.archi\/go\/noviprena\/\" rel=\"nofollow\"><img loading=\"lazy\" decoding=\"async\" class=\"alignleft wp-image-13144\" src=\"https:\/\/www.uia.archi\/wp-content\/uploads\/2020\/10\/noviprena-159x300.jpg\" alt=\"noviprena\" width=\"135\" height=\"255\" \/><\/a>NOTA:<\/strong> Por um per\u00edodo limitado de tempo, o distribuidor oficial da <a href=\"https:\/\/www.uia.archi\/go\/noviprena\/\" rel=\"nofollow\"><strong>NOVIPRENA<\/strong><\/a> tem uma oferta especial para nossos leitores. Est\u00e1 associado a 100% de garantia de satisfa\u00e7\u00e3o tripla para o tratamento adquirido, caso n\u00e3o traga os resultados esperados.<\/p>\n<p style=\"text-align: left;\"><a style=\"text-decoration: underline; color: #0046af;\" href=\"https:\/\/www.uia.archi\/go\/noviprena\/\" rel=\"nofollow\"><strong>Clique aqui para pedir NOVIPRENA<\/strong><\/a><\/p>\n<p style=\"text-align: left;\"><span style=\"color: #000000;\"><span style=\"background-color: #ffff00;\"><a href=\"https:\/\/www.uia.archi\/go\/noviprena\/\" rel=\"nofollow\"><span style=\"color: #000000;\"><strong style=\"color: #000000;\">use ESTE link para obter FRETE GR\u00c1TIS<\/strong><\/span><\/a><\/span><\/span><\/p>\n<p style=\"text-align: left;\"><span style=\"color: #ff0000;\"><strong><span style=\"font-family: 'Arial Black';\">A promo\u00e7\u00e3o termina hoje!<\/span><\/strong><\/span><\/p>\n<p style=\"text-align: left;\">Devido ao esgotamento do estoque, a promo\u00e7\u00e3o \u00e9 limitada no tempo<\/p>\n<\/div>\n","protected":false},"excerpt":{"rendered":"<p>O olho \u00e9 um \u00f3rg\u00e3o \u00fanico porque fornece mais de 80% dos dados recebidos pelo nosso c\u00e9rebro. Tamb\u00e9m se distingue pela delicadeza incomum, por isso vale a pena cuidar do seu bom estado e sa\u00fade. Os dist\u00farbios da vis\u00e3o (defeitos da vis\u00e3o) s\u00e3o classificados como doen\u00e7as da civiliza\u00e7\u00e3o &#8211; cerca de 42% das pessoas sofrem [&hellip;]<\/p>\n","protected":false},"author":1,"featured_media":0,"comment_status":"open","ping_status":"open","sticky":false,"template":"","format":"standard","meta":{"cybocfi_hide_featured_image":"","footnotes":""},"categories":[1,26],"tags":[],"class_list":["post-1564","post","type-post","status-publish","format-standard","hentry","category-avis-sur-les-produits","category-revisao-de-produtos"],"yoast_head":"<!-- This site is optimized with the Yoast SEO plugin v27.5 - https:\/\/yoast.com\/product\/yoast-seo-wordpress\/ -->\n<title>Noviprena - opini\u00e3o sobre a prepara\u00e7\u00e3o para a melhoria da vis\u00e3o<\/title>\n<meta name=\"robots\" content=\"index, follow, max-snippet:-1, max-image-preview:large, max-video-preview:-1\" \/>\n<link rel=\"canonical\" href=\"https:\/\/www.uia.archi\/pt-pt\/noviprena-opiniao-sobre-a-preparacao-para-a-melhoria-da-visao\/\" \/>\n<meta property=\"og:locale\" content=\"pt_PT\" \/>\n<meta property=\"og:type\" content=\"article\" \/>\n<meta property=\"og:title\" content=\"Noviprena - opini\u00e3o sobre a prepara\u00e7\u00e3o para a melhoria da vis\u00e3o\" \/>\n<meta property=\"og:description\" content=\"O olho \u00e9 um \u00f3rg\u00e3o \u00fanico porque fornece mais de 80% dos dados recebidos pelo nosso c\u00e9rebro. Tamb\u00e9m se distingue pela delicadeza incomum, por isso vale a pena cuidar do seu bom estado e sa\u00fade. Os dist\u00farbios da vis\u00e3o (defeitos da vis\u00e3o) s\u00e3o classificados como doen\u00e7as da civiliza\u00e7\u00e3o &#8211; cerca de 42% das pessoas sofrem [&hellip;]\" \/>\n<meta property=\"og:url\" content=\"https:\/\/www.uia.archi\/pt-pt\/noviprena-opiniao-sobre-a-preparacao-para-a-melhoria-da-visao\/\" \/>\n<meta property=\"og:site_name\" content=\"Artigos Internacionais \u00danicos\" \/>\n<meta property=\"article:published_time\" content=\"2020-10-23T22:00:00+00:00\" \/>\n<meta property=\"og:image\" content=\"https:\/\/www.uia.archi\/wp-content\/uploads\/2020\/10\/noviprena-159x300.jpg\" \/>\n<meta name=\"author\" content=\"Writer\" \/>\n<meta name=\"twitter:card\" content=\"summary_large_image\" \/>\n<meta name=\"twitter:label1\" content=\"Escrito por\" \/>\n\t<meta name=\"twitter:data1\" content=\"Writer\" \/>\n\t<meta name=\"twitter:label2\" content=\"Tempo estimado de leitura\" \/>\n\t<meta name=\"twitter:data2\" content=\"7 minutos\" \/>\n<script type=\"application\/ld+json\" class=\"yoast-schema-graph\">{\"@context\":\"https:\\\/\\\/schema.org\",\"@graph\":[{\"@type\":\"Article\",\"@id\":\"https:\\\/\\\/www.uia.archi\\\/pt-pt\\\/noviprena-opiniao-sobre-a-preparacao-para-a-melhoria-da-visao\\\/#article\",\"isPartOf\":{\"@id\":\"https:\\\/\\\/www.uia.archi\\\/pt-pt\\\/noviprena-opiniao-sobre-a-preparacao-para-a-melhoria-da-visao\\\/\"},\"author\":{\"name\":\"Writer\",\"@id\":\"https:\\\/\\\/www.uia.archi\\\/pt-pt\\\/#\\\/schema\\\/person\\\/3d67c6894ced0e7a84948b704169c9c2\"},\"headline\":\"Noviprena &#8211; opini\u00e3o sobre a prepara\u00e7\u00e3o para a melhoria da vis\u00e3o\",\"datePublished\":\"2020-10-23T22:00:00+00:00\",\"mainEntityOfPage\":{\"@id\":\"https:\\\/\\\/www.uia.archi\\\/pt-pt\\\/noviprena-opiniao-sobre-a-preparacao-para-a-melhoria-da-visao\\\/\"},\"wordCount\":1476,\"commentCount\":0,\"image\":{\"@id\":\"https:\\\/\\\/www.uia.archi\\\/pt-pt\\\/noviprena-opiniao-sobre-a-preparacao-para-a-melhoria-da-visao\\\/#primaryimage\"},\"thumbnailUrl\":\"https:\\\/\\\/www.uia.archi\\\/wp-content\\\/uploads\\\/2020\\\/10\\\/noviprena-159x300.jpg\",\"articleSection\":[\"Avis sur les produits\",\"Revis\u00e3o de produtos\"],\"inLanguage\":\"pt-PT\",\"potentialAction\":[{\"@type\":\"CommentAction\",\"name\":\"Comment\",\"target\":[\"https:\\\/\\\/www.uia.archi\\\/pt-pt\\\/noviprena-opiniao-sobre-a-preparacao-para-a-melhoria-da-visao\\\/#respond\"]}]},{\"@type\":\"WebPage\",\"@id\":\"https:\\\/\\\/www.uia.archi\\\/pt-pt\\\/noviprena-opiniao-sobre-a-preparacao-para-a-melhoria-da-visao\\\/\",\"url\":\"https:\\\/\\\/www.uia.archi\\\/pt-pt\\\/noviprena-opiniao-sobre-a-preparacao-para-a-melhoria-da-visao\\\/\",\"name\":\"Noviprena - opini\u00e3o sobre a prepara\u00e7\u00e3o para a melhoria da vis\u00e3o\",\"isPartOf\":{\"@id\":\"https:\\\/\\\/www.uia.archi\\\/pt-pt\\\/#website\"},\"primaryImageOfPage\":{\"@id\":\"https:\\\/\\\/www.uia.archi\\\/pt-pt\\\/noviprena-opiniao-sobre-a-preparacao-para-a-melhoria-da-visao\\\/#primaryimage\"},\"image\":{\"@id\":\"https:\\\/\\\/www.uia.archi\\\/pt-pt\\\/noviprena-opiniao-sobre-a-preparacao-para-a-melhoria-da-visao\\\/#primaryimage\"},\"thumbnailUrl\":\"https:\\\/\\\/www.uia.archi\\\/wp-content\\\/uploads\\\/2020\\\/10\\\/noviprena-159x300.jpg\",\"datePublished\":\"2020-10-23T22:00:00+00:00\",\"author\":{\"@id\":\"https:\\\/\\\/www.uia.archi\\\/pt-pt\\\/#\\\/schema\\\/person\\\/3d67c6894ced0e7a84948b704169c9c2\"},\"breadcrumb\":{\"@id\":\"https:\\\/\\\/www.uia.archi\\\/pt-pt\\\/noviprena-opiniao-sobre-a-preparacao-para-a-melhoria-da-visao\\\/#breadcrumb\"},\"inLanguage\":\"pt-PT\",\"potentialAction\":[{\"@type\":\"ReadAction\",\"target\":[\"https:\\\/\\\/www.uia.archi\\\/pt-pt\\\/noviprena-opiniao-sobre-a-preparacao-para-a-melhoria-da-visao\\\/\"]}]},{\"@type\":\"ImageObject\",\"inLanguage\":\"pt-PT\",\"@id\":\"https:\\\/\\\/www.uia.archi\\\/pt-pt\\\/noviprena-opiniao-sobre-a-preparacao-para-a-melhoria-da-visao\\\/#primaryimage\",\"url\":\"https:\\\/\\\/www.uia.archi\\\/wp-content\\\/uploads\\\/2020\\\/10\\\/noviprena-159x300.jpg\",\"contentUrl\":\"https:\\\/\\\/www.uia.archi\\\/wp-content\\\/uploads\\\/2020\\\/10\\\/noviprena-159x300.jpg\"},{\"@type\":\"BreadcrumbList\",\"@id\":\"https:\\\/\\\/www.uia.archi\\\/pt-pt\\\/noviprena-opiniao-sobre-a-preparacao-para-a-melhoria-da-visao\\\/#breadcrumb\",\"itemListElement\":[{\"@type\":\"ListItem\",\"position\":1,\"name\":\"Casa\",\"item\":\"https:\\\/\\\/www.uia.archi\\\/pt-pt\\\/\"},{\"@type\":\"ListItem\",\"position\":2,\"name\":\"Revis\u00e3o de produtos\",\"item\":\"https:\\\/\\\/www.uia.archi\\\/pt-pt\\\/category\\\/revisao-de-produtos\\\/\"},{\"@type\":\"ListItem\",\"position\":3,\"name\":\"Noviprena &#8211; opini\u00e3o sobre a prepara\u00e7\u00e3o para a melhoria da vis\u00e3o\"}]},{\"@type\":\"WebSite\",\"@id\":\"https:\\\/\\\/www.uia.archi\\\/pt-pt\\\/#website\",\"url\":\"https:\\\/\\\/www.uia.archi\\\/pt-pt\\\/\",\"name\":\"Artigos Internacionais \u00danicos\",\"description\":\"Artigos sobre v\u00e1rios t\u00f3picos, um valioso recurso de conhecimento para voc\u00ea e sua fam\u00edlia\",\"potentialAction\":[{\"@type\":\"SearchAction\",\"target\":{\"@type\":\"EntryPoint\",\"urlTemplate\":\"https:\\\/\\\/www.uia.archi\\\/pt-pt\\\/?s={search_term_string}\"},\"query-input\":{\"@type\":\"PropertyValueSpecification\",\"valueRequired\":true,\"valueName\":\"search_term_string\"}}],\"inLanguage\":\"pt-PT\"},{\"@type\":\"Person\",\"@id\":\"https:\\\/\\\/www.uia.archi\\\/pt-pt\\\/#\\\/schema\\\/person\\\/3d67c6894ced0e7a84948b704169c9c2\",\"name\":\"Writer\",\"image\":{\"@type\":\"ImageObject\",\"inLanguage\":\"pt-PT\",\"@id\":\"https:\\\/\\\/www.uia.archi\\\/wp-content\\\/litespeed\\\/avatar\\\/1a002795387e512944da0898076d6c44.jpg?ver=1777482563\",\"url\":\"https:\\\/\\\/www.uia.archi\\\/wp-content\\\/litespeed\\\/avatar\\\/1a002795387e512944da0898076d6c44.jpg?ver=1777482563\",\"contentUrl\":\"https:\\\/\\\/www.uia.archi\\\/wp-content\\\/litespeed\\\/avatar\\\/1a002795387e512944da0898076d6c44.jpg?ver=1777482563\",\"caption\":\"Writer\"},\"sameAs\":[\"https:\\\/\\\/www.uia.archi\"],\"url\":\"https:\\\/\\\/www.uia.archi\\\/pt-pt\\\/author\\\/writer\\\/\"}]}<\/script>\n<!-- \/ Yoast SEO plugin. -->","yoast_head_json":{"title":"Noviprena - opini\u00e3o sobre a prepara\u00e7\u00e3o para a melhoria da vis\u00e3o","robots":{"index":"index","follow":"follow","max-snippet":"max-snippet:-1","max-image-preview":"max-image-preview:large","max-video-preview":"max-video-preview:-1"},"canonical":"https:\/\/www.uia.archi\/pt-pt\/noviprena-opiniao-sobre-a-preparacao-para-a-melhoria-da-visao\/","og_locale":"pt_PT","og_type":"article","og_title":"Noviprena - opini\u00e3o sobre a prepara\u00e7\u00e3o para a melhoria da vis\u00e3o","og_description":"O olho \u00e9 um \u00f3rg\u00e3o \u00fanico porque fornece mais de 80% dos dados recebidos pelo nosso c\u00e9rebro. Tamb\u00e9m se distingue pela delicadeza incomum, por isso vale a pena cuidar do seu bom estado e sa\u00fade. Os dist\u00farbios da vis\u00e3o (defeitos da vis\u00e3o) s\u00e3o classificados como doen\u00e7as da civiliza\u00e7\u00e3o &#8211; cerca de 42% das pessoas sofrem [&hellip;]","og_url":"https:\/\/www.uia.archi\/pt-pt\/noviprena-opiniao-sobre-a-preparacao-para-a-melhoria-da-visao\/","og_site_name":"Artigos Internacionais \u00danicos","article_published_time":"2020-10-23T22:00:00+00:00","og_image":[{"url":"https:\/\/www.uia.archi\/wp-content\/uploads\/2020\/10\/noviprena-159x300.jpg","type":"","width":"","height":""}],"author":"Writer","twitter_card":"summary_large_image","twitter_misc":{"Escrito por":"Writer","Tempo estimado de leitura":"7 minutos"},"schema":{"@context":"https:\/\/schema.org","@graph":[{"@type":"Article","@id":"https:\/\/www.uia.archi\/pt-pt\/noviprena-opiniao-sobre-a-preparacao-para-a-melhoria-da-visao\/#article","isPartOf":{"@id":"https:\/\/www.uia.archi\/pt-pt\/noviprena-opiniao-sobre-a-preparacao-para-a-melhoria-da-visao\/"},"author":{"name":"Writer","@id":"https:\/\/www.uia.archi\/pt-pt\/#\/schema\/person\/3d67c6894ced0e7a84948b704169c9c2"},"headline":"Noviprena &#8211; opini\u00e3o sobre a prepara\u00e7\u00e3o para a melhoria da vis\u00e3o","datePublished":"2020-10-23T22:00:00+00:00","mainEntityOfPage":{"@id":"https:\/\/www.uia.archi\/pt-pt\/noviprena-opiniao-sobre-a-preparacao-para-a-melhoria-da-visao\/"},"wordCount":1476,"commentCount":0,"image":{"@id":"https:\/\/www.uia.archi\/pt-pt\/noviprena-opiniao-sobre-a-preparacao-para-a-melhoria-da-visao\/#primaryimage"},"thumbnailUrl":"https:\/\/www.uia.archi\/wp-content\/uploads\/2020\/10\/noviprena-159x300.jpg","articleSection":["Avis sur les produits","Revis\u00e3o de produtos"],"inLanguage":"pt-PT","potentialAction":[{"@type":"CommentAction","name":"Comment","target":["https:\/\/www.uia.archi\/pt-pt\/noviprena-opiniao-sobre-a-preparacao-para-a-melhoria-da-visao\/#respond"]}]},{"@type":"WebPage","@id":"https:\/\/www.uia.archi\/pt-pt\/noviprena-opiniao-sobre-a-preparacao-para-a-melhoria-da-visao\/","url":"https:\/\/www.uia.archi\/pt-pt\/noviprena-opiniao-sobre-a-preparacao-para-a-melhoria-da-visao\/","name":"Noviprena - opini\u00e3o sobre a prepara\u00e7\u00e3o para a melhoria da vis\u00e3o","isPartOf":{"@id":"https:\/\/www.uia.archi\/pt-pt\/#website"},"primaryImageOfPage":{"@id":"https:\/\/www.uia.archi\/pt-pt\/noviprena-opiniao-sobre-a-preparacao-para-a-melhoria-da-visao\/#primaryimage"},"image":{"@id":"https:\/\/www.uia.archi\/pt-pt\/noviprena-opiniao-sobre-a-preparacao-para-a-melhoria-da-visao\/#primaryimage"},"thumbnailUrl":"https:\/\/www.uia.archi\/wp-content\/uploads\/2020\/10\/noviprena-159x300.jpg","datePublished":"2020-10-23T22:00:00+00:00","author":{"@id":"https:\/\/www.uia.archi\/pt-pt\/#\/schema\/person\/3d67c6894ced0e7a84948b704169c9c2"},"breadcrumb":{"@id":"https:\/\/www.uia.archi\/pt-pt\/noviprena-opiniao-sobre-a-preparacao-para-a-melhoria-da-visao\/#breadcrumb"},"inLanguage":"pt-PT","potentialAction":[{"@type":"ReadAction","target":["https:\/\/www.uia.archi\/pt-pt\/noviprena-opiniao-sobre-a-preparacao-para-a-melhoria-da-visao\/"]}]},{"@type":"ImageObject","inLanguage":"pt-PT","@id":"https:\/\/www.uia.archi\/pt-pt\/noviprena-opiniao-sobre-a-preparacao-para-a-melhoria-da-visao\/#primaryimage","url":"https:\/\/www.uia.archi\/wp-content\/uploads\/2020\/10\/noviprena-159x300.jpg","contentUrl":"https:\/\/www.uia.archi\/wp-content\/uploads\/2020\/10\/noviprena-159x300.jpg"},{"@type":"BreadcrumbList","@id":"https:\/\/www.uia.archi\/pt-pt\/noviprena-opiniao-sobre-a-preparacao-para-a-melhoria-da-visao\/#breadcrumb","itemListElement":[{"@type":"ListItem","position":1,"name":"Casa","item":"https:\/\/www.uia.archi\/pt-pt\/"},{"@type":"ListItem","position":2,"name":"Revis\u00e3o de produtos","item":"https:\/\/www.uia.archi\/pt-pt\/category\/revisao-de-produtos\/"},{"@type":"ListItem","position":3,"name":"Noviprena &#8211; opini\u00e3o sobre a prepara\u00e7\u00e3o para a melhoria da vis\u00e3o"}]},{"@type":"WebSite","@id":"https:\/\/www.uia.archi\/pt-pt\/#website","url":"https:\/\/www.uia.archi\/pt-pt\/","name":"Artigos Internacionais \u00danicos","description":"Artigos sobre v\u00e1rios t\u00f3picos, um valioso recurso de conhecimento para voc\u00ea e sua fam\u00edlia","potentialAction":[{"@type":"SearchAction","target":{"@type":"EntryPoint","urlTemplate":"https:\/\/www.uia.archi\/pt-pt\/?s={search_term_string}"},"query-input":{"@type":"PropertyValueSpecification","valueRequired":true,"valueName":"search_term_string"}}],"inLanguage":"pt-PT"},{"@type":"Person","@id":"https:\/\/www.uia.archi\/pt-pt\/#\/schema\/person\/3d67c6894ced0e7a84948b704169c9c2","name":"Writer","image":{"@type":"ImageObject","inLanguage":"pt-PT","@id":"https:\/\/www.uia.archi\/wp-content\/litespeed\/avatar\/1a002795387e512944da0898076d6c44.jpg?ver=1777482563","url":"https:\/\/www.uia.archi\/wp-content\/litespeed\/avatar\/1a002795387e512944da0898076d6c44.jpg?ver=1777482563","contentUrl":"https:\/\/www.uia.archi\/wp-content\/litespeed\/avatar\/1a002795387e512944da0898076d6c44.jpg?ver=1777482563","caption":"Writer"},"sameAs":["https:\/\/www.uia.archi"],"url":"https:\/\/www.uia.archi\/pt-pt\/author\/writer\/"}]}},"blog_post_layout_featured_media_urls":{"thumbnail":"","full":""},"categories_names":{"1":{"name":"Avis sur les produits","link":"https:\/\/www.uia.archi\/category\/avis-sur-les-produits\/"},"26":{"name":"Revis\u00e3o de produtos","link":"https:\/\/www.uia.archi\/pt-pt\/category\/revisao-de-produtos\/"}},"tags_names":[],"comments_number":"0","wpmagazine_modules_lite_featured_media_urls":{"thumbnail":"","cvmm-medium":"","cvmm-medium-plus":"","cvmm-portrait":"","cvmm-medium-square":"","cvmm-large":"","cvmm-small":"","full":""},"_links":{"self":[{"href":"https:\/\/www.uia.archi\/pt-pt\/wp-json\/wp\/v2\/posts\/1564","targetHints":{"allow":["GET"]}}],"collection":[{"href":"https:\/\/www.uia.archi\/pt-pt\/wp-json\/wp\/v2\/posts"}],"about":[{"href":"https:\/\/www.uia.archi\/pt-pt\/wp-json\/wp\/v2\/types\/post"}],"author":[{"embeddable":true,"href":"https:\/\/www.uia.archi\/pt-pt\/wp-json\/wp\/v2\/users\/1"}],"replies":[{"embeddable":true,"href":"https:\/\/www.uia.archi\/pt-pt\/wp-json\/wp\/v2\/comments?post=1564"}],"version-history":[{"count":0,"href":"https:\/\/www.uia.archi\/pt-pt\/wp-json\/wp\/v2\/posts\/1564\/revisions"}],"wp:attachment":[{"href":"https:\/\/www.uia.archi\/pt-pt\/wp-json\/wp\/v2\/media?parent=1564"}],"wp:term":[{"taxonomy":"category","embeddable":true,"href":"https:\/\/www.uia.archi\/pt-pt\/wp-json\/wp\/v2\/categories?post=1564"},{"taxonomy":"post_tag","embeddable":true,"href":"https:\/\/www.uia.archi\/pt-pt\/wp-json\/wp\/v2\/tags?post=1564"}],"curies":[{"name":"wp","href":"https:\/\/api.w.org\/{rel}","templated":true}]}}