{"id":540,"date":"2019-05-29T00:00:00","date_gmt":"2019-05-28T22:00:00","guid":{"rendered":"https:\/\/www.uia.archi\/taneral-pro-opiniao-sobre-o-cinto-magnetico-na-coluna\/"},"modified":"2019-05-29T00:00:00","modified_gmt":"2019-05-28T22:00:00","slug":"taneral-pro-opiniao-sobre-o-cinto-magnetico-na-coluna","status":"publish","type":"post","link":"https:\/\/www.uia.archi\/pt-pt\/taneral-pro-opiniao-sobre-o-cinto-magnetico-na-coluna\/","title":{"rendered":"Taneral Pro &#8211; opini\u00e3o sobre o cinto magn\u00e9tico na coluna"},"content":{"rendered":"<div id=\"ez-toc-container\" class=\"ez-toc-v2_0_82_2 counter-hierarchy ez-toc-counter ez-toc-grey ez-toc-container-direction\">\n<p class=\"ez-toc-title\" style=\"cursor:inherit\">\u00cdndice:<\/p>\n<label for=\"ez-toc-cssicon-toggle-item-69f569df090ea\" class=\"ez-toc-cssicon-toggle-label\"><span class=\"\"><span class=\"eztoc-hide\" style=\"display:none;\">Toggle<\/span><span class=\"ez-toc-icon-toggle-span\"><svg style=\"fill: #999;color:#999\" xmlns=\"http:\/\/www.w3.org\/2000\/svg\" class=\"list-377408\" width=\"20px\" height=\"20px\" viewBox=\"0 0 24 24\" fill=\"none\"><path d=\"M6 6H4v2h2V6zm14 0H8v2h12V6zM4 11h2v2H4v-2zm16 0H8v2h12v-2zM4 16h2v2H4v-2zm16 0H8v2h12v-2z\" fill=\"currentColor\"><\/path><\/svg><svg style=\"fill: #999;color:#999\" class=\"arrow-unsorted-368013\" xmlns=\"http:\/\/www.w3.org\/2000\/svg\" width=\"10px\" height=\"10px\" viewBox=\"0 0 24 24\" version=\"1.2\" baseProfile=\"tiny\"><path d=\"M18.2 9.3l-6.2-6.3-6.2 6.3c-.2.2-.3.4-.3.7s.1.5.3.7c.2.2.4.3.7.3h11c.3 0 .5-.1.7-.3.2-.2.3-.5.3-.7s-.1-.5-.3-.7zM5.8 14.7l6.2 6.3 6.2-6.3c.2-.2.3-.5.3-.7s-.1-.5-.3-.7c-.2-.2-.4-.3-.7-.3h-11c-.3 0-.5.1-.7.3-.2.2-.3.5-.3.7s.1.5.3.7z\"\/><\/svg><\/span><\/span><\/label><input type=\"checkbox\"  id=\"ez-toc-cssicon-toggle-item-69f569df090ea\"  aria-label=\"Toggle\" \/><nav><ul class='ez-toc-list ez-toc-list-level-1 ' ><li class='ez-toc-page-1 ez-toc-heading-level-3'><a class=\"ez-toc-link ez-toc-heading-1\" href=\"https:\/\/www.uia.archi\/pt-pt\/taneral-pro-opiniao-sobre-o-cinto-magnetico-na-coluna\/#O_que_e_o_Taneral_Pro\" >O que \u00e9 o Taneral Pro?<\/a><\/li><li class='ez-toc-page-1 ez-toc-heading-level-3'><a class=\"ez-toc-link ez-toc-heading-2\" href=\"https:\/\/www.uia.archi\/pt-pt\/taneral-pro-opiniao-sobre-o-cinto-magnetico-na-coluna\/#Como_funciona_o_cinto_magnetico_Taneral_Pro\" >Como funciona o cinto magn\u00e9tico Taneral Pro?<\/a><\/li><li class='ez-toc-page-1 ez-toc-heading-level-3'><a class=\"ez-toc-link ez-toc-heading-3\" href=\"https:\/\/www.uia.archi\/pt-pt\/taneral-pro-opiniao-sobre-o-cinto-magnetico-na-coluna\/#O_produtor_do_cinto_Taneral_Pro_distinguiu_tres_etapas_deste_produto\" >O produtor do cinto Taneral Pro distinguiu tr\u00eas etapas deste produto:<\/a><\/li><li class='ez-toc-page-1 ez-toc-heading-level-3'><a class=\"ez-toc-link ez-toc-heading-4\" href=\"https:\/\/www.uia.archi\/pt-pt\/taneral-pro-opiniao-sobre-o-cinto-magnetico-na-coluna\/#A_banda_magnetica_Taneral_Pro_oferece_varios_beneficios_Aqui_estao_os_mais_importantes_deles\" >A banda magn\u00e9tica Taneral Pro oferece v\u00e1rios benef\u00edcios. Aqui est\u00e3o os mais importantes deles!<\/a><\/li><li class='ez-toc-page-1 ez-toc-heading-level-3'><a class=\"ez-toc-link ez-toc-heading-5\" href=\"https:\/\/www.uia.archi\/pt-pt\/taneral-pro-opiniao-sobre-o-cinto-magnetico-na-coluna\/#Quem_e_o_cinto_magnetico_Taneral_Pro_dedicado_a\" >Quem \u00e9 o cinto magn\u00e9tico Taneral Pro dedicado a?<\/a><\/li><li class='ez-toc-page-1 ez-toc-heading-level-3'><a class=\"ez-toc-link ez-toc-heading-6\" href=\"https:\/\/www.uia.archi\/pt-pt\/taneral-pro-opiniao-sobre-o-cinto-magnetico-na-coluna\/#Como_voce_deve_usar_o_cinto_magnetico_Taneral_Pro\" >Como voc\u00ea deve usar o cinto magn\u00e9tico Taneral Pro?<\/a><\/li><li class='ez-toc-page-1 ez-toc-heading-level-3'><a class=\"ez-toc-link ez-toc-heading-7\" href=\"https:\/\/www.uia.archi\/pt-pt\/taneral-pro-opiniao-sobre-o-cinto-magnetico-na-coluna\/#Opinioes_dos_especialistas_sobre_a_eficacia_do_Taneral_Pro\" >Opini\u00f5es dos especialistas sobre a efic\u00e1cia do Taneral Pro<\/a><\/li><li class='ez-toc-page-1 ez-toc-heading-level-3'><a class=\"ez-toc-link ez-toc-heading-8\" href=\"https:\/\/www.uia.archi\/pt-pt\/taneral-pro-opiniao-sobre-o-cinto-magnetico-na-coluna\/#Comentarios_dos_usuarios_sobre_o_cinto_magnetico_Taneral_Pro\" >Coment\u00e1rios dos usu\u00e1rios sobre o cinto magn\u00e9tico Taneral Pro<\/a><\/li><li class='ez-toc-page-1 ez-toc-heading-level-3'><a class=\"ez-toc-link ez-toc-heading-9\" href=\"https:\/\/www.uia.archi\/pt-pt\/taneral-pro-opiniao-sobre-o-cinto-magnetico-na-coluna\/#Vale_a_pena_comprar_um_cinto_magnetico_Taneral_Pro_Nossa_opiniao\" >Vale a pena comprar um cinto magn\u00e9tico Taneral Pro? Nossa opini\u00e3o<\/a><\/li><li class='ez-toc-page-1 ez-toc-heading-level-3'><a class=\"ez-toc-link ez-toc-heading-10\" href=\"https:\/\/www.uia.archi\/pt-pt\/taneral-pro-opiniao-sobre-o-cinto-magnetico-na-coluna\/#Onde_comprar_um_cinto_Pro_Taneral_Nossa_recomendacao\" >Onde comprar um cinto Pro Taneral? Nossa recomenda\u00e7\u00e3o<\/a><\/li><\/ul><\/nav><\/div>\n<p>Degenera\u00e7\u00e3o da coluna vertebral, dor, press\u00e3o e tens\u00e3o s\u00e3o queixas cada vez mais comuns de pessoas de todas as idades. Eles resultam de condi\u00e7\u00f5es gen\u00e9ticas, postura incorreta, sobrecarga, estilo de vida ruim ou correspond\u00eancia incorreta de acess\u00f3rios (por exemplo, mochilas para um ombro ou bolsas). Eles tamb\u00e9m podem ser causados por uma les\u00e3o, les\u00e3o ou manifestar-se com a idade, como resultado de muitos anos de neglig\u00eancia. As pessoas que sofrem dessas doen\u00e7as procuram solu\u00e7\u00f5es eficazes que aliviem a dor, melhorem a postura e possibilitem o funcionamento di\u00e1rio normal.<\/p>\n<p>Decidimos verificar uma das solu\u00e7\u00f5es n\u00e3o invasivas e n\u00e3o convencionais, que \u00e9 muito popular entre os pacientes em todo o mundo &#8211; na Alemanha, nos EUA, na Austr\u00e1lia e agora tamb\u00e9m na Pol\u00f4nia!<\/p>\n<p>Vamos olhar para um produto inovador chamado Taneral Pro. \u00c9 um cinto magn\u00e9tico que suporta a estabiliza\u00e7\u00e3o e prote\u00e7\u00e3o da coluna lombar. Ele trabalha? O que especialistas e clientes dizem sobre isso? E acima de tudo, que tecnologia ele usa e que \u00e9 t\u00e3o comprado? Vamos ver!<\/p>\n<h3><span class=\"ez-toc-section\" id=\"O_que_e_o_Taneral_Pro\"><\/span>O que \u00e9 o Taneral Pro?<span class=\"ez-toc-section-end\"><\/span><\/h3>\n<p>O Taneral Pro \u00e9 um inovador cinto magn\u00e9tico, usando m\u00e9todos conhecidos que influenciam o campo magn\u00e9tico da Terra na sa\u00fade humana. A correia estabilizadora protege a coluna lombar. Em sua constru\u00e7\u00e3o, os \u00edm\u00e3s foram escondidos, que t\u00eam uma pot\u00eancia de 250 (uma vers\u00e3o pequena) e 500 gauss (uma vers\u00e3o grande).<\/p>\n<p>Em cada cinto h\u00e1 12 pe\u00e7as, o que d\u00e1 uma pot\u00eancia total de 3000 ou 6000 Gauss. Os \u00edm\u00e3s foram adicionalmente cobertos com um material especializado que permite manter a temperatura corporal ideal.<\/p>\n<p>O calor inicia o renascimento celular, afeta positivamente a limpeza do corpo de toxinas. Privado de sua circula\u00e7\u00e3o sangu\u00ednea funciona melhor, o que melhora o trabalho muscular e reduz as altera\u00e7\u00f5es inflamat\u00f3rias no interior do corpo.<\/p>\n<h3><span class=\"ez-toc-section\" id=\"Como_funciona_o_cinto_magnetico_Taneral_Pro\"><\/span>Como funciona o cinto magn\u00e9tico Taneral Pro?<span class=\"ez-toc-section-end\"><\/span><\/h3>\n<p>A fim de entender melhor o funcionamento do cintur\u00e3o magn\u00e9tico Taneral Pro, vale a pena espalh\u00e1-lo em fatores primos e explicar com o que foi constru\u00eddo e qual o efeito que ele tem em sua opera\u00e7\u00e3o. Bem, gra\u00e7as \u00e0 turmalina, o cinto aquece automaticamente e, portanto, afeta o al\u00edvio da dor na parte inferior das costas. Microcircula\u00e7\u00e3o e redu\u00e7\u00e3o da inflama\u00e7\u00e3o na coluna s\u00e3o melhoradas.<\/p>\n<p>Os \u00edm\u00e3s embutidos, por sua vez, exercem um efeito relaxante sobre os m\u00fasculos. Eles regeneram os tecidos, afetam favoravelmente o suprimento de sangue para os m\u00fasculos, melhorando a circula\u00e7\u00e3o sangu\u00ednea e apoiando ainda mais o metabolismo. Desintoxica o corpo e regula o seu trabalho e, ao mesmo tempo, restaura o equil\u00edbrio do corpo.<\/p>\n<p>O forro da faixa do quadril \u00e9 feito de um material que usa nanotecnologia. Gra\u00e7as a isso, absorve a energia t\u00e9rmica do corpo e emite ondas infravermelhas distantes. Estes t\u00eam um efeito ben\u00e9fico na circula\u00e7\u00e3o sangu\u00ednea, dilata\u00e7\u00e3o capilar e estimulam a atividade de macromol\u00e9culas biol\u00f3gicas no corpo. Melhora o metabolismo e melhora sua imunidade. O el\u00e1stico, por sua vez, e os elementos de enrijecimento reduzem a tens\u00e3o, relaxam os m\u00fasculos cansados da cintura e as partes inferiores da coluna.<\/p>\n<h3><span class=\"ez-toc-section\" id=\"O_produtor_do_cinto_Taneral_Pro_distinguiu_tres_etapas_deste_produto\"><\/span>O produtor do cinto Taneral Pro distinguiu tr\u00eas etapas deste produto:<span class=\"ez-toc-section-end\"><\/span><\/h3>\n<ol>\n<li><strong>REGENERA\u00c7\u00c3O<\/strong> : o tratamento com energia biol\u00f3gica vem de \u00edm\u00e3s;<\/li>\n<li><strong>PROTE\u00c7\u00c3O E ESTABILIZA\u00c7\u00c3O<\/strong> : a apalpa\u00e7\u00e3o ortop\u00e9dica das articula\u00e7\u00f5es e m\u00fasculos \u00e9 sentida, o que traz al\u00edvio e redu\u00e7\u00e3o de voltagem;<\/li>\n<li><strong>ACUPRESS\u00c3O MAGN\u00c9TICA MAGN\u00c9TICA<\/strong> : \u00e9 uma massagem autom\u00e1tica de longa dura\u00e7\u00e3o com im\u00e3s convexos, que suporta a terapia, relaxa e estimula as termina\u00e7\u00f5es nervosas.<\/li>\n<\/ol>\n<h3><span class=\"ez-toc-section\" id=\"A_banda_magnetica_Taneral_Pro_oferece_varios_beneficios_Aqui_estao_os_mais_importantes_deles\"><\/span>A banda magn\u00e9tica Taneral Pro oferece v\u00e1rios benef\u00edcios. Aqui est\u00e3o os mais importantes deles!<span class=\"ez-toc-section-end\"><\/span><\/h3>\n<ul>\n<li><strong>Inova\u00e7\u00e3o e seguran\u00e7a<\/strong> &#8211; o cinto foi equipado com uma moderna tecnologia de 12 \u00edmanes de neod\u00edmio com pot\u00eancias de 250 ou 500 Gauss. A magnetoterapia \u00e9 uma das formas de fisioterapia. Seu objetivo \u00e9 restaurar a aptid\u00e3o do corpo atrav\u00e9s de v\u00e1rios est\u00edmulos &#8211; tanto o uso de campo magn\u00e9tico e acupress\u00e3o. O tratamento de campo magn\u00e9tico \u00e9 seguro e n\u00e3o reage com medicamentos, pomadas ou suplementos.<\/li>\n<li><strong>Alta qualidade do produto<\/strong> &#8211; o cinto foi feito de materiais especialmente desenvolvidos. Gra\u00e7as a isso, o campo magn\u00e9tico funciona sem queixas, a acupress\u00e3o segue a arte e, al\u00e9m disso, o cintur\u00e3o tem uma apar\u00eancia est\u00e9tica e pode servir por v\u00e1rios anos.<\/li>\n<li><strong>Conforto durante o uso<\/strong> &#8211; o cinto tem tamanhos adaptados \u00e0s necessidades do usu\u00e1rio, portanto, pode ser usado em todas as circunst\u00e2ncias, e n\u00e3o apenas em casa. \u00c9 invis\u00edvel sob a roupa e o forro macio garante liberdade durante os movimentos. Al\u00e9m do mais, a forma contornada garante estabilidade e conforto, mesmo praticando esportes!<\/li>\n<\/ul>\n<h3><span class=\"ez-toc-section\" id=\"Quem_e_o_cinto_magnetico_Taneral_Pro_dedicado_a\"><\/span>Quem \u00e9 o cinto magn\u00e9tico Taneral Pro dedicado a?<span class=\"ez-toc-section-end\"><\/span><\/h3>\n<p>Devido ao fato de que o cinto \u00e9 hol\u00edstico para v\u00e1rios elementos do corpo e melhora o funcionamento da coluna lombar, \u00e9 dedicado a pessoas:<\/p>\n<ul>\n<li>queixando-se de dor persistente e cr\u00f4nica na coluna lombar; sofrendo de reumatismo, dor causada por mudan\u00e7as no clima;<\/li>\n<li>depois de les\u00f5es e les\u00f5es, e sentindo-se pressionado como resultado de intenso esfor\u00e7o f\u00edsico;<\/li>\n<li>praticando ativamente esporte, especialmente levantando pesos (tamb\u00e9m grades em compras!);<\/li>\n<li>realizando trabalho em uma posi\u00e7\u00e3o fixa &#8211; sentado, em p\u00e9 ou carregando a coluna lombar.<\/li>\n<\/ul>\n<h3><span class=\"ez-toc-section\" id=\"Como_voce_deve_usar_o_cinto_magnetico_Taneral_Pro\"><\/span>Como voc\u00ea deve usar o cinto magn\u00e9tico Taneral Pro?<span class=\"ez-toc-section-end\"><\/span><\/h3>\n<p>O cinto Taneral Pro deve ser colocado diretamente no corpo, dentro do lado, onde os \u00edm\u00e3s s\u00e3o costurados. Isso garantir\u00e1 os melhores resultados. No entanto, voc\u00ea tamb\u00e9m pode vesti-lo em uma camiseta &#8211; este m\u00e9todo tamb\u00e9m ajudar\u00e1 a estabilizar a coluna, melhorar a postura e aumentar o conforto diariamente.<\/p>\n<p>O cinto deve ser preso com o ajuste para a sua pr\u00f3pria figura &#8211; n\u00e3o pode oprimir demais para permitir o livre fluxo de sangue. Al\u00e9m disso, o produto pode ser usado dia e noite. Isso garantir\u00e1 \u00f3timos resultados.<\/p>\n<p>De vez em quando voc\u00ea pode atualizar seu cinto com sucesso. Para este efeito, deve ser lavado \u00e0 m\u00e3o em \u00e1gua morna e sab\u00e3o, no entanto, a uma temperatura n\u00e3o superior a 30 graus. N\u00e3o deve ser passada a ferro, clorada ou usada durante a lavagem de roupa em p\u00f3 e outros agentes de limpeza.Tamb\u00e9m, tenha cuidado ao secar &#8211; evite fontes de calor e luz solar.<\/p>\n<h3><span class=\"ez-toc-section\" id=\"Opinioes_dos_especialistas_sobre_a_eficacia_do_Taneral_Pro\"><\/span>Opini\u00f5es dos especialistas sobre a efic\u00e1cia do Taneral Pro<span class=\"ez-toc-section-end\"><\/span><\/h3>\n<ul>\n<li>&#8221; <em>O cinto magn\u00e9tico Taneral Pro \u00e9 um produto moderno que utiliza m\u00e9todos de tratamento n\u00e3o convencionais conhecidos h\u00e1 milhares de anos. Combina acupress\u00e3o, magnetoterapia, massagem e estabiliza\u00e7\u00e3o. Gra\u00e7as a isso, adapta-se \u00e0s necessidades do usu\u00e1rio com v\u00e1rias doen\u00e7as. Eu recomendo principalmente aos meus alunos que t\u00eam problemas com a coluna lombar causada por trabalho sedent\u00e1rio ou esfor\u00e7o f\u00edsico pesado. Eu tamb\u00e9m recomendo durante o treinamento para apoiar a coluna durante exerc\u00edcios intensos. Eu sinto melhora para meus alunos. Eu tamb\u00e9m uso e admito que me sinto muito melhor. Eu recomendaria!<\/em> &#8220;- <strong>Kornel, personal trainer<\/strong><\/li>\n<li>&#8220;A <em>coluna, cansada com o esfor\u00e7o di\u00e1rio, cede. Depois de um dia, sentimos dor, e de manh\u00e3 temos um problema com festas bloqueadas e n\u00e3o podemos sair da cama. O cinto magn\u00e9tico usa o poder do campo magn\u00e9tico, que tem um efeito ben\u00e9fico no corpo humano. Al\u00e9m do mais, foi estruturado para estabilizar ainda mais as costas, alivi\u00e1-lo durante o esfor\u00e7o e proporcionar liberdade de movimento. \u00c9 considerado um dos produtos mais eficazes deste tipo no mercado. Eu recomendo aos meus pacientes.<\/em> &#8220;- <strong>Marta, fisioterapeuta<\/strong><\/li>\n<\/ul>\n<h3><span class=\"ez-toc-section\" id=\"Comentarios_dos_usuarios_sobre_o_cinto_magnetico_Taneral_Pro\"><\/span>Coment\u00e1rios dos usu\u00e1rios sobre o cinto magn\u00e9tico Taneral Pro<span class=\"ez-toc-section-end\"><\/span><\/h3>\n<ul>\n<li>&#8221; <em>Ano novo, eu novo &#8211; foi o que decidi no final do ano e tenho de admitir que o efeito excedeu todas as minhas expectativas. Eu tive bastante dor nas costas horr\u00edvel. Eu estava cansada disso, que mesmo subindo as escadas ou curvando-se sobre os meus sapatos \u00e9 como escalar o Monte Everest. Procurei uma solu\u00e7\u00e3o e encontrei o cinto magn\u00e9tico do Taneral Pro. Eu tenho usado por alguns meses e me sinto como um rec\u00e9m-nascido. Eu tenho uma melhora significativa na coluna lombar, mas tamb\u00e9m tenho a impress\u00e3o de ter aliviado minhas articula\u00e7\u00f5es do joelho atrav\u00e9s da postura correta. Eu recomendo o produto !!<\/em> &#8220;- <strong>Katarzyna, 55 anos<\/strong><\/li>\n<li>&#8221; <em>Acordei com dores nas costas todos os dias. Este \u00e9 o resultado do meu trabalho profissional como motorista de caminh\u00e3o. Eu pensei que nada ajudaria. Eu tentei massagear cadeiras, tratamentos de fisioterapeuta, pomadas nas costas. Finalmente, decidi que iria fazer uma cirurgia. Felizmente, me deparei com um m\u00e9dico maravilhoso que recomendou o Taneral Pro para mim. Depois de alguns meses de tratamento, desisti de pensar em cirurgia. Minhas dores desapareceram. Eu me sinto \u00f3timo!<\/em> &#8220;- <strong>Piotr, 48 anos<\/strong><\/li>\n<li>&#8221; <em>Eu sou um homem muito ativo. Adoro esportes, adoro visitar a academia e levantar halteres. Minha coluna sofreu um pouco com isso, ent\u00e3o eu estava procurando uma solu\u00e7\u00e3o que me ajudaria muito tempo. Eu pedi um cinto Taneral Pro recomendado para f\u00f3runs de fisiculturismo e agora eu n\u00e3o posso imaginar treinamento ou um dia sem cinto. Este \u00e9 um grande al\u00edvio para a coluna. Eu recomendaria!<\/em> &#8220;- <strong>Marcin, 29 anos<\/strong><\/li>\n<\/ul>\n<h3><span class=\"ez-toc-section\" id=\"Vale_a_pena_comprar_um_cinto_magnetico_Taneral_Pro_Nossa_opiniao\"><\/span>Vale a pena comprar um cinto magn\u00e9tico Taneral Pro? Nossa opini\u00e3o<span class=\"ez-toc-section-end\"><\/span><\/h3>\n<p>Examinamos cuidadosamente todas as vantagens que o fabricante indica. N\u00f3s lemos centenas de avalia\u00e7\u00f5es de clientes e especialistas. Afinal de contas, n\u00f3s mesmos decidimos comprar o Taneral Pro para ver por si mesmo se isso traz algum resultado. Temos que admitir que, embora no in\u00edcio parecesse duvidoso &#8211; o al\u00edvio \u00e9 surpreendente e percept\u00edvel depois de apenas alguns momentos.<\/p>\n<p>A coluna cansada pode finalmente descansar. Isso se deve \u00e0 boa constru\u00e7\u00e3o da correia. Depois de algumas semanas, notamos tamb\u00e9m que o cintur\u00e3o tem um bom efeito em nossa mobilidade &#8211; de manh\u00e3, n\u00e3o atiramos em todas as nossas articula\u00e7\u00f5es, e podemos nos curvar livremente e manter uma postura melhor. Nossa classifica\u00e7\u00e3o n\u00e3o pode ser diferente de 5\/5. Vale a pena tentar!<\/p>\n<h3><span class=\"ez-toc-section\" id=\"Onde_comprar_um_cinto_Pro_Taneral_Nossa_recomendacao\"><\/span>Onde comprar um cinto Pro Taneral? Nossa recomenda\u00e7\u00e3o<span class=\"ez-toc-section-end\"><\/span><\/h3>\n<p>Voc\u00ea quer encomendar Taneral Pro? Por favor, use o link abaixo! \u00c9 o distribuidor com quem trabalhamos, por isso voc\u00ea tem a garantia de encomendar um produto comprovado e original. Al\u00e9m do mais, um grande desconto \u00e9 oferecido l\u00e1. Verifique, pe\u00e7a e d\u00ea as costas ao conforto que eles merecem!<\/p>\n<div class=\"belcherwt aligncenter\" style=\"border: #000 dashed 3px; padding: 10px 20px; margin: 10px 0; font-size: 22px;\">\n<p style=\"text-align: left;\"><a href=\"https:\/\/www.uia.archi\/go\/taneral-pro\/\" rel=\"nofollow\"><img loading=\"lazy\" decoding=\"async\" class=\"alignleft wp-image-389\" style=\"border: 0px;\" src=\"\/wp-content\/uploads\/2019\/05\/taneral-pro.jpg\" alt=\"pro taneral\" width=\"767\" height=\"460\" \/><\/a> <strong>NOTA:<\/strong> Por um per\u00edodo limitado, o distribuidor oficial do cinto magn\u00e9tico <a href=\"https:\/\/www.uia.archi\/go\/taneral-pro\/\" rel=\"nofollow\"><strong>TANERAL PRO<\/strong><\/a> tem uma oferta especial para os nossos leitores. Est\u00e1 associado a uma garantia de reembolso de 100% para o tratamento adquirido, se n\u00e3o trouxer os resultados esperados.<\/p>\n<p style=\"text-align: left;\"><strong><span style=\"color: #ff6600;\"><a style=\"color: #ff6600;\" href=\"https:\/\/www.uia.archi\/go\/taneral-pro\/\" rel=\"nofollow\">Clique aqui para encomendar a tarja magn\u00e9tica TANERAL PRO<\/a><\/span><\/strong><\/p>\n<p style=\"text-align: left;\"><span style=\"color: #000000;\"><span style=\"background-color: #ffff00;\"><span style=\"color: #000000;\"><strong style=\"color: #000000;\"><a style=\"color: #000000;\" href=\"https:\/\/www.uia.archi\/go\/taneral-pro\/\" rel=\"nofollow\">use este link para obter uma ENTREGA GRATUITA<\/a><\/strong><\/span><\/span><\/span><\/p>\n<p style=\"text-align: left;\"><span style=\"color: #ff0000;\"><strong><span style=\"font-family: 'Arial Black';\">A oferta especial termina hoje!<\/span><\/strong><\/span><\/p>\n<\/div>\n","protected":false},"excerpt":{"rendered":"<p>Degenera\u00e7\u00e3o da coluna vertebral, dor, press\u00e3o e tens\u00e3o s\u00e3o queixas cada vez mais comuns de pessoas de todas as idades. Eles resultam de condi\u00e7\u00f5es gen\u00e9ticas, postura incorreta, sobrecarga, estilo de vida ruim ou correspond\u00eancia incorreta de acess\u00f3rios (por exemplo, mochilas para um ombro ou bolsas). Eles tamb\u00e9m podem ser causados por uma les\u00e3o, les\u00e3o ou [&hellip;]<\/p>\n","protected":false},"author":1,"featured_media":0,"comment_status":"open","ping_status":"open","sticky":false,"template":"","format":"standard","meta":{"cybocfi_hide_featured_image":"","footnotes":""},"categories":[1,26],"tags":[],"class_list":["post-540","post","type-post","status-publish","format-standard","hentry","category-avis-sur-les-produits","category-revisao-de-produtos"],"yoast_head":"<!-- This site is optimized with the Yoast SEO plugin v27.5 - https:\/\/yoast.com\/product\/yoast-seo-wordpress\/ -->\n<title>Taneral Pro - opini\u00e3o sobre o cinto magn\u00e9tico na coluna<\/title>\n<meta name=\"robots\" content=\"index, follow, max-snippet:-1, max-image-preview:large, max-video-preview:-1\" \/>\n<link rel=\"canonical\" href=\"https:\/\/www.uia.archi\/pt-pt\/taneral-pro-opiniao-sobre-o-cinto-magnetico-na-coluna\/\" \/>\n<meta property=\"og:locale\" content=\"pt_PT\" \/>\n<meta property=\"og:type\" content=\"article\" \/>\n<meta property=\"og:title\" content=\"Taneral Pro - opini\u00e3o sobre o cinto magn\u00e9tico na coluna\" \/>\n<meta property=\"og:description\" content=\"Degenera\u00e7\u00e3o da coluna vertebral, dor, press\u00e3o e tens\u00e3o s\u00e3o queixas cada vez mais comuns de pessoas de todas as idades. Eles resultam de condi\u00e7\u00f5es gen\u00e9ticas, postura incorreta, sobrecarga, estilo de vida ruim ou correspond\u00eancia incorreta de acess\u00f3rios (por exemplo, mochilas para um ombro ou bolsas). Eles tamb\u00e9m podem ser causados por uma les\u00e3o, les\u00e3o ou [&hellip;]\" \/>\n<meta property=\"og:url\" content=\"https:\/\/www.uia.archi\/pt-pt\/taneral-pro-opiniao-sobre-o-cinto-magnetico-na-coluna\/\" \/>\n<meta property=\"og:site_name\" content=\"Artigos Internacionais \u00danicos\" \/>\n<meta property=\"article:published_time\" content=\"2019-05-28T22:00:00+00:00\" \/>\n<meta property=\"og:image\" content=\"https:\/\/www.uia.archi\/wp-content\/uploads\/2019\/05\/taneral-pro.jpg\" \/>\n<meta name=\"author\" content=\"Writer\" \/>\n<meta name=\"twitter:card\" content=\"summary_large_image\" \/>\n<meta name=\"twitter:label1\" content=\"Escrito por\" \/>\n\t<meta name=\"twitter:data1\" content=\"Writer\" \/>\n\t<meta name=\"twitter:label2\" content=\"Tempo estimado de leitura\" \/>\n\t<meta name=\"twitter:data2\" content=\"9 minutos\" \/>\n<script type=\"application\/ld+json\" class=\"yoast-schema-graph\">{\"@context\":\"https:\\\/\\\/schema.org\",\"@graph\":[{\"@type\":\"Article\",\"@id\":\"https:\\\/\\\/www.uia.archi\\\/pt-pt\\\/taneral-pro-opiniao-sobre-o-cinto-magnetico-na-coluna\\\/#article\",\"isPartOf\":{\"@id\":\"https:\\\/\\\/www.uia.archi\\\/pt-pt\\\/taneral-pro-opiniao-sobre-o-cinto-magnetico-na-coluna\\\/\"},\"author\":{\"name\":\"Writer\",\"@id\":\"https:\\\/\\\/www.uia.archi\\\/pt-pt\\\/#\\\/schema\\\/person\\\/3d67c6894ced0e7a84948b704169c9c2\"},\"headline\":\"Taneral Pro &#8211; opini\u00e3o sobre o cinto magn\u00e9tico na coluna\",\"datePublished\":\"2019-05-28T22:00:00+00:00\",\"mainEntityOfPage\":{\"@id\":\"https:\\\/\\\/www.uia.archi\\\/pt-pt\\\/taneral-pro-opiniao-sobre-o-cinto-magnetico-na-coluna\\\/\"},\"wordCount\":1883,\"commentCount\":1,\"articleSection\":[\"Avis sur les produits\",\"Revis\u00e3o de produtos\"],\"inLanguage\":\"pt-PT\",\"potentialAction\":[{\"@type\":\"CommentAction\",\"name\":\"Comment\",\"target\":[\"https:\\\/\\\/www.uia.archi\\\/pt-pt\\\/taneral-pro-opiniao-sobre-o-cinto-magnetico-na-coluna\\\/#respond\"]}]},{\"@type\":\"WebPage\",\"@id\":\"https:\\\/\\\/www.uia.archi\\\/pt-pt\\\/taneral-pro-opiniao-sobre-o-cinto-magnetico-na-coluna\\\/\",\"url\":\"https:\\\/\\\/www.uia.archi\\\/pt-pt\\\/taneral-pro-opiniao-sobre-o-cinto-magnetico-na-coluna\\\/\",\"name\":\"Taneral Pro - opini\u00e3o sobre o cinto magn\u00e9tico na coluna\",\"isPartOf\":{\"@id\":\"https:\\\/\\\/www.uia.archi\\\/pt-pt\\\/#website\"},\"datePublished\":\"2019-05-28T22:00:00+00:00\",\"author\":{\"@id\":\"https:\\\/\\\/www.uia.archi\\\/pt-pt\\\/#\\\/schema\\\/person\\\/3d67c6894ced0e7a84948b704169c9c2\"},\"breadcrumb\":{\"@id\":\"https:\\\/\\\/www.uia.archi\\\/pt-pt\\\/taneral-pro-opiniao-sobre-o-cinto-magnetico-na-coluna\\\/#breadcrumb\"},\"inLanguage\":\"pt-PT\",\"potentialAction\":[{\"@type\":\"ReadAction\",\"target\":[\"https:\\\/\\\/www.uia.archi\\\/pt-pt\\\/taneral-pro-opiniao-sobre-o-cinto-magnetico-na-coluna\\\/\"]}]},{\"@type\":\"BreadcrumbList\",\"@id\":\"https:\\\/\\\/www.uia.archi\\\/pt-pt\\\/taneral-pro-opiniao-sobre-o-cinto-magnetico-na-coluna\\\/#breadcrumb\",\"itemListElement\":[{\"@type\":\"ListItem\",\"position\":1,\"name\":\"Casa\",\"item\":\"https:\\\/\\\/www.uia.archi\\\/pt-pt\\\/\"},{\"@type\":\"ListItem\",\"position\":2,\"name\":\"Revis\u00e3o de produtos\",\"item\":\"https:\\\/\\\/www.uia.archi\\\/pt-pt\\\/category\\\/revisao-de-produtos\\\/\"},{\"@type\":\"ListItem\",\"position\":3,\"name\":\"Taneral Pro &#8211; opini\u00e3o sobre o cinto magn\u00e9tico na coluna\"}]},{\"@type\":\"WebSite\",\"@id\":\"https:\\\/\\\/www.uia.archi\\\/pt-pt\\\/#website\",\"url\":\"https:\\\/\\\/www.uia.archi\\\/pt-pt\\\/\",\"name\":\"Artigos Internacionais \u00danicos\",\"description\":\"Artigos sobre v\u00e1rios t\u00f3picos, um valioso recurso de conhecimento para voc\u00ea e sua fam\u00edlia\",\"potentialAction\":[{\"@type\":\"SearchAction\",\"target\":{\"@type\":\"EntryPoint\",\"urlTemplate\":\"https:\\\/\\\/www.uia.archi\\\/pt-pt\\\/?s={search_term_string}\"},\"query-input\":{\"@type\":\"PropertyValueSpecification\",\"valueRequired\":true,\"valueName\":\"search_term_string\"}}],\"inLanguage\":\"pt-PT\"},{\"@type\":\"Person\",\"@id\":\"https:\\\/\\\/www.uia.archi\\\/pt-pt\\\/#\\\/schema\\\/person\\\/3d67c6894ced0e7a84948b704169c9c2\",\"name\":\"Writer\",\"image\":{\"@type\":\"ImageObject\",\"inLanguage\":\"pt-PT\",\"@id\":\"https:\\\/\\\/www.uia.archi\\\/wp-content\\\/litespeed\\\/avatar\\\/1a002795387e512944da0898076d6c44.jpg?ver=1777482563\",\"url\":\"https:\\\/\\\/www.uia.archi\\\/wp-content\\\/litespeed\\\/avatar\\\/1a002795387e512944da0898076d6c44.jpg?ver=1777482563\",\"contentUrl\":\"https:\\\/\\\/www.uia.archi\\\/wp-content\\\/litespeed\\\/avatar\\\/1a002795387e512944da0898076d6c44.jpg?ver=1777482563\",\"caption\":\"Writer\"},\"sameAs\":[\"https:\\\/\\\/www.uia.archi\"],\"url\":\"https:\\\/\\\/www.uia.archi\\\/pt-pt\\\/author\\\/writer\\\/\"}]}<\/script>\n<!-- \/ Yoast SEO plugin. -->","yoast_head_json":{"title":"Taneral Pro - opini\u00e3o sobre o cinto magn\u00e9tico na coluna","robots":{"index":"index","follow":"follow","max-snippet":"max-snippet:-1","max-image-preview":"max-image-preview:large","max-video-preview":"max-video-preview:-1"},"canonical":"https:\/\/www.uia.archi\/pt-pt\/taneral-pro-opiniao-sobre-o-cinto-magnetico-na-coluna\/","og_locale":"pt_PT","og_type":"article","og_title":"Taneral Pro - opini\u00e3o sobre o cinto magn\u00e9tico na coluna","og_description":"Degenera\u00e7\u00e3o da coluna vertebral, dor, press\u00e3o e tens\u00e3o s\u00e3o queixas cada vez mais comuns de pessoas de todas as idades. Eles resultam de condi\u00e7\u00f5es gen\u00e9ticas, postura incorreta, sobrecarga, estilo de vida ruim ou correspond\u00eancia incorreta de acess\u00f3rios (por exemplo, mochilas para um ombro ou bolsas). Eles tamb\u00e9m podem ser causados por uma les\u00e3o, les\u00e3o ou [&hellip;]","og_url":"https:\/\/www.uia.archi\/pt-pt\/taneral-pro-opiniao-sobre-o-cinto-magnetico-na-coluna\/","og_site_name":"Artigos Internacionais \u00danicos","article_published_time":"2019-05-28T22:00:00+00:00","og_image":[{"url":"https:\/\/www.uia.archi\/wp-content\/uploads\/2019\/05\/taneral-pro.jpg","type":"","width":"","height":""}],"author":"Writer","twitter_card":"summary_large_image","twitter_misc":{"Escrito por":"Writer","Tempo estimado de leitura":"9 minutos"},"schema":{"@context":"https:\/\/schema.org","@graph":[{"@type":"Article","@id":"https:\/\/www.uia.archi\/pt-pt\/taneral-pro-opiniao-sobre-o-cinto-magnetico-na-coluna\/#article","isPartOf":{"@id":"https:\/\/www.uia.archi\/pt-pt\/taneral-pro-opiniao-sobre-o-cinto-magnetico-na-coluna\/"},"author":{"name":"Writer","@id":"https:\/\/www.uia.archi\/pt-pt\/#\/schema\/person\/3d67c6894ced0e7a84948b704169c9c2"},"headline":"Taneral Pro &#8211; opini\u00e3o sobre o cinto magn\u00e9tico na coluna","datePublished":"2019-05-28T22:00:00+00:00","mainEntityOfPage":{"@id":"https:\/\/www.uia.archi\/pt-pt\/taneral-pro-opiniao-sobre-o-cinto-magnetico-na-coluna\/"},"wordCount":1883,"commentCount":1,"articleSection":["Avis sur les produits","Revis\u00e3o de produtos"],"inLanguage":"pt-PT","potentialAction":[{"@type":"CommentAction","name":"Comment","target":["https:\/\/www.uia.archi\/pt-pt\/taneral-pro-opiniao-sobre-o-cinto-magnetico-na-coluna\/#respond"]}]},{"@type":"WebPage","@id":"https:\/\/www.uia.archi\/pt-pt\/taneral-pro-opiniao-sobre-o-cinto-magnetico-na-coluna\/","url":"https:\/\/www.uia.archi\/pt-pt\/taneral-pro-opiniao-sobre-o-cinto-magnetico-na-coluna\/","name":"Taneral Pro - opini\u00e3o sobre o cinto magn\u00e9tico na coluna","isPartOf":{"@id":"https:\/\/www.uia.archi\/pt-pt\/#website"},"datePublished":"2019-05-28T22:00:00+00:00","author":{"@id":"https:\/\/www.uia.archi\/pt-pt\/#\/schema\/person\/3d67c6894ced0e7a84948b704169c9c2"},"breadcrumb":{"@id":"https:\/\/www.uia.archi\/pt-pt\/taneral-pro-opiniao-sobre-o-cinto-magnetico-na-coluna\/#breadcrumb"},"inLanguage":"pt-PT","potentialAction":[{"@type":"ReadAction","target":["https:\/\/www.uia.archi\/pt-pt\/taneral-pro-opiniao-sobre-o-cinto-magnetico-na-coluna\/"]}]},{"@type":"BreadcrumbList","@id":"https:\/\/www.uia.archi\/pt-pt\/taneral-pro-opiniao-sobre-o-cinto-magnetico-na-coluna\/#breadcrumb","itemListElement":[{"@type":"ListItem","position":1,"name":"Casa","item":"https:\/\/www.uia.archi\/pt-pt\/"},{"@type":"ListItem","position":2,"name":"Revis\u00e3o de produtos","item":"https:\/\/www.uia.archi\/pt-pt\/category\/revisao-de-produtos\/"},{"@type":"ListItem","position":3,"name":"Taneral Pro &#8211; opini\u00e3o sobre o cinto magn\u00e9tico na coluna"}]},{"@type":"WebSite","@id":"https:\/\/www.uia.archi\/pt-pt\/#website","url":"https:\/\/www.uia.archi\/pt-pt\/","name":"Artigos Internacionais \u00danicos","description":"Artigos sobre v\u00e1rios t\u00f3picos, um valioso recurso de conhecimento para voc\u00ea e sua fam\u00edlia","potentialAction":[{"@type":"SearchAction","target":{"@type":"EntryPoint","urlTemplate":"https:\/\/www.uia.archi\/pt-pt\/?s={search_term_string}"},"query-input":{"@type":"PropertyValueSpecification","valueRequired":true,"valueName":"search_term_string"}}],"inLanguage":"pt-PT"},{"@type":"Person","@id":"https:\/\/www.uia.archi\/pt-pt\/#\/schema\/person\/3d67c6894ced0e7a84948b704169c9c2","name":"Writer","image":{"@type":"ImageObject","inLanguage":"pt-PT","@id":"https:\/\/www.uia.archi\/wp-content\/litespeed\/avatar\/1a002795387e512944da0898076d6c44.jpg?ver=1777482563","url":"https:\/\/www.uia.archi\/wp-content\/litespeed\/avatar\/1a002795387e512944da0898076d6c44.jpg?ver=1777482563","contentUrl":"https:\/\/www.uia.archi\/wp-content\/litespeed\/avatar\/1a002795387e512944da0898076d6c44.jpg?ver=1777482563","caption":"Writer"},"sameAs":["https:\/\/www.uia.archi"],"url":"https:\/\/www.uia.archi\/pt-pt\/author\/writer\/"}]}},"blog_post_layout_featured_media_urls":{"thumbnail":"","full":""},"categories_names":{"1":{"name":"Avis sur les produits","link":"https:\/\/www.uia.archi\/category\/avis-sur-les-produits\/"},"26":{"name":"Revis\u00e3o de produtos","link":"https:\/\/www.uia.archi\/pt-pt\/category\/revisao-de-produtos\/"}},"tags_names":[],"comments_number":"1","wpmagazine_modules_lite_featured_media_urls":{"thumbnail":"","cvmm-medium":"","cvmm-medium-plus":"","cvmm-portrait":"","cvmm-medium-square":"","cvmm-large":"","cvmm-small":"","full":""},"_links":{"self":[{"href":"https:\/\/www.uia.archi\/pt-pt\/wp-json\/wp\/v2\/posts\/540","targetHints":{"allow":["GET"]}}],"collection":[{"href":"https:\/\/www.uia.archi\/pt-pt\/wp-json\/wp\/v2\/posts"}],"about":[{"href":"https:\/\/www.uia.archi\/pt-pt\/wp-json\/wp\/v2\/types\/post"}],"author":[{"embeddable":true,"href":"https:\/\/www.uia.archi\/pt-pt\/wp-json\/wp\/v2\/users\/1"}],"replies":[{"embeddable":true,"href":"https:\/\/www.uia.archi\/pt-pt\/wp-json\/wp\/v2\/comments?post=540"}],"version-history":[{"count":0,"href":"https:\/\/www.uia.archi\/pt-pt\/wp-json\/wp\/v2\/posts\/540\/revisions"}],"wp:attachment":[{"href":"https:\/\/www.uia.archi\/pt-pt\/wp-json\/wp\/v2\/media?parent=540"}],"wp:term":[{"taxonomy":"category","embeddable":true,"href":"https:\/\/www.uia.archi\/pt-pt\/wp-json\/wp\/v2\/categories?post=540"},{"taxonomy":"post_tag","embeddable":true,"href":"https:\/\/www.uia.archi\/pt-pt\/wp-json\/wp\/v2\/tags?post=540"}],"curies":[{"name":"wp","href":"https:\/\/api.w.org\/{rel}","templated":true}]}}