{"id":472,"date":"2019-05-27T00:00:00","date_gmt":"2019-05-26T22:00:00","guid":{"rendered":"https:\/\/www.uia.archi\/vivese-senso-duo-analiza-actiunii-capsulelor-impotriva-cheiliei\/"},"modified":"2021-07-02T20:30:31","modified_gmt":"2021-07-02T18:30:31","slug":"vivese-senso-duo-analiza-actiunii-capsulelor-impotriva-cheiliei","status":"publish","type":"post","link":"https:\/\/www.uia.archi\/ro\/vivese-senso-duo-analiza-actiunii-capsulelor-impotriva-cheiliei\/","title":{"rendered":"Vivese Senso Duo &#8211; analiza ac\u021biunii capsulelor \u00eempotriva cheiliei"},"content":{"rendered":"<div id=\"ez-toc-container\" class=\"ez-toc-v2_0_82_2 counter-hierarchy ez-toc-counter ez-toc-grey ez-toc-container-direction\">\n<p class=\"ez-toc-title\" style=\"cursor:inherit\">Cuprins:<\/p>\n<label for=\"ez-toc-cssicon-toggle-item-69f5cd2fe75ce\" class=\"ez-toc-cssicon-toggle-label\"><span class=\"\"><span class=\"eztoc-hide\" style=\"display:none;\">Toggle<\/span><span class=\"ez-toc-icon-toggle-span\"><svg style=\"fill: #999;color:#999\" xmlns=\"http:\/\/www.w3.org\/2000\/svg\" class=\"list-377408\" width=\"20px\" height=\"20px\" viewBox=\"0 0 24 24\" fill=\"none\"><path d=\"M6 6H4v2h2V6zm14 0H8v2h12V6zM4 11h2v2H4v-2zm16 0H8v2h12v-2zM4 16h2v2H4v-2zm16 0H8v2h12v-2z\" fill=\"currentColor\"><\/path><\/svg><svg style=\"fill: #999;color:#999\" class=\"arrow-unsorted-368013\" xmlns=\"http:\/\/www.w3.org\/2000\/svg\" width=\"10px\" height=\"10px\" viewBox=\"0 0 24 24\" version=\"1.2\" baseProfile=\"tiny\"><path d=\"M18.2 9.3l-6.2-6.3-6.2 6.3c-.2.2-.3.4-.3.7s.1.5.3.7c.2.2.4.3.7.3h11c.3 0 .5-.1.7-.3.2-.2.3-.5.3-.7s-.1-.5-.3-.7zM5.8 14.7l6.2 6.3 6.2-6.3c.2-.2.3-.5.3-.7s-.1-.5-.3-.7c-.2-.2-.4-.3-.7-.3h-11c-.3 0-.5.1-.7.3-.2.2-.3.5-.3.7s.1.5.3.7z\"\/><\/svg><\/span><\/span><\/label><input type=\"checkbox\"  id=\"ez-toc-cssicon-toggle-item-69f5cd2fe75ce\"  aria-label=\"Toggle\" \/><nav><ul class='ez-toc-list ez-toc-list-level-1 ' ><li class='ez-toc-page-1 ez-toc-heading-level-3'><a class=\"ez-toc-link ez-toc-heading-1\" href=\"https:\/\/www.uia.archi\/ro\/vivese-senso-duo-analiza-actiunii-capsulelor-impotriva-cheiliei\/#Ce_este_Vivese_Senso_Duo\" >Ce este Vivese Senso Duo?<\/a><\/li><li class='ez-toc-page-1 ez-toc-heading-level-3'><a class=\"ez-toc-link ez-toc-heading-2\" href=\"https:\/\/www.uia.archi\/ro\/vivese-senso-duo-analiza-actiunii-capsulelor-impotriva-cheiliei\/#Vivese_Senso_Duo_%E2%80%93_utilizare_si_functionare\" >Vivese Senso Duo &#8211; utilizare \u0219i func\u021bionare<\/a><\/li><li class='ez-toc-page-1 ez-toc-heading-level-3'><a class=\"ez-toc-link ez-toc-heading-3\" href=\"https:\/\/www.uia.archi\/ro\/vivese-senso-duo-analiza-actiunii-capsulelor-impotriva-cheiliei\/#De_ce_este_Vivese_Senso_Duo_atat_de_eficient\" >De ce este Vivese Senso Duo at\u00e2t de eficient?<\/a><\/li><li class='ez-toc-page-1 ez-toc-heading-level-3'><a class=\"ez-toc-link ez-toc-heading-4\" href=\"https:\/\/www.uia.archi\/ro\/vivese-senso-duo-analiza-actiunii-capsulelor-impotriva-cheiliei\/#Ce_obtinem_prin_utilizarea_unui_tratament_profesional_Vivese_Senso_Duo\" >Ce ob\u021binem prin utilizarea unui tratament profesional Vivese Senso Duo?<\/a><\/li><li class='ez-toc-page-1 ez-toc-heading-level-3'><a class=\"ez-toc-link ez-toc-heading-5\" href=\"https:\/\/www.uia.archi\/ro\/vivese-senso-duo-analiza-actiunii-capsulelor-impotriva-cheiliei\/#Opiniile_expertilor_cu_privire_la_eficacitatea_Vivese_Senso_Duo\" >Opiniile exper\u021bilor cu privire la eficacitatea Vivese Senso Duo<\/a><\/li><li class='ez-toc-page-1 ez-toc-heading-level-3'><a class=\"ez-toc-link ez-toc-heading-6\" href=\"https:\/\/www.uia.archi\/ro\/vivese-senso-duo-analiza-actiunii-capsulelor-impotriva-cheiliei\/#Comentariile_utilizatorilor_privind_utilizarea_capsulelor_Vivese_Senso_Duo\" >Comentariile utilizatorilor privind utilizarea capsulelor Vivese Senso Duo<\/a><\/li><li class='ez-toc-page-1 ez-toc-heading-level-3'><a class=\"ez-toc-link ez-toc-heading-7\" href=\"https:\/\/www.uia.archi\/ro\/vivese-senso-duo-analiza-actiunii-capsulelor-impotriva-cheiliei\/#Merita_sa_optezi_pentru_tratament_folosind_Vivese_Senso_Duo_Evaluarea_noastra\" >Merit\u0103 s\u0103 optezi pentru tratament folosind Vivese Senso Duo? Evaluarea noastr\u0103<\/a><\/li><li class='ez-toc-page-1 ez-toc-heading-level-3'><a class=\"ez-toc-link ez-toc-heading-8\" href=\"https:\/\/www.uia.archi\/ro\/vivese-senso-duo-analiza-actiunii-capsulelor-impotriva-cheiliei\/#De_unde_cumpar_Vivese_Senso_Duo_Recomandarea_noastra\" >De unde cump\u0103r Vivese Senso Duo? Recomandarea noastr\u0103<\/a><\/li><\/ul><\/nav><\/div>\n<p>Vivese Senso Duo a ap\u0103rut pe pia\u021b\u0103, oferind un tratament dermo profesionist pentru c\u0103derea p\u0103rului. Capsulele cu o formul\u0103 aleas\u0103 cu grij\u0103 sus\u021bin, de asemenea, cre\u0219terea lor, dau o str\u0103lucire \u0219i un aspect s\u0103n\u0103tos. Ele sunt recunoscute ca un activator real \u00een domeniul baldingului.<\/p>\n<p>Acesta este primul tratament inovator cu celule stem care actioneaza direct pe cel mai adanc strat al parului &#8211; isi reconstruiesc structura si o dau o viata noua! Merit\u0103 s\u0103 cunoa\u0219te\u021bi specificul Vivese Senso Duo.<\/p>\n<p>Este o linie specializat\u0103 de suplimente alimentare adresate at\u00eet b\u0103rba\u021bilor, c\u00eet \u0219i femeilor, care se lupt\u0103 cu pierderea excesiv\u0103 a p\u0103rului, cauzat\u0103 de dieta proast\u0103, stresul care \u00eenso\u021be\u0219te via\u021ba de zi cu zi, tulbur\u0103rile hormonale sau bolile.<\/p>\n<h3><span class=\"ez-toc-section\" id=\"Ce_este_Vivese_Senso_Duo\"><\/span>Ce este Vivese Senso Duo?<span class=\"ez-toc-section-end\"><\/span><\/h3>\n<p>Este o formul\u0103 avansat\u0103 care lucreaz\u0103 pe p\u0103r care o regener\u0103, o protejeaz\u0103 \u0219i o \u00eent\u0103re\u0219te. Suplimentul alimentar este bine ambalat \u0219i are forma de capsule.<\/p>\n<p>Datorit\u0103 ingredientelor de cea mai bun\u0103 calitate, Vivese Senso Duo ofer\u0103 rezultate notabile dup\u0103 prima s\u0103pt\u0103m\u00e2n\u0103 de utilizare \u0219i dup\u0103 3 luni de utilizare regulat\u0103, \u00eembun\u0103t\u0103\u021be\u0219te starea p\u0103rului \u0219i a scalpului cu p\u00e2n\u0103 la 60%. Fiecare ingredient con\u021binut \u00een produs este selectat cu grij\u0103 \u0219i selectat astfel \u00eenc\u00e2t efectele s\u0103 fie vizibile \u0219i durabile.<\/p>\n<h3><span class=\"ez-toc-section\" id=\"Vivese_Senso_Duo_%E2%80%93_utilizare_si_functionare\"><\/span>Vivese Senso Duo &#8211; utilizare \u0219i func\u021bionare<span class=\"ez-toc-section-end\"><\/span><\/h3>\n<p><a href=\"https:\/\/www.uia.archi\/go\/chevelo-blog\/\" rel=\"nofollow\"><img loading=\"lazy\" decoding=\"async\" class=\"wp-image-389 alignright\" style=\"border: 0px;\" src=\"\/wp-content\/uploads\/2019\/05\/vivese-senso-duo-capsules.jpg\" alt=\"vivese senso duo\" width=\"218\" height=\"440\" \/><\/a> Datorit\u0103 formul\u0103rii unice a 30 de nutrien\u021bi activi, Vivese Senso Duo ofer\u0103 efecte pe termen scurt de \u00eembun\u0103t\u0103\u021bire a elasticit\u0103\u021bii p\u0103rului, inhib\u00e2nd pierderea lor \u0219i regener\u00e2nd-o de la bulb la capete. \u00cen cele din urm\u0103, p\u0103rul este mai gros, mai gros \u0219i s\u0103n\u0103tos (f\u0103r\u0103 capetele divizate).<\/p>\n<p>Tratamentul regulat v\u0103 permite s\u0103 sc\u0103pa\u021bi de coturi \u0219i chelie general\u0103. Un avantaj suplimentar este formula &#8211; u\u0219oar\u0103 \u0219i u\u0219or de aplicat, care nu reprezint\u0103 o povar\u0103 pentru stomac \u0219i ficat \u00een acela\u0219i timp. Pentru ca rezultatele s\u0103 fie rapide \u0219i satisf\u0103c\u0103toare, capsulele trebuie consumate de dou\u0103 ori pe zi &#8211; de preferin\u021b\u0103 cu 30 de minute \u00eenainte de micul dejun \u0219i pr\u00e2nzul planificat. Ar trebui s\u0103 be\u021bi cu mult\u0103 ap\u0103. Nu se recomand\u0103 dep\u0103\u0219irea dozei recomandate.<\/p>\n<p>Este foarte important ca tratamentul s\u0103 dureze cel pu\u021bin 3 luni. Acesta este timpul optim pentru a ob\u021bine efecte eficace \u0219i de lung\u0103 durat\u0103. Suplimentul ar trebui s\u0103 renun\u021be la femeile \u00eens\u0103rcinate \u0219i la mamele care al\u0103pteaz\u0103.<\/p>\n<h3><span class=\"ez-toc-section\" id=\"De_ce_este_Vivese_Senso_Duo_atat_de_eficient\"><\/span>De ce este Vivese Senso Duo at\u00e2t de eficient?<span class=\"ez-toc-section-end\"><\/span><\/h3>\n<p>Tratamentul cu suplimentul profesionist Vivese Senso Duo datoreaz\u0103 eficacitatea lui multor substan\u021be atent selectate de origine organic\u0103. Propriet\u0103\u021bile lor sunt \u00eengrijirea complet\u0103 a p\u0103rului \u0219i a scalpului &#8222;din interior&#8221;. Fiecare substan\u021b\u0103 are o ac\u021biune unic\u0103 \u0219i de ne\u00eenlocuit. Combin\u00e2ndu-le \u00eentr-un \u00eentreg, ofer\u0103 un tratament eficient \u0219i efecte aproape imediate.<\/p>\n<p>Ei ajung la sursa problemei \u0219i o rezolv\u0103 permanent. Este, de asemenea, o adev\u0103rat\u0103 comoar\u0103 de vitamine \u0219i s\u0103ruri minerale. Vivese Senso Duo, con\u021bine cea mai mare cantitate de substan\u021be valoroase, merit\u0103 s\u0103 cunoasc\u0103 cele mai valoroase propriet\u0103\u021bi:<\/p>\n<ul>\n<li><strong>L-cisteina &#8211;<\/strong> este un aminoacid care particip\u0103 la procesul de produc\u021bie de keratin\u0103 care \u00eembun\u0103t\u0103\u021be\u0219te aspectul p\u0103rului \u0219i unghiilor. Suplimentarea cu L-cistein\u0103 este recomandat\u0103 atunci c\u00e2nd p\u0103rul este uscat, poros, sub\u021bire \u0219i divizat.<\/li>\n<li><strong>Acidul P-aminobenzoic<\/strong> (PABA) &#8211; este o substan\u021b\u0103 asem\u0103n\u0103toare vitaminei care are un efect pozitiv asupra st\u0103rii pielii, ajut\u0103 la men\u021binerea culorii naturale a p\u0103rului (prevenind \u00eengro\u0219area) \u0219i \u00eei protejeaz\u0103 de c\u0103dere. \u00cen plus, este un antioxidant bun. Protejeaz\u0103 pielea \u00eempotriva efectelor d\u0103un\u0103toare ale radia\u021biei UV.<\/li>\n<li><strong>Extractul de afine<\/strong> &#8211; este ob\u021binut din fructul de afine ( <em>Vaccinium corymbosum<\/em> ), recoltat \u00een principal din p\u0103durile naturale. Afine ca un medicament natural (\u0219i, desigur, alimente) a fost folosit de milenii. Este o surs\u0103 de acid folic, acid ellagic \u0219i antioxidan\u021bi. Extractul \u00eengrije\u0219te p\u0103rul uscat, deteriorat prin vopsire. Hr\u0103ne\u0219te \u0219i hidrateaz\u0103, prevenind pleoapa. Este, de asemenea, utilizat pentru \u00eengrijirea pielii.<\/li>\n<li><strong>Nodul multiplu (Fo Ti) &#8211;<\/strong> este un agent tradi\u021bional folosit \u00een medicina tradi\u021bional\u0103 chinez\u0103 de milenii. Cu cat materiile prime sunt mai vechi, cu atat mai bine. Mai demult, se credea chiar c\u0103 r\u0103d\u0103cina de 300 de ani ar da nemurire omului. Fo-Ti ( <em>Polygonum multiflorum<\/em> ) este recunoscut ca fiind unul dintre cele mai importante plante tonifiante \u0219i \u00eentineritoare. Ac\u021biunea sa este multi-cale &#8211; afecteaz\u0103 pozitiv corpul ca o alel\u0103. Utilizarea extractului r\u0103d\u0103cin\u0103 knotweed previne psoriazis \u0219i boli de piele. \u00cen prezent, este adesea folosit \u00een suplimentele \u0219i produsele cosmetice \u00eempotriva cheiliei, precum \u0219i a p\u0103rului. Fo Ti reconstruie\u0219te pigmentul, tonific\u0103 \u0219i revigoreaz\u0103 p\u0103rul \u0219i restaureaz\u0103 pH-ul corespunz\u0103tor pe piele.<\/li>\n<li><strong>Extras<\/strong> <em>minor Sabal<\/em> &#8211; este ob\u021binut din fructe negre, str\u0103lucitoare. \u00cen medicin\u0103, ele au fost folosite din secolul al XIX-lea. Acesta con\u021bine o cantitate semnificativ\u0103 de trigliceride \u0219i este util \u00een tratamentul alopeciei androgenice, deoarece reduce nivelul de DHT. \u00cempiedic\u0103 pierderea p\u0103rului, dar \u0219i \u00eembun\u0103t\u0103\u021be\u0219te starea lor \u0219i \u00eembun\u0103t\u0103\u021be\u0219te calit\u0103\u021bile vizuale.<\/li>\n<li>Deficien\u021ba de <strong>zinc<\/strong> a acestei rela\u021bii \u00een organism se manifest\u0103 prin lipsa apetitului, infec\u021bii frecvente, precum \u0219i pierderea p\u0103rului \u0219i ruperea unghiului. Furnizarea lui cu &#8222;\u00een afar\u0103&#8221; \u00eempiedic\u0103 pierderea p\u0103rului \u0219i \u00eembun\u0103t\u0103\u021be\u0219te starea lor. Zincul controleaz\u0103 metabolismul aminoacidului care produce p\u0103rul.<\/li>\n<li><strong>Calciu<\/strong> &#8211; este cunoscut \u00een principal ca blocuri de oase \u0219i din\u021bi. \u00cen realitate, \u00eens\u0103, func\u021bionarea sa este mult mai larg\u0103 &#8211; inclusiv limiteaz\u0103 pierderea parului.<\/li>\n<li><strong>Potasiul<\/strong> &#8211; este un electrolit care promoveaz\u0103 mi\u0219carea substan\u021belor nutritive \u00een celule \u0219i face posibil\u0103 eliminarea produselor metabolice inutile. Lipsa de ioni \u00een organism se manifest\u0103 prin multe boli nepl\u0103cute, inclusiv o pierdere crescut\u0103 a p\u0103rului.<\/li>\n<li><strong>Fosfor<\/strong> &#8211; asigur\u0103 elasticitatea \u0219i elasticitatea p\u0103rului. \u00cempiedic\u0103 matreata \u0219i seborrhea.<\/li>\n<li><strong>Magneziul<\/strong> &#8211; un element necesar pentru o cre\u0219tere corespunz\u0103toare a p\u0103rului. Deficitul s\u0103u cauzeaz\u0103 divizarea masiv\u0103 a v\u00e2rfurilor \u0219i fragilitatea excesiv\u0103 a benzilor.<\/li>\n<li><strong>Mangan<\/strong> &#8211; previne c\u0103p\u0103\u021buirea \u0219i c\u0103derea p\u0103rului.<\/li>\n<li><strong>Cupru<\/strong> &#8211; ofer\u0103 o culoare bun\u0103 a p\u0103rului, afecteaz\u0103, de asemenea, elasticitatea \u0219i flexibilitatea acestora.<\/li>\n<li><strong>Molibden<\/strong> &#8211; cur\u0103\u021b\u0103 corpul de toxine \u0219i previne pierderea parului.<\/li>\n<li><strong>Seleniu<\/strong> &#8211; protejeaz\u0103 p\u0103rul de efectele nocive ale radia\u021biei solare. Limiteaz\u0103 problema usc\u0103rii p\u0103rului.<\/li>\n<li><strong>Fier &#8211;<\/strong> cu deficien\u021be de lung\u0103 durat\u0103, p\u0103rul devine sub\u021bire \u0219i fragil. \u00cendep\u0103rtarea p\u0103rului este, din p\u0103cate, vizibil\u0103.<\/li>\n<li><strong>Vitamina A<\/strong> &#8211; previne pierderea p\u0103rului, \u00eembun\u0103t\u0103\u021be\u0219te metabolismul foliculilor de p\u0103r, precum \u0219i metabolismul celulelor epiteliale ale scalpului. Ca rezultat, parul este gros \u0219i puternic.<\/li>\n<li><strong>Acid folic &#8211;<\/strong> o vitamin\u0103 B (B9) care este solubil\u0103 \u00een ap\u0103. Stimuleaz\u0103 celulele matricei pentru cre\u0219terea p\u0103rului. \u00centr-o anumit\u0103 m\u0103sur\u0103, afecteaz\u0103 \u0219i s\u0103n\u0103tatea p\u0103rului (densitate, str\u0103lucire). Se utilizeaz\u0103 \u00een tratamentele regenerative.<\/li>\n<li><strong>Tiamina (vitamina B1)<\/strong> &#8211; afecteaz\u0103 func\u021bionarea corect\u0103 a glandelor sebacee. Atunci c\u00e2nd exist\u0103 o tulburare proast\u0103, se produce prea mult\u0103 gr\u0103sime. Rezultatul este scalpul gras, lipirea parului si, uneori, seborrhea. Tiamina este implicat\u0103 \u00een producerea de materiale de construc\u021bie a p\u0103rului &#8211; aminoacizi.<\/li>\n<li><strong>Riboflavina<\/strong> <strong>(B2) &#8211;<\/strong> activeaz\u0103 cre\u0219terea p\u0103rului, previne distrugerea \u0219i regenerarea p\u0103rului.<\/li>\n<li><strong>Niacin (B3),<\/strong> denumit \u0219i vitamina PP, ofer\u0103 energie p\u0103rului, stimul\u00e2nd-o s\u0103 creasc\u0103. Afecteaz\u0103 pozitiv starea celulelor care alc\u0103tuiesc p\u0103rul.<\/li>\n<li><strong>Acid pantotenic (B5) &#8211;<\/strong> promoveaz\u0103 producerea de keratin\u0103, stimuleaz\u0103 cre\u0219terea p\u0103rului \u0219i \u00eel protejeaz\u0103 de daune.<\/li>\n<li><strong>Pyridoxina (B6)<\/strong> &#8211; joac\u0103 un rol important \u00een procesul de produc\u021bie a p\u0103rului. Accelereaz\u0103 cre\u0219terea p\u0103rului \u0219i, \u00een acela\u0219i timp, ajut\u0103 la men\u021binerea culorii naturale.<\/li>\n<li><strong>Cianocobalamina (B12)<\/strong> &#8211; deficien\u021ba acesteia \u00een organism poate provoca anemie \u0219i, la r\u00e2ndul s\u0103u, afecteaz\u0103 \u00een mod indirect pierderea p\u0103rului.<\/li>\n<li><strong>Vitamina C<\/strong> &#8211; este frecvent utilizat\u0103 pentru tratamentul preventiv al infec\u021biilor. Este un compus care are un efect universal (multe dintre propriet\u0103\u021bile sale sunt pu\u021bin cunoscute). Curatarea parului (ajuta la indepartarea impuritatilor). De asemenea, cre\u0219te capacitatea p\u0103rului de a absorbi substan\u021bele nutritive, le neteze\u0219te astfel \u00eenc\u00e2t acestea devin mai str\u0103lucitoare, \u00eempiedic\u0103 despicarea, ajut\u0103 la men\u021binerea culorii \u0219i reduc indirect pierderea p\u0103rului.<\/li>\n<li><strong>Vitamina E<\/strong> &#8211; este o &#8222;vitamina a tineretului&#8221; care \u00eent\u00e2rzie procesul de \u00eemb\u0103tr\u00e2nire. El este considerat un amator al radicalilor liberi. Unge, regenera, hidrateaz\u0103 \u0219i hr\u0103ne\u0219te p\u0103rul. El echilibreaz\u0103 activitatea glandelor sebacee.<\/li>\n<li><strong>Biotina (vitamina H) &#8211;<\/strong> se nume\u0219te &#8222;vitamina frumuse\u021bii&#8221;, afecteaz\u0103 tenul, starea p\u0103rului \u0219i unghiilor.<\/li>\n<li><strong>Coenzima Q10 &#8211;<\/strong> este un compus din grupul chinone responsabil pentru procesele energetice. Se nume\u0219te elixirul tinerilor. \u00cempiedic\u0103 \u00eemb\u0103tr\u00e2nirea p\u0103rului.<\/li>\n<\/ul>\n<p>Vivese Senso Duo este compus din extracte din plante medicinale valoroase, vitamine, compu\u0219i organici \u0219i elemente benefice. Datorit\u0103 lor, p\u0103rul \u00ee\u0219i va rec\u00e2\u0219tiga str\u0103lucirea \u0219i for\u021ba mult mai rapid. Ele vor fi \u00eent\u0103rite de la r\u0103d\u0103cin\u0103 p\u00e2n\u0103 la sf\u00e2r\u0219it.<\/p>\n<h3><span class=\"ez-toc-section\" id=\"Ce_obtinem_prin_utilizarea_unui_tratament_profesional_Vivese_Senso_Duo\"><\/span>Ce ob\u021binem prin utilizarea unui tratament profesional Vivese Senso Duo?<span class=\"ez-toc-section-end\"><\/span><\/h3>\n<p>\u00cen primul r\u00e2nd, datorit\u0103 utiliz\u0103rii regulate a unui tratament suplimentar, ob\u021binem efecte vizibile rapid \u0219i, mai presus de toate, cuprinz\u0103toare. Studiile au aratat ca, cu utilizarea regulata a Vivese Senso Duo timp de 3 luni, cantitatea de cadere a parului a scazut cu pana la 60%, iar becurile lor au devenit mai puternice, mai rezistente si mai hranite.<\/p>\n<p>Sa constatat c\u0103 dup\u0103 tratament, subiec\u021bii au \u00eenregistrat la fel de mult ca 27% p\u0103rul r\u0103mas \u00een faza de odihn\u0103, densitatea medie a p\u0103rului a crescut cu 18%, \u00een timp ce reducerea lumenilor a fost redus\u0103 cu 20%. Astfel de rezultate sunt surprinz\u0103toare \u0219i demonstreaz\u0103 posibilitatea opririi proceselor de baldachinare \u00een fiecare caz.<\/p>\n<p>Doar 1,5 s\u0103pt\u0103m\u00e2ni de utilizare regulat\u0103 a suplimentului Vivese Senso Duo pentru a ar\u0103ta schimb\u0103ri vizibile: \u00eengro\u0219area p\u0103rului semnificativ, restabilirea stralucirii, netezirea \u0219i susceptibilitatea la ouat.<\/p>\n<h3><span class=\"ez-toc-section\" id=\"Opiniile_expertilor_cu_privire_la_eficacitatea_Vivese_Senso_Duo\"><\/span>Opiniile exper\u021bilor cu privire la eficacitatea Vivese Senso Duo<span class=\"ez-toc-section-end\"><\/span><\/h3>\n<p><em>&#8222;Vivese Senso Duo este versatil \u0219i ofer\u0103 un efect rapid \u0219i permanent. Este mult mai eficient dec\u00e2t cele mai multe remedii pentru c\u0103derea p\u0103rului disponibile pe pia\u021b\u0103, deoarece ajunge la sursa problemei: cre\u0219terea DHT, deficitul de vitamine \u0219i micronutrien\u021bii. Este o adev\u0103rat\u0103 bomba nutri\u021bional\u0103 care v\u0103 permite s\u0103 echilibra\u021bi economia perturbat\u0103 a corpului. \u00cen practic\u0103, aceasta \u00eenseamn\u0103 efecte benefice \u00een multe aspecte, inclusiv \u00eembun\u0103t\u0103\u021birea aspectului \u0219i densit\u0103\u021bii p\u0103rului. M\u0103sura este preventiv\u0103 \u0219i, \u00een acela\u0219i timp, inverseaz\u0103 schimb\u0103rile adverse (de exemplu: chelie). Este sigur de utilizat. V\u0103 recomand\u0103m &#8222;<\/em> . &#8211; <strong>Sebastian, 51 de ani, tricholog<\/strong><\/p>\n<h3><span class=\"ez-toc-section\" id=\"Comentariile_utilizatorilor_privind_utilizarea_capsulelor_Vivese_Senso_Duo\"><\/span>Comentariile utilizatorilor privind utilizarea capsulelor Vivese Senso Duo<span class=\"ez-toc-section-end\"><\/span><\/h3>\n<p><em>&#8222;Sa spus \u00een casa mea c\u0103 trebuie s\u0103 \u00eemb\u0103tr\u00e2nim cu demnitate. Din p\u0103cate, nu puteam. Mai \u00eent\u00e2i de toate &#8211; \u00eenc\u0103 m-am g\u00e2ndit c\u0103 sunt departe de b\u0103tr\u00e2ne\u021be. \u00cen al doilea r\u00e2nd &#8211; dac\u0103 a\u0219 fi acceptat ridurile, nu mi-a\u0219 putea imagina c\u0103 a\u0219 avea probleme cu cheala. La v\u00e2rsta de 40 de ani, m\u0103 luptam cu un loc \u00een cre\u0219tere de piele goal\u0103 pe capul meu. P\u0103rul meu a devenit sub\u021bire, at\u00e2t de plictisitor \u0219i de multe ori de asemenea \u00eemp\u0103r\u021bit. Nu pute\u021bi s\u0103 uita\u021bi, g\u00e2ndurile pesimiste se re\u00eentorc. Am confruntat cu culoarea prin vopsire frecvent\u0103, dar am observat c\u0103 p\u0103rul nu are o fost\u0103 splendoare. Prima mea reac\u021bie a fost schimbarea produselor cosmetice. Am inceput sa folosesc balsamuri si cosmetice mai des pe cresterea lichenului si densitatea parului. De fapt, p\u0103rul era pu\u021bin mai dens, mai pl\u0103cut de atins, dar chelie nu se diminua, tocmai opusul. Am respira un suspin c\u00e2nd am ajuns pentru Vivese Senso Duo. Am luat capsule de dou\u0103 ori pe zi. Dup\u0103 o duzin\u0103 de zile am observat c\u0103 p\u0103rul nu este numai mai s\u0103n\u0103tos, dar \u0219i mai dens \u0219i mai pu\u021bin fragil. \u00cen cur\u00e2nd (s\u0103pt\u0103m\u00e2ni au trecut) am observat c\u0103 cheia nu numai c\u0103 sa oprit, dar p\u0103rul nou a ap\u0103rut timid \u00een locul pielii goale. Ca \u0219i cum bulbii ar fi fost reconstrui\u021bi. Acum baldingul este doar o amintire nepl\u0103cut\u0103, iar p\u0103rul este bunul meu. &#8222;<\/em> &#8211; <strong>Jolanta, 41 de ani<\/strong><\/p>\n<p><em>&#8222;Proverb:&#8221; un cap \u00een\u021belept nu se lipeste de p\u0103r &#8222;niciodat\u0103 nu ma convins niciodat\u0103. Din tinere\u021bea mea, am avut tendin\u021ba de a chelie, \u0219i deja la v\u00e2rsta de dou\u0103zeci \u0219i unu de ani a ap\u0103rut o \u00eendoire. Cu timpul, boala sa ad\u00e2ncit &#8211; a \u00eenceput o alt\u0103 faz\u0103, pe care eu i-am numit \u00een mod ironic capul unui c\u0103lug\u0103r. Nu m\u0103 puteam uita \u00een oglind\u0103 \u00eentr-o coafur\u0103 normal\u0103, a\u0219a c\u0103 am \u00eenceput s\u0103 taie p\u0103rul cu o ma\u0219in\u0103 de ras la zero. Nu am crezut \u00een produsele cosmetice \u0219i \u00een toate acestea legate de publicitate. Am zburat din ce \u00een ce mai sup\u0103rat p\u00e2n\u0103 c\u00e2nd au existat conflicte \u00een rela\u021bia mea. \u00cen cele din urm\u0103, fata nu a putut s\u0103 o reziste \u0219i m-a for\u021bat s\u0103 vizitez un medic specialist &#8211; un tricholog. M-am dus pentru o pace sf\u00e2nt\u0103. Nu \u0219tiam ce s\u0103 m\u0103 a\u0219tept \u00een totalitate. Medicul a recomandat tratamentul folosind suplimente. Am primit Vivese Senso Duo cu obliga\u021bia de admitere zilnic\u0103. Am ridicat din umeri, pentru c\u0103 cum pot ajuta ni\u0219te capsule? Sistematic &#8211; sub ochii buni ai jum\u0103t\u0103\u021bii mele &#8211; i-am acceptat f\u0103r\u0103 convingere. Nu am \u00eenregistrat c\u00e2t timp a trecut, dar poate dup\u0103 c\u00e2teva s\u0103pt\u0103m\u00e2ni p\u0103rul a devenit mai dens. Am \u00eencetat s\u0103 le taie. \u00cenainte de sc\u0103derea coturilor \u0219i chelie, mi-a luat \u0219i mai mult. Acum &#8211; dup\u0103 aproximativ o jum\u0103tate de an de tratament &#8211; \u00eenc\u0103 nu am un p\u0103r luxuriant emo, dar ar\u0103t normal. Parul sa \u00eentors \u00een locuri unde pielea a fost goal\u0103. Nu m\u0103 a\u0219teptam. De aceea v\u0103 recomand\u0103m Vivese Senso Duo. Nu exist\u0103 nimic care s\u0103 se g\u00e2ndeasc\u0103 chiar la decizie<\/em> . <em>&#8222;<\/em> &#8211; <strong>Jarek, 28 de ani<\/strong><\/p>\n<p><em>&#8222;Din fericire am reac\u021bionat \u00een faza incipient\u0103 imediat ce am observat simptome alarmante &#8211; pierderea parului \u00een mas\u0103 \u0219i fragilitate mai mare, acum folosesc suplimente profilactice, am verificat compozi\u021bia \u0219i \u0219tiu c\u0103 nu ajut\u0103 numai la conservarea alopeciei androgenetice (\u0219i unghiile) s\u0103n\u0103toase, dar sus\u021bine organismul \u00een multe alte domenii. Datorit\u0103 complexului de compu\u0219i valoro\u0219i, vitamine \u0219i elemente, m\u0103 pot bucura de s\u0103n\u0103tate \u0219i frumuse\u021be bun\u0103 &#8222;.<\/em> &#8211; <strong>Malwina, 38 de ani<\/strong><\/p>\n<h3><span class=\"ez-toc-section\" id=\"Merita_sa_optezi_pentru_tratament_folosind_Vivese_Senso_Duo_Evaluarea_noastra\"><\/span>Merit\u0103 s\u0103 optezi pentru tratament folosind Vivese Senso Duo? Evaluarea noastr\u0103<span class=\"ez-toc-section-end\"><\/span><\/h3>\n<p>Vivese Senso Duo, va oferi dermo-cura profesionala pentru persoanele care se lupta cu problema caderii parului. O formul\u0103 inovatoare de ac\u021biune, se bazeaz\u0103 pe sprijinul global al organismului, ob\u021bin\u00e2nd rezultate surprinz\u0103tor de bune. C\u0103derea p\u0103rului \u0219i starea lui sl\u0103bit\u0103 vor deveni doar o amintire!<\/p>\n<h3><span class=\"ez-toc-section\" id=\"De_unde_cumpar_Vivese_Senso_Duo_Recomandarea_noastra\"><\/span>De unde cump\u0103r Vivese Senso Duo? Recomandarea noastr\u0103<span class=\"ez-toc-section-end\"><\/span><\/h3>\n<p>Vivese Senso Duo este recomandat s\u0103 cump\u0103ra\u021bi din paginile originale verificate &#8211; v\u0103 ofer\u0103 siguran\u021ba nu numai a eficacit\u0103\u021bii (adic\u0103 produsul nu va fi contraf\u0103cut), ci \u0219i livrarea corect\u0103. Se ridic\u0103 doar \u00eentrebarea: care puncte de v\u00e2nzare online sunt &#8222;asigurate&#8221;?<\/p>\n<div class=\"belcherwt aligncenter\" style=\"border: #000 dashed 3px; padding: 10px 20px; margin: 10px 0; font-size: 16px;\">\n<p style=\"text-align: left;\"><a href=\"https:\/\/www.uia.archi\/go\/chevelo-blog\/\" rel=\"nofollow\"><img loading=\"lazy\" decoding=\"async\" class=\"alignleft wp-image-389\" style=\"border: 0px;\" src=\"\/wp-content\/uploads\/2019\/05\/vivese-senso-duo-capsules.jpg\" alt=\"vivese senso duo\" width=\"175\" height=\"352\" \/><\/a> <strong>NOT\u0102:<\/strong> Pentru o perioad\u0103 limitat\u0103 de timp, distribuitorul oficial al capsulelor pentru niveluri ridicate de zah\u0103r, <a href=\"https:\/\/www.uia.archi\/go\/chevelo-blog\/\" rel=\"nofollow\"><strong>VIVESE SENSO DUO<\/strong><\/a> are o ofert\u0103 special\u0103 pentru cititorii no\u0219tri. Este asociat cu o garan\u021bie tripl\u0103 de satisfac\u021bie pentru tratamentul achizi\u021bionat \u00een cazul \u00een care nu aduce rezultatele a\u0219teptate.<\/p>\n<p style=\"text-align: left;\"><a style=\"text-decoration: underline; color: #0046af;\" href=\"https:\/\/www.uia.archi\/go\/chevelo-blog\/\" rel=\"nofollow\"><strong>Face\u021bi clic aici pentru a \u00eencerca capsule pentru niveluri ridicate de zah\u0103r VIVESE SENSO DUO!<\/strong><\/a><\/p>\n<p style=\"text-align: left;\"><span style=\"color: #000000;\"><span style=\"background-color: #ffff00;\"><a href=\"https:\/\/www.uia.archi\/go\/chevelo-blog\/\" rel=\"nofollow\"><span style=\"color: #000000;\"><strong style=\"color: #000000;\">utiliza\u021bi ACEST link pentru a ob\u021bine o LIVRARE GRATUIT\u0102<\/strong><\/span><\/a><\/span><\/span><\/p>\n<p>&nbsp;<\/p>\n<p style=\"text-align: left;\"><strong><span style=\"color: #ff0000;\">Oferta special\u0103 se termin\u0103 \u0219i ast\u0103zi!<\/span><\/strong><\/p>\n<\/div>\n","protected":false},"excerpt":{"rendered":"<p>Vivese Senso Duo a ap\u0103rut pe pia\u021b\u0103, oferind un tratament dermo profesionist pentru c\u0103derea p\u0103rului. Capsulele cu o formul\u0103 aleas\u0103 cu grij\u0103 sus\u021bin, de asemenea, cre\u0219terea lor, dau o str\u0103lucire \u0219i un aspect s\u0103n\u0103tos. Ele sunt recunoscute ca un activator real \u00een domeniul baldingului. Acesta este primul tratament inovator cu celule stem care actioneaza direct [&hellip;]<\/p>\n","protected":false},"author":1,"featured_media":0,"comment_status":"open","ping_status":"open","sticky":false,"template":"","format":"standard","meta":{"cybocfi_hide_featured_image":"","footnotes":""},"categories":[1,27],"tags":[],"class_list":["post-472","post","type-post","status-publish","format-standard","hentry","category-avis-sur-les-produits","category-recenzii-de-produse"],"yoast_head":"<!-- This site is optimized with the Yoast SEO plugin v27.5 - https:\/\/yoast.com\/product\/yoast-seo-wordpress\/ -->\n<title>Vivese Senso Duo - analiza ac\u021biunii capsulelor \u00eempotriva cheiliei<\/title>\n<meta name=\"robots\" content=\"index, follow, max-snippet:-1, max-image-preview:large, max-video-preview:-1\" \/>\n<link rel=\"canonical\" href=\"https:\/\/www.uia.archi\/ro\/vivese-senso-duo-analiza-actiunii-capsulelor-impotriva-cheiliei\/\" \/>\n<meta property=\"og:locale\" content=\"ro_RO\" \/>\n<meta property=\"og:type\" content=\"article\" \/>\n<meta property=\"og:title\" content=\"Vivese Senso Duo - analiza ac\u021biunii capsulelor \u00eempotriva cheiliei\" \/>\n<meta property=\"og:description\" content=\"Vivese Senso Duo a ap\u0103rut pe pia\u021b\u0103, oferind un tratament dermo profesionist pentru c\u0103derea p\u0103rului. Capsulele cu o formul\u0103 aleas\u0103 cu grij\u0103 sus\u021bin, de asemenea, cre\u0219terea lor, dau o str\u0103lucire \u0219i un aspect s\u0103n\u0103tos. Ele sunt recunoscute ca un activator real \u00een domeniul baldingului. Acesta este primul tratament inovator cu celule stem care actioneaza direct [&hellip;]\" \/>\n<meta property=\"og:url\" content=\"https:\/\/www.uia.archi\/ro\/vivese-senso-duo-analiza-actiunii-capsulelor-impotriva-cheiliei\/\" \/>\n<meta property=\"og:site_name\" content=\"Articole interna\u021bionale unice\" \/>\n<meta property=\"article:published_time\" content=\"2019-05-26T22:00:00+00:00\" \/>\n<meta property=\"article:modified_time\" content=\"2021-07-02T18:30:31+00:00\" \/>\n<meta property=\"og:image\" content=\"https:\/\/www.uia.archi\/wp-content\/uploads\/2019\/05\/vivese-senso-duo-capsules.jpg\" \/>\n<meta name=\"author\" content=\"Writer\" \/>\n<meta name=\"twitter:card\" content=\"summary_large_image\" \/>\n<meta name=\"twitter:label1\" content=\"Scris de\" \/>\n\t<meta name=\"twitter:data1\" content=\"Writer\" \/>\n\t<meta name=\"twitter:label2\" content=\"Timp estimat pentru citire\" \/>\n\t<meta name=\"twitter:data2\" content=\"13 minute\" \/>\n<script type=\"application\/ld+json\" class=\"yoast-schema-graph\">{\"@context\":\"https:\\\/\\\/schema.org\",\"@graph\":[{\"@type\":\"Article\",\"@id\":\"https:\\\/\\\/www.uia.archi\\\/ro\\\/vivese-senso-duo-analiza-actiunii-capsulelor-impotriva-cheiliei\\\/#article\",\"isPartOf\":{\"@id\":\"https:\\\/\\\/www.uia.archi\\\/ro\\\/vivese-senso-duo-analiza-actiunii-capsulelor-impotriva-cheiliei\\\/\"},\"author\":{\"name\":\"Writer\",\"@id\":\"https:\\\/\\\/www.uia.archi\\\/ro\\\/#\\\/schema\\\/person\\\/3d67c6894ced0e7a84948b704169c9c2\"},\"headline\":\"Vivese Senso Duo &#8211; analiza ac\u021biunii capsulelor \u00eempotriva cheiliei\",\"datePublished\":\"2019-05-26T22:00:00+00:00\",\"dateModified\":\"2021-07-02T18:30:31+00:00\",\"mainEntityOfPage\":{\"@id\":\"https:\\\/\\\/www.uia.archi\\\/ro\\\/vivese-senso-duo-analiza-actiunii-capsulelor-impotriva-cheiliei\\\/\"},\"wordCount\":2705,\"commentCount\":0,\"articleSection\":[\"Avis sur les produits\",\"Recenzii de produse\"],\"inLanguage\":\"ro-RO\",\"potentialAction\":[{\"@type\":\"CommentAction\",\"name\":\"Comment\",\"target\":[\"https:\\\/\\\/www.uia.archi\\\/ro\\\/vivese-senso-duo-analiza-actiunii-capsulelor-impotriva-cheiliei\\\/#respond\"]}]},{\"@type\":\"WebPage\",\"@id\":\"https:\\\/\\\/www.uia.archi\\\/ro\\\/vivese-senso-duo-analiza-actiunii-capsulelor-impotriva-cheiliei\\\/\",\"url\":\"https:\\\/\\\/www.uia.archi\\\/ro\\\/vivese-senso-duo-analiza-actiunii-capsulelor-impotriva-cheiliei\\\/\",\"name\":\"Vivese Senso Duo - analiza ac\u021biunii capsulelor \u00eempotriva cheiliei\",\"isPartOf\":{\"@id\":\"https:\\\/\\\/www.uia.archi\\\/ro\\\/#website\"},\"datePublished\":\"2019-05-26T22:00:00+00:00\",\"dateModified\":\"2021-07-02T18:30:31+00:00\",\"author\":{\"@id\":\"https:\\\/\\\/www.uia.archi\\\/ro\\\/#\\\/schema\\\/person\\\/3d67c6894ced0e7a84948b704169c9c2\"},\"breadcrumb\":{\"@id\":\"https:\\\/\\\/www.uia.archi\\\/ro\\\/vivese-senso-duo-analiza-actiunii-capsulelor-impotriva-cheiliei\\\/#breadcrumb\"},\"inLanguage\":\"ro-RO\",\"potentialAction\":[{\"@type\":\"ReadAction\",\"target\":[\"https:\\\/\\\/www.uia.archi\\\/ro\\\/vivese-senso-duo-analiza-actiunii-capsulelor-impotriva-cheiliei\\\/\"]}]},{\"@type\":\"BreadcrumbList\",\"@id\":\"https:\\\/\\\/www.uia.archi\\\/ro\\\/vivese-senso-duo-analiza-actiunii-capsulelor-impotriva-cheiliei\\\/#breadcrumb\",\"itemListElement\":[{\"@type\":\"ListItem\",\"position\":1,\"name\":\"Acas\u0103\",\"item\":\"https:\\\/\\\/www.uia.archi\\\/ro\\\/\"},{\"@type\":\"ListItem\",\"position\":2,\"name\":\"Recenzii de produse\",\"item\":\"https:\\\/\\\/www.uia.archi\\\/ro\\\/category\\\/recenzii-de-produse\\\/\"},{\"@type\":\"ListItem\",\"position\":3,\"name\":\"Vivese Senso Duo &#8211; analiza ac\u021biunii capsulelor \u00eempotriva cheiliei\"}]},{\"@type\":\"WebSite\",\"@id\":\"https:\\\/\\\/www.uia.archi\\\/ro\\\/#website\",\"url\":\"https:\\\/\\\/www.uia.archi\\\/ro\\\/\",\"name\":\"Articole interna\u021bionale unice\",\"description\":\"Articole despre diverse subiecte, o resurs\u0103 de cuno\u0219tin\u021be valoroas\u0103 pentru dvs. \u0219i familia dumneavoastr\u0103\",\"potentialAction\":[{\"@type\":\"SearchAction\",\"target\":{\"@type\":\"EntryPoint\",\"urlTemplate\":\"https:\\\/\\\/www.uia.archi\\\/ro\\\/?s={search_term_string}\"},\"query-input\":{\"@type\":\"PropertyValueSpecification\",\"valueRequired\":true,\"valueName\":\"search_term_string\"}}],\"inLanguage\":\"ro-RO\"},{\"@type\":\"Person\",\"@id\":\"https:\\\/\\\/www.uia.archi\\\/ro\\\/#\\\/schema\\\/person\\\/3d67c6894ced0e7a84948b704169c9c2\",\"name\":\"Writer\",\"image\":{\"@type\":\"ImageObject\",\"inLanguage\":\"ro-RO\",\"@id\":\"https:\\\/\\\/www.uia.archi\\\/wp-content\\\/litespeed\\\/avatar\\\/1a002795387e512944da0898076d6c44.jpg?ver=1777482563\",\"url\":\"https:\\\/\\\/www.uia.archi\\\/wp-content\\\/litespeed\\\/avatar\\\/1a002795387e512944da0898076d6c44.jpg?ver=1777482563\",\"contentUrl\":\"https:\\\/\\\/www.uia.archi\\\/wp-content\\\/litespeed\\\/avatar\\\/1a002795387e512944da0898076d6c44.jpg?ver=1777482563\",\"caption\":\"Writer\"},\"sameAs\":[\"https:\\\/\\\/www.uia.archi\"],\"url\":\"https:\\\/\\\/www.uia.archi\\\/ro\\\/author\\\/writer\\\/\"}]}<\/script>\n<!-- \/ Yoast SEO plugin. -->","yoast_head_json":{"title":"Vivese Senso Duo - analiza ac\u021biunii capsulelor \u00eempotriva cheiliei","robots":{"index":"index","follow":"follow","max-snippet":"max-snippet:-1","max-image-preview":"max-image-preview:large","max-video-preview":"max-video-preview:-1"},"canonical":"https:\/\/www.uia.archi\/ro\/vivese-senso-duo-analiza-actiunii-capsulelor-impotriva-cheiliei\/","og_locale":"ro_RO","og_type":"article","og_title":"Vivese Senso Duo - analiza ac\u021biunii capsulelor \u00eempotriva cheiliei","og_description":"Vivese Senso Duo a ap\u0103rut pe pia\u021b\u0103, oferind un tratament dermo profesionist pentru c\u0103derea p\u0103rului. Capsulele cu o formul\u0103 aleas\u0103 cu grij\u0103 sus\u021bin, de asemenea, cre\u0219terea lor, dau o str\u0103lucire \u0219i un aspect s\u0103n\u0103tos. Ele sunt recunoscute ca un activator real \u00een domeniul baldingului. Acesta este primul tratament inovator cu celule stem care actioneaza direct [&hellip;]","og_url":"https:\/\/www.uia.archi\/ro\/vivese-senso-duo-analiza-actiunii-capsulelor-impotriva-cheiliei\/","og_site_name":"Articole interna\u021bionale unice","article_published_time":"2019-05-26T22:00:00+00:00","article_modified_time":"2021-07-02T18:30:31+00:00","og_image":[{"url":"https:\/\/www.uia.archi\/wp-content\/uploads\/2019\/05\/vivese-senso-duo-capsules.jpg","type":"","width":"","height":""}],"author":"Writer","twitter_card":"summary_large_image","twitter_misc":{"Scris de":"Writer","Timp estimat pentru citire":"13 minute"},"schema":{"@context":"https:\/\/schema.org","@graph":[{"@type":"Article","@id":"https:\/\/www.uia.archi\/ro\/vivese-senso-duo-analiza-actiunii-capsulelor-impotriva-cheiliei\/#article","isPartOf":{"@id":"https:\/\/www.uia.archi\/ro\/vivese-senso-duo-analiza-actiunii-capsulelor-impotriva-cheiliei\/"},"author":{"name":"Writer","@id":"https:\/\/www.uia.archi\/ro\/#\/schema\/person\/3d67c6894ced0e7a84948b704169c9c2"},"headline":"Vivese Senso Duo &#8211; analiza ac\u021biunii capsulelor \u00eempotriva cheiliei","datePublished":"2019-05-26T22:00:00+00:00","dateModified":"2021-07-02T18:30:31+00:00","mainEntityOfPage":{"@id":"https:\/\/www.uia.archi\/ro\/vivese-senso-duo-analiza-actiunii-capsulelor-impotriva-cheiliei\/"},"wordCount":2705,"commentCount":0,"articleSection":["Avis sur les produits","Recenzii de produse"],"inLanguage":"ro-RO","potentialAction":[{"@type":"CommentAction","name":"Comment","target":["https:\/\/www.uia.archi\/ro\/vivese-senso-duo-analiza-actiunii-capsulelor-impotriva-cheiliei\/#respond"]}]},{"@type":"WebPage","@id":"https:\/\/www.uia.archi\/ro\/vivese-senso-duo-analiza-actiunii-capsulelor-impotriva-cheiliei\/","url":"https:\/\/www.uia.archi\/ro\/vivese-senso-duo-analiza-actiunii-capsulelor-impotriva-cheiliei\/","name":"Vivese Senso Duo - analiza ac\u021biunii capsulelor \u00eempotriva cheiliei","isPartOf":{"@id":"https:\/\/www.uia.archi\/ro\/#website"},"datePublished":"2019-05-26T22:00:00+00:00","dateModified":"2021-07-02T18:30:31+00:00","author":{"@id":"https:\/\/www.uia.archi\/ro\/#\/schema\/person\/3d67c6894ced0e7a84948b704169c9c2"},"breadcrumb":{"@id":"https:\/\/www.uia.archi\/ro\/vivese-senso-duo-analiza-actiunii-capsulelor-impotriva-cheiliei\/#breadcrumb"},"inLanguage":"ro-RO","potentialAction":[{"@type":"ReadAction","target":["https:\/\/www.uia.archi\/ro\/vivese-senso-duo-analiza-actiunii-capsulelor-impotriva-cheiliei\/"]}]},{"@type":"BreadcrumbList","@id":"https:\/\/www.uia.archi\/ro\/vivese-senso-duo-analiza-actiunii-capsulelor-impotriva-cheiliei\/#breadcrumb","itemListElement":[{"@type":"ListItem","position":1,"name":"Acas\u0103","item":"https:\/\/www.uia.archi\/ro\/"},{"@type":"ListItem","position":2,"name":"Recenzii de produse","item":"https:\/\/www.uia.archi\/ro\/category\/recenzii-de-produse\/"},{"@type":"ListItem","position":3,"name":"Vivese Senso Duo &#8211; analiza ac\u021biunii capsulelor \u00eempotriva cheiliei"}]},{"@type":"WebSite","@id":"https:\/\/www.uia.archi\/ro\/#website","url":"https:\/\/www.uia.archi\/ro\/","name":"Articole interna\u021bionale unice","description":"Articole despre diverse subiecte, o resurs\u0103 de cuno\u0219tin\u021be valoroas\u0103 pentru dvs. \u0219i familia dumneavoastr\u0103","potentialAction":[{"@type":"SearchAction","target":{"@type":"EntryPoint","urlTemplate":"https:\/\/www.uia.archi\/ro\/?s={search_term_string}"},"query-input":{"@type":"PropertyValueSpecification","valueRequired":true,"valueName":"search_term_string"}}],"inLanguage":"ro-RO"},{"@type":"Person","@id":"https:\/\/www.uia.archi\/ro\/#\/schema\/person\/3d67c6894ced0e7a84948b704169c9c2","name":"Writer","image":{"@type":"ImageObject","inLanguage":"ro-RO","@id":"https:\/\/www.uia.archi\/wp-content\/litespeed\/avatar\/1a002795387e512944da0898076d6c44.jpg?ver=1777482563","url":"https:\/\/www.uia.archi\/wp-content\/litespeed\/avatar\/1a002795387e512944da0898076d6c44.jpg?ver=1777482563","contentUrl":"https:\/\/www.uia.archi\/wp-content\/litespeed\/avatar\/1a002795387e512944da0898076d6c44.jpg?ver=1777482563","caption":"Writer"},"sameAs":["https:\/\/www.uia.archi"],"url":"https:\/\/www.uia.archi\/ro\/author\/writer\/"}]}},"blog_post_layout_featured_media_urls":{"thumbnail":"","full":""},"categories_names":{"1":{"name":"Avis sur les produits","link":"https:\/\/www.uia.archi\/category\/avis-sur-les-produits\/"},"27":{"name":"Recenzii de produse","link":"https:\/\/www.uia.archi\/ro\/category\/recenzii-de-produse\/"}},"tags_names":[],"comments_number":"0","wpmagazine_modules_lite_featured_media_urls":{"thumbnail":"","cvmm-medium":"","cvmm-medium-plus":"","cvmm-portrait":"","cvmm-medium-square":"","cvmm-large":"","cvmm-small":"","full":""},"_links":{"self":[{"href":"https:\/\/www.uia.archi\/ro\/wp-json\/wp\/v2\/posts\/472","targetHints":{"allow":["GET"]}}],"collection":[{"href":"https:\/\/www.uia.archi\/ro\/wp-json\/wp\/v2\/posts"}],"about":[{"href":"https:\/\/www.uia.archi\/ro\/wp-json\/wp\/v2\/types\/post"}],"author":[{"embeddable":true,"href":"https:\/\/www.uia.archi\/ro\/wp-json\/wp\/v2\/users\/1"}],"replies":[{"embeddable":true,"href":"https:\/\/www.uia.archi\/ro\/wp-json\/wp\/v2\/comments?post=472"}],"version-history":[{"count":0,"href":"https:\/\/www.uia.archi\/ro\/wp-json\/wp\/v2\/posts\/472\/revisions"}],"wp:attachment":[{"href":"https:\/\/www.uia.archi\/ro\/wp-json\/wp\/v2\/media?parent=472"}],"wp:term":[{"taxonomy":"category","embeddable":true,"href":"https:\/\/www.uia.archi\/ro\/wp-json\/wp\/v2\/categories?post=472"},{"taxonomy":"post_tag","embeddable":true,"href":"https:\/\/www.uia.archi\/ro\/wp-json\/wp\/v2\/tags?post=472"}],"curies":[{"name":"wp","href":"https:\/\/api.w.org\/{rel}","templated":true}]}}