{"id":473,"date":"2019-05-27T00:00:00","date_gmt":"2019-05-26T22:00:00","guid":{"rendered":"https:\/\/www.uia.archi\/vivese-senso-duo-analyza-ucinku-kapsul-proti-plesatosti\/"},"modified":"2021-07-02T20:26:23","modified_gmt":"2021-07-02T18:26:23","slug":"vivese-senso-duo-analyza-ucinku-kapsul-proti-plesatosti","status":"publish","type":"post","link":"https:\/\/www.uia.archi\/sk\/vivese-senso-duo-analyza-ucinku-kapsul-proti-plesatosti\/","title":{"rendered":"Vivese Senso Duo &#8211; anal\u00fdza \u00fa\u010dinku kaps\u00fal proti ple\u0161atosti"},"content":{"rendered":"<div id=\"ez-toc-container\" class=\"ez-toc-v2_0_82_2 counter-hierarchy ez-toc-counter ez-toc-grey ez-toc-container-direction\">\n<p class=\"ez-toc-title\" style=\"cursor:inherit\">Obsah:<\/p>\n<label for=\"ez-toc-cssicon-toggle-item-69f5ae8519bf0\" class=\"ez-toc-cssicon-toggle-label\"><span class=\"\"><span class=\"eztoc-hide\" style=\"display:none;\">Toggle<\/span><span class=\"ez-toc-icon-toggle-span\"><svg style=\"fill: #999;color:#999\" xmlns=\"http:\/\/www.w3.org\/2000\/svg\" class=\"list-377408\" width=\"20px\" height=\"20px\" viewBox=\"0 0 24 24\" fill=\"none\"><path d=\"M6 6H4v2h2V6zm14 0H8v2h12V6zM4 11h2v2H4v-2zm16 0H8v2h12v-2zM4 16h2v2H4v-2zm16 0H8v2h12v-2z\" fill=\"currentColor\"><\/path><\/svg><svg style=\"fill: #999;color:#999\" class=\"arrow-unsorted-368013\" xmlns=\"http:\/\/www.w3.org\/2000\/svg\" width=\"10px\" height=\"10px\" viewBox=\"0 0 24 24\" version=\"1.2\" baseProfile=\"tiny\"><path d=\"M18.2 9.3l-6.2-6.3-6.2 6.3c-.2.2-.3.4-.3.7s.1.5.3.7c.2.2.4.3.7.3h11c.3 0 .5-.1.7-.3.2-.2.3-.5.3-.7s-.1-.5-.3-.7zM5.8 14.7l6.2 6.3 6.2-6.3c.2-.2.3-.5.3-.7s-.1-.5-.3-.7c-.2-.2-.4-.3-.7-.3h-11c-.3 0-.5.1-.7.3-.2.2-.3.5-.3.7s.1.5.3.7z\"\/><\/svg><\/span><\/span><\/label><input type=\"checkbox\"  id=\"ez-toc-cssicon-toggle-item-69f5ae8519bf0\"  aria-label=\"Toggle\" \/><nav><ul class='ez-toc-list ez-toc-list-level-1 ' ><li class='ez-toc-page-1 ez-toc-heading-level-3'><a class=\"ez-toc-link ez-toc-heading-1\" href=\"https:\/\/www.uia.archi\/sk\/vivese-senso-duo-analyza-ucinku-kapsul-proti-plesatosti\/#Co_je_Vivese_Senso_Duo\" >\u010co je Vivese Senso Duo?<\/a><\/li><li class='ez-toc-page-1 ez-toc-heading-level-3'><a class=\"ez-toc-link ez-toc-heading-2\" href=\"https:\/\/www.uia.archi\/sk\/vivese-senso-duo-analyza-ucinku-kapsul-proti-plesatosti\/#Vivese_Senso_Duo_%E2%80%93_vyuzitie_a_prevadzka\" >Vivese Senso Duo &#8211; vyu\u017eitie a prev\u00e1dzka<\/a><\/li><li class='ez-toc-page-1 ez-toc-heading-level-3'><a class=\"ez-toc-link ez-toc-heading-3\" href=\"https:\/\/www.uia.archi\/sk\/vivese-senso-duo-analyza-ucinku-kapsul-proti-plesatosti\/#Preco_je_Vivese_Senso_Duo_tak_efektivny\" >Pre\u010do je Vivese Senso Duo tak efekt\u00edvny?<\/a><\/li><li class='ez-toc-page-1 ez-toc-heading-level-3'><a class=\"ez-toc-link ez-toc-heading-4\" href=\"https:\/\/www.uia.archi\/sk\/vivese-senso-duo-analyza-ucinku-kapsul-proti-plesatosti\/#Co_ziskame_pouzivanim_profesionalnej_liecby_Vivese_Senso_Duo\" >\u010co z\u00edskame pou\u017e\u00edvan\u00edm profesion\u00e1lnej lie\u010dby Vivese Senso Duo?<\/a><\/li><li class='ez-toc-page-1 ez-toc-heading-level-3'><a class=\"ez-toc-link ez-toc-heading-5\" href=\"https:\/\/www.uia.archi\/sk\/vivese-senso-duo-analyza-ucinku-kapsul-proti-plesatosti\/#Nazory_odbornikov_na_ucinnost_Vivese_Senso_Duo\" >N\u00e1zory odborn\u00edkov na \u00fa\u010dinnos\u0165 Vivese Senso Duo<\/a><\/li><li class='ez-toc-page-1 ez-toc-heading-level-3'><a class=\"ez-toc-link ez-toc-heading-6\" href=\"https:\/\/www.uia.archi\/sk\/vivese-senso-duo-analyza-ucinku-kapsul-proti-plesatosti\/#Spatna_vazba_uzivatela_o_pouzivani_kapsul_Vivese_Senso_Duo\" >Sp\u00e4tn\u00e1 v\u00e4zba u\u017e\u00edvate\u013ea o pou\u017e\u00edvan\u00ed kaps\u00fal Vivese Senso Duo<\/a><\/li><li class='ez-toc-page-1 ez-toc-heading-level-3'><a class=\"ez-toc-link ez-toc-heading-7\" href=\"https:\/\/www.uia.archi\/sk\/vivese-senso-duo-analyza-ucinku-kapsul-proti-plesatosti\/#Oplati_sa_zvolit_liecbu_pomocou_Vivese_Senso_Duo_Nase_hodnotenie\" >Oplat\u00ed sa zvoli\u0165 lie\u010dbu pomocou Vivese Senso Duo? Na\u0161e hodnotenie<\/a><\/li><li class='ez-toc-page-1 ez-toc-heading-level-3'><a class=\"ez-toc-link ez-toc-heading-8\" href=\"https:\/\/www.uia.archi\/sk\/vivese-senso-duo-analyza-ucinku-kapsul-proti-plesatosti\/#Kde_kupit_Vivese_Senso_Duo_Nase_odporucanie\" >Kde k\u00fapi\u0165 Vivese Senso Duo? Na\u0161e odpor\u00fa\u010danie<\/a><\/li><\/ul><\/nav><\/div>\n<p>Vivese Senso Duo sa objavila na trhu a poskytuje profesion\u00e1lnu dermatol\u00f3giu pre vypad\u00e1vanie vlasov. Kapsuly s starostlivo vybran\u00fdm zlo\u017een\u00edm tie\u017e podporuj\u00fa ich rast, dod\u00e1vaj\u00fa \u017eiaru a zdrav\u00e9mu vzh\u013eadu. S\u00fa pova\u017eovan\u00ed za skuto\u010dn\u00e9ho aktiv\u00e1tora v oblasti ple\u0161atenia.<\/p>\n<p>Toto je prv\u00e9 inovat\u00edvne o\u0161etrenie kme\u0148ov\u00fdmi bunkami, ktor\u00e9 p\u00f4sobia priamo na najhlb\u0161iu vrstvu vlasov &#8211; obnovuj\u00fa jeho \u0161trukt\u00faru a d\u00e1vaj\u00fa jej nov\u00fd \u017eivot! Stoj\u00ed za to spozna\u0165 \u0161pecifik\u00e1 Vivese Senso Duo.<\/p>\n<p>Ide o \u0161pecializovan\u00fa radu doplnkov v\u00fd\u017eivy ur\u010den\u00fdch pre mu\u017eov aj \u017eeny, ktor\u00e9 z\u00e1pasia s nadmernou stratou vlasov sp\u00f4sobenou zl\u00fdm stravovan\u00edm, stresom sprev\u00e1dzaj\u00facim ka\u017edodenn\u00fd \u017eivot, hormon\u00e1lnymi poruchami alebo chorobami.<\/p>\n<h3><span class=\"ez-toc-section\" id=\"Co_je_Vivese_Senso_Duo\"><\/span>\u010co je Vivese Senso Duo?<span class=\"ez-toc-section-end\"><\/span><\/h3>\n<p>Je to pokro\u010dil\u00e1 recept\u00fara p\u00f4sobiaca na vlasy, ktor\u00e1 ju regeneruje, chr\u00e1ni a posil\u0148uje. V\u00fd\u017eivov\u00fd doplnok je pevne zabalen\u00fd a m\u00e1 formu kaps\u00fal.<\/p>\n<p>V\u010faka najkvalitnej\u0161\u00edm pr\u00edsad\u00e1m poskytuje Vivese Senso Duo v\u00fdrazn\u00e9 v\u00fdsledky po prvom t\u00fd\u017edni pou\u017e\u00edvania a po 3 mesiacoch pravideln\u00e9ho pou\u017e\u00edvania zlep\u0161uje stav vlasov a poko\u017eky hlavy a\u017e o 60%. Ka\u017ed\u00e1 zlo\u017eka obsiahnut\u00e1 vo v\u00fdrobku je starostlivo vybran\u00e1 a vybran\u00e1 tak, aby \u00fa\u010dinky boli vidite\u013en\u00e9 a trval\u00e9.<\/p>\n<h3><span class=\"ez-toc-section\" id=\"Vivese_Senso_Duo_%E2%80%93_vyuzitie_a_prevadzka\"><\/span>Vivese Senso Duo &#8211; vyu\u017eitie a prev\u00e1dzka<span class=\"ez-toc-section-end\"><\/span><\/h3>\n<p><a href=\"https:\/\/www.uia.archi\/go\/chevelo-blog\/\" rel=\"nofollow\"><img loading=\"lazy\" decoding=\"async\" class=\"wp-image-389 alignright\" style=\"border: 0px;\" src=\"\/wp-content\/uploads\/2019\/05\/vivese-senso-duo-capsules.jpg\" alt=\"vivese senso duo\" width=\"218\" height=\"440\" \/><\/a> V\u010faka jedine\u010dne vybran\u00e9mu zlo\u017eeniu 30 akt\u00edvnych \u017eiv\u00edn poskytuje Vivese Senso Duo kr\u00e1tkodob\u00e9 \u00fa\u010dinky, ktor\u00e9 zvy\u0161uj\u00fa elasticitu vlasov, potl\u00e1\u010daj\u00fa ich stratu a regeneruj\u00fa ich od cibule po jej koniec. Nakoniec s\u00fa vlasy hrub\u0161ie, hustej\u0161ie a zdrav\u0161ie (bez roz\u0161tiepen\u00fdch koncov).<\/p>\n<p>Pravideln\u00e9 o\u0161etrenie v\u00e1m umo\u017en\u00ed zbavi\u0165 sa z\u00e1krut a celkovej ple\u0161atosti. \u010eal\u0161ou v\u00fdhodou je recept\u00fara &#8211; \u013eahk\u00e1 a \u013eahko pou\u017eite\u013en\u00e1, \u010do nie je z\u00e1\u0165a\u017e pre \u017eal\u00fadok a pe\u010de\u0148 s\u00fa\u010dasne. Aby boli v\u00fdsledky r\u00fdchle a uspokojiv\u00e9, kapsuly by sa mali konzumova\u0165 dvakr\u00e1t denne &#8211; najlep\u0161ie 30 min\u00fat pred pl\u00e1novan\u00fdmi ra\u0148ajkami a obedom. Mali by ste to vypi\u0165 ve\u013ek\u00fdm mno\u017estvom vody. Neodpor\u00fa\u010da sa prekro\u010di\u0165 odpor\u00fa\u010dan\u00fa d\u00e1vku.<\/p>\n<p>Je ve\u013emi d\u00f4le\u017eit\u00e9, aby lie\u010dba trvala najmenej 3 mesiace, \u010do je optim\u00e1lny \u010das na dosiahnutie efekt\u00edvnych a dlhotrvaj\u00facich \u00fa\u010dinkov. Doplnok by sa mal vzda\u0165 tehotn\u00fdch \u017eien a doj\u010diacich matiek.<\/p>\n<h3><span class=\"ez-toc-section\" id=\"Preco_je_Vivese_Senso_Duo_tak_efektivny\"><\/span>Pre\u010do je Vivese Senso Duo tak efekt\u00edvny?<span class=\"ez-toc-section-end\"><\/span><\/h3>\n<p>O\u0161etrenie profesion\u00e1lnym doplnkom Vivese Senso Duo v\u010fa\u010d\u00ed za svoju \u00fa\u010dinnos\u0165 mnoh\u00fdm starostlivo vybran\u00fdm l\u00e1tkam organick\u00e9ho p\u00f4vodu. Ich vlastnos\u0165ou je komplexn\u00e1 starostlivos\u0165 o vlasy a poko\u017eku hlavy \u201ezvn\u00fatra\u201c. Ka\u017ed\u00e1 l\u00e1tka m\u00e1 svoj jedine\u010dn\u00fd, nenahradite\u013en\u00fd \u00fa\u010dinok. Ich zl\u00fa\u010denie do jedn\u00e9ho celku poskytuje \u00fa\u010dinn\u00e9 o\u0161etrenie a takmer okam\u017eit\u00e9 \u00fa\u010dinky.<\/p>\n<p>Dostan\u00fa sa k zdroju probl\u00e9mu a natrvalo ho vyrie\u0161ia. Je to tie\u017e skuto\u010dn\u00fd poklad vitam\u00ednov a miner\u00e1lnych sol\u00ed. Vivese Senso Duo, obsahuje najv\u00e4\u010d\u0161ie mno\u017estvo cenn\u00fdch l\u00e1tok, stoj\u00ed za to pozna\u0165 ich najcennej\u0161ie vlastnosti:<\/p>\n<ul>\n<li><strong>L-cyste\u00edn &#8211;<\/strong> je aminokyselina, ktor\u00e1 sa podie\u013ea na procese v\u00fdroby kerat\u00ednu, ktor\u00fd zlep\u0161uje vzh\u013ead vlasov a nechtov. Ak s\u00fa vlasy such\u00e9, por\u00e9zne, tenk\u00e9 a \u0161tiepen\u00e9, odpor\u00fa\u010da sa doplni\u0165 L-cyste\u00ednom.<\/li>\n<li><strong>Kyselina P-aminobenzoov\u00e1<\/strong> (PABA) &#8211; je l\u00e1tka podobn\u00e1 vitam\u00ednu, ktor\u00e1 m\u00e1 pozit\u00edvny vplyv na stav poko\u017eky, pom\u00e1ha udr\u017eiava\u0165 prirodzen\u00fa farbu vlasov (zabra\u0148uje \u0161ediveniu) a chr\u00e1ni ich pred vypad\u00e1van\u00edm. Okrem toho je to dobr\u00fd antioxidant. Chr\u00e1ni poko\u017eku pred \u0161kodliv\u00fdmi \u00fa\u010dinkami UV \u017eiarenia.<\/li>\n<li><strong>Extrakt \u010du\u010doriedok<\/strong> &#8211; sa z\u00edskava z \u010du\u010doriedkov\u00e9ho ovocia ( <em>Vaccinium corymbosum<\/em> ), z\u00edskavan\u00e9ho hlavne z pr\u00edrodn\u00fdch (v lesoch). \u010cu\u010doriedka ako pr\u00edrodn\u00fd liek (a samozrejme jedlo) sa pou\u017e\u00edva u\u017e tis\u00edcro\u010dia. Je zdrojom kyseliny listovej, kyseliny ellagovej a antioxidantov. Extrakt sa star\u00e1 o such\u00e9 vlasy, po\u0161koden\u00e9 farben\u00edm. Vy\u017eivuje a hydratuje, zabra\u0148uje ple\u0161atosti. Pou\u017e\u00edva sa tie\u017e na starostlivos\u0165 o ple\u0165.<\/li>\n<li><strong>Multiflower uzol (Fo Ti) &#8211;<\/strong> je tradi\u010dn\u00fd agent pou\u017e\u00edvan\u00fd v tradi\u010dnej \u010d\u00ednskej medic\u00edne po tis\u00edcro\u010dia. \u010c\u00edm star\u0161ia je surovina, t\u00fdm lep\u0161ie. Predt\u00fdm sa dokonca verilo, \u017ee 300-ro\u010dn\u00fd kore\u0148 d\u00e1 \u010dloveku nesmrte\u013enos\u0165. Fo-Ti ( <em>Polygonum multiflorum<\/em> ) sa pova\u017euje za jednu z najd\u00f4le\u017eitej\u0161\u00edch byliniek na toniz\u00e1ciu a omladenie. Jeho p\u00f4sobenie je viaccestn\u00e9 &#8211; pozit\u00edvne ovplyv\u0148uje telo ako alelu. Pou\u017eitie extraktu z kore\u0148ov kr\u00eddlatky zabra\u0148uje psori\u00e1ze a ko\u017en\u00fdm chorob\u00e1m. V s\u00fa\u010dasnosti sa \u010dasto pou\u017e\u00edva ako doplnok a kozmetika proti ple\u0161atosti a \u0161ediveniu vlasov. Fo Ti obnovuje pigment, t\u00f3nuje a osvie\u017euje vlasy a obnovuje spr\u00e1vne pH poko\u017eky.<\/li>\n<li><em>Sabal minor<\/em> <strong>extrakt<\/strong> &#8211; sa z\u00edskava z \u010dierneho leskl\u00e9ho ovocia. V medic\u00edne sa pou\u017e\u00edvaj\u00fa u\u017e od 19. storo\u010dia. Obsahuje v\u00fdznamn\u00e9 mno\u017estvo triglyceridov a je u\u017eito\u010dn\u00fd pri lie\u010dbe androg\u00e9nnej alop\u00e9cie, preto\u017ee zni\u017euje hladinu DHT. Zabra\u0148uje nielen vypad\u00e1vaniu vlasov, ale tie\u017e zlep\u0161uje ich stav a zlep\u0161uje vizu\u00e1lne vlastnosti.<\/li>\n<li><strong>Zinok &#8211;<\/strong> nedostatok tohto vz\u0165ahu v tele sa prejavuje nedostatkom chuti do jedla, \u010dast\u00fdmi infekciami, ako aj vypad\u00e1van\u00edm vlasov a l\u00e1man\u00edm nechtov. Poskytnutie \u201evonku\u201c zabra\u0148uje vypad\u00e1vaniu vlasov a zlep\u0161uje ich stav. Zinok reguluje metabolizmus aminokysel\u00edn, ktor\u00fd vytv\u00e1ra vlasy.<\/li>\n<li><strong>V\u00e1pnik<\/strong> &#8211; je zn\u00e1my hlavne ako stavebn\u00e9 kamene kost\u00ed a zubov. V skuto\u010dnosti je v\u0161ak jeho prev\u00e1dzka ove\u013ea \u0161ir\u0161ia &#8211; vr\u00e1tane obmedzuje vypad\u00e1vanie vlasov.<\/li>\n<li><strong>Drasl\u00edk<\/strong> &#8211; je elektrolyt, ktor\u00fd podporuje pohyb \u017eiv\u00edn do buniek a umo\u017e\u0148uje odstr\u00e1nenie nepotrebn\u00fdch metabolick\u00fdch produktov. Nedostatok i\u00f3nov v tele sa prejavuje mnoh\u00fdmi nepr\u00edjemn\u00fdmi ochoreniami, vr\u00e1tane zv\u00fd\u0161en\u00e9ho vypad\u00e1vania vlasov.<\/li>\n<li><strong>Fosfor<\/strong> &#8211; poskytuje elasticitu a elasticitu vlasov. Zabra\u0148uje lupin\u00e1m a seborrhea.<\/li>\n<li><strong>Hor\u010d\u00edk<\/strong> &#8211; prvok nevyhnutn\u00fd pre spr\u00e1vny rast vlasov. Jeho nedostatok sp\u00f4sobuje mas\u00edvne \u0161tiepenie \u0161pi\u010diek a nadmern\u00fa krehkos\u0165 p\u00e1sov.<\/li>\n<li><strong>Mang\u00e1n<\/strong> &#8211; zabra\u0148uje roz\u0161tiepen\u00fdm koncom a vypad\u00e1vaniu vlasov.<\/li>\n<li><strong>Me\u010f<\/strong> &#8211; poskytuje dobr\u00fa farbu vlasov, ovplyv\u0148uje tie\u017e ich pru\u017enos\u0165 a pru\u017enos\u0165.<\/li>\n<li><strong>Molybd\u00e9n<\/strong> &#8211; \u010dist\u00ed telo tox\u00ednov a zabra\u0148uje vypad\u00e1vaniu vlasov.<\/li>\n<li><strong>Sel\u00e9n<\/strong> &#8211; chr\u00e1ni vlasy pred \u0161kodliv\u00fdmi \u00fa\u010dinkami slne\u010dn\u00e9ho \u017eiarenia. Obmedzuje probl\u00e9m su\u0161enia vlasov.<\/li>\n<li><strong>\u017delezo &#8211;<\/strong> vlasy maj\u00fa dlhotrvaj\u00faci nedostatok a s\u00fa krehk\u00e9 a krehk\u00e9. Zriedenie vlasov je bohu\u017eia\u013e zrete\u013ene vidite\u013en\u00e9.<\/li>\n<li><strong>Vitam\u00edn A<\/strong> &#8211; zabra\u0148uje vypad\u00e1vaniu vlasov, zlep\u0161uje metabolizmus vlasov\u00fdch folikulov a metabolizmus horn\u00fdch epitelov\u00fdch buniek poko\u017eky hlavy. V\u00fdsledkom je, \u017ee vlasy s\u00fa siln\u00e9 a siln\u00e9.<\/li>\n<li><strong>Kyselina listov\u00e1 &#8211;<\/strong> vitam\u00edn B (B9) rozpustn\u00fd vo vode. Stimuluje matrixov\u00e9 bunky pre rast vlasov. Do istej miery tie\u017e ovplyv\u0148uje zdravie vlasov (hustota, \u017eiara). Pou\u017e\u00edva sa pri regenerat\u00edvnych o\u0161etreniach.<\/li>\n<li><strong>Tiam\u00edn (vitam\u00edn B1)<\/strong> &#8211; ovplyv\u0148uje spr\u00e1vne fungovanie mazov\u00fdch \u017eliaz. Ak existuje zl\u00e1 porucha, vytv\u00e1ra sa pr\u00edli\u0161 ve\u013ea tuku. V\u00fdsledkom je mastn\u00e1 poko\u017eka hlavy, lepenie vlasov a niekedy aj seborrhea. Tiam\u00edn sa podie\u013ea na v\u00fdrobe materi\u00e1lov na stavbu vlasov &#8211; aminokysel\u00edn.<\/li>\n<li><strong>Riboflav\u00edn<\/strong> <strong>(B2) &#8211;<\/strong> aktivuje rast vlasov, zabra\u0148uje ich de\u0161trukcii a regeneruje.<\/li>\n<li><strong>Niac\u00edn (B3),<\/strong> tie\u017e naz\u00fdvan\u00fd vitam\u00edn PP, dod\u00e1va vlasom energiu a stimuluje ich rast. Pozit\u00edvne ovplyv\u0148uje stav buniek, ktor\u00e9 tvoria vlasy.<\/li>\n<li><strong>Kyselina pantot\u00e9nov\u00e1 (B5) &#8211;<\/strong> podporuje produkciu kerat\u00ednu, stimuluje rast vlasov a chr\u00e1ni ho pred po\u0161koden\u00edm.<\/li>\n<li><strong>Pyridox\u00edn (B6)<\/strong> &#8211; hr\u00e1 d\u00f4le\u017eit\u00fa \u00falohu v procese v\u00fdroby vlasov. Ur\u00fdch\u013euje rast vlasov a s\u00fa\u010dasne pom\u00e1ha udr\u017eiava\u0165 prirodzen\u00fa farbu.<\/li>\n<li><strong>Kyanokobalam\u00edn (B12)<\/strong> &#8211; jeho nedostatok v tele m\u00f4\u017ee sp\u00f4sobi\u0165 an\u00e9miu, \u010do nepriamo ovplyv\u0148uje vypad\u00e1vanie vlasov.<\/li>\n<li><strong>Vitam\u00edn C<\/strong> &#8211; sa be\u017ene pou\u017e\u00edva na prevent\u00edvne lie\u010denie infekci\u00ed. Je to zl\u00fa\u010denina, ktor\u00e1 m\u00e1 univerz\u00e1lny \u00fa\u010dinok (mnoh\u00e9 z jej vlastnost\u00ed s\u00fa m\u00e1lo zn\u00e1me). Vlasy \u010distia (pom\u00e1haj\u00fa odstra\u0148ova\u0165 ne\u010distoty). Zvy\u0161uje tie\u017e schopnos\u0165 vlasov absorbova\u0165 v\u00fd\u017eivn\u00e9 l\u00e1tky, vyhladzuje ich, aby zostali lesklej\u0161ie, zabra\u0148uje \u0161tiepeniu, pom\u00e1ha udr\u017eiava\u0165 farbu a nepriamo zni\u017euje vypad\u00e1vanie vlasov.<\/li>\n<li><strong>Vitam\u00edn E<\/strong> &#8211; je \u201evitam\u00edn mladosti\u201c, ktor\u00fd spoma\u013euje proces starnutia. Je pova\u017eovan\u00fd za krotite\u013ea vo\u013en\u00fdch radik\u00e1lov. Mast\u00ed, regeneruje, hydratuje a vy\u017eivuje vlasy. Vyva\u017euje pr\u00e1cu mazov\u00fdch \u017eliaz.<\/li>\n<li><strong>Biot\u00edn (vitam\u00edn H) &#8211;<\/strong> naz\u00fdva sa \u201evitam\u00ednom kr\u00e1sy\u201c, ovplyv\u0148uje ple\u0165, stav vlasov a nechtov.<\/li>\n<li><strong>Koenz\u00fdm Q10 &#8211;<\/strong> je zl\u00fa\u010denina zo skupiny chin\u00f3nov zodpovedn\u00e1 za energetick\u00e9 procesy. Hovor\u00ed sa tomu elix\u00edr mladosti. Zabra\u0148uje starnutiu vlasov.<\/li>\n<\/ul>\n<p>Vivese Senso Duo sa sklad\u00e1 z v\u00fd\u0165a\u017ekov z cenn\u00fdch lie\u010div\u00fdch rastl\u00edn, vitam\u00ednov, organick\u00fdch zl\u00fa\u010den\u00edn a prospe\u0161n\u00fdch prvkov. V\u010faka nim vlasy z\u00edskaj\u00fa svoj lesk a silu ove\u013ea r\u00fdchlej\u0161ie. Posilnia sa od kore\u0148a a\u017e po konce.<\/p>\n<h3><span class=\"ez-toc-section\" id=\"Co_ziskame_pouzivanim_profesionalnej_liecby_Vivese_Senso_Duo\"><\/span>\u010co z\u00edskame pou\u017e\u00edvan\u00edm profesion\u00e1lnej lie\u010dby Vivese Senso Duo?<span class=\"ez-toc-section-end\"><\/span><\/h3>\n<p>Predov\u0161etk\u00fdm v\u010faka pravideln\u00e9mu pou\u017e\u00edvaniu doplnkovej lie\u010dby z\u00edskame r\u00fdchlo vidite\u013en\u00e9 a predov\u0161etk\u00fdm komplexn\u00e9 \u00fa\u010dinky. \u0160t\u00fadie uk\u00e1zali, \u017ee pri pravidelnom pou\u017e\u00edvan\u00ed Vivese Senso Duo po dobu 3 mesiacov poklesla strata vlasov a\u017e o 60% a ich \u017eiarovky sa stali silnej\u0161\u00edmi, odolnej\u0161\u00edmi a vy\u017eivovanej\u0161\u00edmi.<\/p>\n<p>Zistilo sa, \u017ee po lie\u010dbe boli subjekty zaznamenan\u00e9 a\u017e o 27% menej vlasov zost\u00e1vaj\u00facich v pokojovej f\u00e1ze, priemern\u00e1 hustota vlasov sa zv\u00fd\u0161ila o 18%, zatia\u013e \u010do zn\u00ed\u017eenie l\u00famenov sa zn\u00ed\u017eilo o 20%. Tak\u00e9to v\u00fdsledky s\u00fa prekvapuj\u00face a v ka\u017edom pr\u00edpade dokazuj\u00fa mo\u017enos\u0165 zastavenia ple\u0161at\u00fdch procesov.<\/p>\n<p>Iba 1,5 t\u00fd\u017ed\u0148a pravideln\u00e9ho pou\u017e\u00edvania doplnku Vivese Senso Duo na preuk\u00e1zanie vidite\u013en\u00fdch zmien: v\u00fdrazn\u00e9 zhrubnutie vlasov, obnovenie ich lesku, hebkos\u0165 a n\u00e1chylnos\u0165 na zn\u00e1\u0161anie.<\/p>\n<h3><span class=\"ez-toc-section\" id=\"Nazory_odbornikov_na_ucinnost_Vivese_Senso_Duo\"><\/span>N\u00e1zory odborn\u00edkov na \u00fa\u010dinnos\u0165 Vivese Senso Duo<span class=\"ez-toc-section-end\"><\/span><\/h3>\n<p><em>\u201eVivese Senso Duo je univerz\u00e1lny a poskytuje r\u00fdchly a trval\u00fd efekt. Je \u00fa\u010dinnej\u0161\u00ed ako v\u00e4\u010d\u0161ina liekov na vypad\u00e1vanie vlasov dostupn\u00fdch na trhu, preto\u017ee sa dostane k zdroju probl\u00e9mu: zv\u00fd\u0161en\u00e1 hladina DHT, nedostatok vitam\u00ednov a mikro\u017eiviny. Je to skuto\u010dn\u00e1 v\u00fd\u017eivn\u00e1 bomba, ktor\u00e1 v\u00e1m umo\u017e\u0148uje vyv\u00e1\u017ei\u0165 naru\u0161en\u00fa ekonomiku tela. V praxi to znamen\u00e1 prospe\u0161n\u00e9 \u00fa\u010dinky v mnoh\u00fdch aspektoch vr\u00e1tane zlep\u0161enia vzh\u013eadu a hustoty vlasov. Opatrenie je prevent\u00edvne a s\u00fa\u010dasne odvracia nepriazniv\u00e9 zmeny (napr. Ple\u0161atos\u0165). Je bezpe\u010dn\u00e9 pou\u017e\u00edva\u0165. Odpor\u00fa\u010dam \u201c<\/em> . &#8211; <strong>Sebastian, 51 rokov, trichol\u00f3g<\/strong><\/p>\n<h3><span class=\"ez-toc-section\" id=\"Spatna_vazba_uzivatela_o_pouzivani_kapsul_Vivese_Senso_Duo\"><\/span>Sp\u00e4tn\u00e1 v\u00e4zba u\u017e\u00edvate\u013ea o pou\u017e\u00edvan\u00ed kaps\u00fal Vivese Senso Duo<span class=\"ez-toc-section-end\"><\/span><\/h3>\n<p><em>\u201eV mojom dome sa hovorilo, \u017ee \u010dlovek mus\u00ed d\u00f4stojne starn\u00fa\u0165. Bohu\u017eia\u013e som to nedok\u00e1zal. Po prv\u00e9 &#8211; st\u00e1le som si myslel, \u017ee som \u010faleko od staroby. Po druh\u00e9 &#8211; ak by som prijal vr\u00e1sky, nedok\u00e1zal by som si predstavi\u0165, \u017ee by som mal probl\u00e9my s ple\u0161atos\u0165ou. Vo veku 40 rokov som z\u00e1pasil s rast\u00facou \u0161kvrnou holej poko\u017eky na temeni hlavy. Moje vlasy s\u00fa tenk\u00e9, tup\u00e9 a \u010dasto tie\u017e \u0161tiepan\u00e9. Na to nem\u00f4\u017eete zabudn\u00fa\u0165, pesimistick\u00e9 my\u0161lienky sa st\u00e1le vracaj\u00fa. S farbou som sa vyrovnal \u010dast\u00fdm farben\u00edm, ale v\u0161imol som si, \u017ee vlasom ch\u00fdba b\u00fdval\u00e1 n\u00e1dhera. Moja prv\u00e1 reakcia bola zmena kozmetiky. Za\u010dal som pou\u017e\u00edva\u0165 kondicion\u00e9ry a kozmetiku \u010dastej\u0161ie na rast li\u0161ajn\u00edkov a hustotu vlasov. V skuto\u010dnosti boli vlasy trochu hustej\u0161ie, pr\u00edjemnej\u0161ie na dotyk, ale ple\u0161atos\u0165 sa nezn\u00ed\u017eila, pr\u00e1ve naopak. Povzdychol som si, ke\u010f som siahol po Vivese Senso Duo. U\u017e\u00edval som kapsuly dvakr\u00e1t denne. Po asi desiatich d\u0148och som si v\u0161imol, \u017ee vlasy nie s\u00fa len zdrav\u0161ie, ale aj hustej\u0161ie a krehkej\u0161ie. \u010coskoro (uplynuli t\u00fd\u017edne) som si v\u0161imol, \u017ee ple\u0161atos\u0165 sa nielen\u017ee zastavila, ale namiesto holej ko\u017ee sa objavili plach\u00e9 nov\u00e9 vlasy. Ako keby boli \u017eiarovky prestavan\u00e9. Teraz je ple\u0161anie iba nepr\u00edjemnou spomienkou a vlasy s\u00fa moj\u00edm pr\u00ednosom. \u201c<\/em> &#8211; <strong>Jolanta, 41 rokov<\/strong><\/p>\n<p><em>\u201ePr\u00edslovie:\u201e m\u00fadra hlava nelep\u00ed vlasy \u201cma nejako nikdy nepresved\u010dila. Od mladosti som mal sklon k ple\u0161atosti a u\u017e vo veku dvadsiatich rokov sa objavil ohyb. \u010casom sa choroba preh\u013abila &#8211; za\u010dala sa \u010fal\u0161ia f\u00e1za, ktor\u00fa som ironicky nazval hlavou mn\u00edcha. Nemohol som sa pozera\u0165 na seba do zrkadla v norm\u00e1lnom \u00fa\u010dese, a tak som si za\u010dal n\u00fatene ostriha\u0165 vlasy. Neveril som v kozmetiku a v\u0161etka t\u00e1to reklama, ktor\u00e1 sa jej t\u00fdkala. St\u00e1le viac som sa hneval, a\u017e k\u00fdm v mojom vz\u0165ahu nedo\u0161lo ku konfliktom. Nakoniec to diev\u010da nedok\u00e1zalo vydr\u017ea\u0165 a prin\u00fatilo ma nav\u0161t\u00edvi\u0165 \u0161pecializovan\u00e9ho lek\u00e1ra &#8211; trichol\u00f3ga. I\u0161iel som pre sv\u00e4t\u00fd pokoj. Celkom som nevedel, \u010do m\u00e1m o\u010dak\u00e1va\u0165. Lek\u00e1r odporu\u010dil lie\u010dbu pomocou doplnkov. Dostal som Vivese Senso Duo s povinnos\u0165ou denn\u00e9ho vstupu. Pokr\u010dil som plecami, preto\u017ee ako mi m\u00f4\u017eu niektor\u00e9 kapsuly pom\u00f4c\u0165? Systematicky &#8211; pod doh\u013eadom mojej polovice &#8211; som ich bez presved\u010denia akceptoval. Nezaznamenal som, ko\u013eko \u010dasu uplynulo, ale mo\u017eno po nieko\u013ek\u00fdch t\u00fd\u017ed\u0148och boli vlasy hustej\u0161ie. Zastavil som ich. Ne\u017e sa ohyby a ple\u0161atos\u0165 zn\u00ed\u017eili, trvalo mi to e\u0161te dlh\u0161ie. Teraz &#8211; asi po pol roku lie\u010dby &#8211; st\u00e1le nem\u00e1m svie\u017ee emo vlasy, ale vyzer\u00e1m norm\u00e1lne. Vlasy r\u00e1stli sp\u00e4\u0165 na miestach, kde predt\u00fdm bola poko\u017eka hol\u00e1. Ne\u010dakal som to. Preto odpor\u00fa\u010dam Vivese Senso Duo. O tomto rozhodnut\u00ed nie je potrebn\u00e9 myslie\u0165<\/em> . <em>\u201c<\/em> &#8211; <strong>Jarek, 28 rokov<\/strong><\/p>\n<p><em>\u201eSrde\u010dne odpor\u00fa\u010dam Vivese Senso Duo, preto\u017ee mi to pomohlo vylie\u010di\u0165 svoju androg\u00e9nnu alop\u00e9ciu.\u201c Na\u0161\u0165astie som reagoval v po\u010diato\u010dnej f\u00e1ze okam\u017eite, ke\u010f som si v\u0161imol alarmuj\u00face pr\u00edznaky &#8211; hromadn\u00e9 vypad\u00e1vanie vlasov a v\u00e4\u010d\u0161iu krehkos\u0165. Teraz pou\u017e\u00edvam profylaktick\u00e9 doplnky. Overil som zlo\u017eenie a viem, \u017ee to pom\u00e1ha nielen pri ochrane zdrav\u00e9 vlasy (a nechty), ale podporuje telo aj v mnoh\u00fdch \u010fal\u0161\u00edch oblastiach. V\u010faka komplexu cenn\u00fdch l\u00e1tok, vitam\u00ednov a prvkov si m\u00f4\u017eem u\u017e\u00edva\u0165 dobr\u00e9 zdravie a kr\u00e1su. \u201c\u201c<\/em> &#8211; <strong>Malwina, 38 rokov<\/strong><\/p>\n<h3><span class=\"ez-toc-section\" id=\"Oplati_sa_zvolit_liecbu_pomocou_Vivese_Senso_Duo_Nase_hodnotenie\"><\/span>Oplat\u00ed sa zvoli\u0165 lie\u010dbu pomocou Vivese Senso Duo? Na\u0161e hodnotenie<span class=\"ez-toc-section-end\"><\/span><\/h3>\n<p>Vivese Senso Duo zabezpe\u010d\u00ed profesion\u00e1lnu dermat\u00fazu pre \u013eud\u00ed, ktor\u00ed maj\u00fa probl\u00e9my s vypad\u00e1van\u00edm vlasov. Inovat\u00edvny vzorec \u010dinnosti je zalo\u017een\u00fd na komplexnej podpore tela a prin\u00e1\u0161a prekvapivo dobr\u00e9 v\u00fdsledky. Vypad\u00e1vanie vlasov a ich oslaben\u00fd stav sa stane iba spomienkou!<\/p>\n<h3><span class=\"ez-toc-section\" id=\"Kde_kupit_Vivese_Senso_Duo_Nase_odporucanie\"><\/span>Kde k\u00fapi\u0165 Vivese Senso Duo? Na\u0161e odpor\u00fa\u010danie<span class=\"ez-toc-section-end\"><\/span><\/h3>\n<p>Vivese Senso Duo sa odpor\u00fa\u010da k\u00fapi\u0165 z overen\u00fdch origin\u00e1lnych str\u00e1nok &#8211; to v\u00e1m d\u00e1va istotu nielen efekt\u00edvnosti (tj produkt nebude fal\u0161ovan\u00fd), ale aj spravodliv\u00e9ho dodania. Vyn\u00e1ra sa iba ot\u00e1zka: ktor\u00e9 predajn\u00e9 miesta online s\u00fa \u201ezabezpe\u010den\u00e9\u201c?<\/p>\n<div class=\"belcherwt aligncenter\" style=\"border: #000 dashed 3px; padding: 10px 20px; margin: 10px 0; font-size: 16px;\">\n<p style=\"text-align: left;\"><a href=\"https:\/\/www.uia.archi\/go\/chevelo-blog\/\" rel=\"nofollow\"><img loading=\"lazy\" decoding=\"async\" class=\"alignleft wp-image-389\" style=\"border: 0px;\" src=\"\/wp-content\/uploads\/2019\/05\/vivese-senso-duo-capsules.jpg\" alt=\"vivese senso duo\" width=\"175\" height=\"352\" \/><\/a> <strong>POZN\u00c1MKA:<\/strong> Ofici\u00e1lny distrib\u00fator kaps\u00fal pre vysok\u00e9 hladiny cukru <a href=\"https:\/\/www.uia.archi\/go\/chevelo-blog\/\" rel=\"nofollow\"><strong>VIVESE SENSO DUO<\/strong><\/a> m\u00e1 na obmedzen\u00fa dobu \u0161peci\u00e1lnu ponuku pre na\u0161ich \u010ditate\u013eov. Sp\u00e1ja sa s trojitou z\u00e1rukou spokojnosti so zak\u00fapenou lie\u010dbou v pr\u00edpade, \u017ee neprin\u00e1\u0161a o\u010dak\u00e1van\u00e9 v\u00fdsledky.<\/p>\n<p style=\"text-align: left;\"><a style=\"text-decoration: underline; color: #0046af;\" href=\"https:\/\/www.uia.archi\/go\/chevelo-blog\/\" rel=\"nofollow\"><strong>Kliknite sem a vysk\u00fa\u0161ajte kapsuly s vysok\u00fdm obsahom cukru VIVESE SENSO DUO!<\/strong><\/a><\/p>\n<p style=\"text-align: left;\"><span style=\"color: #000000;\"><span style=\"background-color: #ffff00;\"><a href=\"https:\/\/www.uia.archi\/go\/chevelo-blog\/\" rel=\"nofollow\"><span style=\"color: #000000;\"><strong style=\"color: #000000;\">pou\u017eite tento odkaz a z\u00edskajte ZADARMO<\/strong><\/span><\/a><\/span><\/span><\/p>\n<p>&nbsp;<\/p>\n<p style=\"text-align: left;\"><strong><span style=\"color: #ff0000;\">\u0160peci\u00e1lna ponuka kon\u010d\u00ed dnes!<\/span><\/strong><\/p>\n<\/div>\n","protected":false},"excerpt":{"rendered":"<p>Vivese Senso Duo sa objavila na trhu a poskytuje profesion\u00e1lnu dermatol\u00f3giu pre vypad\u00e1vanie vlasov. Kapsuly s starostlivo vybran\u00fdm zlo\u017een\u00edm tie\u017e podporuj\u00fa ich rast, dod\u00e1vaj\u00fa \u017eiaru a zdrav\u00e9mu vzh\u013eadu. S\u00fa pova\u017eovan\u00ed za skuto\u010dn\u00e9ho aktiv\u00e1tora v oblasti ple\u0161atenia. Toto je prv\u00e9 inovat\u00edvne o\u0161etrenie kme\u0148ov\u00fdmi bunkami, ktor\u00e9 p\u00f4sobia priamo na najhlb\u0161iu vrstvu vlasov &#8211; obnovuj\u00fa jeho \u0161trukt\u00faru a [&hellip;]<\/p>\n","protected":false},"author":1,"featured_media":0,"comment_status":"open","ping_status":"open","sticky":false,"template":"","format":"standard","meta":{"cybocfi_hide_featured_image":"","footnotes":""},"categories":[1,28],"tags":[],"class_list":["post-473","post","type-post","status-publish","format-standard","hentry","category-avis-sur-les-produits","category-recenzie-produktu"],"yoast_head":"<!-- This site is optimized with the Yoast SEO plugin v27.5 - https:\/\/yoast.com\/product\/yoast-seo-wordpress\/ -->\n<title>Vivese Senso Duo - anal\u00fdza \u00fa\u010dinku kaps\u00fal proti ple\u0161atosti<\/title>\n<meta name=\"robots\" content=\"index, follow, max-snippet:-1, max-image-preview:large, max-video-preview:-1\" \/>\n<link rel=\"canonical\" href=\"https:\/\/www.uia.archi\/sk\/vivese-senso-duo-analyza-ucinku-kapsul-proti-plesatosti\/\" \/>\n<meta property=\"og:locale\" content=\"sk_SK\" \/>\n<meta property=\"og:type\" content=\"article\" \/>\n<meta property=\"og:title\" content=\"Vivese Senso Duo - anal\u00fdza \u00fa\u010dinku kaps\u00fal proti ple\u0161atosti\" \/>\n<meta property=\"og:description\" content=\"Vivese Senso Duo sa objavila na trhu a poskytuje profesion\u00e1lnu dermatol\u00f3giu pre vypad\u00e1vanie vlasov. Kapsuly s starostlivo vybran\u00fdm zlo\u017een\u00edm tie\u017e podporuj\u00fa ich rast, dod\u00e1vaj\u00fa \u017eiaru a zdrav\u00e9mu vzh\u013eadu. S\u00fa pova\u017eovan\u00ed za skuto\u010dn\u00e9ho aktiv\u00e1tora v oblasti ple\u0161atenia. Toto je prv\u00e9 inovat\u00edvne o\u0161etrenie kme\u0148ov\u00fdmi bunkami, ktor\u00e9 p\u00f4sobia priamo na najhlb\u0161iu vrstvu vlasov &#8211; obnovuj\u00fa jeho \u0161trukt\u00faru a [&hellip;]\" \/>\n<meta property=\"og:url\" content=\"https:\/\/www.uia.archi\/sk\/vivese-senso-duo-analyza-ucinku-kapsul-proti-plesatosti\/\" \/>\n<meta property=\"og:site_name\" content=\"Unik\u00e1tne medzin\u00e1rodn\u00e9 \u010dl\u00e1nky\" \/>\n<meta property=\"article:published_time\" content=\"2019-05-26T22:00:00+00:00\" \/>\n<meta property=\"article:modified_time\" content=\"2021-07-02T18:26:23+00:00\" \/>\n<meta property=\"og:image\" content=\"https:\/\/www.uia.archi\/wp-content\/uploads\/2019\/05\/vivese-senso-duo-capsules.jpg\" \/>\n<meta name=\"author\" content=\"Writer\" \/>\n<meta name=\"twitter:card\" content=\"summary_large_image\" \/>\n<meta name=\"twitter:label1\" content=\"Autor\" \/>\n\t<meta name=\"twitter:data1\" content=\"Writer\" \/>\n\t<meta name=\"twitter:label2\" content=\"Predpokladan\u00fd \u010das \u010d\u00edtania\" \/>\n\t<meta name=\"twitter:data2\" content=\"13 min\u00fat\" \/>\n<script type=\"application\/ld+json\" class=\"yoast-schema-graph\">{\"@context\":\"https:\\\/\\\/schema.org\",\"@graph\":[{\"@type\":\"Article\",\"@id\":\"https:\\\/\\\/www.uia.archi\\\/sk\\\/vivese-senso-duo-analyza-ucinku-kapsul-proti-plesatosti\\\/#article\",\"isPartOf\":{\"@id\":\"https:\\\/\\\/www.uia.archi\\\/sk\\\/vivese-senso-duo-analyza-ucinku-kapsul-proti-plesatosti\\\/\"},\"author\":{\"name\":\"Writer\",\"@id\":\"https:\\\/\\\/www.uia.archi\\\/sk\\\/#\\\/schema\\\/person\\\/3d67c6894ced0e7a84948b704169c9c2\"},\"headline\":\"Vivese Senso Duo &#8211; anal\u00fdza \u00fa\u010dinku kaps\u00fal proti ple\u0161atosti\",\"datePublished\":\"2019-05-26T22:00:00+00:00\",\"dateModified\":\"2021-07-02T18:26:23+00:00\",\"mainEntityOfPage\":{\"@id\":\"https:\\\/\\\/www.uia.archi\\\/sk\\\/vivese-senso-duo-analyza-ucinku-kapsul-proti-plesatosti\\\/\"},\"wordCount\":2703,\"commentCount\":0,\"articleSection\":[\"Avis sur les produits\",\"Recenzie produktu\"],\"inLanguage\":\"sk-SK\",\"potentialAction\":[{\"@type\":\"CommentAction\",\"name\":\"Comment\",\"target\":[\"https:\\\/\\\/www.uia.archi\\\/sk\\\/vivese-senso-duo-analyza-ucinku-kapsul-proti-plesatosti\\\/#respond\"]}]},{\"@type\":\"WebPage\",\"@id\":\"https:\\\/\\\/www.uia.archi\\\/sk\\\/vivese-senso-duo-analyza-ucinku-kapsul-proti-plesatosti\\\/\",\"url\":\"https:\\\/\\\/www.uia.archi\\\/sk\\\/vivese-senso-duo-analyza-ucinku-kapsul-proti-plesatosti\\\/\",\"name\":\"Vivese Senso Duo - anal\u00fdza \u00fa\u010dinku kaps\u00fal proti ple\u0161atosti\",\"isPartOf\":{\"@id\":\"https:\\\/\\\/www.uia.archi\\\/sk\\\/#website\"},\"datePublished\":\"2019-05-26T22:00:00+00:00\",\"dateModified\":\"2021-07-02T18:26:23+00:00\",\"author\":{\"@id\":\"https:\\\/\\\/www.uia.archi\\\/sk\\\/#\\\/schema\\\/person\\\/3d67c6894ced0e7a84948b704169c9c2\"},\"breadcrumb\":{\"@id\":\"https:\\\/\\\/www.uia.archi\\\/sk\\\/vivese-senso-duo-analyza-ucinku-kapsul-proti-plesatosti\\\/#breadcrumb\"},\"inLanguage\":\"sk-SK\",\"potentialAction\":[{\"@type\":\"ReadAction\",\"target\":[\"https:\\\/\\\/www.uia.archi\\\/sk\\\/vivese-senso-duo-analyza-ucinku-kapsul-proti-plesatosti\\\/\"]}]},{\"@type\":\"BreadcrumbList\",\"@id\":\"https:\\\/\\\/www.uia.archi\\\/sk\\\/vivese-senso-duo-analyza-ucinku-kapsul-proti-plesatosti\\\/#breadcrumb\",\"itemListElement\":[{\"@type\":\"ListItem\",\"position\":1,\"name\":\"Domov\",\"item\":\"https:\\\/\\\/www.uia.archi\\\/sk\\\/\"},{\"@type\":\"ListItem\",\"position\":2,\"name\":\"Recenzie produktu\",\"item\":\"https:\\\/\\\/www.uia.archi\\\/sk\\\/category\\\/recenzie-produktu\\\/\"},{\"@type\":\"ListItem\",\"position\":3,\"name\":\"Vivese Senso Duo &#8211; anal\u00fdza \u00fa\u010dinku kaps\u00fal proti ple\u0161atosti\"}]},{\"@type\":\"WebSite\",\"@id\":\"https:\\\/\\\/www.uia.archi\\\/sk\\\/#website\",\"url\":\"https:\\\/\\\/www.uia.archi\\\/sk\\\/\",\"name\":\"Unik\u00e1tne medzin\u00e1rodn\u00e9 \u010dl\u00e1nky\",\"description\":\"\u010cl\u00e1nky na r\u00f4zne t\u00e9my, cenn\u00fd zdroj vedomost\u00ed pre v\u00e1s a va\u0161u rodinu\",\"potentialAction\":[{\"@type\":\"SearchAction\",\"target\":{\"@type\":\"EntryPoint\",\"urlTemplate\":\"https:\\\/\\\/www.uia.archi\\\/sk\\\/?s={search_term_string}\"},\"query-input\":{\"@type\":\"PropertyValueSpecification\",\"valueRequired\":true,\"valueName\":\"search_term_string\"}}],\"inLanguage\":\"sk-SK\"},{\"@type\":\"Person\",\"@id\":\"https:\\\/\\\/www.uia.archi\\\/sk\\\/#\\\/schema\\\/person\\\/3d67c6894ced0e7a84948b704169c9c2\",\"name\":\"Writer\",\"image\":{\"@type\":\"ImageObject\",\"inLanguage\":\"sk-SK\",\"@id\":\"https:\\\/\\\/www.uia.archi\\\/wp-content\\\/litespeed\\\/avatar\\\/1a002795387e512944da0898076d6c44.jpg?ver=1777482563\",\"url\":\"https:\\\/\\\/www.uia.archi\\\/wp-content\\\/litespeed\\\/avatar\\\/1a002795387e512944da0898076d6c44.jpg?ver=1777482563\",\"contentUrl\":\"https:\\\/\\\/www.uia.archi\\\/wp-content\\\/litespeed\\\/avatar\\\/1a002795387e512944da0898076d6c44.jpg?ver=1777482563\",\"caption\":\"Writer\"},\"sameAs\":[\"https:\\\/\\\/www.uia.archi\"],\"url\":\"https:\\\/\\\/www.uia.archi\\\/sk\\\/author\\\/writer\\\/\"}]}<\/script>\n<!-- \/ Yoast SEO plugin. -->","yoast_head_json":{"title":"Vivese Senso Duo - anal\u00fdza \u00fa\u010dinku kaps\u00fal proti ple\u0161atosti","robots":{"index":"index","follow":"follow","max-snippet":"max-snippet:-1","max-image-preview":"max-image-preview:large","max-video-preview":"max-video-preview:-1"},"canonical":"https:\/\/www.uia.archi\/sk\/vivese-senso-duo-analyza-ucinku-kapsul-proti-plesatosti\/","og_locale":"sk_SK","og_type":"article","og_title":"Vivese Senso Duo - anal\u00fdza \u00fa\u010dinku kaps\u00fal proti ple\u0161atosti","og_description":"Vivese Senso Duo sa objavila na trhu a poskytuje profesion\u00e1lnu dermatol\u00f3giu pre vypad\u00e1vanie vlasov. Kapsuly s starostlivo vybran\u00fdm zlo\u017een\u00edm tie\u017e podporuj\u00fa ich rast, dod\u00e1vaj\u00fa \u017eiaru a zdrav\u00e9mu vzh\u013eadu. S\u00fa pova\u017eovan\u00ed za skuto\u010dn\u00e9ho aktiv\u00e1tora v oblasti ple\u0161atenia. Toto je prv\u00e9 inovat\u00edvne o\u0161etrenie kme\u0148ov\u00fdmi bunkami, ktor\u00e9 p\u00f4sobia priamo na najhlb\u0161iu vrstvu vlasov &#8211; obnovuj\u00fa jeho \u0161trukt\u00faru a [&hellip;]","og_url":"https:\/\/www.uia.archi\/sk\/vivese-senso-duo-analyza-ucinku-kapsul-proti-plesatosti\/","og_site_name":"Unik\u00e1tne medzin\u00e1rodn\u00e9 \u010dl\u00e1nky","article_published_time":"2019-05-26T22:00:00+00:00","article_modified_time":"2021-07-02T18:26:23+00:00","og_image":[{"url":"https:\/\/www.uia.archi\/wp-content\/uploads\/2019\/05\/vivese-senso-duo-capsules.jpg","type":"","width":"","height":""}],"author":"Writer","twitter_card":"summary_large_image","twitter_misc":{"Autor":"Writer","Predpokladan\u00fd \u010das \u010d\u00edtania":"13 min\u00fat"},"schema":{"@context":"https:\/\/schema.org","@graph":[{"@type":"Article","@id":"https:\/\/www.uia.archi\/sk\/vivese-senso-duo-analyza-ucinku-kapsul-proti-plesatosti\/#article","isPartOf":{"@id":"https:\/\/www.uia.archi\/sk\/vivese-senso-duo-analyza-ucinku-kapsul-proti-plesatosti\/"},"author":{"name":"Writer","@id":"https:\/\/www.uia.archi\/sk\/#\/schema\/person\/3d67c6894ced0e7a84948b704169c9c2"},"headline":"Vivese Senso Duo &#8211; anal\u00fdza \u00fa\u010dinku kaps\u00fal proti ple\u0161atosti","datePublished":"2019-05-26T22:00:00+00:00","dateModified":"2021-07-02T18:26:23+00:00","mainEntityOfPage":{"@id":"https:\/\/www.uia.archi\/sk\/vivese-senso-duo-analyza-ucinku-kapsul-proti-plesatosti\/"},"wordCount":2703,"commentCount":0,"articleSection":["Avis sur les produits","Recenzie produktu"],"inLanguage":"sk-SK","potentialAction":[{"@type":"CommentAction","name":"Comment","target":["https:\/\/www.uia.archi\/sk\/vivese-senso-duo-analyza-ucinku-kapsul-proti-plesatosti\/#respond"]}]},{"@type":"WebPage","@id":"https:\/\/www.uia.archi\/sk\/vivese-senso-duo-analyza-ucinku-kapsul-proti-plesatosti\/","url":"https:\/\/www.uia.archi\/sk\/vivese-senso-duo-analyza-ucinku-kapsul-proti-plesatosti\/","name":"Vivese Senso Duo - anal\u00fdza \u00fa\u010dinku kaps\u00fal proti ple\u0161atosti","isPartOf":{"@id":"https:\/\/www.uia.archi\/sk\/#website"},"datePublished":"2019-05-26T22:00:00+00:00","dateModified":"2021-07-02T18:26:23+00:00","author":{"@id":"https:\/\/www.uia.archi\/sk\/#\/schema\/person\/3d67c6894ced0e7a84948b704169c9c2"},"breadcrumb":{"@id":"https:\/\/www.uia.archi\/sk\/vivese-senso-duo-analyza-ucinku-kapsul-proti-plesatosti\/#breadcrumb"},"inLanguage":"sk-SK","potentialAction":[{"@type":"ReadAction","target":["https:\/\/www.uia.archi\/sk\/vivese-senso-duo-analyza-ucinku-kapsul-proti-plesatosti\/"]}]},{"@type":"BreadcrumbList","@id":"https:\/\/www.uia.archi\/sk\/vivese-senso-duo-analyza-ucinku-kapsul-proti-plesatosti\/#breadcrumb","itemListElement":[{"@type":"ListItem","position":1,"name":"Domov","item":"https:\/\/www.uia.archi\/sk\/"},{"@type":"ListItem","position":2,"name":"Recenzie produktu","item":"https:\/\/www.uia.archi\/sk\/category\/recenzie-produktu\/"},{"@type":"ListItem","position":3,"name":"Vivese Senso Duo &#8211; anal\u00fdza \u00fa\u010dinku kaps\u00fal proti ple\u0161atosti"}]},{"@type":"WebSite","@id":"https:\/\/www.uia.archi\/sk\/#website","url":"https:\/\/www.uia.archi\/sk\/","name":"Unik\u00e1tne medzin\u00e1rodn\u00e9 \u010dl\u00e1nky","description":"\u010cl\u00e1nky na r\u00f4zne t\u00e9my, cenn\u00fd zdroj vedomost\u00ed pre v\u00e1s a va\u0161u rodinu","potentialAction":[{"@type":"SearchAction","target":{"@type":"EntryPoint","urlTemplate":"https:\/\/www.uia.archi\/sk\/?s={search_term_string}"},"query-input":{"@type":"PropertyValueSpecification","valueRequired":true,"valueName":"search_term_string"}}],"inLanguage":"sk-SK"},{"@type":"Person","@id":"https:\/\/www.uia.archi\/sk\/#\/schema\/person\/3d67c6894ced0e7a84948b704169c9c2","name":"Writer","image":{"@type":"ImageObject","inLanguage":"sk-SK","@id":"https:\/\/www.uia.archi\/wp-content\/litespeed\/avatar\/1a002795387e512944da0898076d6c44.jpg?ver=1777482563","url":"https:\/\/www.uia.archi\/wp-content\/litespeed\/avatar\/1a002795387e512944da0898076d6c44.jpg?ver=1777482563","contentUrl":"https:\/\/www.uia.archi\/wp-content\/litespeed\/avatar\/1a002795387e512944da0898076d6c44.jpg?ver=1777482563","caption":"Writer"},"sameAs":["https:\/\/www.uia.archi"],"url":"https:\/\/www.uia.archi\/sk\/author\/writer\/"}]}},"blog_post_layout_featured_media_urls":{"thumbnail":"","full":""},"categories_names":{"1":{"name":"Avis sur les produits","link":"https:\/\/www.uia.archi\/category\/avis-sur-les-produits\/"},"28":{"name":"Recenzie produktu","link":"https:\/\/www.uia.archi\/sk\/category\/recenzie-produktu\/"}},"tags_names":[],"comments_number":"0","wpmagazine_modules_lite_featured_media_urls":{"thumbnail":"","cvmm-medium":"","cvmm-medium-plus":"","cvmm-portrait":"","cvmm-medium-square":"","cvmm-large":"","cvmm-small":"","full":""},"_links":{"self":[{"href":"https:\/\/www.uia.archi\/sk\/wp-json\/wp\/v2\/posts\/473","targetHints":{"allow":["GET"]}}],"collection":[{"href":"https:\/\/www.uia.archi\/sk\/wp-json\/wp\/v2\/posts"}],"about":[{"href":"https:\/\/www.uia.archi\/sk\/wp-json\/wp\/v2\/types\/post"}],"author":[{"embeddable":true,"href":"https:\/\/www.uia.archi\/sk\/wp-json\/wp\/v2\/users\/1"}],"replies":[{"embeddable":true,"href":"https:\/\/www.uia.archi\/sk\/wp-json\/wp\/v2\/comments?post=473"}],"version-history":[{"count":0,"href":"https:\/\/www.uia.archi\/sk\/wp-json\/wp\/v2\/posts\/473\/revisions"}],"wp:attachment":[{"href":"https:\/\/www.uia.archi\/sk\/wp-json\/wp\/v2\/media?parent=473"}],"wp:term":[{"taxonomy":"category","embeddable":true,"href":"https:\/\/www.uia.archi\/sk\/wp-json\/wp\/v2\/categories?post=473"},{"taxonomy":"post_tag","embeddable":true,"href":"https:\/\/www.uia.archi\/sk\/wp-json\/wp\/v2\/tags?post=473"}],"curies":[{"name":"wp","href":"https:\/\/api.w.org\/{rel}","templated":true}]}}