{"id":1891,"date":"2020-11-08T00:00:00","date_gmt":"2020-11-07T23:00:00","guid":{"rendered":"https:\/\/www.uia.archi\/intens-relief-asikt-om-elektromassageraren-for-stimulering\/"},"modified":"2020-11-08T00:00:00","modified_gmt":"2020-11-07T23:00:00","slug":"intens-relief-asikt-om-elektromassageraren-for-stimulering","status":"publish","type":"post","link":"https:\/\/www.uia.archi\/sv\/intens-relief-asikt-om-elektromassageraren-for-stimulering\/","title":{"rendered":"Intens Relief &#8211; \u00e5sikt om elektromassageraren f\u00f6r stimulering"},"content":{"rendered":"<div id=\"ez-toc-container\" class=\"ez-toc-v2_0_82_2 counter-hierarchy ez-toc-counter ez-toc-grey ez-toc-container-direction\">\n<p class=\"ez-toc-title\" style=\"cursor:inherit\">Inneh\u00e5llsf\u00f6rteckning:<\/p>\n<label for=\"ez-toc-cssicon-toggle-item-69f51cc6a6322\" class=\"ez-toc-cssicon-toggle-label\"><span class=\"\"><span class=\"eztoc-hide\" style=\"display:none;\">Toggle<\/span><span class=\"ez-toc-icon-toggle-span\"><svg style=\"fill: #999;color:#999\" xmlns=\"http:\/\/www.w3.org\/2000\/svg\" class=\"list-377408\" width=\"20px\" height=\"20px\" viewBox=\"0 0 24 24\" fill=\"none\"><path d=\"M6 6H4v2h2V6zm14 0H8v2h12V6zM4 11h2v2H4v-2zm16 0H8v2h12v-2zM4 16h2v2H4v-2zm16 0H8v2h12v-2z\" fill=\"currentColor\"><\/path><\/svg><svg style=\"fill: #999;color:#999\" class=\"arrow-unsorted-368013\" xmlns=\"http:\/\/www.w3.org\/2000\/svg\" width=\"10px\" height=\"10px\" viewBox=\"0 0 24 24\" version=\"1.2\" baseProfile=\"tiny\"><path d=\"M18.2 9.3l-6.2-6.3-6.2 6.3c-.2.2-.3.4-.3.7s.1.5.3.7c.2.2.4.3.7.3h11c.3 0 .5-.1.7-.3.2-.2.3-.5.3-.7s-.1-.5-.3-.7zM5.8 14.7l6.2 6.3 6.2-6.3c.2-.2.3-.5.3-.7s-.1-.5-.3-.7c-.2-.2-.4-.3-.7-.3h-11c-.3 0-.5.1-.7.3-.2.2-.3.5-.3.7s.1.5.3.7z\"\/><\/svg><\/span><\/span><\/label><input type=\"checkbox\"  id=\"ez-toc-cssicon-toggle-item-69f51cc6a6322\"  aria-label=\"Toggle\" \/><nav><ul class='ez-toc-list ez-toc-list-level-1 ' ><li class='ez-toc-page-1 ez-toc-heading-level-3'><a class=\"ez-toc-link ez-toc-heading-1\" href=\"https:\/\/www.uia.archi\/sv\/intens-relief-asikt-om-elektromassageraren-for-stimulering\/#Vad_ar_Intens_Relief_AcuPen_Stimulation_elektro-massager\" >Vad \u00e4r Intens Relief (AcuPen Stimulation) elektro-massager?<\/a><\/li><li class='ez-toc-page-1 ez-toc-heading-level-3'><a class=\"ez-toc-link ez-toc-heading-2\" href=\"https:\/\/www.uia.archi\/sv\/intens-relief-asikt-om-elektromassageraren-for-stimulering\/#Vem_rekommenderas_elektromassage\" >Vem rekommenderas elektromassage?<\/a><\/li><li class='ez-toc-page-1 ez-toc-heading-level-3'><a class=\"ez-toc-link ez-toc-heading-3\" href=\"https:\/\/www.uia.archi\/sv\/intens-relief-asikt-om-elektromassageraren-for-stimulering\/#Finns_det_nagra_kontraindikationer_for_att_anvanda_Intens_Relief\" >Finns det n\u00e5gra kontraindikationer f\u00f6r att anv\u00e4nda Intens Relief:<\/a><\/li><li class='ez-toc-page-1 ez-toc-heading-level-3'><a class=\"ez-toc-link ez-toc-heading-4\" href=\"https:\/\/www.uia.archi\/sv\/intens-relief-asikt-om-elektromassageraren-for-stimulering\/#Hur_ska_Intens_Relief_anvandas\" >Hur ska Intens Relief anv\u00e4ndas?<\/a><\/li><li class='ez-toc-page-1 ez-toc-heading-level-3'><a class=\"ez-toc-link ez-toc-heading-5\" href=\"https:\/\/www.uia.archi\/sv\/intens-relief-asikt-om-elektromassageraren-for-stimulering\/#Vad_skiljer_Intens_Relief_electro-massager\" >Vad skiljer Intens Relief electro-massager?<\/a><\/li><li class='ez-toc-page-1 ez-toc-heading-level-3'><a class=\"ez-toc-link ez-toc-heading-6\" href=\"https:\/\/www.uia.archi\/sv\/intens-relief-asikt-om-elektromassageraren-for-stimulering\/#Vad_innehaller_Intens_Relief-elektrostimuleringssatsen\" >Vad inneh\u00e5ller Intens Relief-elektrostimuleringssatsen?<\/a><\/li><li class='ez-toc-page-1 ez-toc-heading-level-3'><a class=\"ez-toc-link ez-toc-heading-7\" href=\"https:\/\/www.uia.archi\/sv\/intens-relief-asikt-om-elektromassageraren-for-stimulering\/#Kunder_om_intensiv_lattnad_%E2%80%93_asikter_om_effektivitet\" >Kunder om intensiv l\u00e4ttnad &#8211; \u00e5sikter om effektivitet:<\/a><\/li><li class='ez-toc-page-1 ez-toc-heading-level-3'><a class=\"ez-toc-link ez-toc-heading-8\" href=\"https:\/\/www.uia.archi\/sv\/intens-relief-asikt-om-elektromassageraren-for-stimulering\/#Var_kan_jag_kopa_Intens_Relief\" >Var kan jag k\u00f6pa Intens Relief?<\/a><\/li><\/ul><\/nav><\/div>\n<p><a href=\"https:\/\/www.uia.archi\/go\/intens-relief\/\" rel=\"nofollow\"><img loading=\"lazy\" decoding=\"async\" class=\"alignleft wp-image-15409\" src=\"https:\/\/www.uia.archi\/wp-content\/uploads\/2020\/11\/intens-relief-263x300.jpg\" alt=\"intensiv l\u00e4ttnad\" width=\"190\" height=\"217\" \/><\/a> Elektrostimulering eller elektromassagerare kan l\u00e5ta konstigt eller till och med st\u00f6rande. Det \u00e4r dock en teknik som l\u00e5ter dig lindra sm\u00e4rta eller slappna av muskler p\u00e5 ett icke-invasivt s\u00e4tt med hj\u00e4lp av elektriska impulser.<\/p>\n<p>Fram till nyligen utf\u00f6rdes s\u00e5dana behandlingar endast av en kosmetolog eller mass\u00f6r, men tack vare introduktionen av den b\u00e4rbara elektro-massageapparaten Intens Relief kan du utf\u00f6ra en &#8221;elektrisk&#8221; massage hemma och njuta av dess gynnsamma effekt p\u00e5 v\u00e5rt v\u00e4lbefinnande.<\/p>\n<ul>\n<li>9 justeringsniv\u00e5er<\/li>\n<li>en heml\u00f6sning f\u00f6r alla<\/li>\n<li>eliminerar sm\u00e4rta<\/li>\n<li>regenererar <a href=\"https:\/\/en.wikipedia.org\/wiki\/Peripheral_nervous_system\" rel=\"nofollow\">perifera nerver<\/a><\/li>\n<\/ul>\n<h3><span class=\"ez-toc-section\" id=\"Vad_ar_Intens_Relief_AcuPen_Stimulation_elektro-massager\"><\/span>Vad \u00e4r Intens Relief (AcuPen Stimulation) elektro-massager?<span class=\"ez-toc-section-end\"><\/span><\/h3>\n<p>Intens Relief \u00e4r en kompakt elektromassageenhet som du alltid kan ha med dig. Syftet med behandlingen \u00e4r att avge elektriska impulser med l\u00e5g effekt, vilket g\u00f6r att du kan massera sp\u00e4nda muskler och minska sm\u00e4rta.<\/p>\n<p>Du kan ocks\u00e5 utf\u00f6ra elektrostimuleringsbehandlingar hos en mass\u00f6r, i sk\u00f6nhets- eller h\u00e4lsosalonger, tyv\u00e4rr i s\u00e5dana anl\u00e4ggningar \u00e4r kostnaden f\u00f6r en behandling mycket dyr.<\/p>\n<p>Massage baserad p\u00e5 elektrostimulering kan anv\u00e4ndas f\u00f6r tr\u00f6tta muskler efter en skada. Elektriska impulser regenererar skadade perifera muskler och nerver.<\/p>\n<p>Ut\u00f6ver denna effekt accelererar elektromassage ocks\u00e5 fettf\u00f6rbr\u00e4nning, f\u00f6rb\u00e4ttrar syres\u00e4ttning av huden och stimulerar produktionen av kollagen och elastin. Genom att regelbundet uts\u00e4tta kroppen f\u00f6r elektriska impulser \u00e4r det m\u00f6jligt att minska sm\u00e4rta och sp\u00e4nning.<\/p>\n<h3><span class=\"ez-toc-section\" id=\"Vem_rekommenderas_elektromassage\"><\/span>Vem rekommenderas elektromassage?<span class=\"ez-toc-section-end\"><\/span><\/h3>\n<p>Stimulerande muskler med elektriska impulser rekommenderas s\u00e4rskilt f\u00f6r s\u00e5dana sjukdomar som:<\/p>\n<ul>\n<li><a href=\"https:\/\/en.wikipedia.org\/wiki\/Rheumatism\">reumatism<\/a> och <a href=\"https:\/\/en.wikipedia.org\/wiki\/Gout\" rel=\"nofollow\">artrit<\/a> ,<\/li>\n<li>ryggont, s\u00e4rskilt dess kroniska sorter,<\/li>\n<li>degenerativa sm\u00e4rtor,<\/li>\n<li>artralgi,<\/li>\n<li>skador och tr\u00f6tta muskler,<\/li>\n<li>artralgi.<\/li>\n<\/ul>\n<p>Enheten kan anv\u00e4ndas av personer \u00f6ver 18 \u00e5r. H\u00e5ll dig borta fr\u00e5n vatten n\u00e4r du arbetar med enheten.<\/p>\n<h3><span class=\"ez-toc-section\" id=\"Finns_det_nagra_kontraindikationer_for_att_anvanda_Intens_Relief\"><\/span>Finns det n\u00e5gra kontraindikationer f\u00f6r att anv\u00e4nda Intens Relief:<span class=\"ez-toc-section-end\"><\/span><\/h3>\n<ul>\n<li>Det \u00e4r inte till\u00e5tet att anv\u00e4nda elektromassageapparaten om du har en pacemaker, artificiellt hj\u00e4rta, konstgjord lunga, pulsregulator eller n\u00e5gon annan elektrisk medicinsk utrustning;<\/li>\n<li>Graviditet,<\/li>\n<li>Hj\u00e4rtsjukdomar,<\/li>\n<li>Epilepsi<\/li>\n<\/ul>\n<h3><span class=\"ez-toc-section\" id=\"Hur_ska_Intens_Relief_anvandas\"><\/span>Hur ska Intens Relief anv\u00e4ndas?<span class=\"ez-toc-section-end\"><\/span><\/h3>\n<p>Elektrisk stimulering b\u00f6r utf\u00f6ras p\u00e5 musklerna i ett avslappnat tillst\u00e5nd. Placera dynan p\u00e5 huden, efter ett tag ska du k\u00e4nna att dina muskler pulserar.<\/p>\n<p>Kameran avger pulser s\u00e5 l\u00e4nge locket \u00e4r i r\u00e4tt riktning. Att \u00e4ndra position, liten r\u00f6relse, kommer att stoppa de genererade vibrationerna. D\u00e4rf\u00f6r \u00e4r det viktigt att ta ett bekv\u00e4mt l\u00e4ge f\u00f6re elektromassage som g\u00f6r att du kan h\u00e5lla apparaten still i flera minuter.<\/p>\n<p>Du kan uppleva en liten stickning n\u00e4r du utf\u00f6r elektromassage. Detta borde inte oroa dig.<\/p>\n<p><strong>Nedan f\u00f6ljer en detaljerad instruktion om hur du anv\u00e4nder enheten:<\/strong><\/p>\n<ol>\n<li>Ta bort locket p\u00e5 enhetens baksida, s\u00e4tt i ett AA-batteri och s\u00e4tt tillbaka locket.<\/li>\n<li>Sl\u00e5 sedan p\u00e5 enheten genom att trycka p\u00e5 str\u00f6mbrytaren men i ett s\u00e5dant l\u00e4ge att locket pekar upp\u00e5t. Omkopplaren \u00e4r den nedre delen av den svarta knappen markerad med ett &#8221;+&#8221; -tecken. N\u00e4r du har slagit p\u00e5 b\u00f6r du se siffran 0. P\u00e5 kontrollknappen kan du justera enhetens effekt fr\u00e5n niv\u00e5 1 &#8211; den l\u00e4gsta effekten, till niv\u00e5 9 &#8211; den h\u00f6gsta effekten.<\/li>\n<li>Innan du anv\u00e4nder kameran f\u00f6r f\u00f6rsta g\u00e5ngen, testa hur den fungerar p\u00e5 din hand.<\/li>\n<li>Innan elektromassage p\u00e5b\u00f6rjas, applicera en liten m\u00e4ngd Contact Gel Intens Relief p\u00e5 massagen.<\/li>\n<li>Du kan starta elektromassage. Vi rekommenderar att du b\u00f6rjar fr\u00e5n den l\u00e4gsta niv\u00e5n. Om du inte k\u00e4nner pulsering efter att du har applicerat massagek\u00e5pan, flytta elektro-massagemaskinen \u00f6ver huden tills du k\u00e4nner pulsen. Om vibrationerna \u00e4r f\u00f6r svaga kan du gradvis \u00f6ka enhetens effekt.<\/li>\n<li>Om du k\u00e4nner en stickande k\u00e4nsla under elektromassage betyder det att locket inte f\u00e4ster ordentligt p\u00e5 huden. I detta fall b\u00f6r du applicera mer gel p\u00e5 huden.<\/li>\n<li>Efter att du har b\u00f6rjat stimulera, skjut huden \u00f6ver huden tills du k\u00e4nner en tydlig pulsation. D\u00e5 blir det en plats som kr\u00e4ver elektromassage.<\/li>\n<li>N\u00e4r du har slutf\u00f6rt massagen, st\u00e4ll in enhetens effekt p\u00e5 niv\u00e5 0, den st\u00e4ngs av automatiskt efter 5 sekunder.<\/li>\n<\/ol>\n<p><strong>Tips om lagring och applikation:<\/strong><\/p>\n<ul>\n<li>anv\u00e4nd inte en elektromassagerare utan \u00f6verl\u00e4gg,<\/li>\n<li>F\u00f6rvaras o\u00e5tkomligt f\u00f6r barn,<\/li>\n<li>Ta bort batterierna om kameran inte ska anv\u00e4ndas under en l\u00e4ngre tid.<\/li>\n<\/ul>\n<h3><span class=\"ez-toc-section\" id=\"Vad_skiljer_Intens_Relief_electro-massager\"><\/span>Vad skiljer Intens Relief electro-massager?<span class=\"ez-toc-section-end\"><\/span><\/h3>\n<p>Intens Reliefs personliga elektromassagerare har sm\u00e5 former, s\u00e5 att du alltid kan ha enheten med dig, \u00e4ven n\u00e4r du \u00e4r p\u00e5 spr\u00e5ng. Det inbyggda kontrollsystemet l\u00e5ter dig justera enhetens effekt, du kan v\u00e4lja mellan 9 olika intensitetsniv\u00e5er (1-300 Hz).<\/p>\n<p>Elektrostimulering g\u00f6r att du kan lindra sm\u00e4rta och massera sp\u00e4nda och tr\u00f6tta muskler med mjuka elektriska impulser. Intens Relief \u00e4r den perfekta ers\u00e4ttaren f\u00f6r kemiska sm\u00e4rtstillande medel eller dyra bes\u00f6k i massagesalonger.<\/p>\n<h3><span class=\"ez-toc-section\" id=\"Vad_innehaller_Intens_Relief-elektrostimuleringssatsen\"><\/span>Vad inneh\u00e5ller Intens Relief-elektrostimuleringssatsen?<span class=\"ez-toc-section-end\"><\/span><\/h3>\n<p><strong>Hela upps\u00e4ttningen best\u00e5r av:<\/strong><\/p>\n<ul>\n<li><img loading=\"lazy\" decoding=\"async\" class=\"alignright size-medium wp-image-15441\" src=\"https:\/\/www.uia.archi\/wp-content\/uploads\/2020\/11\/intens-relief-contact-gel-120x300.jpg\" alt=\"intensiv kontaktkontaktgel\" width=\"120\" height=\"300\" \/> elektromassagerare (icke-medicinsk utrustning) med en praktisk form, gjord av s\u00e4ker ABS-plast;<\/li>\n<li>utbytbara elektrostimuleringskuddar (1 st platt \u00f6verl\u00e4gg, 1 st punkt\u00f6verl\u00e4gg);<\/li>\n<li>kontaktgel &#8211; 1 st. Kontaktgel Intens Relief 50 ml;<\/li>\n<li>AA Fujitsu-batteri;<\/li>\n<li>kartongf\u00f6rpackningar;<\/li>\n<li>informationsbroschyr;<\/li>\n<li>ett kompendium av kunskap om elektrostimulering;<\/li>\n<\/ul>\n<h3><span class=\"ez-toc-section\" id=\"Kunder_om_intensiv_lattnad_%E2%80%93_asikter_om_effektivitet\"><\/span>Kunder om intensiv l\u00e4ttnad &#8211; \u00e5sikter om effektivitet:<span class=\"ez-toc-section-end\"><\/span><\/h3>\n<ul>\n<li><strong>Sm\u00e4rtan \u00e4r \u00f6ver!<\/strong> &#8211; <em>Reumatiska sm\u00e4rtor b\u00f6rjade pl\u00e5ga mig f\u00f6r inte s\u00e5 l\u00e4nge sedan, men det gjorde mig sv\u00e5rt. Jag ville inte belasta min lever med starka sm\u00e4rtstillande medel. N\u00e4r jag bl\u00e4ddrade i nyheterna p\u00e5 Internet hittade jag en artikel om elektrostimulering och intensiv l\u00e4ttnad. Jag best\u00e4llde det av nyfikenhet, paketet kom mycket snabbt. Massagen och den dunkande k\u00e4nslan \u00e4r ganska trevlig, jag k\u00e4nner inget obehag. Men det viktigaste \u00e4r att sm\u00e4rtan f\u00f6rsvinner! Jag rekomenderar!<\/em> &#8211; <strong>Karol, 48 \u00e5r gammal<\/strong><\/li>\n<li><strong>Det slappnar av musklerna och minskar sm\u00e4rtan<\/strong> &#8211; <em>jag har utsatts f\u00f6r akut stress i flera m\u00e5nader. Den st\u00e4ndiga sp\u00e4nningen fick mina muskler att v\u00e4rka. Mina muskler var s\u00e5 sp\u00e4nda att de k\u00e4ndes som sten. Som en g\u00e5va fr\u00e5n barn fick jag en b\u00e4rbar Intens Relief-elektro-massager. F\u00f6rst hade jag n\u00e5gra hanteringsproblem, s\u00e4rskilt att hitta pulsfl\u00e4cken, men jag fick snabbt kontroll \u00f6ver den. Denna elektro-massager slappnar verkligen av dina muskler och minskar sm\u00e4rta.<\/em> &#8211; <strong>Hanna, 51 \u00e5r gammal<\/strong><\/li>\n<li><strong>S\u00e5 effektivt som p\u00e5 ett professionellt kontor!<\/strong> &#8211; <em>Jag har tr\u00e4nat sport regelbundet i flera \u00e5r. Ibland gillar jag att \u00f6verdriva lite och tyv\u00e4rr blir jag skadad i n\u00e5gra dagar. I s\u00e5dana situationer gjorde jag en l\u00e4tt stretch\u00f6vning eller gick till en mass\u00f6r. En av specialisterna har just rekommenderat elektrostimulering till mig. Jag gick f\u00f6r behandlingar n\u00e5gra g\u00e5nger och var mycket n\u00f6jd, tyv\u00e4rr kostade det en hel del. N\u00e4r jag l\u00e4ste om elektromassage p\u00e5 Internet hittade jag information om Intens Relief. Enheten intresserade mig s\u00e5 mycket att jag best\u00e4mde mig f\u00f6r att best\u00e4lla den. Jag erk\u00e4nner \u00e4rligt att elektriska impulser fungerar lika bra som p\u00e5 ett professionellt massageterapeutkontor!<\/em> &#8211; <strong>Renata, 32 \u00e5r gammal<\/strong><\/li>\n<\/ul>\n<h3><span class=\"ez-toc-section\" id=\"Var_kan_jag_kopa_Intens_Relief\"><\/span>Var kan jag k\u00f6pa Intens Relief?<span class=\"ez-toc-section-end\"><\/span><\/h3>\n<p>Att k\u00f6pa en elektromassagerare \u00e4r ett beslut som m\u00e5ste fattas klokt. P\u00e5verkas inte av ett extremt l\u00e5gt pris, f\u00f6r webbplatser eller auktionserbjudanden med s\u00e5 attraktiva priser \u00e4r tyv\u00e4rr de vanligaste f\u00f6rslagen f\u00f6r att k\u00f6pa f\u00f6rfalskningar.<\/p>\n<p>Var \u00e4r det b\u00e4sta st\u00e4llet att k\u00f6pa d\u00e5? Det s\u00e4kraste s\u00e4ttet \u00e4r att k\u00f6pa det p\u00e5 <a href=\"https:\/\/www.uia.archi\/go\/intens-relief\/\" rel=\"nofollow\">tillverkarens officiella webbplats<\/a> , d\u00e4r l\u00e4nken finns under v\u00e5r recension. Om du best\u00e4ller enheten p\u00e5 tillverkarens webbplats f\u00e5r du 100% originalitetsgaranti. Om du lider av obehagliga sjukdomar eller sm\u00e4rtor \u00e4r det v\u00e4rt att best\u00e4lla Intens Relief s\u00e5 snart som m\u00f6jligt!<\/p>\n<div class=\"belcherwt aligncenter\" style=\"border: #000 dashed 3px; padding: 10px 20px; margin: 10px 0; font-size: 14px;\">\n<p style=\"text-align: left;\"><strong><a href=\"https:\/\/www.uia.archi\/go\/intens-relief\/\" rel=\"nofollow\"><img loading=\"lazy\" decoding=\"async\" class=\"alignleft wp-image-15377 size-medium\" src=\"https:\/\/www.uia.archi\/wp-content\/uploads\/2020\/11\/intens-relief-box-300x257.jpg\" alt=\"intensiv l\u00e4ttnadsl\u00e5da\" width=\"300\" height=\"257\" \/><\/a> OBS:<\/strong> Under en begr\u00e4nsad tid har den officiella <a href=\"https:\/\/www.uia.archi\/go\/intens-relief\/\" rel=\"nofollow\"><strong>INTENS RELIEF-<\/strong><\/a> distribut\u00f6ren ett specialerbjudande f\u00f6r v\u00e5ra l\u00e4sare. Det \u00e4r f\u00f6rknippat med en 100% trippeln\u00f6jdhetsgaranti om anv\u00e4ndningen inte ger de f\u00f6rv\u00e4ntade resultaten.<\/p>\n<p style=\"text-align: left;\"><a style=\"text-decoration: underline; color: #0046af;\" href=\"https:\/\/www.uia.archi\/go\/intens-relief\/\" rel=\"nofollow\"><strong>Klicka h\u00e4r f\u00f6r att best\u00e4lla INTENS RELIEF<\/strong><\/a><\/p>\n<p style=\"text-align: left;\"><span style=\"color: #000000;\"><span style=\"background-color: #ffff00;\"><a href=\"https:\/\/www.uia.archi\/go\/intens-relief\/\" rel=\"nofollow\"><span style=\"color: #000000;\"><strong style=\"color: #000000;\">anv\u00e4nd DENNA l\u00e4nk f\u00f6r att f\u00e5 GRATIS FRAKT<\/strong><\/span><\/a><\/span><\/span><\/p>\n<p style=\"text-align: left;\"><span style=\"color: #ff0000;\"><strong><span style=\"font-family: 'Arial Black';\">Kampanjen slutar idag!<\/span><\/strong><\/span><\/p>\n<p style=\"text-align: left;\">P\u00e5 grund av utarmning av lager \u00e4r kampanjen begr\u00e4nsad i tid<\/p>\n<\/div>\n","protected":false},"excerpt":{"rendered":"<p>Elektrostimulering eller elektromassagerare kan l\u00e5ta konstigt eller till och med st\u00f6rande. Det \u00e4r dock en teknik som l\u00e5ter dig lindra sm\u00e4rta eller slappna av muskler p\u00e5 ett icke-invasivt s\u00e4tt med hj\u00e4lp av elektriska impulser. Fram till nyligen utf\u00f6rdes s\u00e5dana behandlingar endast av en kosmetolog eller mass\u00f6r, men tack vare introduktionen av den b\u00e4rbara elektro-massageapparaten Intens [&hellip;]<\/p>\n","protected":false},"author":1,"featured_media":0,"comment_status":"open","ping_status":"open","sticky":false,"template":"","format":"standard","meta":{"cybocfi_hide_featured_image":"","footnotes":""},"categories":[1,30],"tags":[],"class_list":["post-1891","post","type-post","status-publish","format-standard","hentry","category-avis-sur-les-produits","category-produktrecensioner"],"yoast_head":"<!-- This site is optimized with the Yoast SEO plugin v27.5 - https:\/\/yoast.com\/product\/yoast-seo-wordpress\/ -->\n<title>Intens Relief - \u00e5sikt om elektromassageraren f\u00f6r stimulering<\/title>\n<meta name=\"robots\" content=\"index, follow, max-snippet:-1, max-image-preview:large, max-video-preview:-1\" \/>\n<link rel=\"canonical\" href=\"https:\/\/www.uia.archi\/sv\/intens-relief-asikt-om-elektromassageraren-for-stimulering\/\" \/>\n<meta property=\"og:locale\" content=\"sv_SE\" \/>\n<meta property=\"og:type\" content=\"article\" \/>\n<meta property=\"og:title\" content=\"Intens Relief - \u00e5sikt om elektromassageraren f\u00f6r stimulering\" \/>\n<meta property=\"og:description\" content=\"Elektrostimulering eller elektromassagerare kan l\u00e5ta konstigt eller till och med st\u00f6rande. Det \u00e4r dock en teknik som l\u00e5ter dig lindra sm\u00e4rta eller slappna av muskler p\u00e5 ett icke-invasivt s\u00e4tt med hj\u00e4lp av elektriska impulser. Fram till nyligen utf\u00f6rdes s\u00e5dana behandlingar endast av en kosmetolog eller mass\u00f6r, men tack vare introduktionen av den b\u00e4rbara elektro-massageapparaten Intens [&hellip;]\" \/>\n<meta property=\"og:url\" content=\"https:\/\/www.uia.archi\/sv\/intens-relief-asikt-om-elektromassageraren-for-stimulering\/\" \/>\n<meta property=\"og:site_name\" content=\"Unika internationella artiklar\" \/>\n<meta property=\"article:published_time\" content=\"2020-11-07T23:00:00+00:00\" \/>\n<meta property=\"og:image\" content=\"https:\/\/www.uia.archi\/wp-content\/uploads\/2020\/11\/intens-relief-263x300.jpg\" \/>\n<meta name=\"author\" content=\"Writer\" \/>\n<meta name=\"twitter:card\" content=\"summary_large_image\" \/>\n<meta name=\"twitter:label1\" content=\"Skriven av\" \/>\n\t<meta name=\"twitter:data1\" content=\"Writer\" \/>\n\t<meta name=\"twitter:label2\" content=\"Ber\u00e4knad l\u00e4stid\" \/>\n\t<meta name=\"twitter:data2\" content=\"7 minuter\" \/>\n<script type=\"application\/ld+json\" class=\"yoast-schema-graph\">{\"@context\":\"https:\\\/\\\/schema.org\",\"@graph\":[{\"@type\":\"Article\",\"@id\":\"https:\\\/\\\/www.uia.archi\\\/sv\\\/intens-relief-asikt-om-elektromassageraren-for-stimulering\\\/#article\",\"isPartOf\":{\"@id\":\"https:\\\/\\\/www.uia.archi\\\/sv\\\/intens-relief-asikt-om-elektromassageraren-for-stimulering\\\/\"},\"author\":{\"name\":\"Writer\",\"@id\":\"https:\\\/\\\/www.uia.archi\\\/sv\\\/#\\\/schema\\\/person\\\/3d67c6894ced0e7a84948b704169c9c2\"},\"headline\":\"Intens Relief &#8211; \u00e5sikt om elektromassageraren f\u00f6r stimulering\",\"datePublished\":\"2020-11-07T23:00:00+00:00\",\"mainEntityOfPage\":{\"@id\":\"https:\\\/\\\/www.uia.archi\\\/sv\\\/intens-relief-asikt-om-elektromassageraren-for-stimulering\\\/\"},\"wordCount\":1412,\"commentCount\":0,\"image\":{\"@id\":\"https:\\\/\\\/www.uia.archi\\\/sv\\\/intens-relief-asikt-om-elektromassageraren-for-stimulering\\\/#primaryimage\"},\"thumbnailUrl\":\"https:\\\/\\\/www.uia.archi\\\/wp-content\\\/uploads\\\/2020\\\/11\\\/intens-relief-263x300.jpg\",\"articleSection\":[\"Avis sur les produits\",\"Produktrecensioner\"],\"inLanguage\":\"sv-SE\",\"potentialAction\":[{\"@type\":\"CommentAction\",\"name\":\"Comment\",\"target\":[\"https:\\\/\\\/www.uia.archi\\\/sv\\\/intens-relief-asikt-om-elektromassageraren-for-stimulering\\\/#respond\"]}]},{\"@type\":\"WebPage\",\"@id\":\"https:\\\/\\\/www.uia.archi\\\/sv\\\/intens-relief-asikt-om-elektromassageraren-for-stimulering\\\/\",\"url\":\"https:\\\/\\\/www.uia.archi\\\/sv\\\/intens-relief-asikt-om-elektromassageraren-for-stimulering\\\/\",\"name\":\"Intens Relief - \u00e5sikt om elektromassageraren f\u00f6r stimulering\",\"isPartOf\":{\"@id\":\"https:\\\/\\\/www.uia.archi\\\/sv\\\/#website\"},\"primaryImageOfPage\":{\"@id\":\"https:\\\/\\\/www.uia.archi\\\/sv\\\/intens-relief-asikt-om-elektromassageraren-for-stimulering\\\/#primaryimage\"},\"image\":{\"@id\":\"https:\\\/\\\/www.uia.archi\\\/sv\\\/intens-relief-asikt-om-elektromassageraren-for-stimulering\\\/#primaryimage\"},\"thumbnailUrl\":\"https:\\\/\\\/www.uia.archi\\\/wp-content\\\/uploads\\\/2020\\\/11\\\/intens-relief-263x300.jpg\",\"datePublished\":\"2020-11-07T23:00:00+00:00\",\"author\":{\"@id\":\"https:\\\/\\\/www.uia.archi\\\/sv\\\/#\\\/schema\\\/person\\\/3d67c6894ced0e7a84948b704169c9c2\"},\"breadcrumb\":{\"@id\":\"https:\\\/\\\/www.uia.archi\\\/sv\\\/intens-relief-asikt-om-elektromassageraren-for-stimulering\\\/#breadcrumb\"},\"inLanguage\":\"sv-SE\",\"potentialAction\":[{\"@type\":\"ReadAction\",\"target\":[\"https:\\\/\\\/www.uia.archi\\\/sv\\\/intens-relief-asikt-om-elektromassageraren-for-stimulering\\\/\"]}]},{\"@type\":\"ImageObject\",\"inLanguage\":\"sv-SE\",\"@id\":\"https:\\\/\\\/www.uia.archi\\\/sv\\\/intens-relief-asikt-om-elektromassageraren-for-stimulering\\\/#primaryimage\",\"url\":\"https:\\\/\\\/www.uia.archi\\\/wp-content\\\/uploads\\\/2020\\\/11\\\/intens-relief-263x300.jpg\",\"contentUrl\":\"https:\\\/\\\/www.uia.archi\\\/wp-content\\\/uploads\\\/2020\\\/11\\\/intens-relief-263x300.jpg\"},{\"@type\":\"BreadcrumbList\",\"@id\":\"https:\\\/\\\/www.uia.archi\\\/sv\\\/intens-relief-asikt-om-elektromassageraren-for-stimulering\\\/#breadcrumb\",\"itemListElement\":[{\"@type\":\"ListItem\",\"position\":1,\"name\":\"Hem\",\"item\":\"https:\\\/\\\/www.uia.archi\\\/sv\\\/\"},{\"@type\":\"ListItem\",\"position\":2,\"name\":\"Produktrecensioner\",\"item\":\"https:\\\/\\\/www.uia.archi\\\/sv\\\/category\\\/produktrecensioner\\\/\"},{\"@type\":\"ListItem\",\"position\":3,\"name\":\"Intens Relief &#8211; \u00e5sikt om elektromassageraren f\u00f6r stimulering\"}]},{\"@type\":\"WebSite\",\"@id\":\"https:\\\/\\\/www.uia.archi\\\/sv\\\/#website\",\"url\":\"https:\\\/\\\/www.uia.archi\\\/sv\\\/\",\"name\":\"Unika internationella artiklar\",\"description\":\"Artiklar om olika \u00e4mnen, en v\u00e4rdefull kunskapsresurs f\u00f6r dig och din familj\",\"potentialAction\":[{\"@type\":\"SearchAction\",\"target\":{\"@type\":\"EntryPoint\",\"urlTemplate\":\"https:\\\/\\\/www.uia.archi\\\/sv\\\/?s={search_term_string}\"},\"query-input\":{\"@type\":\"PropertyValueSpecification\",\"valueRequired\":true,\"valueName\":\"search_term_string\"}}],\"inLanguage\":\"sv-SE\"},{\"@type\":\"Person\",\"@id\":\"https:\\\/\\\/www.uia.archi\\\/sv\\\/#\\\/schema\\\/person\\\/3d67c6894ced0e7a84948b704169c9c2\",\"name\":\"Writer\",\"image\":{\"@type\":\"ImageObject\",\"inLanguage\":\"sv-SE\",\"@id\":\"https:\\\/\\\/www.uia.archi\\\/wp-content\\\/litespeed\\\/avatar\\\/1a002795387e512944da0898076d6c44.jpg?ver=1777482563\",\"url\":\"https:\\\/\\\/www.uia.archi\\\/wp-content\\\/litespeed\\\/avatar\\\/1a002795387e512944da0898076d6c44.jpg?ver=1777482563\",\"contentUrl\":\"https:\\\/\\\/www.uia.archi\\\/wp-content\\\/litespeed\\\/avatar\\\/1a002795387e512944da0898076d6c44.jpg?ver=1777482563\",\"caption\":\"Writer\"},\"sameAs\":[\"https:\\\/\\\/www.uia.archi\"],\"url\":\"https:\\\/\\\/www.uia.archi\\\/sv\\\/author\\\/writer\\\/\"}]}<\/script>\n<!-- \/ Yoast SEO plugin. -->","yoast_head_json":{"title":"Intens Relief - \u00e5sikt om elektromassageraren f\u00f6r stimulering","robots":{"index":"index","follow":"follow","max-snippet":"max-snippet:-1","max-image-preview":"max-image-preview:large","max-video-preview":"max-video-preview:-1"},"canonical":"https:\/\/www.uia.archi\/sv\/intens-relief-asikt-om-elektromassageraren-for-stimulering\/","og_locale":"sv_SE","og_type":"article","og_title":"Intens Relief - \u00e5sikt om elektromassageraren f\u00f6r stimulering","og_description":"Elektrostimulering eller elektromassagerare kan l\u00e5ta konstigt eller till och med st\u00f6rande. Det \u00e4r dock en teknik som l\u00e5ter dig lindra sm\u00e4rta eller slappna av muskler p\u00e5 ett icke-invasivt s\u00e4tt med hj\u00e4lp av elektriska impulser. Fram till nyligen utf\u00f6rdes s\u00e5dana behandlingar endast av en kosmetolog eller mass\u00f6r, men tack vare introduktionen av den b\u00e4rbara elektro-massageapparaten Intens [&hellip;]","og_url":"https:\/\/www.uia.archi\/sv\/intens-relief-asikt-om-elektromassageraren-for-stimulering\/","og_site_name":"Unika internationella artiklar","article_published_time":"2020-11-07T23:00:00+00:00","og_image":[{"url":"https:\/\/www.uia.archi\/wp-content\/uploads\/2020\/11\/intens-relief-263x300.jpg","type":"","width":"","height":""}],"author":"Writer","twitter_card":"summary_large_image","twitter_misc":{"Skriven av":"Writer","Ber\u00e4knad l\u00e4stid":"7 minuter"},"schema":{"@context":"https:\/\/schema.org","@graph":[{"@type":"Article","@id":"https:\/\/www.uia.archi\/sv\/intens-relief-asikt-om-elektromassageraren-for-stimulering\/#article","isPartOf":{"@id":"https:\/\/www.uia.archi\/sv\/intens-relief-asikt-om-elektromassageraren-for-stimulering\/"},"author":{"name":"Writer","@id":"https:\/\/www.uia.archi\/sv\/#\/schema\/person\/3d67c6894ced0e7a84948b704169c9c2"},"headline":"Intens Relief &#8211; \u00e5sikt om elektromassageraren f\u00f6r stimulering","datePublished":"2020-11-07T23:00:00+00:00","mainEntityOfPage":{"@id":"https:\/\/www.uia.archi\/sv\/intens-relief-asikt-om-elektromassageraren-for-stimulering\/"},"wordCount":1412,"commentCount":0,"image":{"@id":"https:\/\/www.uia.archi\/sv\/intens-relief-asikt-om-elektromassageraren-for-stimulering\/#primaryimage"},"thumbnailUrl":"https:\/\/www.uia.archi\/wp-content\/uploads\/2020\/11\/intens-relief-263x300.jpg","articleSection":["Avis sur les produits","Produktrecensioner"],"inLanguage":"sv-SE","potentialAction":[{"@type":"CommentAction","name":"Comment","target":["https:\/\/www.uia.archi\/sv\/intens-relief-asikt-om-elektromassageraren-for-stimulering\/#respond"]}]},{"@type":"WebPage","@id":"https:\/\/www.uia.archi\/sv\/intens-relief-asikt-om-elektromassageraren-for-stimulering\/","url":"https:\/\/www.uia.archi\/sv\/intens-relief-asikt-om-elektromassageraren-for-stimulering\/","name":"Intens Relief - \u00e5sikt om elektromassageraren f\u00f6r stimulering","isPartOf":{"@id":"https:\/\/www.uia.archi\/sv\/#website"},"primaryImageOfPage":{"@id":"https:\/\/www.uia.archi\/sv\/intens-relief-asikt-om-elektromassageraren-for-stimulering\/#primaryimage"},"image":{"@id":"https:\/\/www.uia.archi\/sv\/intens-relief-asikt-om-elektromassageraren-for-stimulering\/#primaryimage"},"thumbnailUrl":"https:\/\/www.uia.archi\/wp-content\/uploads\/2020\/11\/intens-relief-263x300.jpg","datePublished":"2020-11-07T23:00:00+00:00","author":{"@id":"https:\/\/www.uia.archi\/sv\/#\/schema\/person\/3d67c6894ced0e7a84948b704169c9c2"},"breadcrumb":{"@id":"https:\/\/www.uia.archi\/sv\/intens-relief-asikt-om-elektromassageraren-for-stimulering\/#breadcrumb"},"inLanguage":"sv-SE","potentialAction":[{"@type":"ReadAction","target":["https:\/\/www.uia.archi\/sv\/intens-relief-asikt-om-elektromassageraren-for-stimulering\/"]}]},{"@type":"ImageObject","inLanguage":"sv-SE","@id":"https:\/\/www.uia.archi\/sv\/intens-relief-asikt-om-elektromassageraren-for-stimulering\/#primaryimage","url":"https:\/\/www.uia.archi\/wp-content\/uploads\/2020\/11\/intens-relief-263x300.jpg","contentUrl":"https:\/\/www.uia.archi\/wp-content\/uploads\/2020\/11\/intens-relief-263x300.jpg"},{"@type":"BreadcrumbList","@id":"https:\/\/www.uia.archi\/sv\/intens-relief-asikt-om-elektromassageraren-for-stimulering\/#breadcrumb","itemListElement":[{"@type":"ListItem","position":1,"name":"Hem","item":"https:\/\/www.uia.archi\/sv\/"},{"@type":"ListItem","position":2,"name":"Produktrecensioner","item":"https:\/\/www.uia.archi\/sv\/category\/produktrecensioner\/"},{"@type":"ListItem","position":3,"name":"Intens Relief &#8211; \u00e5sikt om elektromassageraren f\u00f6r stimulering"}]},{"@type":"WebSite","@id":"https:\/\/www.uia.archi\/sv\/#website","url":"https:\/\/www.uia.archi\/sv\/","name":"Unika internationella artiklar","description":"Artiklar om olika \u00e4mnen, en v\u00e4rdefull kunskapsresurs f\u00f6r dig och din familj","potentialAction":[{"@type":"SearchAction","target":{"@type":"EntryPoint","urlTemplate":"https:\/\/www.uia.archi\/sv\/?s={search_term_string}"},"query-input":{"@type":"PropertyValueSpecification","valueRequired":true,"valueName":"search_term_string"}}],"inLanguage":"sv-SE"},{"@type":"Person","@id":"https:\/\/www.uia.archi\/sv\/#\/schema\/person\/3d67c6894ced0e7a84948b704169c9c2","name":"Writer","image":{"@type":"ImageObject","inLanguage":"sv-SE","@id":"https:\/\/www.uia.archi\/wp-content\/litespeed\/avatar\/1a002795387e512944da0898076d6c44.jpg?ver=1777482563","url":"https:\/\/www.uia.archi\/wp-content\/litespeed\/avatar\/1a002795387e512944da0898076d6c44.jpg?ver=1777482563","contentUrl":"https:\/\/www.uia.archi\/wp-content\/litespeed\/avatar\/1a002795387e512944da0898076d6c44.jpg?ver=1777482563","caption":"Writer"},"sameAs":["https:\/\/www.uia.archi"],"url":"https:\/\/www.uia.archi\/sv\/author\/writer\/"}]}},"blog_post_layout_featured_media_urls":{"thumbnail":"","full":""},"categories_names":{"1":{"name":"Avis sur les produits","link":"https:\/\/www.uia.archi\/category\/avis-sur-les-produits\/"},"30":{"name":"Produktrecensioner","link":"https:\/\/www.uia.archi\/sv\/category\/produktrecensioner\/"}},"tags_names":[],"comments_number":"0","wpmagazine_modules_lite_featured_media_urls":{"thumbnail":"","cvmm-medium":"","cvmm-medium-plus":"","cvmm-portrait":"","cvmm-medium-square":"","cvmm-large":"","cvmm-small":"","full":""},"_links":{"self":[{"href":"https:\/\/www.uia.archi\/sv\/wp-json\/wp\/v2\/posts\/1891","targetHints":{"allow":["GET"]}}],"collection":[{"href":"https:\/\/www.uia.archi\/sv\/wp-json\/wp\/v2\/posts"}],"about":[{"href":"https:\/\/www.uia.archi\/sv\/wp-json\/wp\/v2\/types\/post"}],"author":[{"embeddable":true,"href":"https:\/\/www.uia.archi\/sv\/wp-json\/wp\/v2\/users\/1"}],"replies":[{"embeddable":true,"href":"https:\/\/www.uia.archi\/sv\/wp-json\/wp\/v2\/comments?post=1891"}],"version-history":[{"count":0,"href":"https:\/\/www.uia.archi\/sv\/wp-json\/wp\/v2\/posts\/1891\/revisions"}],"wp:attachment":[{"href":"https:\/\/www.uia.archi\/sv\/wp-json\/wp\/v2\/media?parent=1891"}],"wp:term":[{"taxonomy":"category","embeddable":true,"href":"https:\/\/www.uia.archi\/sv\/wp-json\/wp\/v2\/categories?post=1891"},{"taxonomy":"post_tag","embeddable":true,"href":"https:\/\/www.uia.archi\/sv\/wp-json\/wp\/v2\/tags?post=1891"}],"curies":[{"name":"wp","href":"https:\/\/api.w.org\/{rel}","templated":true}]}}