{"id":2260,"date":"2021-01-22T00:00:00","date_gmt":"2021-01-21T23:00:00","guid":{"rendered":"https:\/\/www.uia.archi\/provelia-for-celluliter-action-komposition-och-asikter\/"},"modified":"2021-01-22T00:00:00","modified_gmt":"2021-01-21T23:00:00","slug":"provelia-for-celluliter-action-komposition-och-asikter","status":"publish","type":"post","link":"https:\/\/www.uia.archi\/sv\/provelia-for-celluliter-action-komposition-och-asikter\/","title":{"rendered":"Provelia f\u00f6r celluliter &#8211; action, komposition och \u00e5sikter"},"content":{"rendered":"<div id=\"ez-toc-container\" class=\"ez-toc-v2_0_82_2 counter-hierarchy ez-toc-counter ez-toc-grey ez-toc-container-direction\">\n<p class=\"ez-toc-title\" style=\"cursor:inherit\">Inneh\u00e5llsf\u00f6rteckning:<\/p>\n<label for=\"ez-toc-cssicon-toggle-item-69f598599395e\" class=\"ez-toc-cssicon-toggle-label\"><span class=\"\"><span class=\"eztoc-hide\" style=\"display:none;\">Toggle<\/span><span class=\"ez-toc-icon-toggle-span\"><svg style=\"fill: #999;color:#999\" xmlns=\"http:\/\/www.w3.org\/2000\/svg\" class=\"list-377408\" width=\"20px\" height=\"20px\" viewBox=\"0 0 24 24\" fill=\"none\"><path d=\"M6 6H4v2h2V6zm14 0H8v2h12V6zM4 11h2v2H4v-2zm16 0H8v2h12v-2zM4 16h2v2H4v-2zm16 0H8v2h12v-2z\" fill=\"currentColor\"><\/path><\/svg><svg style=\"fill: #999;color:#999\" class=\"arrow-unsorted-368013\" xmlns=\"http:\/\/www.w3.org\/2000\/svg\" width=\"10px\" height=\"10px\" viewBox=\"0 0 24 24\" version=\"1.2\" baseProfile=\"tiny\"><path d=\"M18.2 9.3l-6.2-6.3-6.2 6.3c-.2.2-.3.4-.3.7s.1.5.3.7c.2.2.4.3.7.3h11c.3 0 .5-.1.7-.3.2-.2.3-.5.3-.7s-.1-.5-.3-.7zM5.8 14.7l6.2 6.3 6.2-6.3c.2-.2.3-.5.3-.7s-.1-.5-.3-.7c-.2-.2-.4-.3-.7-.3h-11c-.3 0-.5.1-.7.3-.2.2-.3.5-.3.7s.1.5.3.7z\"\/><\/svg><\/span><\/span><\/label><input type=\"checkbox\"  id=\"ez-toc-cssicon-toggle-item-69f598599395e\"  aria-label=\"Toggle\" \/><nav><ul class='ez-toc-list ez-toc-list-level-1 ' ><li class='ez-toc-page-1 ez-toc-heading-level-3'><a class=\"ez-toc-link ez-toc-heading-1\" href=\"https:\/\/www.uia.archi\/sv\/provelia-for-celluliter-action-komposition-och-asikter\/#Provelia_och_kampen_mot_celluliter\" >Provelia och kampen mot celluliter<\/a><\/li><li class='ez-toc-page-1 ez-toc-heading-level-3'><a class=\"ez-toc-link ez-toc-heading-2\" href=\"https:\/\/www.uia.archi\/sv\/provelia-for-celluliter-action-komposition-och-asikter\/#Avsedd_anvandning\" >Avsedd anv\u00e4ndning<\/a><\/li><li class='ez-toc-page-1 ez-toc-heading-level-3'><a class=\"ez-toc-link ez-toc-heading-3\" href=\"https:\/\/www.uia.archi\/sv\/provelia-for-celluliter-action-komposition-och-asikter\/#Sammansattningen_av_Provelia-kram_%E2%80%93_bara_naturliga_komponenter\" >Sammans\u00e4ttningen av Provelia-kr\u00e4m &#8211; bara naturliga komponenter<\/a><\/li><li class='ez-toc-page-1 ez-toc-heading-level-3'><a class=\"ez-toc-link ez-toc-heading-4\" href=\"https:\/\/www.uia.archi\/sv\/provelia-for-celluliter-action-komposition-och-asikter\/#Hur_anvands_Provelia\" >Hur anv\u00e4nds Provelia?<\/a><\/li><li class='ez-toc-page-1 ez-toc-heading-level-3'><a class=\"ez-toc-link ez-toc-heading-5\" href=\"https:\/\/www.uia.archi\/sv\/provelia-for-celluliter-action-komposition-och-asikter\/#Provelia_recensioner\" >Provelia recensioner<\/a><\/li><li class='ez-toc-page-1 ez-toc-heading-level-3'><a class=\"ez-toc-link ez-toc-heading-6\" href=\"https:\/\/www.uia.archi\/sv\/provelia-for-celluliter-action-komposition-och-asikter\/#Var_kan_jag_kopa_Provelia_cellulitkram\" >Var kan jag k\u00f6pa Provelia cellulitkr\u00e4m?<\/a><\/li><\/ul><\/nav><\/div>\n<p class=\"p1\"><img loading=\"lazy\" decoding=\"async\" class=\"size-full wp-image-17347 alignleft\" src=\"https:\/\/www.uia.archi\/wp-content\/uploads\/2021\/01\/provelia.png\" alt=\"provelia\" width=\"300\" height=\"300\" \/> Provelia \u00e4r en kr\u00e4m som l\u00e5ter dig sl\u00e5ss effektivt mot en av de st\u00f6rsta fienderna i en vacker kropp &#8211; celluliter. Dessutom \u00e5terfuktar den, tonar och ger n\u00e4ring \u00e5t huden. Hur skiljer det sig fr\u00e5n konkurrerande produkter? Vad \u00e4r dess sammans\u00e4ttning? Hur man anv\u00e4nder det? Vi inbjuder dig att granska produkten.<\/p>\n<h3 class=\"p3\"><span class=\"ez-toc-section\" id=\"Provelia_och_kampen_mot_celluliter\"><\/span><b><i>Provelia och kampen mot celluliter<\/i><\/b><span class=\"ez-toc-section-end\"><\/span><\/h3>\n<p class=\"p1\">Celluliter \u00e4r ett problem som p\u00e5verkar alla kvinnor i mindre eller st\u00f6rre utstr\u00e4ckning. Det \u00e4r associerat med \u00f6verskottet av \u00f6strogen i kroppen, varf\u00f6r det \u00e4r mycket mindre vanligt hos m\u00e4n. De karakteristiska klumparna upptr\u00e4der oavsett kroppens \u00e5lder och vikt, \u00e4ven om det gynnas av brist p\u00e5 fysisk aktivitet. Ytterligare faktorer som \u00f6kar risken f\u00f6r celluliter inkluderar stillasittande arbete, \u00f6verskott av godis, bearbetade livsmedel, k\u00f6tt fyllda med antibiotika, konsumtion av stora m\u00e4ngder salt, alkohol, stimulantia och till och med b\u00e4r tighta kl\u00e4der. Inte alla element kan elimineras fr\u00e5n livet. Detta \u00e4r ett annat argument att anv\u00e4nda Provelia-kr\u00e4m inte bara n\u00e4r det g\u00e4ller celluliter utan ocks\u00e5 f\u00f6rebyggande.<\/p>\n<p class=\"p1\"><strong>Provelia minskar risken f\u00f6r celluliter och \u00f6kar dessutom ogynnsamma f\u00f6r\u00e4ndringar.<\/strong> Det rekommenderas ocks\u00e5 f\u00f6r allm\u00e4n hudv\u00e5rd. Det l\u00e5ter dig beh\u00e5lla din sk\u00f6nhet under l\u00e5ng tid.<\/p>\n<h3 class=\"p3\"><span class=\"ez-toc-section\" id=\"Avsedd_anvandning\"><\/span><b><i>Avsedd anv\u00e4ndning<\/i><\/b><span class=\"ez-toc-section-end\"><\/span><\/h3>\n<p class=\"p1\">Provelia \u00e4r en produkt avsedd f\u00f6r vuxna. Av uppenbara sk\u00e4l anv\u00e4nds det fr\u00e4mst av kvinnor, men det kan ocks\u00e5 anv\u00e4ndas av m\u00e4n. Det finns inga motindikationer f\u00f6r detta. Det \u00e4r l\u00e4mpligt f\u00f6r v\u00e5rd av olika hudtyper, inklusive k\u00e4nslig hud. Det hj\u00e4lper inte bara med celluliter utan ocks\u00e5 med m\u00e5nga andra sjukdomar som p\u00e5verkar sk\u00f6nhet och h\u00e4lsa (mer om det nedan).<\/p>\n<p class=\"p3\"><b>Provelia &#8211; effekter av anv\u00e4ndning:<\/b><\/p>\n<ul>\n<li class=\"p1\">sl\u00e5ss med celluliter och \u00f6verfl\u00f6digt kroppsfett (f\u00f6rebyggande och omedelbar handling);<\/li>\n<li class=\"p1\">\u00e5terfuktar, st\u00e4rker och elastiserar huden;<\/li>\n<li class=\"p1\">f\u00f6rhindra bristningar<\/li>\n<li class=\"p1\">f\u00f6rdr\u00f6ja \u00e5ldringsprocesserna<\/li>\n<li class=\"p1\">st\u00e4rka blodk\u00e4rlen och f\u00f6rb\u00e4ttra mikrocirkulationen;<\/li>\n<li class=\"p1\">antiinflammatorisk effekt<\/li>\n<li class=\"p1\">hudn\u00e4ring<\/li>\n<li class=\"p1\">skydd mot ogynnsamma yttre faktorer (t.ex. UV-str\u00e5lning);<\/li>\n<\/ul>\n<h3 class=\"p3\"><span class=\"ez-toc-section\" id=\"Sammansattningen_av_Provelia-kram_%E2%80%93_bara_naturliga_komponenter\"><\/span><b><i>Sammans\u00e4ttningen av Provelia-kr\u00e4m &#8211; bara naturliga komponenter<\/i><\/b><span class=\"ez-toc-section-end\"><\/span><\/h3>\n<ul>\n<li class=\"p1\"><b>Urinbl\u00e5san<\/b> ( <i>Fucus vesiculosus<\/i> ) &#8211; dess huvudsakliga aktiva ingrediens \u00e4r <a href=\"https:\/\/en.wikipedia.org\/wiki\/Alginic_acid\"><span class=\"s1\">alginsyra<\/span><\/a> . Dessutom \u00e4r fucus rik p\u00e5 lipider, karotenoider (inklusive fucoxanthin), vitamin C, vitamin E och mineralsalter (inklusive jod, kalium och natrium). Tack vare detta har den ett brett spektrum av \u00e5tg\u00e4rder. Det p\u00e5verkar nedbrytningen av fetter och bek\u00e4mpar effektivt celluliter. Det stimulerar lymffl\u00f6det, f\u00f6rhindrar ansamling av celluliter och bildning av svullnad. Det p\u00e5skyndar din \u00e4mnesoms\u00e4ttning, tar bort giftiga avfallsprodukter och br\u00e4nner fett. Det f\u00f6rb\u00e4ttrar mikrocirkulationen. Det st\u00e4rker och tonar huden. Fucus \u00e4r en alga som tillh\u00f6r de bruna algerna. Den anv\u00e4nds ocks\u00e5 i k\u00f6ket. Detta \u00e4r en av naturens mest v\u00e4rdefulla g\u00e5vor.<\/li>\n<li class=\"p1\"><b>Asiatisk<\/b> <i>hirs<\/i> ( <i>Centella asiatica<\/i> ), \u00e4ven k\u00e4nd som Gotu kola, \u00e4r en v\u00e4xt som har anv\u00e4nts i ayurvedisk medicin i \u00e5rhundraden. Den inneh\u00e5ller mycket triterpen- <a href=\"https:\/\/en.wikipedia.org\/wiki\/Saponin\"><span class=\"s1\">saponiner<\/span><\/a> . Dessutom \u00e4r den rik p\u00e5 vitaminer (A, C, K, E) och magnesium. Det har f\u00f6ryngrande egenskaper. Det har en positiv effekt p\u00e5 hudens utseende. Det f\u00f6rb\u00e4ttrar produktionen av kollagen (som minskar med \u00e5ldern), tack vare vilken huden f\u00f6rblir sl\u00e4t och elastisk. Regenererar och st\u00e4rker celler. N\u00e4rar huden. Minskar synligt celluliter.<\/li>\n<li class=\"p1\"><b>Vanlig murgr\u00f6na<\/b> ( <i>Hedera helix<\/i> ) &#8211; anv\u00e4nds i kosttillskott mot \u00e5ldrande. \u00d6kar motst\u00e5ndet i blodk\u00e4rlen och har antiinflammatoriska egenskaper. Det minskar celluliter och lymfsvullnad. P\u00e5skyndar f\u00f6rbr\u00e4nningen av fettv\u00e4vnad. Den inneh\u00e5ller flavonoider (inklusive hedragenin) och saponiner. Kl\u00e4ttrare f\u00f6rekommer i m\u00e5nga delar av v\u00e4rlden. Den odlas i tr\u00e4dg\u00e5rdar, parker s\u00e5v\u00e4l som i hem. Tidigare tillskrevs den en magisk effekt. Han var ocks\u00e5 en symbol f\u00f6r trofasthet.<\/li>\n<li class=\"p1\"><i>Echinacea purpurea<\/i> ( <i>Echinacea purpurea<\/i> ) &#8211; en popul\u00e4r <b>s\u00e4ngkl\u00e4der<\/b> har b\u00e5de l\u00e4kande och kosmetiska egenskaper. Det aktiverar cellregenerering, stimulerar produktionen av kollagen och skyddar samtidigt huden mot ogynnsamma faktorer, s\u00e5som UV-str\u00e5lning. Det f\u00f6rhindrar att epidermis g\u00e5r s\u00f6nder. Hj\u00e4lper till med hudinflammationer, klarar br\u00e4nnskador och s\u00e5r.<\/li>\n<li class=\"p1\"><b>H\u00e4stsvans<\/b> ( <i>Equisetum arvense<\/i> ) &#8211; f\u00f6rb\u00e4ttrar blodcirkulationen och p\u00e5skyndar \u00e4mnesoms\u00e4ttningen, vilket indirekt hj\u00e4lper till att f\u00f6rhindra celluliter. Ingredienserna den inneh\u00e5ller deltar i kollagensyntesen, vilket g\u00f6r att huden f\u00f6rblir elastisk, sl\u00e4t och fast l\u00e4ngre. Det har antibakteriella, antiinflammatoriska och f\u00f6rst\u00e4rkande egenskaper. Det \u00e4r en rik k\u00e4lla av kiseldioxid som l\u00e4tt absorberas av kroppen. Det hj\u00e4lper till att \u00e5terst\u00e4lla det attraktiva utseendet p\u00e5 skadad hud, till exempel efter utslag, s\u00e5r och mykos.<\/li>\n<li class=\"p1\"><b>Rosmarin<\/b> <i>(Rosmarinus officinalis)<\/i> &#8211; en buske som f\u00f6rekommer naturligt i Medelhavsomr\u00e5det och odlas i m\u00e5nga l\u00e4nder runt om i v\u00e4rlden, \u00e4r det en uppskattad l\u00e4kemedel och krydda anl\u00e4ggningen. Den anv\u00e4nds b\u00e5de internt och externt. Den inneh\u00e5ller kraftfulla antioxidanter som bek\u00e4mpar fria radikaler, saktar ner \u00e5ldringsprocessen och minskar risken f\u00f6r cancer. P\u00e5skyndar hudregenerering och f\u00f6rb\u00e4ttrar dess motst\u00e5ndskraft mot negativa yttre faktorer. Det anv\u00e4nds f\u00f6r att minska synligheten f\u00f6r \u00e4rr. Det sl\u00e4pper ut och mjukar upp huden.<\/li>\n<li class=\"p1\"><b>Vanlig kamomill<\/b> ( <i>Matricaria chamomilla<\/i> ) &#8211; \u00e4r en v\u00e4xt av \u00e4ngar, \u00e5krar och ruderalplatser. Det \u00e4r utbrett i m\u00e5nga delar av v\u00e4rlden. Det har v\u00e4rdefulla medicinska och kosmetiska egenskaper. Den mest k\u00e4nda \u00e4r desinfektionseffekten av kamomill. Dessutom p\u00e5skyndar \u00e4mnesoms\u00e4ttningen, stimulerar cirkulationen och st\u00e4rker blodk\u00e4rlen. L\u00e4mplig f\u00f6r v\u00e5rd av k\u00e4nslig hud (inneh\u00e5ller antiallergisk <a href=\"https:\/\/en.wikipedia.org\/wiki\/Chamazulene\"><span class=\"s1\">kamazulen<\/span><\/a> och lugnande <a href=\"https:\/\/en.wikipedia.org\/wiki\/Bisabolol\"><span class=\"s1\">alfa-bisabolol<\/span><\/a> ). Det lugnar sm\u00e4rta och kl\u00e5da, p\u00e5skyndar hudens regenerering. Ger bredare effekt av Provelia-kr\u00e4m.<\/li>\n<li class=\"p1\"><b>S\u00f6t mandelolja<\/b> ( <i>Prunus Amygdalus<\/i> ) &#8211; inneh\u00e5ller v\u00e4rdefulla syror (oljesyra och linolsyra) och vitaminer (A, B1, B2, B6, D och E). I kosmetologi anv\u00e4nds det f\u00f6r att \u00e5terfukta och n\u00e4rma huden. Det hj\u00e4lper till att f\u00f6rhindra celluliter, hudbristningar och m\u00e5nga dermatologiska sjukdomar. Det skyddar huden mot mikroorganismer och UV-str\u00e5lning. Det f\u00f6rb\u00e4ttrar absorptionen av andra ingredienser.<\/li>\n<li class=\"p1\"><b>Koffein<\/b> ( <i>Coffeine<\/i> ) &#8211; n\u00e4r det anv\u00e4nds internt, \u00f6kar energiniv\u00e5n. En s\u00e5dan \u00e5tg\u00e4rd \u00e4r v\u00e4lk\u00e4nd. Men koffein anv\u00e4nds ocks\u00e5 i kosmetika f\u00f6r hudv\u00e5rd. Det p\u00e5skyndar \u00e4mnesoms\u00e4ttningen och stimulerar nedbrytningen av fett till fettsyra och glycerol. Det f\u00f6rhindrar ansamling av fett (total f\u00f6rb\u00e4ttring av utseendet). Som ett resultat f\u00f6rhindrar och minskar koffein bildandet av celluliter.<\/li>\n<\/ul>\n<h3 class=\"p3\"><span class=\"ez-toc-section\" id=\"Hur_anvands_Provelia\"><\/span><b><i>Hur anv\u00e4nds Provelia?<\/i><\/b><span class=\"ez-toc-section-end\"><\/span><\/h3>\n<p class=\"p1\">Provelia \u00e4r en kr\u00e4m som ska anv\u00e4ndas regelbundet. Det rekommenderas att applicera det 1-2 g\u00e5nger om dagen, med fokus p\u00e5 platser som buken, l\u00e5ren och skinkorna. Det b\u00f6r masseras med cirkul\u00e4ra r\u00f6relser tills det g\u00e5r s\u00f6nder. Effekterna beror p\u00e5 organismens individuella f\u00f6rh\u00e5llanden och storleken p\u00e5 problemet, men \u00e4r vanligtvis mycket synliga. <strong>Positiva f\u00f6r\u00e4ndringar kan ses efter n\u00e5gra veckors anv\u00e4ndning<\/strong> . Kr\u00e4men \u00e4r helt s\u00e4ker f\u00f6r kroppen, dess anv\u00e4ndning orsakar inte biverkningar. Det \u00e4r v\u00e4rt att anv\u00e4nda det profylaktiskt och kontinuerligt. Det skyddar inte bara mot celluliter utan tar ocks\u00e5 omsorg om huden genom att ers\u00e4tta ett antal andra kosmetika. F\u00f6rpackningen inneh\u00e5ller 120 ml gr\u00e4dde.<\/p>\n<h3 class=\"p3\"><span class=\"ez-toc-section\" id=\"Provelia_recensioner\"><\/span><b><i>Provelia recensioner<\/i><\/b><span class=\"ez-toc-section-end\"><\/span><\/h3>\n<ul>\n<li class=\"p1\"><strong>En kr\u00e4m f\u00f6r allt!<\/strong> &#8211; <em>\u201dJag valde att k\u00f6pa Provelia inte bara f\u00f6r att f\u00f6rebygga celluliter utan f\u00f6r allm\u00e4n hudv\u00e5rd. Jag \u00e4r mycket n\u00f6jd med att den fullg\u00f6r sina uppgifter med vana. Det r\u00e4cker inte att celluliter och hudbristningar har f\u00f6rsvunnit, och min hud ser mycket friskare ut. Den \u00e4r mjukare, mer elastisk, s\u00e5 trevlig att r\u00f6ra vid och stramare. Jag ser generellt yngre ut &#8211; jag har h\u00f6rt s\u00e5dana komplimanger flera g\u00e5nger. Dessutom m\u00e4rkte jag att \u00e4rrets synlighet i underlivet har minskat. Helt enkelt fantastiskt! &#8221;<\/em><\/li>\n<\/ul>\n<ul>\n<li class=\"p1\"><strong>Inget mer celluliter<\/strong> &#8211; <em>\u201dCelluliter \u00e4r en fruktansv\u00e4rd sjukdom, som jag tyv\u00e4rr inte missade. Det var s\u00e4rskilt synligt p\u00e5 l\u00e5r och skinkor. Jag sk\u00e4mdes f\u00f6r det och g\u00f6mde det f\u00f6r min man. Vid ett tillf\u00e4lle tappade jag till och med min \u00f6nskan om sex. Jag hade ett \u00f6verv\u00e4ldigande intryck av att han gillade mig mycket mindre \u00e4n tidigare. Om jag gillar det alls. En ot\u00e4ck k\u00e4nsla. Jag tog hand om mig sj\u00e4lv. Jag b\u00f6rjade springa och tappade faktiskt lite i vikt. Celluliter var d\u00e4r fortfarande, \u00e4nnu mer. En v\u00e4n rekommenderade Provelia-kr\u00e4m till mig. Det var r\u00e4tt beslut. Det tog ett tag, \u00e4ven om jag visste att effekterna inte skulle bli omedelbara. Efter n\u00e5gra veckor b\u00f6rjade de fula skikten minska. F\u00f6r n\u00e4rvarande anv\u00e4nder jag gr\u00e4dden i fj\u00e4rde m\u00e5naden efter celluliter finns det inga sp\u00e5r. Dessutom \u00e4r huden sl\u00e4t och fast. Nu anv\u00e4nder jag Provelia f\u00f6r skydd \u201d.<\/em><\/li>\n<\/ul>\n<ul>\n<li class=\"p1\"><strong>Komplett skydd<\/strong> &#8211; <em>\u201dJag anv\u00e4nder Provelia profylaktiskt f\u00f6r att skydda mig mot olika negativa f\u00f6r\u00e4ndringar &#8211; celluliter, hudbristningar och \u00f6vergripande hud\u00e5ldring. Jag f\u00f6redrar att inte till\u00e5ta liknande situationer \u00e4n att bek\u00e4mpa dem senare. Jag tar bara hand om mig sj\u00e4lv. Provelia \u00f6vertygade mig med en rik komposition. Anv\u00e4nder de bepr\u00f6vade g\u00e5vorna fr\u00e5n naturen. Det har den mest m\u00e5ngsidiga effekten bland kr\u00e4mer som jag har anv\u00e4nt hittills. Dessutom \u00e4r det extremt effektivt, som jag redan har m\u00e4rkt. Tack vare honom kommer jag att se ut n\u00e5gra \u00e5r yngre. Huden \u00e4r frisk, sl\u00e4t och fast \u201d.<\/em><\/li>\n<\/ul>\n<h3 class=\"p3\"><span class=\"ez-toc-section\" id=\"Var_kan_jag_kopa_Provelia_cellulitkram\"><\/span><b><i>Var kan jag k\u00f6pa Provelia cellulitkr\u00e4m?<\/i><\/b><span class=\"ez-toc-section-end\"><\/span><\/h3>\n<p class=\"p1\">Provelia \u00e4r en ansedd kr\u00e4m som har f\u00e5tt erk\u00e4nnande i m\u00e5nga l\u00e4nder runt om i v\u00e4rlden. J\u00e4mf\u00f6rt med konkurrerande produkter \u00e4r den <strong>effektivare och har en bredare till\u00e4mpning<\/strong> . Som ett resultat var det tyv\u00e4rr billigare och s\u00e4mre vad g\u00e4ller kvalitet. De erbjuds p\u00e5 olika webbplatser och p\u00e5 sociala mediekanaler. De uppmuntrar med attraktiva, till och med misst\u00e4nkt l\u00e5ga priser. F\u00f6ljaktligen blir k\u00f6paren offer f\u00f6r bedr\u00e4geri. Hur kan du skydda dig fr\u00e5n det? Det mest bevisade s\u00e4ttet \u00e4r att k\u00f6pa Provelia direkt p\u00e5 tillverkarens webbplats (se l\u00e4nken nedan). Detta garanterar mottagandet av originalprodukten och s\u00e4ker leverans.<\/p>\n<p class=\"p1\">Celluliter \u00e4r ett pinsamt problem som kan h\u00e4nda alla kvinnor. Det \u00e4r d\u00e4rf\u00f6r det \u00e4r v\u00e4rt att ha en \u00e5tg\u00e4rd till hands som skyddar den och vid behov m\u00f6jligg\u00f6r en snabb och effektiv kamp. Provelia-kr\u00e4m uppfyller dessa kriterier.<\/p>\n<div class=\"belcherwt aligncenter\" style=\"border: #000 dashed 3px; padding: 10px 20px; margin: 10px 0; font-size: 14px;\">\n<p style=\"text-align: left;\"><strong><a href=\"https:\/\/www.uia.archi\/go\/provelia\/\" rel=\"nofollow\"><img loading=\"lazy\" decoding=\"async\" class=\"alignleft wp-image-16930 size-medium\" src=\"https:\/\/www.uia.archi\/wp-content\/uploads\/2021\/01\/provelia.png\" alt=\"provelia\" width=\"226\" height=\"300\" \/><\/a> OBS:<\/strong> Under en begr\u00e4nsad tid har den officiella distribut\u00f6ren av <a href=\"https:\/\/www.uia.archi\/go\/provelia\/\" rel=\"nofollow\"><strong>PROVELIA-<\/strong><\/a> kr\u00e4m ett specialerbjudande f\u00f6r v\u00e5ra l\u00e4sare. Det \u00e4r f\u00f6rknippat med en 100% trippel tillfredsst\u00e4llelse garanti f\u00f6r den k\u00f6pta behandlingen, om det inte ger de f\u00f6rv\u00e4ntade resultaten.<\/p>\n<p style=\"text-align: left;\"><a style=\"text-decoration: underline; color: #0046af;\" href=\"https:\/\/www.uia.archi\/go\/provelia\/\" rel=\"nofollow\"><strong>Klicka h\u00e4r f\u00f6r att prova Provelia-kr\u00e4m<\/strong><\/a><\/p>\n<p style=\"text-align: left;\"><span style=\"color: #000000;\"><span style=\"background-color: #ffff00;\"><a href=\"https:\/\/www.uia.archi\/go\/provelia\/\" rel=\"nofollow\"><span style=\"color: #000000;\"><strong style=\"color: #000000;\">anv\u00e4nd DENNA l\u00e4nk f\u00f6r att f\u00e5 GRATIS LEVERANS<\/strong><\/span><\/a><\/span><\/span><\/p>\n<p style=\"text-align: left;\"><span style=\"color: #ff0000;\"><strong><span style=\"font-family: 'Arial Black';\">Kampanjen slutar idag!<\/span><\/strong><\/span><\/p>\n<p style=\"text-align: left;\">P\u00e5 grund av utarmning av lager \u00e4r kampanjen begr\u00e4nsad i tid<\/p>\n<\/div>\n","protected":false},"excerpt":{"rendered":"<p>Provelia \u00e4r en kr\u00e4m som l\u00e5ter dig sl\u00e5ss effektivt mot en av de st\u00f6rsta fienderna i en vacker kropp &#8211; celluliter. Dessutom \u00e5terfuktar den, tonar och ger n\u00e4ring \u00e5t huden. Hur skiljer det sig fr\u00e5n konkurrerande produkter? Vad \u00e4r dess sammans\u00e4ttning? Hur man anv\u00e4nder det? Vi inbjuder dig att granska produkten. Provelia och kampen mot [&hellip;]<\/p>\n","protected":false},"author":1,"featured_media":0,"comment_status":"open","ping_status":"open","sticky":false,"template":"","format":"standard","meta":{"cybocfi_hide_featured_image":"","footnotes":""},"categories":[1,30],"tags":[],"class_list":["post-2260","post","type-post","status-publish","format-standard","hentry","category-avis-sur-les-produits","category-produktrecensioner"],"yoast_head":"<!-- This site is optimized with the Yoast SEO plugin v27.5 - https:\/\/yoast.com\/product\/yoast-seo-wordpress\/ -->\n<title>Provelia f\u00f6r celluliter - action, komposition och \u00e5sikter<\/title>\n<meta name=\"robots\" content=\"index, follow, max-snippet:-1, max-image-preview:large, max-video-preview:-1\" \/>\n<link rel=\"canonical\" href=\"https:\/\/www.uia.archi\/sv\/provelia-for-celluliter-action-komposition-och-asikter\/\" \/>\n<meta property=\"og:locale\" content=\"sv_SE\" \/>\n<meta property=\"og:type\" content=\"article\" \/>\n<meta property=\"og:title\" content=\"Provelia f\u00f6r celluliter - action, komposition och \u00e5sikter\" \/>\n<meta property=\"og:description\" content=\"Provelia \u00e4r en kr\u00e4m som l\u00e5ter dig sl\u00e5ss effektivt mot en av de st\u00f6rsta fienderna i en vacker kropp &#8211; celluliter. Dessutom \u00e5terfuktar den, tonar och ger n\u00e4ring \u00e5t huden. Hur skiljer det sig fr\u00e5n konkurrerande produkter? Vad \u00e4r dess sammans\u00e4ttning? Hur man anv\u00e4nder det? Vi inbjuder dig att granska produkten. Provelia och kampen mot [&hellip;]\" \/>\n<meta property=\"og:url\" content=\"https:\/\/www.uia.archi\/sv\/provelia-for-celluliter-action-komposition-och-asikter\/\" \/>\n<meta property=\"og:site_name\" content=\"Unika internationella artiklar\" \/>\n<meta property=\"article:published_time\" content=\"2021-01-21T23:00:00+00:00\" \/>\n<meta property=\"og:image\" content=\"https:\/\/www.uia.archi\/wp-content\/uploads\/2021\/01\/provelia.png\" \/>\n<meta name=\"author\" content=\"Writer\" \/>\n<meta name=\"twitter:card\" content=\"summary_large_image\" \/>\n<meta name=\"twitter:label1\" content=\"Skriven av\" \/>\n\t<meta name=\"twitter:data1\" content=\"Writer\" \/>\n\t<meta name=\"twitter:label2\" content=\"Ber\u00e4knad l\u00e4stid\" \/>\n\t<meta name=\"twitter:data2\" content=\"9 minuter\" \/>\n<script type=\"application\/ld+json\" class=\"yoast-schema-graph\">{\"@context\":\"https:\\\/\\\/schema.org\",\"@graph\":[{\"@type\":\"Article\",\"@id\":\"https:\\\/\\\/www.uia.archi\\\/sv\\\/provelia-for-celluliter-action-komposition-och-asikter\\\/#article\",\"isPartOf\":{\"@id\":\"https:\\\/\\\/www.uia.archi\\\/sv\\\/provelia-for-celluliter-action-komposition-och-asikter\\\/\"},\"author\":{\"name\":\"Writer\",\"@id\":\"https:\\\/\\\/www.uia.archi\\\/sv\\\/#\\\/schema\\\/person\\\/3d67c6894ced0e7a84948b704169c9c2\"},\"headline\":\"Provelia f\u00f6r celluliter &#8211; action, komposition och \u00e5sikter\",\"datePublished\":\"2021-01-21T23:00:00+00:00\",\"mainEntityOfPage\":{\"@id\":\"https:\\\/\\\/www.uia.archi\\\/sv\\\/provelia-for-celluliter-action-komposition-och-asikter\\\/\"},\"wordCount\":1896,\"commentCount\":0,\"image\":{\"@id\":\"https:\\\/\\\/www.uia.archi\\\/sv\\\/provelia-for-celluliter-action-komposition-och-asikter\\\/#primaryimage\"},\"thumbnailUrl\":\"https:\\\/\\\/www.uia.archi\\\/wp-content\\\/uploads\\\/2021\\\/01\\\/provelia.png\",\"articleSection\":[\"Avis sur les produits\",\"Produktrecensioner\"],\"inLanguage\":\"sv-SE\",\"potentialAction\":[{\"@type\":\"CommentAction\",\"name\":\"Comment\",\"target\":[\"https:\\\/\\\/www.uia.archi\\\/sv\\\/provelia-for-celluliter-action-komposition-och-asikter\\\/#respond\"]}]},{\"@type\":\"WebPage\",\"@id\":\"https:\\\/\\\/www.uia.archi\\\/sv\\\/provelia-for-celluliter-action-komposition-och-asikter\\\/\",\"url\":\"https:\\\/\\\/www.uia.archi\\\/sv\\\/provelia-for-celluliter-action-komposition-och-asikter\\\/\",\"name\":\"Provelia f\u00f6r celluliter - action, komposition och \u00e5sikter\",\"isPartOf\":{\"@id\":\"https:\\\/\\\/www.uia.archi\\\/sv\\\/#website\"},\"primaryImageOfPage\":{\"@id\":\"https:\\\/\\\/www.uia.archi\\\/sv\\\/provelia-for-celluliter-action-komposition-och-asikter\\\/#primaryimage\"},\"image\":{\"@id\":\"https:\\\/\\\/www.uia.archi\\\/sv\\\/provelia-for-celluliter-action-komposition-och-asikter\\\/#primaryimage\"},\"thumbnailUrl\":\"https:\\\/\\\/www.uia.archi\\\/wp-content\\\/uploads\\\/2021\\\/01\\\/provelia.png\",\"datePublished\":\"2021-01-21T23:00:00+00:00\",\"author\":{\"@id\":\"https:\\\/\\\/www.uia.archi\\\/sv\\\/#\\\/schema\\\/person\\\/3d67c6894ced0e7a84948b704169c9c2\"},\"breadcrumb\":{\"@id\":\"https:\\\/\\\/www.uia.archi\\\/sv\\\/provelia-for-celluliter-action-komposition-och-asikter\\\/#breadcrumb\"},\"inLanguage\":\"sv-SE\",\"potentialAction\":[{\"@type\":\"ReadAction\",\"target\":[\"https:\\\/\\\/www.uia.archi\\\/sv\\\/provelia-for-celluliter-action-komposition-och-asikter\\\/\"]}]},{\"@type\":\"ImageObject\",\"inLanguage\":\"sv-SE\",\"@id\":\"https:\\\/\\\/www.uia.archi\\\/sv\\\/provelia-for-celluliter-action-komposition-och-asikter\\\/#primaryimage\",\"url\":\"https:\\\/\\\/www.uia.archi\\\/wp-content\\\/uploads\\\/2021\\\/01\\\/provelia.png\",\"contentUrl\":\"https:\\\/\\\/www.uia.archi\\\/wp-content\\\/uploads\\\/2021\\\/01\\\/provelia.png\"},{\"@type\":\"BreadcrumbList\",\"@id\":\"https:\\\/\\\/www.uia.archi\\\/sv\\\/provelia-for-celluliter-action-komposition-och-asikter\\\/#breadcrumb\",\"itemListElement\":[{\"@type\":\"ListItem\",\"position\":1,\"name\":\"Hem\",\"item\":\"https:\\\/\\\/www.uia.archi\\\/sv\\\/\"},{\"@type\":\"ListItem\",\"position\":2,\"name\":\"Produktrecensioner\",\"item\":\"https:\\\/\\\/www.uia.archi\\\/sv\\\/category\\\/produktrecensioner\\\/\"},{\"@type\":\"ListItem\",\"position\":3,\"name\":\"Provelia f\u00f6r celluliter &#8211; action, komposition och \u00e5sikter\"}]},{\"@type\":\"WebSite\",\"@id\":\"https:\\\/\\\/www.uia.archi\\\/sv\\\/#website\",\"url\":\"https:\\\/\\\/www.uia.archi\\\/sv\\\/\",\"name\":\"Unika internationella artiklar\",\"description\":\"Artiklar om olika \u00e4mnen, en v\u00e4rdefull kunskapsresurs f\u00f6r dig och din familj\",\"potentialAction\":[{\"@type\":\"SearchAction\",\"target\":{\"@type\":\"EntryPoint\",\"urlTemplate\":\"https:\\\/\\\/www.uia.archi\\\/sv\\\/?s={search_term_string}\"},\"query-input\":{\"@type\":\"PropertyValueSpecification\",\"valueRequired\":true,\"valueName\":\"search_term_string\"}}],\"inLanguage\":\"sv-SE\"},{\"@type\":\"Person\",\"@id\":\"https:\\\/\\\/www.uia.archi\\\/sv\\\/#\\\/schema\\\/person\\\/3d67c6894ced0e7a84948b704169c9c2\",\"name\":\"Writer\",\"image\":{\"@type\":\"ImageObject\",\"inLanguage\":\"sv-SE\",\"@id\":\"https:\\\/\\\/www.uia.archi\\\/wp-content\\\/litespeed\\\/avatar\\\/1a002795387e512944da0898076d6c44.jpg?ver=1777482563\",\"url\":\"https:\\\/\\\/www.uia.archi\\\/wp-content\\\/litespeed\\\/avatar\\\/1a002795387e512944da0898076d6c44.jpg?ver=1777482563\",\"contentUrl\":\"https:\\\/\\\/www.uia.archi\\\/wp-content\\\/litespeed\\\/avatar\\\/1a002795387e512944da0898076d6c44.jpg?ver=1777482563\",\"caption\":\"Writer\"},\"sameAs\":[\"https:\\\/\\\/www.uia.archi\"],\"url\":\"https:\\\/\\\/www.uia.archi\\\/sv\\\/author\\\/writer\\\/\"}]}<\/script>\n<!-- \/ Yoast SEO plugin. -->","yoast_head_json":{"title":"Provelia f\u00f6r celluliter - action, komposition och \u00e5sikter","robots":{"index":"index","follow":"follow","max-snippet":"max-snippet:-1","max-image-preview":"max-image-preview:large","max-video-preview":"max-video-preview:-1"},"canonical":"https:\/\/www.uia.archi\/sv\/provelia-for-celluliter-action-komposition-och-asikter\/","og_locale":"sv_SE","og_type":"article","og_title":"Provelia f\u00f6r celluliter - action, komposition och \u00e5sikter","og_description":"Provelia \u00e4r en kr\u00e4m som l\u00e5ter dig sl\u00e5ss effektivt mot en av de st\u00f6rsta fienderna i en vacker kropp &#8211; celluliter. Dessutom \u00e5terfuktar den, tonar och ger n\u00e4ring \u00e5t huden. Hur skiljer det sig fr\u00e5n konkurrerande produkter? Vad \u00e4r dess sammans\u00e4ttning? Hur man anv\u00e4nder det? Vi inbjuder dig att granska produkten. Provelia och kampen mot [&hellip;]","og_url":"https:\/\/www.uia.archi\/sv\/provelia-for-celluliter-action-komposition-och-asikter\/","og_site_name":"Unika internationella artiklar","article_published_time":"2021-01-21T23:00:00+00:00","og_image":[{"url":"https:\/\/www.uia.archi\/wp-content\/uploads\/2021\/01\/provelia.png","type":"","width":"","height":""}],"author":"Writer","twitter_card":"summary_large_image","twitter_misc":{"Skriven av":"Writer","Ber\u00e4knad l\u00e4stid":"9 minuter"},"schema":{"@context":"https:\/\/schema.org","@graph":[{"@type":"Article","@id":"https:\/\/www.uia.archi\/sv\/provelia-for-celluliter-action-komposition-och-asikter\/#article","isPartOf":{"@id":"https:\/\/www.uia.archi\/sv\/provelia-for-celluliter-action-komposition-och-asikter\/"},"author":{"name":"Writer","@id":"https:\/\/www.uia.archi\/sv\/#\/schema\/person\/3d67c6894ced0e7a84948b704169c9c2"},"headline":"Provelia f\u00f6r celluliter &#8211; action, komposition och \u00e5sikter","datePublished":"2021-01-21T23:00:00+00:00","mainEntityOfPage":{"@id":"https:\/\/www.uia.archi\/sv\/provelia-for-celluliter-action-komposition-och-asikter\/"},"wordCount":1896,"commentCount":0,"image":{"@id":"https:\/\/www.uia.archi\/sv\/provelia-for-celluliter-action-komposition-och-asikter\/#primaryimage"},"thumbnailUrl":"https:\/\/www.uia.archi\/wp-content\/uploads\/2021\/01\/provelia.png","articleSection":["Avis sur les produits","Produktrecensioner"],"inLanguage":"sv-SE","potentialAction":[{"@type":"CommentAction","name":"Comment","target":["https:\/\/www.uia.archi\/sv\/provelia-for-celluliter-action-komposition-och-asikter\/#respond"]}]},{"@type":"WebPage","@id":"https:\/\/www.uia.archi\/sv\/provelia-for-celluliter-action-komposition-och-asikter\/","url":"https:\/\/www.uia.archi\/sv\/provelia-for-celluliter-action-komposition-och-asikter\/","name":"Provelia f\u00f6r celluliter - action, komposition och \u00e5sikter","isPartOf":{"@id":"https:\/\/www.uia.archi\/sv\/#website"},"primaryImageOfPage":{"@id":"https:\/\/www.uia.archi\/sv\/provelia-for-celluliter-action-komposition-och-asikter\/#primaryimage"},"image":{"@id":"https:\/\/www.uia.archi\/sv\/provelia-for-celluliter-action-komposition-och-asikter\/#primaryimage"},"thumbnailUrl":"https:\/\/www.uia.archi\/wp-content\/uploads\/2021\/01\/provelia.png","datePublished":"2021-01-21T23:00:00+00:00","author":{"@id":"https:\/\/www.uia.archi\/sv\/#\/schema\/person\/3d67c6894ced0e7a84948b704169c9c2"},"breadcrumb":{"@id":"https:\/\/www.uia.archi\/sv\/provelia-for-celluliter-action-komposition-och-asikter\/#breadcrumb"},"inLanguage":"sv-SE","potentialAction":[{"@type":"ReadAction","target":["https:\/\/www.uia.archi\/sv\/provelia-for-celluliter-action-komposition-och-asikter\/"]}]},{"@type":"ImageObject","inLanguage":"sv-SE","@id":"https:\/\/www.uia.archi\/sv\/provelia-for-celluliter-action-komposition-och-asikter\/#primaryimage","url":"https:\/\/www.uia.archi\/wp-content\/uploads\/2021\/01\/provelia.png","contentUrl":"https:\/\/www.uia.archi\/wp-content\/uploads\/2021\/01\/provelia.png"},{"@type":"BreadcrumbList","@id":"https:\/\/www.uia.archi\/sv\/provelia-for-celluliter-action-komposition-och-asikter\/#breadcrumb","itemListElement":[{"@type":"ListItem","position":1,"name":"Hem","item":"https:\/\/www.uia.archi\/sv\/"},{"@type":"ListItem","position":2,"name":"Produktrecensioner","item":"https:\/\/www.uia.archi\/sv\/category\/produktrecensioner\/"},{"@type":"ListItem","position":3,"name":"Provelia f\u00f6r celluliter &#8211; action, komposition och \u00e5sikter"}]},{"@type":"WebSite","@id":"https:\/\/www.uia.archi\/sv\/#website","url":"https:\/\/www.uia.archi\/sv\/","name":"Unika internationella artiklar","description":"Artiklar om olika \u00e4mnen, en v\u00e4rdefull kunskapsresurs f\u00f6r dig och din familj","potentialAction":[{"@type":"SearchAction","target":{"@type":"EntryPoint","urlTemplate":"https:\/\/www.uia.archi\/sv\/?s={search_term_string}"},"query-input":{"@type":"PropertyValueSpecification","valueRequired":true,"valueName":"search_term_string"}}],"inLanguage":"sv-SE"},{"@type":"Person","@id":"https:\/\/www.uia.archi\/sv\/#\/schema\/person\/3d67c6894ced0e7a84948b704169c9c2","name":"Writer","image":{"@type":"ImageObject","inLanguage":"sv-SE","@id":"https:\/\/www.uia.archi\/wp-content\/litespeed\/avatar\/1a002795387e512944da0898076d6c44.jpg?ver=1777482563","url":"https:\/\/www.uia.archi\/wp-content\/litespeed\/avatar\/1a002795387e512944da0898076d6c44.jpg?ver=1777482563","contentUrl":"https:\/\/www.uia.archi\/wp-content\/litespeed\/avatar\/1a002795387e512944da0898076d6c44.jpg?ver=1777482563","caption":"Writer"},"sameAs":["https:\/\/www.uia.archi"],"url":"https:\/\/www.uia.archi\/sv\/author\/writer\/"}]}},"blog_post_layout_featured_media_urls":{"thumbnail":"","full":""},"categories_names":{"1":{"name":"Avis sur les produits","link":"https:\/\/www.uia.archi\/category\/avis-sur-les-produits\/"},"30":{"name":"Produktrecensioner","link":"https:\/\/www.uia.archi\/sv\/category\/produktrecensioner\/"}},"tags_names":[],"comments_number":"0","wpmagazine_modules_lite_featured_media_urls":{"thumbnail":"","cvmm-medium":"","cvmm-medium-plus":"","cvmm-portrait":"","cvmm-medium-square":"","cvmm-large":"","cvmm-small":"","full":""},"_links":{"self":[{"href":"https:\/\/www.uia.archi\/sv\/wp-json\/wp\/v2\/posts\/2260","targetHints":{"allow":["GET"]}}],"collection":[{"href":"https:\/\/www.uia.archi\/sv\/wp-json\/wp\/v2\/posts"}],"about":[{"href":"https:\/\/www.uia.archi\/sv\/wp-json\/wp\/v2\/types\/post"}],"author":[{"embeddable":true,"href":"https:\/\/www.uia.archi\/sv\/wp-json\/wp\/v2\/users\/1"}],"replies":[{"embeddable":true,"href":"https:\/\/www.uia.archi\/sv\/wp-json\/wp\/v2\/comments?post=2260"}],"version-history":[{"count":0,"href":"https:\/\/www.uia.archi\/sv\/wp-json\/wp\/v2\/posts\/2260\/revisions"}],"wp:attachment":[{"href":"https:\/\/www.uia.archi\/sv\/wp-json\/wp\/v2\/media?parent=2260"}],"wp:term":[{"taxonomy":"category","embeddable":true,"href":"https:\/\/www.uia.archi\/sv\/wp-json\/wp\/v2\/categories?post=2260"},{"taxonomy":"post_tag","embeddable":true,"href":"https:\/\/www.uia.archi\/sv\/wp-json\/wp\/v2\/tags?post=2260"}],"curies":[{"name":"wp","href":"https:\/\/api.w.org\/{rel}","templated":true}]}}