{"id":451,"date":"2019-05-27T00:00:00","date_gmt":"2019-05-26T22:00:00","guid":{"rendered":"https:\/\/www.uia.archi\/knee-active-plus-asikt-om-magnetbandet-pa-knana\/"},"modified":"2023-07-24T20:40:19","modified_gmt":"2023-07-24T18:40:19","slug":"knee-active-pro-asikt-om-magnetbandet-pa-knana","status":"publish","type":"post","link":"https:\/\/www.uia.archi\/sv\/knee-active-pro-asikt-om-magnetbandet-pa-knana\/","title":{"rendered":"Knee Active Pro &#8211; \u00e5sikt om magnetbandet p\u00e5 kn\u00e4na"},"content":{"rendered":"<div id=\"ez-toc-container\" class=\"ez-toc-v2_0_82_2 counter-hierarchy ez-toc-counter ez-toc-grey ez-toc-container-direction\">\n<p class=\"ez-toc-title\" style=\"cursor:inherit\">Inneh\u00e5llsf\u00f6rteckning:<\/p>\n<label for=\"ez-toc-cssicon-toggle-item-69f5e5e4cabc0\" class=\"ez-toc-cssicon-toggle-label\"><span class=\"\"><span class=\"eztoc-hide\" style=\"display:none;\">Toggle<\/span><span class=\"ez-toc-icon-toggle-span\"><svg style=\"fill: #999;color:#999\" xmlns=\"http:\/\/www.w3.org\/2000\/svg\" class=\"list-377408\" width=\"20px\" height=\"20px\" viewBox=\"0 0 24 24\" fill=\"none\"><path d=\"M6 6H4v2h2V6zm14 0H8v2h12V6zM4 11h2v2H4v-2zm16 0H8v2h12v-2zM4 16h2v2H4v-2zm16 0H8v2h12v-2z\" fill=\"currentColor\"><\/path><\/svg><svg style=\"fill: #999;color:#999\" class=\"arrow-unsorted-368013\" xmlns=\"http:\/\/www.w3.org\/2000\/svg\" width=\"10px\" height=\"10px\" viewBox=\"0 0 24 24\" version=\"1.2\" baseProfile=\"tiny\"><path d=\"M18.2 9.3l-6.2-6.3-6.2 6.3c-.2.2-.3.4-.3.7s.1.5.3.7c.2.2.4.3.7.3h11c.3 0 .5-.1.7-.3.2-.2.3-.5.3-.7s-.1-.5-.3-.7zM5.8 14.7l6.2 6.3 6.2-6.3c.2-.2.3-.5.3-.7s-.1-.5-.3-.7c-.2-.2-.4-.3-.7-.3h-11c-.3 0-.5.1-.7.3-.2.2-.3.5-.3.7s.1.5.3.7z\"\/><\/svg><\/span><\/span><\/label><input type=\"checkbox\"  id=\"ez-toc-cssicon-toggle-item-69f5e5e4cabc0\"  aria-label=\"Toggle\" \/><nav><ul class='ez-toc-list ez-toc-list-level-1 ' ><li class='ez-toc-page-1 ez-toc-heading-level-2'><a class=\"ez-toc-link ez-toc-heading-1\" href=\"https:\/\/www.uia.archi\/sv\/knee-active-pro-asikt-om-magnetbandet-pa-knana\/#Vad_ar_Knee_Active_Pro_och_hur_fungerar_det\" >Vad \u00e4r Knee Active Pro och hur fungerar det?<\/a><\/li><li class='ez-toc-page-1 ez-toc-heading-level-2'><a class=\"ez-toc-link ez-toc-heading-2\" href=\"https:\/\/www.uia.archi\/sv\/knee-active-pro-asikt-om-magnetbandet-pa-knana\/#Vem_rekommenderas_att_anvanda_Knee_Active_Pro_magnetiskt_stodband\" >Vem rekommenderas att anv\u00e4nda Knee Active Pro magnetiskt st\u00f6dband?<\/a><\/li><li class='ez-toc-page-1 ez-toc-heading-level-2'><a class=\"ez-toc-link ez-toc-heading-3\" href=\"https:\/\/www.uia.archi\/sv\/knee-active-pro-asikt-om-magnetbandet-pa-knana\/#Anvandning_av_Knee_Active_Pro_ar_mojlig_utan_nagra_begransningar\" >Anv\u00e4ndning av Knee Active Pro \u00e4r m\u00f6jlig utan n\u00e5gra begr\u00e4nsningar!<\/a><\/li><li class='ez-toc-page-1 ez-toc-heading-level-2'><a class=\"ez-toc-link ez-toc-heading-4\" href=\"https:\/\/www.uia.archi\/sv\/knee-active-pro-asikt-om-magnetbandet-pa-knana\/#Hur_man_bar_Knee_Active_Pro_magnetbandage\" >Hur man b\u00e4r Knee Active Pro magnetbandage?<\/a><\/li><li class='ez-toc-page-1 ez-toc-heading-level-2'><a class=\"ez-toc-link ez-toc-heading-5\" href=\"https:\/\/www.uia.archi\/sv\/knee-active-pro-asikt-om-magnetbandet-pa-knana\/#Det_ar_helt_sakert_att_anvanda_Knee_Active_Pro\" >Det \u00e4r helt s\u00e4kert att anv\u00e4nda Knee Active Pro<\/a><\/li><li class='ez-toc-page-1 ez-toc-heading-level-2'><a class=\"ez-toc-link ez-toc-heading-6\" href=\"https:\/\/www.uia.archi\/sv\/knee-active-pro-asikt-om-magnetbandet-pa-knana\/#Atervinn_din_kondition_med_den_effektiva_verkan_av_Knee_Active_Pro\" >\u00c5tervinn din kondition med den effektiva verkan av Knee Active Pro!<\/a><\/li><li class='ez-toc-page-1 ez-toc-heading-level-2'><a class=\"ez-toc-link ez-toc-heading-7\" href=\"https:\/\/www.uia.archi\/sv\/knee-active-pro-asikt-om-magnetbandet-pa-knana\/#Knee_Active_Pro_%E2%80%93_FAQ_%E2%80%93_vanliga_fragor\" >Knee Active Pro &#8211; FAQ &#8211; vanliga fr\u00e5gor<\/a><\/li><li class='ez-toc-page-1 ez-toc-heading-level-2'><a class=\"ez-toc-link ez-toc-heading-8\" href=\"https:\/\/www.uia.archi\/sv\/knee-active-pro-asikt-om-magnetbandet-pa-knana\/#Ar_det_vart_att_valja_Knee_Active_Pro_korrigeringsortos_var_recension\" >\u00c4r det v\u00e4rt att v\u00e4lja Knee Active Pro korrigeringsortos? v\u00e5r recension<\/a><\/li><\/ul><\/nav><\/div>\n<p>Progressiv sm\u00e4rta i kn\u00e4na kan allvarligt begr\u00e4nsa det dagliga livet och g\u00f6ra det extremt sv\u00e5rt. Problem med r\u00f6relse och obehag i kn\u00e4leden g\u00f6r att de flesta m\u00e4nniskor vill eliminera sjukdomen s\u00e5 snabbt som m\u00f6jligt. Tyv\u00e4rr har de flesta produkter som finns tillg\u00e4ngliga p\u00e5 marknaden inte den \u00f6nskade effekten. Som ett resultat kvarst\u00e5r problemet och, om det l\u00e4mnas obehandlat, forts\u00e4tter det att f\u00f6rv\u00e4rras.<\/p>\n<p>Finns det n\u00e5got effektivt s\u00e4tt att bek\u00e4mpa ledskador och ledbesv\u00e4r?<\/p>\n<h2><img loading=\"lazy\" decoding=\"async\" class=\"aligncenter wp-image-9954\" src=\"https:\/\/www.uia.archi\/wp-content\/uploads\/2019\/05\/knee-active-pro-for-whom-300x300.jpg\" alt=\"\" width=\"500\" height=\"500\" srcset=\"https:\/\/www.uia.archi\/wp-content\/uploads\/2019\/05\/knee-active-pro-for-whom-300x300.jpg 300w, https:\/\/www.uia.archi\/wp-content\/uploads\/2019\/05\/knee-active-pro-for-whom-150x150.jpg 150w, https:\/\/www.uia.archi\/wp-content\/uploads\/2019\/05\/knee-active-pro-for-whom-768x768.jpg 768w, https:\/\/www.uia.archi\/wp-content\/uploads\/2019\/05\/knee-active-pro-for-whom-600x600.jpg 600w, https:\/\/www.uia.archi\/wp-content\/uploads\/2019\/05\/knee-active-pro-for-whom.jpg 1024w\" sizes=\"auto, (max-width: 500px) 100vw, 500px\" \/><\/h2>\n<h2><span class=\"ez-toc-section\" id=\"Vad_ar_Knee_Active_Pro_och_hur_fungerar_det\"><\/span>Vad \u00e4r Knee Active Pro och hur fungerar det?<span class=\"ez-toc-section-end\"><\/span><\/h2>\n<p>Knee Active Pro \u00e4r ett h\u00f6gkvalitativt magnetiskt st\u00f6d som effektivt lindrar sm\u00e4rtan som uppst\u00e5r till f\u00f6ljd av artrit. Allt detta beror p\u00e5 genereringen av terapeutiska magnetiska v\u00e5gor runt kn\u00e4et. F\u00f6rutom att lindra obehag vid r\u00f6relse, fungerar den som en stabilisator av det drabbade omr\u00e5det och bidrar till dess regenerering. Resultatet \u00e4r en gradvis \u00f6kning av r\u00f6relseomf\u00e5nget i det degenererade omr\u00e5det.<\/p>\n<p>Knee Active Pro-ortosen \u00e4r tillverkad av mjukt material som andas. Det orsakar inte obehag, skav eller irritation av n\u00e5got slag. Anv\u00e4ndningen av ett helt naturligt material garanterar en tillr\u00e4cklig niv\u00e5 av syreupptagning genom huden. Inuti bandaget finns tio magneter som hj\u00e4lper till att h\u00e5lla r\u00e4tt temperatur p\u00e5 det drabbade omr\u00e5det. P\u00e5 s\u00e5 s\u00e4tt renar den resulterande v\u00e4rmen blodet och stimulerar cellerna till aktivitet. Den blodcirkulation som f\u00f6rbereds p\u00e5 detta s\u00e4tt hj\u00e4lper till att bek\u00e4mpa inflammatoriska f\u00f6r\u00e4ndringar och bidrar till att st\u00e4rka musklerna som omger det \u00f6mma omr\u00e5det.<\/p>\n<p>Knee Active Pro kan ocks\u00e5 anv\u00e4ndas som en stabilisator, som effektivt styvar upp benet och avlastar trycket p\u00e5 det drabbade omr\u00e5det. Som ett resultat \u00e4r full \u00e5terh\u00e4mtning betydligt snabbare!<\/p>\n<p><img loading=\"lazy\" decoding=\"async\" class=\"aligncenter size-full wp-image-10060\" src=\"https:\/\/www.uia.archi\/wp-content\/uploads\/2019\/05\/knee-active-pro-magnetic-band.jpg\" alt=\"\" width=\"529\" height=\"534\" srcset=\"https:\/\/www.uia.archi\/wp-content\/uploads\/2019\/05\/knee-active-pro-magnetic-band.jpg 529w, https:\/\/www.uia.archi\/wp-content\/uploads\/2019\/05\/knee-active-pro-magnetic-band-297x300.jpg 297w, https:\/\/www.uia.archi\/wp-content\/uploads\/2019\/05\/knee-active-pro-magnetic-band-150x150.jpg 150w\" sizes=\"auto, (max-width: 529px) 100vw, 529px\" \/><\/p>\n<p>&nbsp;<\/p>\n<h2><span class=\"ez-toc-section\" id=\"Vem_rekommenderas_att_anvanda_Knee_Active_Pro_magnetiskt_stodband\"><\/span>Vem rekommenderas att anv\u00e4nda Knee Active Pro magnetiskt st\u00f6dband?<span class=\"ez-toc-section-end\"><\/span><\/h2>\n<p>Anv\u00e4ndningen av Knee Active Pro rekommenderas f\u00f6r personer som ofta upplever obehag i ledomr\u00e5det. Det \u00e5tf\u00f6ljs vanligtvis av sm\u00e4rta, vilket kan hindra dig fr\u00e5n att fungera effektivt och utf\u00f6ra alla dina vanliga aktiviteter.<\/p>\n<p>Genom att anv\u00e4nda Knee Active Pro magnetband kan du effektivt st\u00f6dja den befintliga l\u00e4kningsprocessen. S\u00e4rskilt vid frakturer, f\u00f6r att p\u00e5skynda l\u00e4kning och rehabilitering. Det kan ocks\u00e5 anv\u00e4ndas av personer med kn\u00e4- och meniskskador.<\/p>\n<p>F\u00f6rutom dess stabiliserande och sm\u00e4rtreducerande funktion kommer den att st\u00e4rka det drabbade omr\u00e5det och p\u00e5skynda dess l\u00e4kning.<\/p>\n<h2><span class=\"ez-toc-section\" id=\"Anvandning_av_Knee_Active_Pro_ar_mojlig_utan_nagra_begransningar\"><\/span>Anv\u00e4ndning av Knee Active Pro \u00e4r m\u00f6jlig utan n\u00e5gra begr\u00e4nsningar!<span class=\"ez-toc-section-end\"><\/span><\/h2>\n<p>Knee Active Pro magnetband har utvecklats f\u00f6r att m\u00f6ta de individuella behoven hos personer som beh\u00f6ver hj\u00e4lp med att hantera kn\u00e4ledsbesv\u00e4r. En speciell teknik har utvecklats f\u00f6r att anpassa ortosen till kn\u00e4ets storlek.<\/p>\n<p>Att b\u00e4ra Knee Active Pro orsakar inga problem i vardagen. Tv\u00e4rtom underl\u00e4ttar den r\u00f6rligheten genom att avsev\u00e4rt lindra sm\u00e4rtan och avlasta trycket p\u00e5 det drabbade omr\u00e5det. Det helt andningsbara materialet s\u00e4kerst\u00e4ller tillr\u00e4cklig luftcirkulation. Som ett resultat \u00e4r det inte m\u00f6jligt att utveckla n\u00e5gon form av br\u00e4nnskador eller hudavskrapningar.<\/p>\n<p>N\u00e4r Knee Active Pro b\u00e4rs p\u00e5 r\u00e4tt s\u00e4tt r\u00f6r den sig inte, tack vare de kraftiga f\u00e4stena. Den mjuka och stabila utformningen av ortosen g\u00f6r att den kan anv\u00e4ndas dag och natt, vilket ger skydd f\u00f6r det drabbade omr\u00e5det dygnet runt och p\u00e5skyndar behandlingens effekter.<\/p>\n<p>Knee Active Pro-ortosen kan anv\u00e4ndas flera g\u00e5nger, vilket ger dig stora besparingar. Om den blir smutsig kan den enkelt tv\u00e4ttas. \u00c4ven efter upprepad reng\u00f6ring beh\u00e5ller materialet sin fr\u00e4sch\u00f6r och hela strukturen som ansvarar f\u00f6r de effektiva effekterna av behandlingen kommer inte att f\u00f6r\u00e4ndras. Det slitstarka skyddsskiktet m\u00f6jligg\u00f6r anv\u00e4ndning dygnet runt utan att man beh\u00f6ver b\u00e4ra specialkl\u00e4der. Vid n\u00f6tning eller andra mekaniska faktorer kommer det inte att skadas.<\/p>\n<p>Knee Active Pro kan anv\u00e4ndas utan n\u00e5gra begr\u00e4nsningar. F\u00f6rutom dess robusta och anv\u00e4ndars\u00e4kra struktur kan den b\u00e4ras p\u00e5 v\u00e4nster och h\u00f6ger kn\u00e4. Till skillnad fr\u00e5n andra produkter beh\u00f6ver du bara k\u00f6pa ett st\u00f6d, som \u00e4r m\u00e5ngsidigt och utformat f\u00f6r l\u00e5ngvarig anv\u00e4ndning. Trots upprepad anv\u00e4ndning \u00e4r dess effekt lika effektiv!<\/p>\n<h2><span class=\"ez-toc-section\" id=\"Hur_man_bar_Knee_Active_Pro_magnetbandage\"><\/span>Hur man b\u00e4r Knee Active Pro magnetbandage?<span class=\"ez-toc-section-end\"><\/span><\/h2>\n<p>F\u00f6r b\u00e4sta resultat rekommenderas att anv\u00e4nda ortosen dag och natt. Det fungerar d\u00e5 utan begr\u00e4nsning och har en konstant effekt p\u00e5 det drabbade och sm\u00e4rtsamma omr\u00e5det. Det \u00e4r b\u00e4st att b\u00e4ra Knee Active Pro direkt p\u00e5 huden, s\u00e5 att de magnetiska v\u00e5gorna f\u00e5r en djupare och mer intensiv effekt. Om detta inte \u00e4r m\u00f6jligt g\u00e5r det ocks\u00e5 bra att b\u00e4ra bandet \u00f6ver kl\u00e4derna. De elastiska f\u00e4stena g\u00f6r att bandet kan anpassas till den individuella storleken. Det kan ocks\u00e5 b\u00e4ras p\u00e5 v\u00e4nster eller h\u00f6ger kn\u00e4.<\/p>\n<p>Knee Active Pro har en d\u00e4mpad, m\u00f6rkbl\u00e5 f\u00e4rg. Det g\u00f6r att den inte drar till sig uppm\u00e4rksamhet och inte st\u00f6r vardagskl\u00e4dseln. Den kan \u00e4ven b\u00e4ras med smarta kl\u00e4der p\u00e5 jobbet eller i skolan.<\/p>\n<p>Det \u00e4r mycket enkelt att s\u00e4tta p\u00e5 pannbandet. Allt du beh\u00f6ver g\u00f6ra \u00e4r att lossa kardborrebanden och sedan placera det innanf\u00f6r kn\u00e4leden &#8211; i den synliga \u00f6ppningen ska det finnas ett helt kn\u00e4. N\u00e4sta steg \u00e4r korrekt passform.<\/p>\n<p>Ortosen f\u00e5r inte trycka f\u00f6r mycket p\u00e5 benet och r\u00f6relsen i den ska vara fri. Den ska f\u00e4sta vid huden utan att begr\u00e4nsa blodfl\u00f6det. Kardborreband b\u00f6r f\u00e4stas f\u00f6r att stabilisera den p\u00e5 benet. N\u00e4r den b\u00e4rs p\u00e5 detta s\u00e4tt kan magnetskenan Knee Active Pro anv\u00e4ndas dag och natt.<\/p>\n<p><a href=\"https:\/\/www.uia.archi\/go\/knee-active-pro-sv\/\"><img loading=\"lazy\" decoding=\"async\" class=\"aligncenter wp-image-10025 size-full\" src=\"https:\/\/www.uia.archi\/wp-content\/uploads\/2019\/05\/knee-active-pro-box.jpg\" alt=\"knee active pro box\" width=\"715\" height=\"357\" srcset=\"https:\/\/www.uia.archi\/wp-content\/uploads\/2019\/05\/knee-active-pro-box.jpg 715w, https:\/\/www.uia.archi\/wp-content\/uploads\/2019\/05\/knee-active-pro-box-300x150.jpg 300w\" sizes=\"auto, (max-width: 715px) 100vw, 715px\" \/><\/a><\/p>\n<h2><span class=\"ez-toc-section\" id=\"Det_ar_helt_sakert_att_anvanda_Knee_Active_Pro\"><\/span>Det \u00e4r helt s\u00e4kert att anv\u00e4nda Knee Active Pro<span class=\"ez-toc-section-end\"><\/span><\/h2>\n<p>Knee Active Pro har utvecklats med alla aktuella s\u00e4kerhetsstandarder i \u00e5tanke. Regelbunden anv\u00e4ndning orsakar inga biverkningar. Tv\u00e4rtom \u00e5terst\u00e4ller det funktionen i den drabbade kn\u00e4leden.<\/p>\n<p>Magnetbandet kan anv\u00e4ndas av kvinnor och m\u00e4n i alla \u00e5ldrar, utan n\u00e5gra begr\u00e4nsningar. Tack vare den innovativa behandlingsformeln med magnetiska v\u00e5gor lindrar det sm\u00e4rta och regenererar det drabbade omr\u00e5det. Allt utan att beh\u00f6va ta kosttillskott, mediciner eller applicera ytterligare salvor. Behandlingen med Knee Active Pro magnetband sker utan att belasta andra system i m\u00e4nniskokroppen.<\/p>\n<p>Det \u00e4r den s\u00e4kraste formen av sm\u00e4rtlindring och rekommenderas \u00e4ven som komplement till rehabilitering efter mekaniska skador, t.ex. luxationer och frakturer. Materialet i ortosen \u00e4r icke-irriterande och icke-sensibiliserande. Det kan d\u00e4rf\u00f6r \u00e4ven anv\u00e4ndas av s\u00e4rskilt k\u00e4nsliga allergiker. Sammanfattningsvis \u00e4r anv\u00e4ndningen av Knee Active Pro helt s\u00e4ker f\u00f6r kroppen och det muskuloskeletala systemet.<\/p>\n<h2><span class=\"ez-toc-section\" id=\"Atervinn_din_kondition_med_den_effektiva_verkan_av_Knee_Active_Pro\"><\/span>\u00c5tervinn din kondition med den effektiva verkan av Knee Active Pro!<span class=\"ez-toc-section-end\"><\/span><\/h2>\n<p>Effektiviteten hos Knee Active Pro magnetband har bevisats g\u00e5ng p\u00e5 g\u00e5ng. De som har valt att prova det har sett en enorm f\u00f6rb\u00e4ttring av sitt drabbade kn\u00e4. P\u00e5 bara tv\u00e5 veckor med regelbunden anv\u00e4ndning m\u00e4rktes en m\u00e4rkbar f\u00f6rb\u00e4ttring av strukturen i den f\u00f6rsvagade leden. Dessa observationer bekr\u00e4ftades under efterf\u00f6ljande unders\u00f6kningar av specialister inom rehabilitering och artritbehandling.<\/p>\n<p>Effektiviteten hos Knee Active Pro magnetband \u00e4r ett genombrott i kampen mot kn\u00e4sm\u00e4rta, skador, l\u00e5ngsiktiga konsekvenser av frakturer och ledsjukdomar. Enkelheten och m\u00e5ngsidigheten i anv\u00e4ndningen \u00e4r ocks\u00e5 en stor f\u00f6rdel. S\u00e5ledes \u00e4r anv\u00e4ndningen av h\u00e4ngslen m\u00f6jlig i alla fall utan n\u00e5gra begr\u00e4nsningar.<\/p>\n<h2><span class=\"ez-toc-section\" id=\"Knee_Active_Pro_%E2%80%93_FAQ_%E2%80%93_vanliga_fragor\"><\/span>Knee Active Pro &#8211; FAQ &#8211; vanliga fr\u00e5gor<span class=\"ez-toc-section-end\"><\/span><\/h2>\n<ol>\n<li><strong>\u00c4r Knee Active Pro s\u00e4ker f\u00f6r alla anv\u00e4ndare?<br \/>\n<\/strong>Ja, ortosen har utformats i enlighet med g\u00e4llande s\u00e4kerhetsstandarder och \u00e4r helt s\u00e4ker f\u00f6r anv\u00e4ndning av m\u00e4n och kvinnor i alla \u00e5ldrar. Knee Active Pro \u00e4r en s\u00e4ker ortos f\u00f6r anv\u00e4ndning av m\u00e4n och kvinnor i alla \u00e5ldrar.<\/li>\n<li><strong>Kan Knee Active Pro-bandaget b\u00e4ras hela dagen och hela natten?<br \/>\n<\/strong>Ja, ortosen kan s\u00e4kert b\u00e4ras dygnet runt och ger skydd dygnet runt och st\u00f6djer behandlingen.<\/li>\n<li><strong>Kan jag b\u00e4ra Knee Active Pro-ortosen \u00f6ver mina kl\u00e4der?<br \/>\n<\/strong>\u00c4ven om det \u00e4r b\u00e4st att b\u00e4ra ortosen direkt p\u00e5 huden \u00e4r det ocks\u00e5 acceptabelt att b\u00e4ra den \u00f6ver kl\u00e4der.<\/li>\n<li><strong>Har Knee Active Pro armband n\u00e5gon speciell lukt eller kan det irritera huden?<br \/>\n<\/strong>Nej, materialet i armbandet \u00e4r helt naturligt och irriterar eller sensibiliserar inte huden. Det har inte heller n\u00e5gon specifik lukt.<\/li>\n<li><strong>Kan ortosen Knee Active Pro tv\u00e4ttas?<br \/>\n<\/strong>Ja, den kan enkelt tv\u00e4ttas om den blir smutsig. Materialet beh\u00e5ller sin fr\u00e4sch\u00f6r \u00e4ven efter upprepad reng\u00f6ring.<\/li>\n<li><strong>Kan Knee Active Pro-bandaget b\u00e4ras p\u00e5 b\u00e5da kn\u00e4na?<br \/>\n<\/strong>Ja, ortosen \u00e4r universell och kan b\u00e4ras p\u00e5 antingen v\u00e4nster eller h\u00f6ger kn\u00e4.<\/li>\n<li><strong>Vilka \u00e4r de fr\u00e4msta f\u00f6rdelarna med att b\u00e4ra Knee Active Pro-ortosen?<br \/>\n<\/strong>St\u00f6det lindrar effektivt sm\u00e4rta i samband med artrit, stabiliserar kn\u00e4et, bidrar till regenerering av det skadade omr\u00e5det, \u00f6kar r\u00f6relseomf\u00e5nget och underl\u00e4ttar rehabilitering efter mekaniska skador som stukningar och frakturer.<\/li>\n<li><strong>\u00c4r Knee Active Pro effektivt vid behandling av kn\u00e4sm\u00e4rta?<br \/>\n<\/strong>Ja, m\u00e5nga anv\u00e4ndare har m\u00e4rkt betydande f\u00f6rb\u00e4ttringar och lindring av kn\u00e4sm\u00e4rta efter regelbunden anv\u00e4ndning.<\/li>\n<li><strong>Kan Knee Active Pro-skenan anv\u00e4ndas som ett komplement till nuvarande behandling av ledsm\u00e4rta?<br \/>\n<\/strong>Ja, ortosen kan anv\u00e4ndas som ett komplement till din nuvarande behandling av ledsm\u00e4rta. Det \u00e4r dock alltid tillr\u00e5dligt att r\u00e5dfr\u00e5ga din l\u00e4kare.<\/li>\n<li><strong>\u00c4r Knee Active Pro bekv\u00e4m att b\u00e4ra vid vardagliga aktiviteter?<br \/>\n<\/strong>Ja, ortosen \u00e4r tillverkad av ett mjukt material som andas, vilket g\u00f6r den bekv\u00e4m att b\u00e4ra hela dagen utan att orsaka obehag, skav eller irritation.<\/li>\n<\/ol>\n<p><img loading=\"lazy\" decoding=\"async\" class=\"aligncenter wp-image-9988\" src=\"https:\/\/www.uia.archi\/wp-content\/uploads\/2019\/05\/effects-of-using-knee-active-pro-300x300.jpg\" alt=\"\" width=\"500\" height=\"500\" srcset=\"https:\/\/www.uia.archi\/wp-content\/uploads\/2019\/05\/effects-of-using-knee-active-pro-300x300.jpg 300w, https:\/\/www.uia.archi\/wp-content\/uploads\/2019\/05\/effects-of-using-knee-active-pro-150x150.jpg 150w, https:\/\/www.uia.archi\/wp-content\/uploads\/2019\/05\/effects-of-using-knee-active-pro-768x768.jpg 768w, https:\/\/www.uia.archi\/wp-content\/uploads\/2019\/05\/effects-of-using-knee-active-pro-600x600.jpg 600w, https:\/\/www.uia.archi\/wp-content\/uploads\/2019\/05\/effects-of-using-knee-active-pro.jpg 1024w\" sizes=\"auto, (max-width: 500px) 100vw, 500px\" \/><\/p>\n<h2><span class=\"ez-toc-section\" id=\"Ar_det_vart_att_valja_Knee_Active_Pro_korrigeringsortos_var_recension\"><\/span>\u00c4r det v\u00e4rt att v\u00e4lja Knee Active Pro korrigeringsortos? v\u00e5r recension<span class=\"ez-toc-section-end\"><\/span><\/h2>\n<p>Knee Active Pro arbetar redan vid k\u00e4llan till problemet. Den har en regenerativ effekt p\u00e5 lederna, st\u00e4rker dem och minskar svullnad och f\u00f6rekomsten av sm\u00e4rta. Dessutom stabiliserar den musklerna som omger kn\u00e4leden. Som ett resultat \u00e4r den mycket mindre ben\u00e4gen att skadas senare.<\/p>\n<p>Anv\u00e4ndningen av Knee Active Pro \u00e4r mycket enkel och ger snabba och effektiva resultat.<\/p>\n<p>Om du b\u00e4r ortosen regelbundet kommer du s\u00e4kert att p\u00e5skynda den sv\u00e5ra rehabiliteringen och p\u00e5verka en snabbare \u00e5terg\u00e5ng till total kondition.<\/p>\n<p>Med Knee Active Pro blir du av med besv\u00e4rande sm\u00e4rta och problem med svaga kn\u00e4leder en g\u00e5ng f\u00f6r alla.<\/p>\n<div class=\"belcherwt aligncenter\" style=\"border: #000 dashed 3px; padding: 10px 20px; margin: 10px 0; font-size: 18px;\">\n<p style=\"text-align: left;\"><a href=\"https:\/\/www.uia.archi\/go\/knee-active-pro-sv\/\" rel=\"nofollow\"><img loading=\"lazy\" decoding=\"async\" class=\"alignleft wp-image-389\" style=\"border: 0px;\" src=\"\/wp-content\/uploads\/2019\/05\/knee-active-plus.jpg\" alt=\"kn\u00e4 aktiv plus\" width=\"289\" height=\"249\" \/><\/a> <strong>OBS!<\/strong> Under en begr\u00e4nsad tid har den officiella distribut\u00f6ren av <a href=\"https:\/\/www.uia.archi\/go\/knee-active-pro-sv\/\" rel=\"nofollow\"><strong>KNEE ACTIVE PRO<\/strong><\/a> ett specialerbjudande f\u00f6r v\u00e5ra l\u00e4sare. Det kommer med en 100% pengarna-tillbaka-garanti f\u00f6r den k\u00f6pta behandlingen om den inte fungerar.<\/p>\n<p style=\"text-align: left;\"><strong><span style=\"color: #ff6600;\"><a style=\"color: #ff6600;\" href=\"https:\/\/www.uia.archi\/go\/knee-active-pro-sv\/\" rel=\"nofollow\">Klicka h\u00e4r f\u00f6r att best\u00e4lla KNEE ACTIVE PRO magnetband<\/a><\/span><\/strong><\/p>\n<p style=\"text-align: left;\"><span style=\"color: #000000;\"><span style=\"background-color: #ffff00;\"><span style=\"color: #000000;\"><strong style=\"color: #000000;\"><a style=\"color: #000000;\" href=\"https:\/\/www.uia.archi\/go\/knee-active-pro-sv\/\" rel=\"nofollow\">anv\u00e4nd den h\u00e4r l\u00e4nken f\u00f6r att f\u00e5 en fri leverans<\/a><\/strong><\/span><\/span><\/span><\/p>\n<p style=\"text-align: left;\"><span style=\"color: #ff0000;\"><strong><span style=\"font-family: 'Arial Black';\">Specialerbjudandenet slutar idag!<\/span><\/strong><\/span><\/p>\n<\/div>\n","protected":false},"excerpt":{"rendered":"<p>Progressiv sm\u00e4rta i kn\u00e4na kan allvarligt begr\u00e4nsa det dagliga livet och g\u00f6ra det extremt sv\u00e5rt. Problem med r\u00f6relse och obehag i kn\u00e4leden g\u00f6r att de flesta m\u00e4nniskor vill eliminera sjukdomen s\u00e5 snabbt som m\u00f6jligt. Tyv\u00e4rr har de flesta produkter som finns tillg\u00e4ngliga p\u00e5 marknaden inte den \u00f6nskade effekten. Som ett resultat kvarst\u00e5r problemet och, om [&hellip;]<\/p>\n","protected":false},"author":1,"featured_media":0,"comment_status":"open","ping_status":"open","sticky":false,"template":"","format":"standard","meta":{"cybocfi_hide_featured_image":"","footnotes":""},"categories":[30],"tags":[],"class_list":["post-451","post","type-post","status-publish","format-standard","hentry","category-produktrecensioner"],"yoast_head":"<!-- This site is optimized with the Yoast SEO plugin v27.5 - https:\/\/yoast.com\/product\/yoast-seo-wordpress\/ -->\n<title>Knee Active Pro - \u00e5sikt om magnetbandet p\u00e5 kn\u00e4na<\/title>\n<meta name=\"robots\" content=\"index, follow, max-snippet:-1, max-image-preview:large, max-video-preview:-1\" \/>\n<link rel=\"canonical\" href=\"https:\/\/www.uia.archi\/sv\/knee-active-pro-asikt-om-magnetbandet-pa-knana\/\" \/>\n<meta property=\"og:locale\" content=\"sv_SE\" \/>\n<meta property=\"og:type\" content=\"article\" \/>\n<meta property=\"og:title\" content=\"Knee Active Pro - \u00e5sikt om magnetbandet p\u00e5 kn\u00e4na\" \/>\n<meta property=\"og:description\" content=\"Progressiv sm\u00e4rta i kn\u00e4na kan allvarligt begr\u00e4nsa det dagliga livet och g\u00f6ra det extremt sv\u00e5rt. Problem med r\u00f6relse och obehag i kn\u00e4leden g\u00f6r att de flesta m\u00e4nniskor vill eliminera sjukdomen s\u00e5 snabbt som m\u00f6jligt. Tyv\u00e4rr har de flesta produkter som finns tillg\u00e4ngliga p\u00e5 marknaden inte den \u00f6nskade effekten. Som ett resultat kvarst\u00e5r problemet och, om [&hellip;]\" \/>\n<meta property=\"og:url\" content=\"https:\/\/www.uia.archi\/sv\/knee-active-pro-asikt-om-magnetbandet-pa-knana\/\" \/>\n<meta property=\"og:site_name\" content=\"Unika internationella artiklar\" \/>\n<meta property=\"article:published_time\" content=\"2019-05-26T22:00:00+00:00\" \/>\n<meta property=\"article:modified_time\" content=\"2023-07-24T18:40:19+00:00\" \/>\n<meta property=\"og:image\" content=\"https:\/\/www.uia.archi\/wp-content\/uploads\/2019\/05\/knee-active-pro-for-whom-300x300.jpg\" \/>\n<meta name=\"author\" content=\"Writer\" \/>\n<meta name=\"twitter:card\" content=\"summary_large_image\" \/>\n<meta name=\"twitter:label1\" content=\"Skriven av\" \/>\n\t<meta name=\"twitter:data1\" content=\"Writer\" \/>\n\t<meta name=\"twitter:label2\" content=\"Ber\u00e4knad l\u00e4stid\" \/>\n\t<meta name=\"twitter:data2\" content=\"11 minuter\" \/>\n<script type=\"application\/ld+json\" class=\"yoast-schema-graph\">{\"@context\":\"https:\\\/\\\/schema.org\",\"@graph\":[{\"@type\":\"Article\",\"@id\":\"https:\\\/\\\/www.uia.archi\\\/sv\\\/knee-active-pro-asikt-om-magnetbandet-pa-knana\\\/#article\",\"isPartOf\":{\"@id\":\"https:\\\/\\\/www.uia.archi\\\/sv\\\/knee-active-pro-asikt-om-magnetbandet-pa-knana\\\/\"},\"author\":{\"name\":\"Writer\",\"@id\":\"https:\\\/\\\/www.uia.archi\\\/sv\\\/#\\\/schema\\\/person\\\/3d67c6894ced0e7a84948b704169c9c2\"},\"headline\":\"Knee Active Pro &#8211; \u00e5sikt om magnetbandet p\u00e5 kn\u00e4na\",\"datePublished\":\"2019-05-26T22:00:00+00:00\",\"dateModified\":\"2023-07-24T18:40:19+00:00\",\"mainEntityOfPage\":{\"@id\":\"https:\\\/\\\/www.uia.archi\\\/sv\\\/knee-active-pro-asikt-om-magnetbandet-pa-knana\\\/\"},\"wordCount\":1904,\"commentCount\":0,\"image\":{\"@id\":\"https:\\\/\\\/www.uia.archi\\\/sv\\\/knee-active-pro-asikt-om-magnetbandet-pa-knana\\\/#primaryimage\"},\"thumbnailUrl\":\"https:\\\/\\\/www.uia.archi\\\/wp-content\\\/uploads\\\/2019\\\/05\\\/knee-active-pro-for-whom-300x300.jpg\",\"articleSection\":[\"Produktrecensioner\"],\"inLanguage\":\"sv-SE\",\"potentialAction\":[{\"@type\":\"CommentAction\",\"name\":\"Comment\",\"target\":[\"https:\\\/\\\/www.uia.archi\\\/sv\\\/knee-active-pro-asikt-om-magnetbandet-pa-knana\\\/#respond\"]}]},{\"@type\":\"WebPage\",\"@id\":\"https:\\\/\\\/www.uia.archi\\\/sv\\\/knee-active-pro-asikt-om-magnetbandet-pa-knana\\\/\",\"url\":\"https:\\\/\\\/www.uia.archi\\\/sv\\\/knee-active-pro-asikt-om-magnetbandet-pa-knana\\\/\",\"name\":\"Knee Active Pro - \u00e5sikt om magnetbandet p\u00e5 kn\u00e4na\",\"isPartOf\":{\"@id\":\"https:\\\/\\\/www.uia.archi\\\/sv\\\/#website\"},\"primaryImageOfPage\":{\"@id\":\"https:\\\/\\\/www.uia.archi\\\/sv\\\/knee-active-pro-asikt-om-magnetbandet-pa-knana\\\/#primaryimage\"},\"image\":{\"@id\":\"https:\\\/\\\/www.uia.archi\\\/sv\\\/knee-active-pro-asikt-om-magnetbandet-pa-knana\\\/#primaryimage\"},\"thumbnailUrl\":\"https:\\\/\\\/www.uia.archi\\\/wp-content\\\/uploads\\\/2019\\\/05\\\/knee-active-pro-for-whom-300x300.jpg\",\"datePublished\":\"2019-05-26T22:00:00+00:00\",\"dateModified\":\"2023-07-24T18:40:19+00:00\",\"author\":{\"@id\":\"https:\\\/\\\/www.uia.archi\\\/sv\\\/#\\\/schema\\\/person\\\/3d67c6894ced0e7a84948b704169c9c2\"},\"breadcrumb\":{\"@id\":\"https:\\\/\\\/www.uia.archi\\\/sv\\\/knee-active-pro-asikt-om-magnetbandet-pa-knana\\\/#breadcrumb\"},\"inLanguage\":\"sv-SE\",\"potentialAction\":[{\"@type\":\"ReadAction\",\"target\":[\"https:\\\/\\\/www.uia.archi\\\/sv\\\/knee-active-pro-asikt-om-magnetbandet-pa-knana\\\/\"]}]},{\"@type\":\"ImageObject\",\"inLanguage\":\"sv-SE\",\"@id\":\"https:\\\/\\\/www.uia.archi\\\/sv\\\/knee-active-pro-asikt-om-magnetbandet-pa-knana\\\/#primaryimage\",\"url\":\"https:\\\/\\\/www.uia.archi\\\/wp-content\\\/uploads\\\/2019\\\/05\\\/knee-active-pro-for-whom-300x300.jpg\",\"contentUrl\":\"https:\\\/\\\/www.uia.archi\\\/wp-content\\\/uploads\\\/2019\\\/05\\\/knee-active-pro-for-whom-300x300.jpg\"},{\"@type\":\"BreadcrumbList\",\"@id\":\"https:\\\/\\\/www.uia.archi\\\/sv\\\/knee-active-pro-asikt-om-magnetbandet-pa-knana\\\/#breadcrumb\",\"itemListElement\":[{\"@type\":\"ListItem\",\"position\":1,\"name\":\"Hem\",\"item\":\"https:\\\/\\\/www.uia.archi\\\/sv\\\/\"},{\"@type\":\"ListItem\",\"position\":2,\"name\":\"Produktrecensioner\",\"item\":\"https:\\\/\\\/www.uia.archi\\\/sv\\\/category\\\/produktrecensioner\\\/\"},{\"@type\":\"ListItem\",\"position\":3,\"name\":\"Knee Active Pro &#8211; \u00e5sikt om magnetbandet p\u00e5 kn\u00e4na\"}]},{\"@type\":\"WebSite\",\"@id\":\"https:\\\/\\\/www.uia.archi\\\/sv\\\/#website\",\"url\":\"https:\\\/\\\/www.uia.archi\\\/sv\\\/\",\"name\":\"Unika internationella artiklar\",\"description\":\"Artiklar om olika \u00e4mnen, en v\u00e4rdefull kunskapsresurs f\u00f6r dig och din familj\",\"potentialAction\":[{\"@type\":\"SearchAction\",\"target\":{\"@type\":\"EntryPoint\",\"urlTemplate\":\"https:\\\/\\\/www.uia.archi\\\/sv\\\/?s={search_term_string}\"},\"query-input\":{\"@type\":\"PropertyValueSpecification\",\"valueRequired\":true,\"valueName\":\"search_term_string\"}}],\"inLanguage\":\"sv-SE\"},{\"@type\":\"Person\",\"@id\":\"https:\\\/\\\/www.uia.archi\\\/sv\\\/#\\\/schema\\\/person\\\/3d67c6894ced0e7a84948b704169c9c2\",\"name\":\"Writer\",\"image\":{\"@type\":\"ImageObject\",\"inLanguage\":\"sv-SE\",\"@id\":\"https:\\\/\\\/www.uia.archi\\\/wp-content\\\/litespeed\\\/avatar\\\/1a002795387e512944da0898076d6c44.jpg?ver=1777482563\",\"url\":\"https:\\\/\\\/www.uia.archi\\\/wp-content\\\/litespeed\\\/avatar\\\/1a002795387e512944da0898076d6c44.jpg?ver=1777482563\",\"contentUrl\":\"https:\\\/\\\/www.uia.archi\\\/wp-content\\\/litespeed\\\/avatar\\\/1a002795387e512944da0898076d6c44.jpg?ver=1777482563\",\"caption\":\"Writer\"},\"sameAs\":[\"https:\\\/\\\/www.uia.archi\"],\"url\":\"https:\\\/\\\/www.uia.archi\\\/sv\\\/author\\\/writer\\\/\"}]}<\/script>\n<!-- \/ Yoast SEO plugin. -->","yoast_head_json":{"title":"Knee Active Pro - \u00e5sikt om magnetbandet p\u00e5 kn\u00e4na","robots":{"index":"index","follow":"follow","max-snippet":"max-snippet:-1","max-image-preview":"max-image-preview:large","max-video-preview":"max-video-preview:-1"},"canonical":"https:\/\/www.uia.archi\/sv\/knee-active-pro-asikt-om-magnetbandet-pa-knana\/","og_locale":"sv_SE","og_type":"article","og_title":"Knee Active Pro - \u00e5sikt om magnetbandet p\u00e5 kn\u00e4na","og_description":"Progressiv sm\u00e4rta i kn\u00e4na kan allvarligt begr\u00e4nsa det dagliga livet och g\u00f6ra det extremt sv\u00e5rt. Problem med r\u00f6relse och obehag i kn\u00e4leden g\u00f6r att de flesta m\u00e4nniskor vill eliminera sjukdomen s\u00e5 snabbt som m\u00f6jligt. Tyv\u00e4rr har de flesta produkter som finns tillg\u00e4ngliga p\u00e5 marknaden inte den \u00f6nskade effekten. Som ett resultat kvarst\u00e5r problemet och, om [&hellip;]","og_url":"https:\/\/www.uia.archi\/sv\/knee-active-pro-asikt-om-magnetbandet-pa-knana\/","og_site_name":"Unika internationella artiklar","article_published_time":"2019-05-26T22:00:00+00:00","article_modified_time":"2023-07-24T18:40:19+00:00","og_image":[{"url":"https:\/\/www.uia.archi\/wp-content\/uploads\/2019\/05\/knee-active-pro-for-whom-300x300.jpg","type":"","width":"","height":""}],"author":"Writer","twitter_card":"summary_large_image","twitter_misc":{"Skriven av":"Writer","Ber\u00e4knad l\u00e4stid":"11 minuter"},"schema":{"@context":"https:\/\/schema.org","@graph":[{"@type":"Article","@id":"https:\/\/www.uia.archi\/sv\/knee-active-pro-asikt-om-magnetbandet-pa-knana\/#article","isPartOf":{"@id":"https:\/\/www.uia.archi\/sv\/knee-active-pro-asikt-om-magnetbandet-pa-knana\/"},"author":{"name":"Writer","@id":"https:\/\/www.uia.archi\/sv\/#\/schema\/person\/3d67c6894ced0e7a84948b704169c9c2"},"headline":"Knee Active Pro &#8211; \u00e5sikt om magnetbandet p\u00e5 kn\u00e4na","datePublished":"2019-05-26T22:00:00+00:00","dateModified":"2023-07-24T18:40:19+00:00","mainEntityOfPage":{"@id":"https:\/\/www.uia.archi\/sv\/knee-active-pro-asikt-om-magnetbandet-pa-knana\/"},"wordCount":1904,"commentCount":0,"image":{"@id":"https:\/\/www.uia.archi\/sv\/knee-active-pro-asikt-om-magnetbandet-pa-knana\/#primaryimage"},"thumbnailUrl":"https:\/\/www.uia.archi\/wp-content\/uploads\/2019\/05\/knee-active-pro-for-whom-300x300.jpg","articleSection":["Produktrecensioner"],"inLanguage":"sv-SE","potentialAction":[{"@type":"CommentAction","name":"Comment","target":["https:\/\/www.uia.archi\/sv\/knee-active-pro-asikt-om-magnetbandet-pa-knana\/#respond"]}]},{"@type":"WebPage","@id":"https:\/\/www.uia.archi\/sv\/knee-active-pro-asikt-om-magnetbandet-pa-knana\/","url":"https:\/\/www.uia.archi\/sv\/knee-active-pro-asikt-om-magnetbandet-pa-knana\/","name":"Knee Active Pro - \u00e5sikt om magnetbandet p\u00e5 kn\u00e4na","isPartOf":{"@id":"https:\/\/www.uia.archi\/sv\/#website"},"primaryImageOfPage":{"@id":"https:\/\/www.uia.archi\/sv\/knee-active-pro-asikt-om-magnetbandet-pa-knana\/#primaryimage"},"image":{"@id":"https:\/\/www.uia.archi\/sv\/knee-active-pro-asikt-om-magnetbandet-pa-knana\/#primaryimage"},"thumbnailUrl":"https:\/\/www.uia.archi\/wp-content\/uploads\/2019\/05\/knee-active-pro-for-whom-300x300.jpg","datePublished":"2019-05-26T22:00:00+00:00","dateModified":"2023-07-24T18:40:19+00:00","author":{"@id":"https:\/\/www.uia.archi\/sv\/#\/schema\/person\/3d67c6894ced0e7a84948b704169c9c2"},"breadcrumb":{"@id":"https:\/\/www.uia.archi\/sv\/knee-active-pro-asikt-om-magnetbandet-pa-knana\/#breadcrumb"},"inLanguage":"sv-SE","potentialAction":[{"@type":"ReadAction","target":["https:\/\/www.uia.archi\/sv\/knee-active-pro-asikt-om-magnetbandet-pa-knana\/"]}]},{"@type":"ImageObject","inLanguage":"sv-SE","@id":"https:\/\/www.uia.archi\/sv\/knee-active-pro-asikt-om-magnetbandet-pa-knana\/#primaryimage","url":"https:\/\/www.uia.archi\/wp-content\/uploads\/2019\/05\/knee-active-pro-for-whom-300x300.jpg","contentUrl":"https:\/\/www.uia.archi\/wp-content\/uploads\/2019\/05\/knee-active-pro-for-whom-300x300.jpg"},{"@type":"BreadcrumbList","@id":"https:\/\/www.uia.archi\/sv\/knee-active-pro-asikt-om-magnetbandet-pa-knana\/#breadcrumb","itemListElement":[{"@type":"ListItem","position":1,"name":"Hem","item":"https:\/\/www.uia.archi\/sv\/"},{"@type":"ListItem","position":2,"name":"Produktrecensioner","item":"https:\/\/www.uia.archi\/sv\/category\/produktrecensioner\/"},{"@type":"ListItem","position":3,"name":"Knee Active Pro &#8211; \u00e5sikt om magnetbandet p\u00e5 kn\u00e4na"}]},{"@type":"WebSite","@id":"https:\/\/www.uia.archi\/sv\/#website","url":"https:\/\/www.uia.archi\/sv\/","name":"Unika internationella artiklar","description":"Artiklar om olika \u00e4mnen, en v\u00e4rdefull kunskapsresurs f\u00f6r dig och din familj","potentialAction":[{"@type":"SearchAction","target":{"@type":"EntryPoint","urlTemplate":"https:\/\/www.uia.archi\/sv\/?s={search_term_string}"},"query-input":{"@type":"PropertyValueSpecification","valueRequired":true,"valueName":"search_term_string"}}],"inLanguage":"sv-SE"},{"@type":"Person","@id":"https:\/\/www.uia.archi\/sv\/#\/schema\/person\/3d67c6894ced0e7a84948b704169c9c2","name":"Writer","image":{"@type":"ImageObject","inLanguage":"sv-SE","@id":"https:\/\/www.uia.archi\/wp-content\/litespeed\/avatar\/1a002795387e512944da0898076d6c44.jpg?ver=1777482563","url":"https:\/\/www.uia.archi\/wp-content\/litespeed\/avatar\/1a002795387e512944da0898076d6c44.jpg?ver=1777482563","contentUrl":"https:\/\/www.uia.archi\/wp-content\/litespeed\/avatar\/1a002795387e512944da0898076d6c44.jpg?ver=1777482563","caption":"Writer"},"sameAs":["https:\/\/www.uia.archi"],"url":"https:\/\/www.uia.archi\/sv\/author\/writer\/"}]}},"blog_post_layout_featured_media_urls":{"thumbnail":"","full":""},"categories_names":{"30":{"name":"Produktrecensioner","link":"https:\/\/www.uia.archi\/sv\/category\/produktrecensioner\/"}},"tags_names":[],"comments_number":"0","wpmagazine_modules_lite_featured_media_urls":{"thumbnail":"","cvmm-medium":"","cvmm-medium-plus":"","cvmm-portrait":"","cvmm-medium-square":"","cvmm-large":"","cvmm-small":"","full":""},"_links":{"self":[{"href":"https:\/\/www.uia.archi\/sv\/wp-json\/wp\/v2\/posts\/451","targetHints":{"allow":["GET"]}}],"collection":[{"href":"https:\/\/www.uia.archi\/sv\/wp-json\/wp\/v2\/posts"}],"about":[{"href":"https:\/\/www.uia.archi\/sv\/wp-json\/wp\/v2\/types\/post"}],"author":[{"embeddable":true,"href":"https:\/\/www.uia.archi\/sv\/wp-json\/wp\/v2\/users\/1"}],"replies":[{"embeddable":true,"href":"https:\/\/www.uia.archi\/sv\/wp-json\/wp\/v2\/comments?post=451"}],"version-history":[{"count":4,"href":"https:\/\/www.uia.archi\/sv\/wp-json\/wp\/v2\/posts\/451\/revisions"}],"predecessor-version":[{"id":10154,"href":"https:\/\/www.uia.archi\/sv\/wp-json\/wp\/v2\/posts\/451\/revisions\/10154"}],"wp:attachment":[{"href":"https:\/\/www.uia.archi\/sv\/wp-json\/wp\/v2\/media?parent=451"}],"wp:term":[{"taxonomy":"category","embeddable":true,"href":"https:\/\/www.uia.archi\/sv\/wp-json\/wp\/v2\/categories?post=451"},{"taxonomy":"post_tag","embeddable":true,"href":"https:\/\/www.uia.archi\/sv\/wp-json\/wp\/v2\/tags?post=451"}],"curies":[{"name":"wp","href":"https:\/\/api.w.org\/{rel}","templated":true}]}}