{"id":4839,"date":"2021-06-10T18:00:42","date_gmt":"2021-06-10T16:00:42","guid":{"rendered":"https:\/\/www.uia.archi\/?p=4839"},"modified":"2024-01-30T09:31:39","modified_gmt":"2024-01-30T08:31:39","slug":"flexoni-for-leder-piller-for-ben-och-ledvark","status":"publish","type":"post","link":"https:\/\/www.uia.archi\/sv\/flexoni-for-leder-piller-for-ben-och-ledvark\/","title":{"rendered":"Flexoni f\u00f6r leder &#8211; piller f\u00f6r ben- och ledv\u00e4rk"},"content":{"rendered":"<div id=\"ez-toc-container\" class=\"ez-toc-v2_0_82_2 counter-hierarchy ez-toc-counter ez-toc-grey ez-toc-container-direction\">\n<p class=\"ez-toc-title\" style=\"cursor:inherit\">Inneh\u00e5llsf\u00f6rteckning:<\/p>\n<label for=\"ez-toc-cssicon-toggle-item-69f5c5a866de0\" class=\"ez-toc-cssicon-toggle-label\"><span class=\"\"><span class=\"eztoc-hide\" style=\"display:none;\">Toggle<\/span><span class=\"ez-toc-icon-toggle-span\"><svg style=\"fill: #999;color:#999\" xmlns=\"http:\/\/www.w3.org\/2000\/svg\" class=\"list-377408\" width=\"20px\" height=\"20px\" viewBox=\"0 0 24 24\" fill=\"none\"><path d=\"M6 6H4v2h2V6zm14 0H8v2h12V6zM4 11h2v2H4v-2zm16 0H8v2h12v-2zM4 16h2v2H4v-2zm16 0H8v2h12v-2z\" fill=\"currentColor\"><\/path><\/svg><svg style=\"fill: #999;color:#999\" class=\"arrow-unsorted-368013\" xmlns=\"http:\/\/www.w3.org\/2000\/svg\" width=\"10px\" height=\"10px\" viewBox=\"0 0 24 24\" version=\"1.2\" baseProfile=\"tiny\"><path d=\"M18.2 9.3l-6.2-6.3-6.2 6.3c-.2.2-.3.4-.3.7s.1.5.3.7c.2.2.4.3.7.3h11c.3 0 .5-.1.7-.3.2-.2.3-.5.3-.7s-.1-.5-.3-.7zM5.8 14.7l6.2 6.3 6.2-6.3c.2-.2.3-.5.3-.7s-.1-.5-.3-.7c-.2-.2-.4-.3-.7-.3h-11c-.3 0-.5.1-.7.3-.2.2-.3.5-.3.7s.1.5.3.7z\"\/><\/svg><\/span><\/span><\/label><input type=\"checkbox\"  id=\"ez-toc-cssicon-toggle-item-69f5c5a866de0\"  aria-label=\"Toggle\" \/><nav><ul class='ez-toc-list ez-toc-list-level-1 ' ><li class='ez-toc-page-1 ez-toc-heading-level-3'><a class=\"ez-toc-link ez-toc-heading-1\" href=\"https:\/\/www.uia.archi\/sv\/flexoni-for-leder-piller-for-ben-och-ledvark\/#Flexoni_for_leder_%E2%80%93_vad_ar_denna_beredning_indikationer\" >Flexoni f\u00f6r leder &#8211; vad \u00e4r denna beredning, indikationer?<\/a><\/li><li class='ez-toc-page-1 ez-toc-heading-level-3'><a class=\"ez-toc-link ez-toc-heading-2\" href=\"https:\/\/www.uia.archi\/sv\/flexoni-for-leder-piller-for-ben-och-ledvark\/#Flexoni_%E2%80%93_hur_fungerar_det_vilka_ar_effekterna_av_dess_anvandning\" >Flexoni &#8211; hur fungerar det, vilka \u00e4r effekterna av dess anv\u00e4ndning?<\/a><\/li><li class='ez-toc-page-1 ez-toc-heading-level-3'><a class=\"ez-toc-link ez-toc-heading-3\" href=\"https:\/\/www.uia.archi\/sv\/flexoni-for-leder-piller-for-ben-och-ledvark\/#Flexoni_%E2%80%93_sammansattning_av_tabletter_for_leder\" >Flexoni &#8211; sammans\u00e4ttning av tabletter f\u00f6r leder<\/a><\/li><li class='ez-toc-page-1 ez-toc-heading-level-3'><a class=\"ez-toc-link ez-toc-heading-4\" href=\"https:\/\/www.uia.archi\/sv\/flexoni-for-leder-piller-for-ben-och-ledvark\/#Hur_anvander_jag_Flexoni-tabletter\" >Hur anv\u00e4nder jag Flexoni-tabletter?<\/a><ul class='ez-toc-list-level-4' ><li class='ez-toc-heading-level-4'><a class=\"ez-toc-link ez-toc-heading-5\" href=\"https:\/\/www.uia.archi\/sv\/flexoni-for-leder-piller-for-ben-och-ledvark\/#Kontraindikationer_for_anvandning\" >Kontraindikationer f\u00f6r anv\u00e4ndning:<\/a><\/li><\/ul><\/li><li class='ez-toc-page-1 ez-toc-heading-level-3'><a class=\"ez-toc-link ez-toc-heading-6\" href=\"https:\/\/www.uia.archi\/sv\/flexoni-for-leder-piller-for-ben-och-ledvark\/#Recensioner_om_Flexoni_%E2%80%93_hjalper_det_verkligen_med_ledvark_och_stelhet\" >Recensioner om Flexoni &#8211; hj\u00e4lper det verkligen med ledv\u00e4rk och stelhet?<\/a><\/li><li class='ez-toc-page-1 ez-toc-heading-level-3'><a class=\"ez-toc-link ez-toc-heading-7\" href=\"https:\/\/www.uia.archi\/sv\/flexoni-for-leder-piller-for-ben-och-ledvark\/#Var_kan_jag_kopa_Flexoni_for_fogar\" >Var kan jag k\u00f6pa Flexoni f\u00f6r fogar?<\/a><\/li><\/ul><\/nav><\/div>\n<p><span style=\"font-weight: 400;\"><a href=\"https:\/\/www.uia.archi\/go\/flexoni-se\/\"><img loading=\"lazy\" decoding=\"async\" class=\"alignright wp-image-4459 size-full\" src=\"https:\/\/www.uia.archi\/wp-content\/uploads\/2021\/06\/flexoni.png\" alt=\"flexoni\" width=\"255\" height=\"255\" srcset=\"https:\/\/www.uia.archi\/wp-content\/uploads\/2021\/06\/flexoni.png 255w, https:\/\/www.uia.archi\/wp-content\/uploads\/2021\/06\/flexoni-150x150.png 150w\" sizes=\"auto, (max-width: 255px) 100vw, 255px\" \/><\/a> Flexoni \u00e4r en nyhet bland kosttillskott som st\u00f6der arbetet i leder och ben. Produkten rekommenderas s\u00e4rskilt f\u00f6r personer som upplever <strong>sm\u00e4rta<\/strong> , <strong>inflammation<\/strong> och lider av stort obehag orsakat av degeneration. Ledbrosk \u00e4r ett mycket viktigt inslag i det osteoartikul\u00e4ra systemet, men det f\u00f6r\u00e4ndras st\u00e4ndigt. Inte bara n\u00e4r vi tr\u00e4nar sport utan ocks\u00e5 n\u00e4r vi vilar. Tyv\u00e4rr, n\u00e4r vi inte k\u00e4nner n\u00e5gra kr\u00e4mpor, t\u00e4nker f\u00e5 m\u00e4nniskor p\u00e5 hur man skyddar och st\u00e4rker deras brosk. F\u00f6rst n\u00e4r det \u00e4r <strong>stelhet i lederna<\/strong> , sm\u00e4rta som g\u00f6r det sv\u00e5rt att utf\u00f6ra vardagliga aktiviteter, b\u00f6rjar vi leta efter ett preparat som g\u00f6r att vi kan bli av med obehagliga sjukdomar och ta hand om ledernas h\u00e4lsa.<\/span><\/p>\n<ul>\n<li style=\"font-weight: 400;\" aria-level=\"1\"><span style=\"font-weight: 400;\">Skyddar ledbrosk<\/span><\/li>\n<li style=\"font-weight: 400;\" aria-level=\"1\"><span style=\"font-weight: 400;\">\u00d6kar fogens flexibilitet<\/span><\/li>\n<li style=\"font-weight: 400;\" aria-level=\"1\"><span style=\"font-weight: 400;\">Det minskar ledv\u00e4rk<\/span><\/li>\n<li style=\"font-weight: 400;\" aria-level=\"1\"><span style=\"font-weight: 400;\">St\u00f6der produktionen av kollagen<\/span><\/li>\n<li style=\"font-weight: 400;\" aria-level=\"1\"><span style=\"font-weight: 400;\">100% naturlig sammans\u00e4ttning<\/span><\/li>\n<\/ul>\n<h3><span class=\"ez-toc-section\" id=\"Flexoni_for_leder_%E2%80%93_vad_ar_denna_beredning_indikationer\"><\/span><span style=\"font-weight: 400;\">Flexoni f\u00f6r leder &#8211; vad \u00e4r denna beredning, indikationer?<\/span><span class=\"ez-toc-section-end\"><\/span><\/h3>\n<p><span style=\"font-weight: 400;\">Det \u00e4r ett naturligt kosttillskott som f\u00f6rb\u00e4ttrar tillst\u00e5ndet f\u00f6r ledbrosk genom att <strong>st\u00f6dja produktionen av <a href=\"https:\/\/en.wikipedia.org\/wiki\/Collagen\" target=\"_blank\" rel=\"noopener\">kollagen<\/a><\/strong> . Den inneh\u00e5ller en innovativ, skyddad komposition baserad helt p\u00e5 naturliga ingredienser. Den f\u00f6rsta effekten \u00e4r synlig efter bara 7 dagars anv\u00e4ndning! Flexoni har utvecklats med tanke p\u00e5 vuxna som lider av olika sjukdomar i led- och skelettsystemet. Det rekommenderas s\u00e4rskilt f\u00f6r fysiskt aktiva personer, idrottsm\u00e4n och kvinnor under klimakteriet. Till\u00e4gget g\u00f6r att du snabbt och effektivt kan lindra ledv\u00e4rk orsakade av \u00f6verbelastning, inflammation eller degeneration av h\u00f6fter, kn\u00e4n, armb\u00e5gar eller ryggrad.<\/span><\/p>\n<h3><span class=\"ez-toc-section\" id=\"Flexoni_%E2%80%93_hur_fungerar_det_vilka_ar_effekterna_av_dess_anvandning\"><\/span><span style=\"font-weight: 400;\">Flexoni &#8211; hur fungerar det, vilka \u00e4r effekterna av dess anv\u00e4ndning?<\/span><span class=\"ez-toc-section-end\"><\/span><\/h3>\n<p><span style=\"font-weight: 400;\"><strong>Hur fungerar Flexoni?<\/strong> Vilka effekter kan du f\u00f6rv\u00e4nta dig? Nedan har vi listat vad produkten hj\u00e4lper till att g\u00f6ra och hur den fungerar. Beredningen sticker ut fr\u00e5n t\u00e4vlingen eftersom den inneh\u00e5ller en rik sammans\u00e4ttning av unika aktiva ingredienser. Tack vare detta till\u00e5ter det:<\/span><\/p>\n<ul>\n<li style=\"font-weight: 400;\" aria-level=\"1\"><span style=\"font-weight: 400;\">Lindra sm\u00e4rta i ben, leder<\/span><\/li>\n<li style=\"font-weight: 400;\" aria-level=\"1\"><span style=\"font-weight: 400;\">minska inflammation<\/span><\/li>\n<li style=\"font-weight: 400;\" aria-level=\"1\"><span style=\"font-weight: 400;\">\u00f6ka r\u00f6rligheten i lederna, minska deras stelhet<\/span><\/li>\n<li style=\"font-weight: 400;\" aria-level=\"1\"><span style=\"font-weight: 400;\">st\u00e4rka senor och leder<\/span><\/li>\n<li style=\"font-weight: 400;\" aria-level=\"1\"><span style=\"font-weight: 400;\">p\u00e5skynda regenerering av ledbrosk, s\u00e4rskilt efter skador och operationer<\/span><\/li>\n<li style=\"font-weight: 400;\" aria-level=\"1\"><span style=\"font-weight: 400;\">Lindra symtomen vid reumatism<\/span><\/li>\n<li style=\"font-weight: 400;\" aria-level=\"1\"><span style=\"font-weight: 400;\">st\u00e4rka musklerna och ge dem n\u00e4rings\u00e4mnen<\/span><\/li>\n<li style=\"font-weight: 400;\" aria-level=\"1\"><span style=\"font-weight: 400;\">f\u00f6rhindra n\u00f6tning av ledbrosket<\/span><\/li>\n<li style=\"font-weight: 400;\" aria-level=\"1\"><span style=\"font-weight: 400;\">fylla p\u00e5 defekterna i ledbrosk genom att st\u00f6dja produktionen av kollagen<\/span><\/li>\n<li style=\"font-weight: 400;\" aria-level=\"1\"><span style=\"font-weight: 400;\">f\u00f6rhindra osteoporos<\/span><\/li>\n<li style=\"font-weight: 400;\" aria-level=\"1\"><span style=\"font-weight: 400;\">skyddar mot inflammation i lederna<\/span><\/li>\n<\/ul>\n<h3><span class=\"ez-toc-section\" id=\"Flexoni_%E2%80%93_sammansattning_av_tabletter_for_leder\"><\/span><span style=\"font-weight: 400;\">Flexoni &#8211; sammans\u00e4ttning av tabletter f\u00f6r leder<\/span><span class=\"ez-toc-section-end\"><\/span><\/h3>\n<p><span style=\"font-weight: 400;\">Produkten k\u00e4nnetecknas av en o\u00f6vertr\u00e4ffad komposition p\u00e5 marknaden, vilket g\u00f6r att du kan se de f\u00f6rsta effekterna efter bara 7 dagars anv\u00e4ndning!<\/span><\/p>\n<p><b>Maca-rotextrakt<\/b> <span style=\"font-weight: 400;\">&#8211; erh\u00e5llet fr\u00e5n plantans kn\u00f6l, kallad peruansk ginseng, som f\u00f6rekommer naturligt i Sydamerika och har omfattande h\u00e4lsofr\u00e4mjande egenskaper. Bland annat hj\u00e4lper det till att f\u00f6rebygga bensk\u00f6rhet. \u00c4ven om kn\u00f6len i sig inneh\u00e5ller upp till 300 g\u00e5nger fler vitaminer som st\u00f6der ledarnas arbete \u00e4n andra v\u00e4xter, har extraktet som anv\u00e4nds i till\u00e4gget varit \u00e4nnu mer kondenserat.<\/span><\/p>\n<p><b>Nettle-<\/b> <span style=\"font-weight: 400;\">extrakt &#8211; erh\u00e5llet fr\u00e5n en \u00f6rtartad v\u00e4xt som f\u00f6rekommer m\u00e5nga st\u00e4llen runt om i v\u00e4rlden. Det k\u00e4nnetecknas av breda l\u00f6v med fina h\u00e5r som inneh\u00e5ller myrsyra. <a href=\"https:\/\/en.wikipedia.org\/wiki\/Urtica_dioica\" target=\"_blank\" rel=\"noopener\">Nettle<\/a> har immunmodulerande egenskaper, vilket inneb\u00e4r att det reglerar immunsystemets arbete. Detta \u00e4r av stor betydelse vid autoimmuna sjukdomar s\u00e5som till exempel reumatoid artrit.<\/span><\/p>\n<p><b>Maskrossextrakt<\/b> <span style=\"font-weight: 400;\">&#8211; en v\u00e4rdefull v\u00e4xt som fr\u00e4mst f\u00f6rekommer i \u00e4ngar och gr\u00f6dor. Trots dess v\u00e4rdefulla egenskaper behandlas det mycket ofta som ett ogr\u00e4s. Det anv\u00e4nds fr\u00e4mst f\u00f6r personer som bek\u00e4mpar reumatism eller frekventa inflammationer, eftersom det har en stark antiinflammatorisk effekt. Maskros hj\u00e4lper till att lugna sm\u00e4rta och reng\u00f6r kroppen.<\/span><\/p>\n<p><b>Vitamin C, D3 och K2<\/b> <span style=\"font-weight: 400;\">&#8211; en upps\u00e4ttning vitaminer som \u00e4r mycket viktiga f\u00f6r att benen ska fungera korrekt. Vitamin K2 \u00f6kar f\u00f6rdelarna genom att st\u00f6dja deras mineralisering. Det skyddar ocks\u00e5 mot utveckling av osteoporos. Vid vitamin K2-brist blir osteoklasterna \u00f6veraktiva och orsakar bendegeneration. Tydligen sker processen i lederna. Det n\u00e4st viktigaste vitaminet f\u00f6r att bibeh\u00e5lla friska ben \u00e4r vitamin D3. Det reglerar kalcium-fosfatbalansen och bristen p\u00e5 vitamin D3 orsakar led- och benv\u00e4rk, en minskning av muskelstyrka och obalans. C-vitamin, \u00e5 andra sidan, spelar en mycket viktig roll i produktionen av kollagen och f\u00f6rhindrar inflammation.<\/span><\/p>\n<h3><span class=\"ez-toc-section\" id=\"Hur_anvander_jag_Flexoni-tabletter\"><\/span><span style=\"font-weight: 400;\">Hur anv\u00e4nder jag Flexoni-tabletter?<\/span><span class=\"ez-toc-section-end\"><\/span><\/h3>\n<p><span style=\"font-weight: 400;\">Till\u00e4gget \u00e4r v\u00e4ldigt enkelt att anv\u00e4nda, det r\u00e4cker att <strong>sv\u00e4lja 1 tablett ca 30 minuter f\u00f6re frukost och f\u00f6re middagen<\/strong> . De \u00e4r praktiska att sv\u00e4lja, men tv\u00e4ttas b\u00e4st med mycket vatten. Under anv\u00e4ndning \u00e4r det ocks\u00e5 v\u00e4rt att f\u00f6lja en balanserad diet, vilket kommer att st\u00e4rka tabletternas effekt. Du kan ocks\u00e5 delta i m\u00e5ttlig tr\u00e4ning, s\u00e5vida inte din l\u00e4kare s\u00e4ger n\u00e5got annat.<\/span><\/p>\n<h4><span class=\"ez-toc-section\" id=\"Kontraindikationer_for_anvandning\"><\/span><span style=\"font-weight: 400;\">Kontraindikationer f\u00f6r anv\u00e4ndning:<\/span><span class=\"ez-toc-section-end\"><\/span><\/h4>\n<p><span style=\"font-weight: 400;\">\u00c4ven om till\u00e4gget \u00e4r helt naturligt och inte har n\u00e5gra biverkningar, b\u00f6r det inte anv\u00e4ndas av alla. Kontraindikation f\u00f6r anv\u00e4ndning av tabletter \u00e4r graviditet, amning eller allergi mot n\u00e5gon komponent i till\u00e4gget.<\/span><\/p>\n<h3><span class=\"ez-toc-section\" id=\"Recensioner_om_Flexoni_%E2%80%93_hjalper_det_verkligen_med_ledvark_och_stelhet\"><\/span><span style=\"font-weight: 400;\">Recensioner om Flexoni &#8211; hj\u00e4lper det verkligen med ledv\u00e4rk och stelhet?<\/span><span class=\"ez-toc-section-end\"><\/span><\/h3>\n<ul>\n<li><span style=\"font-weight: 400;\"><strong>Det tar bort sm\u00e4rtan!<\/strong> &#8211; <em>Mina f\u00f6r\u00e4ldrar \u00e4r redan \u00e4ldre och har b\u00f6rjat klaga p\u00e5 sv\u00e5r ledv\u00e4rk under en tid. Jag har m\u00e4rkt att \u00e4ven deras dagliga aktiviteter b\u00f6rjar bli sv\u00e5ra f\u00f6r dem. N\u00e4r jag l\u00e4ste om Flexoni-till\u00e4gget best\u00e4mde jag mig f\u00f6r att k\u00f6pa det till dem som en g\u00e5va. Efter n\u00e5gra dagar k\u00e4nde de sig b\u00e4ttre och k\u00e4nner inte n\u00e5got obehag.<\/em> &#8211; Anna, 38 \u00e5r gammal<\/span><\/li>\n<li><span style=\"font-weight: 400;\"><strong>Jag gav upp salvor och sm\u00e4rtstillande medel<\/strong> &#8211; <em>Efter en mindre skada b\u00f6rjade jag drabbas av \u00e5terkommande sm\u00e4rta i axeln. Jag erk\u00e4nner \u00e4rligt att det kraftigt begr\u00e4nsade mina r\u00f6relser och p\u00e5verkade min livskvalitet. Jag b\u00f6rjade till och med t\u00e4nka p\u00e5 en gemensam blockering. Jag anv\u00e4nde bara Flexoni-tabletter i en m\u00e5nad och sm\u00e4rtan f\u00f6rsvann \u00e4nd\u00e5. Och jag beh\u00f6ver inte st\u00e4ndigt sm\u00f6rja axlarna eller sv\u00e4lja sm\u00e4rtstillande medel.<\/em> &#8211; Mariusz, 45 \u00e5r gammal<\/span><\/li>\n<\/ul>\n<h3><span class=\"ez-toc-section\" id=\"Var_kan_jag_kopa_Flexoni_for_fogar\"><\/span><span style=\"font-weight: 400;\">Var kan jag k\u00f6pa Flexoni f\u00f6r fogar?<\/span><span class=\"ez-toc-section-end\"><\/span><\/h3>\n<p><span style=\"font-weight: 400;\">Till\u00e4gget \u00e4r en helt nyhet p\u00e5 marknaden och dess unika sammans\u00e4ttning patenteras f\u00f6r n\u00e4rvarande. D\u00e4rf\u00f6r, om du vill k\u00f6pa det p\u00e5 ett apotek, p\u00e5 Allegro, ebay, amazon, kommer du inte att kunna g\u00f6ra det. Produkten \u00e4r f\u00f6rem\u00e5l f\u00f6r strikt \u00f6vervakning och kontroll, d\u00e4rf\u00f6r har dess f\u00f6rs\u00e4ljningskanaler varit begr\u00e4nsade. <strong>Flexoni-tabletter<\/strong> kan f\u00f6r n\u00e4rvarande endast k\u00f6pas p\u00e5 tillverkarens officiella webbplats. Du kan st\u00f6ta p\u00e5 alternativet att k\u00f6pa till\u00e4gget p\u00e5 auktionswebbplatser eller onlinebutiker, tyv\u00e4rr \u00e4r det f\u00f6rmodligen f\u00f6rfalskade produkter som kan vara farliga f\u00f6r din h\u00e4lsa. Vi uppmanar dig att best\u00e4lla ditt till\u00e4gg fr\u00e5n en officiell k\u00e4lla. Vi har dock goda nyheter f\u00f6r dig. Varje k\u00f6pare f\u00e5r gratis frakt via post eller kurir. Vad mer, om du kvalificerar dig f\u00f6r en speciell kundpool har du en chans att f\u00e5 en attraktiv rabatt. Klicka p\u00e5 l\u00e4nken nedan och kontrollera aktuella kampanjer.<\/span><\/p>\n<div class=\"belcherwt aligncenter\" style=\"border: #000 dashed 3px; padding: 10px 20px; margin: 10px 0; font-size: 14px;\">\n<p style=\"text-align: left;\"><strong><a href=\"https:\/\/www.uia.archi\/go\/flexoni-se\/\" rel=\"nofollow\"><img loading=\"lazy\" decoding=\"async\" class=\"alignleft wp-image-16930\" src=\"https:\/\/www.uia.archi\/wp-content\/uploads\/2021\/06\/flexoni.png\" alt=\"flexoni\" width=\"223\" height=\"223\" \/><\/a> OBS:<\/strong> Under en begr\u00e4nsad tid har den officiella <a href=\"https:\/\/www.uia.archi\/go\/flexoni-se\/\" rel=\"nofollow\"><strong>FLEXONI-<\/strong><\/a> distribut\u00f6ren ett specialerbjudande f\u00f6r v\u00e5ra l\u00e4sare. Det \u00e4r f\u00f6rknippat med en 100% trippel tillfredsst\u00e4llelse garanti f\u00f6r den k\u00f6pta behandlingen, om det inte ger de f\u00f6rv\u00e4ntade resultaten.<\/p>\n<p style=\"text-align: left;\"><a style=\"text-decoration: underline; color: #0046af;\" href=\"https:\/\/www.uia.archi\/go\/flexoni-se\/\" rel=\"nofollow\"><strong>Klicka h\u00e4r f\u00f6r att prova Flexoni-ledtabletter<\/strong><\/a><\/p>\n<p style=\"text-align: left;\"><span style=\"color: #000000;\"><span style=\"background-color: #ffff00;\"><a href=\"https:\/\/www.uia.archi\/go\/flexoni-se\/\" rel=\"nofollow\"><span style=\"color: #000000;\"><strong style=\"color: #000000;\">anv\u00e4nd DENNA l\u00e4nk f\u00f6r att f\u00e5 GRATIS FRAKT<\/strong><\/span><\/a><\/span><\/span><\/p>\n<p style=\"text-align: left;\"><span style=\"color: #ff0000;\"><strong><span style=\"font-family: 'Arial Black';\">Kampanjen slutar idag!<\/span><\/strong><\/span><\/p>\n<p style=\"text-align: left;\">P\u00e5 grund av lagerf\u00f6rbrukning \u00e4r kampanjen begr\u00e4nsad i tid<\/p>\n<\/div>\n","protected":false},"excerpt":{"rendered":"<p>Flexoni \u00e4r en nyhet bland kosttillskott som st\u00f6der arbetet i leder och ben. Produkten rekommenderas s\u00e4rskilt f\u00f6r personer som upplever sm\u00e4rta , inflammation och lider av stort obehag orsakat av degeneration. Ledbrosk \u00e4r ett mycket viktigt inslag i det osteoartikul\u00e4ra systemet, men det f\u00f6r\u00e4ndras st\u00e4ndigt. Inte bara n\u00e4r vi tr\u00e4nar sport utan ocks\u00e5 n\u00e4r vi [&hellip;]<\/p>\n","protected":false},"author":1,"featured_media":0,"comment_status":"open","ping_status":"open","sticky":false,"template":"","format":"standard","meta":{"cybocfi_hide_featured_image":"","footnotes":""},"categories":[30],"tags":[],"class_list":["post-4839","post","type-post","status-publish","format-standard","hentry","category-produktrecensioner"],"yoast_head":"<!-- This site is optimized with the Yoast SEO plugin v27.5 - https:\/\/yoast.com\/product\/yoast-seo-wordpress\/ -->\n<title>Flexoni f\u00f6r leder - piller f\u00f6r ben- och ledv\u00e4rk<\/title>\n<meta name=\"description\" content=\"Flexoni \u00e4r ett naturligt tillskott f\u00f6r sm\u00e4rta i leder och ben. St\u00f6der kollagenproduktion och f\u00f6rhindrar osteoporos. 100% naturlig sammans\u00e4ttning.\" \/>\n<meta name=\"robots\" content=\"index, follow, max-snippet:-1, max-image-preview:large, max-video-preview:-1\" \/>\n<link rel=\"canonical\" href=\"https:\/\/www.uia.archi\/sv\/flexoni-for-leder-piller-for-ben-och-ledvark\/\" \/>\n<meta property=\"og:locale\" content=\"sv_SE\" \/>\n<meta property=\"og:type\" content=\"article\" \/>\n<meta property=\"og:title\" content=\"Flexoni f\u00f6r leder - piller f\u00f6r ben- och ledv\u00e4rk\" \/>\n<meta property=\"og:description\" content=\"Flexoni \u00e4r ett naturligt tillskott f\u00f6r sm\u00e4rta i leder och ben. St\u00f6der kollagenproduktion och f\u00f6rhindrar osteoporos. 100% naturlig sammans\u00e4ttning.\" \/>\n<meta property=\"og:url\" content=\"https:\/\/www.uia.archi\/sv\/flexoni-for-leder-piller-for-ben-och-ledvark\/\" \/>\n<meta property=\"og:site_name\" content=\"Unika internationella artiklar\" \/>\n<meta property=\"article:published_time\" content=\"2021-06-10T16:00:42+00:00\" \/>\n<meta property=\"article:modified_time\" content=\"2024-01-30T08:31:39+00:00\" \/>\n<meta property=\"og:image\" content=\"https:\/\/www.uia.archi\/wp-content\/uploads\/2021\/06\/flexoni.png\" \/>\n<meta name=\"author\" content=\"Writer\" \/>\n<meta name=\"twitter:card\" content=\"summary_large_image\" \/>\n<meta name=\"twitter:label1\" content=\"Skriven av\" \/>\n\t<meta name=\"twitter:data1\" content=\"Writer\" \/>\n\t<meta name=\"twitter:label2\" content=\"Ber\u00e4knad l\u00e4stid\" \/>\n\t<meta name=\"twitter:data2\" content=\"7 minuter\" \/>\n<script type=\"application\/ld+json\" class=\"yoast-schema-graph\">{\"@context\":\"https:\\\/\\\/schema.org\",\"@graph\":[{\"@type\":\"Article\",\"@id\":\"https:\\\/\\\/www.uia.archi\\\/sv\\\/flexoni-for-leder-piller-for-ben-och-ledvark\\\/#article\",\"isPartOf\":{\"@id\":\"https:\\\/\\\/www.uia.archi\\\/sv\\\/flexoni-for-leder-piller-for-ben-och-ledvark\\\/\"},\"author\":{\"name\":\"Writer\",\"@id\":\"https:\\\/\\\/www.uia.archi\\\/sv\\\/#\\\/schema\\\/person\\\/3d67c6894ced0e7a84948b704169c9c2\"},\"headline\":\"Flexoni f\u00f6r leder &#8211; piller f\u00f6r ben- och ledv\u00e4rk\",\"datePublished\":\"2021-06-10T16:00:42+00:00\",\"dateModified\":\"2024-01-30T08:31:39+00:00\",\"mainEntityOfPage\":{\"@id\":\"https:\\\/\\\/www.uia.archi\\\/sv\\\/flexoni-for-leder-piller-for-ben-och-ledvark\\\/\"},\"wordCount\":1333,\"commentCount\":1,\"image\":{\"@id\":\"https:\\\/\\\/www.uia.archi\\\/sv\\\/flexoni-for-leder-piller-for-ben-och-ledvark\\\/#primaryimage\"},\"thumbnailUrl\":\"https:\\\/\\\/www.uia.archi\\\/wp-content\\\/uploads\\\/2021\\\/06\\\/flexoni.png\",\"articleSection\":[\"Produktrecensioner\"],\"inLanguage\":\"sv-SE\",\"potentialAction\":[{\"@type\":\"CommentAction\",\"name\":\"Comment\",\"target\":[\"https:\\\/\\\/www.uia.archi\\\/sv\\\/flexoni-for-leder-piller-for-ben-och-ledvark\\\/#respond\"]}]},{\"@type\":\"WebPage\",\"@id\":\"https:\\\/\\\/www.uia.archi\\\/sv\\\/flexoni-for-leder-piller-for-ben-och-ledvark\\\/\",\"url\":\"https:\\\/\\\/www.uia.archi\\\/sv\\\/flexoni-for-leder-piller-for-ben-och-ledvark\\\/\",\"name\":\"Flexoni f\u00f6r leder - piller f\u00f6r ben- och ledv\u00e4rk\",\"isPartOf\":{\"@id\":\"https:\\\/\\\/www.uia.archi\\\/sv\\\/#website\"},\"primaryImageOfPage\":{\"@id\":\"https:\\\/\\\/www.uia.archi\\\/sv\\\/flexoni-for-leder-piller-for-ben-och-ledvark\\\/#primaryimage\"},\"image\":{\"@id\":\"https:\\\/\\\/www.uia.archi\\\/sv\\\/flexoni-for-leder-piller-for-ben-och-ledvark\\\/#primaryimage\"},\"thumbnailUrl\":\"https:\\\/\\\/www.uia.archi\\\/wp-content\\\/uploads\\\/2021\\\/06\\\/flexoni.png\",\"datePublished\":\"2021-06-10T16:00:42+00:00\",\"dateModified\":\"2024-01-30T08:31:39+00:00\",\"author\":{\"@id\":\"https:\\\/\\\/www.uia.archi\\\/sv\\\/#\\\/schema\\\/person\\\/3d67c6894ced0e7a84948b704169c9c2\"},\"description\":\"Flexoni \u00e4r ett naturligt tillskott f\u00f6r sm\u00e4rta i leder och ben. St\u00f6der kollagenproduktion och f\u00f6rhindrar osteoporos. 100% naturlig sammans\u00e4ttning.\",\"breadcrumb\":{\"@id\":\"https:\\\/\\\/www.uia.archi\\\/sv\\\/flexoni-for-leder-piller-for-ben-och-ledvark\\\/#breadcrumb\"},\"inLanguage\":\"sv-SE\",\"potentialAction\":[{\"@type\":\"ReadAction\",\"target\":[\"https:\\\/\\\/www.uia.archi\\\/sv\\\/flexoni-for-leder-piller-for-ben-och-ledvark\\\/\"]}]},{\"@type\":\"ImageObject\",\"inLanguage\":\"sv-SE\",\"@id\":\"https:\\\/\\\/www.uia.archi\\\/sv\\\/flexoni-for-leder-piller-for-ben-och-ledvark\\\/#primaryimage\",\"url\":\"https:\\\/\\\/www.uia.archi\\\/wp-content\\\/uploads\\\/2021\\\/06\\\/flexoni.png\",\"contentUrl\":\"https:\\\/\\\/www.uia.archi\\\/wp-content\\\/uploads\\\/2021\\\/06\\\/flexoni.png\"},{\"@type\":\"BreadcrumbList\",\"@id\":\"https:\\\/\\\/www.uia.archi\\\/sv\\\/flexoni-for-leder-piller-for-ben-och-ledvark\\\/#breadcrumb\",\"itemListElement\":[{\"@type\":\"ListItem\",\"position\":1,\"name\":\"Hem\",\"item\":\"https:\\\/\\\/www.uia.archi\\\/sv\\\/\"},{\"@type\":\"ListItem\",\"position\":2,\"name\":\"Produktrecensioner\",\"item\":\"https:\\\/\\\/www.uia.archi\\\/sv\\\/category\\\/produktrecensioner\\\/\"},{\"@type\":\"ListItem\",\"position\":3,\"name\":\"Flexoni f\u00f6r leder &#8211; piller f\u00f6r ben- och ledv\u00e4rk\"}]},{\"@type\":\"WebSite\",\"@id\":\"https:\\\/\\\/www.uia.archi\\\/sv\\\/#website\",\"url\":\"https:\\\/\\\/www.uia.archi\\\/sv\\\/\",\"name\":\"Unika internationella artiklar\",\"description\":\"Artiklar om olika \u00e4mnen, en v\u00e4rdefull kunskapsresurs f\u00f6r dig och din familj\",\"potentialAction\":[{\"@type\":\"SearchAction\",\"target\":{\"@type\":\"EntryPoint\",\"urlTemplate\":\"https:\\\/\\\/www.uia.archi\\\/sv\\\/?s={search_term_string}\"},\"query-input\":{\"@type\":\"PropertyValueSpecification\",\"valueRequired\":true,\"valueName\":\"search_term_string\"}}],\"inLanguage\":\"sv-SE\"},{\"@type\":\"Person\",\"@id\":\"https:\\\/\\\/www.uia.archi\\\/sv\\\/#\\\/schema\\\/person\\\/3d67c6894ced0e7a84948b704169c9c2\",\"name\":\"Writer\",\"image\":{\"@type\":\"ImageObject\",\"inLanguage\":\"sv-SE\",\"@id\":\"https:\\\/\\\/www.uia.archi\\\/wp-content\\\/litespeed\\\/avatar\\\/1a002795387e512944da0898076d6c44.jpg?ver=1777482563\",\"url\":\"https:\\\/\\\/www.uia.archi\\\/wp-content\\\/litespeed\\\/avatar\\\/1a002795387e512944da0898076d6c44.jpg?ver=1777482563\",\"contentUrl\":\"https:\\\/\\\/www.uia.archi\\\/wp-content\\\/litespeed\\\/avatar\\\/1a002795387e512944da0898076d6c44.jpg?ver=1777482563\",\"caption\":\"Writer\"},\"sameAs\":[\"https:\\\/\\\/www.uia.archi\"],\"url\":\"https:\\\/\\\/www.uia.archi\\\/sv\\\/author\\\/writer\\\/\"}]}<\/script>\n<!-- \/ Yoast SEO plugin. -->","yoast_head_json":{"title":"Flexoni f\u00f6r leder - piller f\u00f6r ben- och ledv\u00e4rk","description":"Flexoni \u00e4r ett naturligt tillskott f\u00f6r sm\u00e4rta i leder och ben. St\u00f6der kollagenproduktion och f\u00f6rhindrar osteoporos. 100% naturlig sammans\u00e4ttning.","robots":{"index":"index","follow":"follow","max-snippet":"max-snippet:-1","max-image-preview":"max-image-preview:large","max-video-preview":"max-video-preview:-1"},"canonical":"https:\/\/www.uia.archi\/sv\/flexoni-for-leder-piller-for-ben-och-ledvark\/","og_locale":"sv_SE","og_type":"article","og_title":"Flexoni f\u00f6r leder - piller f\u00f6r ben- och ledv\u00e4rk","og_description":"Flexoni \u00e4r ett naturligt tillskott f\u00f6r sm\u00e4rta i leder och ben. St\u00f6der kollagenproduktion och f\u00f6rhindrar osteoporos. 100% naturlig sammans\u00e4ttning.","og_url":"https:\/\/www.uia.archi\/sv\/flexoni-for-leder-piller-for-ben-och-ledvark\/","og_site_name":"Unika internationella artiklar","article_published_time":"2021-06-10T16:00:42+00:00","article_modified_time":"2024-01-30T08:31:39+00:00","og_image":[{"url":"https:\/\/www.uia.archi\/wp-content\/uploads\/2021\/06\/flexoni.png","type":"","width":"","height":""}],"author":"Writer","twitter_card":"summary_large_image","twitter_misc":{"Skriven av":"Writer","Ber\u00e4knad l\u00e4stid":"7 minuter"},"schema":{"@context":"https:\/\/schema.org","@graph":[{"@type":"Article","@id":"https:\/\/www.uia.archi\/sv\/flexoni-for-leder-piller-for-ben-och-ledvark\/#article","isPartOf":{"@id":"https:\/\/www.uia.archi\/sv\/flexoni-for-leder-piller-for-ben-och-ledvark\/"},"author":{"name":"Writer","@id":"https:\/\/www.uia.archi\/sv\/#\/schema\/person\/3d67c6894ced0e7a84948b704169c9c2"},"headline":"Flexoni f\u00f6r leder &#8211; piller f\u00f6r ben- och ledv\u00e4rk","datePublished":"2021-06-10T16:00:42+00:00","dateModified":"2024-01-30T08:31:39+00:00","mainEntityOfPage":{"@id":"https:\/\/www.uia.archi\/sv\/flexoni-for-leder-piller-for-ben-och-ledvark\/"},"wordCount":1333,"commentCount":1,"image":{"@id":"https:\/\/www.uia.archi\/sv\/flexoni-for-leder-piller-for-ben-och-ledvark\/#primaryimage"},"thumbnailUrl":"https:\/\/www.uia.archi\/wp-content\/uploads\/2021\/06\/flexoni.png","articleSection":["Produktrecensioner"],"inLanguage":"sv-SE","potentialAction":[{"@type":"CommentAction","name":"Comment","target":["https:\/\/www.uia.archi\/sv\/flexoni-for-leder-piller-for-ben-och-ledvark\/#respond"]}]},{"@type":"WebPage","@id":"https:\/\/www.uia.archi\/sv\/flexoni-for-leder-piller-for-ben-och-ledvark\/","url":"https:\/\/www.uia.archi\/sv\/flexoni-for-leder-piller-for-ben-och-ledvark\/","name":"Flexoni f\u00f6r leder - piller f\u00f6r ben- och ledv\u00e4rk","isPartOf":{"@id":"https:\/\/www.uia.archi\/sv\/#website"},"primaryImageOfPage":{"@id":"https:\/\/www.uia.archi\/sv\/flexoni-for-leder-piller-for-ben-och-ledvark\/#primaryimage"},"image":{"@id":"https:\/\/www.uia.archi\/sv\/flexoni-for-leder-piller-for-ben-och-ledvark\/#primaryimage"},"thumbnailUrl":"https:\/\/www.uia.archi\/wp-content\/uploads\/2021\/06\/flexoni.png","datePublished":"2021-06-10T16:00:42+00:00","dateModified":"2024-01-30T08:31:39+00:00","author":{"@id":"https:\/\/www.uia.archi\/sv\/#\/schema\/person\/3d67c6894ced0e7a84948b704169c9c2"},"description":"Flexoni \u00e4r ett naturligt tillskott f\u00f6r sm\u00e4rta i leder och ben. St\u00f6der kollagenproduktion och f\u00f6rhindrar osteoporos. 100% naturlig sammans\u00e4ttning.","breadcrumb":{"@id":"https:\/\/www.uia.archi\/sv\/flexoni-for-leder-piller-for-ben-och-ledvark\/#breadcrumb"},"inLanguage":"sv-SE","potentialAction":[{"@type":"ReadAction","target":["https:\/\/www.uia.archi\/sv\/flexoni-for-leder-piller-for-ben-och-ledvark\/"]}]},{"@type":"ImageObject","inLanguage":"sv-SE","@id":"https:\/\/www.uia.archi\/sv\/flexoni-for-leder-piller-for-ben-och-ledvark\/#primaryimage","url":"https:\/\/www.uia.archi\/wp-content\/uploads\/2021\/06\/flexoni.png","contentUrl":"https:\/\/www.uia.archi\/wp-content\/uploads\/2021\/06\/flexoni.png"},{"@type":"BreadcrumbList","@id":"https:\/\/www.uia.archi\/sv\/flexoni-for-leder-piller-for-ben-och-ledvark\/#breadcrumb","itemListElement":[{"@type":"ListItem","position":1,"name":"Hem","item":"https:\/\/www.uia.archi\/sv\/"},{"@type":"ListItem","position":2,"name":"Produktrecensioner","item":"https:\/\/www.uia.archi\/sv\/category\/produktrecensioner\/"},{"@type":"ListItem","position":3,"name":"Flexoni f\u00f6r leder &#8211; piller f\u00f6r ben- och ledv\u00e4rk"}]},{"@type":"WebSite","@id":"https:\/\/www.uia.archi\/sv\/#website","url":"https:\/\/www.uia.archi\/sv\/","name":"Unika internationella artiklar","description":"Artiklar om olika \u00e4mnen, en v\u00e4rdefull kunskapsresurs f\u00f6r dig och din familj","potentialAction":[{"@type":"SearchAction","target":{"@type":"EntryPoint","urlTemplate":"https:\/\/www.uia.archi\/sv\/?s={search_term_string}"},"query-input":{"@type":"PropertyValueSpecification","valueRequired":true,"valueName":"search_term_string"}}],"inLanguage":"sv-SE"},{"@type":"Person","@id":"https:\/\/www.uia.archi\/sv\/#\/schema\/person\/3d67c6894ced0e7a84948b704169c9c2","name":"Writer","image":{"@type":"ImageObject","inLanguage":"sv-SE","@id":"https:\/\/www.uia.archi\/wp-content\/litespeed\/avatar\/1a002795387e512944da0898076d6c44.jpg?ver=1777482563","url":"https:\/\/www.uia.archi\/wp-content\/litespeed\/avatar\/1a002795387e512944da0898076d6c44.jpg?ver=1777482563","contentUrl":"https:\/\/www.uia.archi\/wp-content\/litespeed\/avatar\/1a002795387e512944da0898076d6c44.jpg?ver=1777482563","caption":"Writer"},"sameAs":["https:\/\/www.uia.archi"],"url":"https:\/\/www.uia.archi\/sv\/author\/writer\/"}]}},"blog_post_layout_featured_media_urls":{"thumbnail":"","full":""},"categories_names":{"30":{"name":"Produktrecensioner","link":"https:\/\/www.uia.archi\/sv\/category\/produktrecensioner\/"}},"tags_names":[],"comments_number":"1","wpmagazine_modules_lite_featured_media_urls":{"thumbnail":"","cvmm-medium":"","cvmm-medium-plus":"","cvmm-portrait":"","cvmm-medium-square":"","cvmm-large":"","cvmm-small":"","full":""},"_links":{"self":[{"href":"https:\/\/www.uia.archi\/sv\/wp-json\/wp\/v2\/posts\/4839","targetHints":{"allow":["GET"]}}],"collection":[{"href":"https:\/\/www.uia.archi\/sv\/wp-json\/wp\/v2\/posts"}],"about":[{"href":"https:\/\/www.uia.archi\/sv\/wp-json\/wp\/v2\/types\/post"}],"author":[{"embeddable":true,"href":"https:\/\/www.uia.archi\/sv\/wp-json\/wp\/v2\/users\/1"}],"replies":[{"embeddable":true,"href":"https:\/\/www.uia.archi\/sv\/wp-json\/wp\/v2\/comments?post=4839"}],"version-history":[{"count":1,"href":"https:\/\/www.uia.archi\/sv\/wp-json\/wp\/v2\/posts\/4839\/revisions"}],"predecessor-version":[{"id":11741,"href":"https:\/\/www.uia.archi\/sv\/wp-json\/wp\/v2\/posts\/4839\/revisions\/11741"}],"wp:attachment":[{"href":"https:\/\/www.uia.archi\/sv\/wp-json\/wp\/v2\/media?parent=4839"}],"wp:term":[{"taxonomy":"category","embeddable":true,"href":"https:\/\/www.uia.archi\/sv\/wp-json\/wp\/v2\/categories?post=4839"},{"taxonomy":"post_tag","embeddable":true,"href":"https:\/\/www.uia.archi\/sv\/wp-json\/wp\/v2\/tags?post=4839"}],"curies":[{"name":"wp","href":"https:\/\/api.w.org\/{rel}","templated":true}]}}